{"id":421990,"date":"2026-08-17T00:09:07","date_gmt":"2026-08-17T04:09:07","guid":{"rendered":"https:\/\/www.eldiario.net\/portal\/?p=421990"},"modified":"2026-08-16T22:12:01","modified_gmt":"2026-08-17T02:12:01","slug":"turismo-y-culturas-cambia-de-estructura-dentro-del-ejecutivo","status":"publish","type":"post","link":"https:\/\/www.eldiario.net\/portal\/2026\/08\/17\/turismo-y-culturas-cambia-de-estructura-dentro-del-ejecutivo\/","title":{"rendered":"Turismo y Culturas cambia de estructura dentro del Ejecutivo"},"content":{"rendered":"<p>El Ministerio de Turismo Sostenible, Culturas, Folklore y Gastronom\u00eda dej\u00f3 de formar parte de la estructura del \u00d3rgano Ejecutivo y sus competencias fueron trasladadas al nuevo Viceministerio de Turismo Sostenible y Culturas, dependiente de la Canciller\u00eda.<\/p>\n<p>La modificaci\u00f3n fue establecida mediante el Decreto Supremo 5675, que reorganiza distintas \u00e1reas de la administraci\u00f3n estatal y dispone la desaparici\u00f3n del Ministerio de Planificaci\u00f3n del Desarrollo y Medio Ambiente. En el caso de Turismo y Culturas, sus competencias pasan a un viceministerio dependiente de la Canciller\u00eda.<\/p>\n<p>La nueva instancia contar\u00e1 con tres direcciones generales: Pol\u00edticas y Desarrollo del Turismo Sostenible; Patrimonio, Folklore y Culturas; y Desarrollo y Competitividad Gastron\u00f3mica. El cambio forma parte de la reestructuraci\u00f3n impulsada durante la gesti\u00f3n de Rodrigo Paz, que redujo de 21 a 12 el n\u00famero de ministerios.<\/p>\n<p>Seg\u00fan el decreto, las modificaciones fueron definidas despu\u00e9s de evaluaciones t\u00e9cnicas, legales, administrativas y econ\u00f3micas destinadas a eliminar duplicidades, redistribuir competencias y reducir costos dentro de la administraci\u00f3n estatal.<\/p>\n<p>Paz explic\u00f3 que la reducci\u00f3n de ministerios busca generar ahorros y orientar recursos hacia las regiones y sectores prioritarios, principalmente educaci\u00f3n y salud. Durante un acto en el Gran Chaco, inform\u00f3 que ya fueron dispuestos 2.300 \u00edtems para el \u00e1rea de salud, parte de los cuales ser\u00e1 destinada a las regiones.<\/p>\n<p>La transformaci\u00f3n gener\u00f3 posiciones distintas entre los sectores vinculados al turismo y la cultura. Mientras promotores, activistas y operadores tur\u00edsticos expresaron reparos por el cambio institucional, otros sectores respaldaron la reorganizaci\u00f3n bajo el argumento de que permitir\u00e1 un uso m\u00e1s eficiente de los recursos p\u00fablicos. (Con informaci\u00f3n de Eju.tv)<\/p>\n","protected":false},"excerpt":{"rendered":"<p>El Ministerio de Turismo Sostenible, Culturas, Folklore y Gastronom\u00eda dej\u00f3 de formar parte de la estructura del \u00d3rgano Ejecutivo y sus competencias fueron trasladadas al nuevo Viceministerio de Turismo Sostenible y Culturas, dependiente de la Canciller\u00eda. La modificaci\u00f3n fue establecida mediante el Decreto Supremo 5675, que reorganiza distintas \u00e1reas de la administraci\u00f3n estatal y dispone [&hellip;]<\/p>\n","protected":false},"author":1,"featured_media":421991,"comment_status":"closed","ping_status":"open","sticky":false,"template":"","format":"standard","meta":{"_acf_changed":false,"footnotes":""},"categories":[14],"tags":[],"class_list":["post-421990","post","type-post","status-publish","format-standard","has-post-thumbnail","category-politica"],"acf":{"antetitulo":""},"yoast_head":"<!-- This site is optimized with the Yoast SEO plugin v28.3 - https:\/\/yoast.com\/product\/yoast-seo-wordpress\/ -->\n<title>Turismo y Culturas cambia de estructura dentro del Ejecutivo - El Diario - Bolivia<\/title>\n<meta name=\"robots\" content=\"index, follow, max-snippet:-1, max-image-preview:large, max-video-preview:-1\" \/>\n<link rel=\"canonical\" href=\"https:\/\/www.eldiario.net\/portal\/2026\/08\/17\/turismo-y-culturas-cambia-de-estructura-dentro-del-ejecutivo\/\" \/>\n<meta property=\"og:locale\" content=\"es_ES\" \/>\n<meta property=\"og:type\" content=\"article\" \/>\n<meta property=\"og:title\" content=\"Turismo y Culturas cambia de estructura dentro del Ejecutivo - El Diario - Bolivia\" \/>\n<meta property=\"og:description\" content=\"El Ministerio de Turismo Sostenible, Culturas, Folklore y Gastronom\u00eda dej\u00f3 de formar parte de la estructura del \u00d3rgano Ejecutivo y sus competencias fueron trasladadas al nuevo Viceministerio de Turismo Sostenible y Culturas, dependiente de la Canciller\u00eda. La modificaci\u00f3n fue establecida mediante el Decreto Supremo 5675, que reorganiza distintas \u00e1reas de la administraci\u00f3n estatal y dispone [&hellip;]\" \/>\n<meta property=\"og:url\" content=\"https:\/\/www.eldiario.net\/portal\/2026\/08\/17\/turismo-y-culturas-cambia-de-estructura-dentro-del-ejecutivo\/\" \/>\n<meta property=\"og:site_name\" content=\"El Diario - Bolivia\" \/>\n<meta property=\"article:publisher\" content=\"https:\/\/www.facebook.com\/eldiario.bolivia\/\" \/>\n<meta property=\"article:published_time\" content=\"2026-08-17T04:09:07+00:00\" \/>\n<meta property=\"og:image\" content=\"https:\/\/www.eldiario.net\/portal\/wp-content\/uploads\/2026\/08\/17-TUR.webp\" \/>\n\t<meta property=\"og:image:width\" content=\"768\" \/>\n\t<meta property=\"og:image:height\" content=\"493\" \/>\n\t<meta property=\"og:image:type\" content=\"image\/webp\" \/>\n<meta name=\"author\" content=\"Jeanette\" \/>\n<meta name=\"twitter:card\" content=\"summary_large_image\" \/>\n<meta name=\"twitter:creator\" content=\"@eldiario_net\" \/>\n<meta name=\"twitter:site\" content=\"@eldiario_net\" \/>\n<meta name=\"twitter:label1\" content=\"Escrito por\" \/>\n\t<meta name=\"twitter:data1\" content=\"Jeanette\" \/>\n\t<meta name=\"twitter:label2\" content=\"Tiempo de lectura\" \/>\n\t<meta name=\"twitter:data2\" content=\"2 minutos\" \/>\n<script type=\"application\/ld+json\" class=\"yoast-schema-graph\">{\"@context\":\"https:\\\/\\\/schema.org\",\"@graph\":[{\"@type\":\"Article\",\"@id\":\"https:\\\/\\\/www.eldiario.net\\\/portal\\\/2026\\\/08\\\/17\\\/turismo-y-culturas-cambia-de-estructura-dentro-del-ejecutivo\\\/#article\",\"isPartOf\":{\"@id\":\"https:\\\/\\\/www.eldiario.net\\\/portal\\\/2026\\\/08\\\/17\\\/turismo-y-culturas-cambia-de-estructura-dentro-del-ejecutivo\\\/\"},\"author\":{\"name\":\"Jeanette\",\"@id\":\"https:\\\/\\\/www.eldiario.net\\\/portal\\\/#\\\/schema\\\/person\\\/f46445640444750d7d753ccd04ae01b7\"},\"headline\":\"Turismo y Culturas cambia de estructura dentro del Ejecutivo\",\"datePublished\":\"2026-08-17T04:09:07+00:00\",\"mainEntityOfPage\":{\"@id\":\"https:\\\/\\\/www.eldiario.net\\\/portal\\\/2026\\\/08\\\/17\\\/turismo-y-culturas-cambia-de-estructura-dentro-del-ejecutivo\\\/\"},\"wordCount\":290,\"publisher\":{\"@id\":\"https:\\\/\\\/www.eldiario.net\\\/portal\\\/#organization\"},\"image\":{\"@id\":\"https:\\\/\\\/www.eldiario.net\\\/portal\\\/2026\\\/08\\\/17\\\/turismo-y-culturas-cambia-de-estructura-dentro-del-ejecutivo\\\/#primaryimage\"},\"thumbnailUrl\":\"https:\\\/\\\/www.eldiario.net\\\/portal\\\/wp-content\\\/uploads\\\/2026\\\/08\\\/17-TUR.webp\",\"articleSection\":[\"Pol\u00edtica\"],\"inLanguage\":\"es\"},{\"@type\":\"WebPage\",\"@id\":\"https:\\\/\\\/www.eldiario.net\\\/portal\\\/2026\\\/08\\\/17\\\/turismo-y-culturas-cambia-de-estructura-dentro-del-ejecutivo\\\/\",\"url\":\"https:\\\/\\\/www.eldiario.net\\\/portal\\\/2026\\\/08\\\/17\\\/turismo-y-culturas-cambia-de-estructura-dentro-del-ejecutivo\\\/\",\"name\":\"Turismo y Culturas cambia de estructura dentro del Ejecutivo - El Diario - Bolivia\",\"isPartOf\":{\"@id\":\"https:\\\/\\\/www.eldiario.net\\\/portal\\\/#website\"},\"primaryImageOfPage\":{\"@id\":\"https:\\\/\\\/www.eldiario.net\\\/portal\\\/2026\\\/08\\\/17\\\/turismo-y-culturas-cambia-de-estructura-dentro-del-ejecutivo\\\/#primaryimage\"},\"image\":{\"@id\":\"https:\\\/\\\/www.eldiario.net\\\/portal\\\/2026\\\/08\\\/17\\\/turismo-y-culturas-cambia-de-estructura-dentro-del-ejecutivo\\\/#primaryimage\"},\"thumbnailUrl\":\"https:\\\/\\\/www.eldiario.net\\\/portal\\\/wp-content\\\/uploads\\\/2026\\\/08\\\/17-TUR.webp\",\"datePublished\":\"2026-08-17T04:09:07+00:00\",\"breadcrumb\":{\"@id\":\"https:\\\/\\\/www.eldiario.net\\\/portal\\\/2026\\\/08\\\/17\\\/turismo-y-culturas-cambia-de-estructura-dentro-del-ejecutivo\\\/#breadcrumb\"},\"inLanguage\":\"es\",\"potentialAction\":[{\"@type\":\"ReadAction\",\"target\":[\"https:\\\/\\\/www.eldiario.net\\\/portal\\\/2026\\\/08\\\/17\\\/turismo-y-culturas-cambia-de-estructura-dentro-del-ejecutivo\\\/\"]}]},{\"@type\":\"ImageObject\",\"inLanguage\":\"es\",\"@id\":\"https:\\\/\\\/www.eldiario.net\\\/portal\\\/2026\\\/08\\\/17\\\/turismo-y-culturas-cambia-de-estructura-dentro-del-ejecutivo\\\/#primaryimage\",\"url\":\"https:\\\/\\\/www.eldiario.net\\\/portal\\\/wp-content\\\/uploads\\\/2026\\\/08\\\/17-TUR.webp\",\"contentUrl\":\"https:\\\/\\\/www.eldiario.net\\\/portal\\\/wp-content\\\/uploads\\\/2026\\\/08\\\/17-TUR.webp\",\"width\":768,\"height\":493,\"caption\":\"Frontis de la Canciller\u00eda del Estado Plurinacional de Bolivia. Cr\u00e9dito de foto: RRSS\"},{\"@type\":\"BreadcrumbList\",\"@id\":\"https:\\\/\\\/www.eldiario.net\\\/portal\\\/2026\\\/08\\\/17\\\/turismo-y-culturas-cambia-de-estructura-dentro-del-ejecutivo\\\/#breadcrumb\",\"itemListElement\":[{\"@type\":\"ListItem\",\"position\":1,\"name\":\"Portada\",\"item\":\"https:\\\/\\\/www.eldiario.net\\\/portal\\\/\"},{\"@type\":\"ListItem\",\"position\":2,\"name\":\"Turismo y Culturas cambia de estructura dentro del Ejecutivo\"}]},{\"@type\":\"WebSite\",\"@id\":\"https:\\\/\\\/www.eldiario.net\\\/portal\\\/#website\",\"url\":\"https:\\\/\\\/www.eldiario.net\\\/portal\\\/\",\"name\":\"El Diario - Decano de la prensa nacional\",\"description\":\"El Diario - Decano de la prensa nacional\",\"publisher\":{\"@id\":\"https:\\\/\\\/www.eldiario.net\\\/portal\\\/#organization\"},\"potentialAction\":[{\"@type\":\"SearchAction\",\"target\":{\"@type\":\"EntryPoint\",\"urlTemplate\":\"https:\\\/\\\/www.eldiario.net\\\/portal\\\/?s={search_term_string}\"},\"query-input\":{\"@type\":\"PropertyValueSpecification\",\"valueRequired\":true,\"valueName\":\"search_term_string\"}}],\"inLanguage\":\"es\"},{\"@type\":\"Organization\",\"@id\":\"https:\\\/\\\/www.eldiario.net\\\/portal\\\/#organization\",\"name\":\"El Diario - Decano de la prensa nacional\",\"url\":\"https:\\\/\\\/www.eldiario.net\\\/portal\\\/\",\"logo\":{\"@type\":\"ImageObject\",\"inLanguage\":\"es\",\"@id\":\"https:\\\/\\\/www.eldiario.net\\\/portal\\\/#\\\/schema\\\/logo\\\/image\\\/\",\"url\":\"https:\\\/\\\/www.eldiario.net\\\/portal\\\/wp-content\\\/uploads\\\/2023\\\/07\\\/logo_ED.jpg\",\"contentUrl\":\"https:\\\/\\\/www.eldiario.net\\\/portal\\\/wp-content\\\/uploads\\\/2023\\\/07\\\/logo_ED.jpg\",\"width\":272,\"height\":52,\"caption\":\"El Diario - Decano de la prensa nacional\"},\"image\":{\"@id\":\"https:\\\/\\\/www.eldiario.net\\\/portal\\\/#\\\/schema\\\/logo\\\/image\\\/\"},\"sameAs\":[\"https:\\\/\\\/www.facebook.com\\\/eldiario.bolivia\\\/\",\"https:\\\/\\\/x.com\\\/eldiario_net\"]},{\"@type\":\"Person\",\"@id\":\"https:\\\/\\\/www.eldiario.net\\\/portal\\\/#\\\/schema\\\/person\\\/f46445640444750d7d753ccd04ae01b7\",\"name\":\"Jeanette\",\"image\":{\"@type\":\"ImageObject\",\"inLanguage\":\"es\",\"@id\":\"https:\\\/\\\/secure.gravatar.com\\\/avatar\\\/3ea2118a5f7dad2b7138b1187a6b7ee55f160b9968b66013c3a3ef39dd7e5798?s=96&d=mm&r=g\",\"url\":\"https:\\\/\\\/secure.gravatar.com\\\/avatar\\\/3ea2118a5f7dad2b7138b1187a6b7ee55f160b9968b66013c3a3ef39dd7e5798?s=96&d=mm&r=g\",\"contentUrl\":\"https:\\\/\\\/secure.gravatar.com\\\/avatar\\\/3ea2118a5f7dad2b7138b1187a6b7ee55f160b9968b66013c3a3ef39dd7e5798?s=96&d=mm&r=g\",\"caption\":\"Jeanette\"},\"sameAs\":[\"https:\\\/\\\/www.eldiario.net\\\/portal\"],\"url\":\"https:\\\/\\\/www.eldiario.net\\\/portal\\\/author\\\/jeanette\\\/\"}]}<\/script>\n<!-- \/ Yoast SEO plugin. -->","yoast_head_json":{"title":"Turismo y Culturas cambia de estructura dentro del Ejecutivo - El Diario - Bolivia","robots":{"index":"index","follow":"follow","max-snippet":"max-snippet:-1","max-image-preview":"max-image-preview:large","max-video-preview":"max-video-preview:-1"},"canonical":"https:\/\/www.eldiario.net\/portal\/2026\/08\/17\/turismo-y-culturas-cambia-de-estructura-dentro-del-ejecutivo\/","og_locale":"es_ES","og_type":"article","og_title":"Turismo y Culturas cambia de estructura dentro del Ejecutivo - El Diario - Bolivia","og_description":"El Ministerio de Turismo Sostenible, Culturas, Folklore y Gastronom\u00eda dej\u00f3 de formar parte de la estructura del \u00d3rgano Ejecutivo y sus competencias fueron trasladadas al nuevo Viceministerio de Turismo Sostenible y Culturas, dependiente de la Canciller\u00eda. La modificaci\u00f3n fue establecida mediante el Decreto Supremo 5675, que reorganiza distintas \u00e1reas de la administraci\u00f3n estatal y dispone [&hellip;]","og_url":"https:\/\/www.eldiario.net\/portal\/2026\/08\/17\/turismo-y-culturas-cambia-de-estructura-dentro-del-ejecutivo\/","og_site_name":"El Diario - Bolivia","article_publisher":"https:\/\/www.facebook.com\/eldiario.bolivia\/","article_published_time":"2026-08-17T04:09:07+00:00","og_image":[{"width":768,"height":493,"url":"https:\/\/www.eldiario.net\/portal\/wp-content\/uploads\/2026\/08\/17-TUR.webp","type":"image\/webp"}],"author":"Jeanette","twitter_card":"summary_large_image","twitter_creator":"@eldiario_net","twitter_site":"@eldiario_net","twitter_misc":{"Escrito por":"Jeanette","Tiempo de lectura":"2 minutos"},"schema":{"@context":"https:\/\/schema.org","@graph":[{"@type":"Article","@id":"https:\/\/www.eldiario.net\/portal\/2026\/08\/17\/turismo-y-culturas-cambia-de-estructura-dentro-del-ejecutivo\/#article","isPartOf":{"@id":"https:\/\/www.eldiario.net\/portal\/2026\/08\/17\/turismo-y-culturas-cambia-de-estructura-dentro-del-ejecutivo\/"},"author":{"name":"Jeanette","@id":"https:\/\/www.eldiario.net\/portal\/#\/schema\/person\/f46445640444750d7d753ccd04ae01b7"},"headline":"Turismo y Culturas cambia de estructura dentro del Ejecutivo","datePublished":"2026-08-17T04:09:07+00:00","mainEntityOfPage":{"@id":"https:\/\/www.eldiario.net\/portal\/2026\/08\/17\/turismo-y-culturas-cambia-de-estructura-dentro-del-ejecutivo\/"},"wordCount":290,"publisher":{"@id":"https:\/\/www.eldiario.net\/portal\/#organization"},"image":{"@id":"https:\/\/www.eldiario.net\/portal\/2026\/08\/17\/turismo-y-culturas-cambia-de-estructura-dentro-del-ejecutivo\/#primaryimage"},"thumbnailUrl":"https:\/\/www.eldiario.net\/portal\/wp-content\/uploads\/2026\/08\/17-TUR.webp","articleSection":["Pol\u00edtica"],"inLanguage":"es"},{"@type":"WebPage","@id":"https:\/\/www.eldiario.net\/portal\/2026\/08\/17\/turismo-y-culturas-cambia-de-estructura-dentro-del-ejecutivo\/","url":"https:\/\/www.eldiario.net\/portal\/2026\/08\/17\/turismo-y-culturas-cambia-de-estructura-dentro-del-ejecutivo\/","name":"Turismo y Culturas cambia de estructura dentro del Ejecutivo - El Diario - Bolivia","isPartOf":{"@id":"https:\/\/www.eldiario.net\/portal\/#website"},"primaryImageOfPage":{"@id":"https:\/\/www.eldiario.net\/portal\/2026\/08\/17\/turismo-y-culturas-cambia-de-estructura-dentro-del-ejecutivo\/#primaryimage"},"image":{"@id":"https:\/\/www.eldiario.net\/portal\/2026\/08\/17\/turismo-y-culturas-cambia-de-estructura-dentro-del-ejecutivo\/#primaryimage"},"thumbnailUrl":"https:\/\/www.eldiario.net\/portal\/wp-content\/uploads\/2026\/08\/17-TUR.webp","datePublished":"2026-08-17T04:09:07+00:00","breadcrumb":{"@id":"https:\/\/www.eldiario.net\/portal\/2026\/08\/17\/turismo-y-culturas-cambia-de-estructura-dentro-del-ejecutivo\/#breadcrumb"},"inLanguage":"es","potentialAction":[{"@type":"ReadAction","target":["https:\/\/www.eldiario.net\/portal\/2026\/08\/17\/turismo-y-culturas-cambia-de-estructura-dentro-del-ejecutivo\/"]}]},{"@type":"ImageObject","inLanguage":"es","@id":"https:\/\/www.eldiario.net\/portal\/2026\/08\/17\/turismo-y-culturas-cambia-de-estructura-dentro-del-ejecutivo\/#primaryimage","url":"https:\/\/www.eldiario.net\/portal\/wp-content\/uploads\/2026\/08\/17-TUR.webp","contentUrl":"https:\/\/www.eldiario.net\/portal\/wp-content\/uploads\/2026\/08\/17-TUR.webp","width":768,"height":493,"caption":"Frontis de la Canciller\u00eda del Estado Plurinacional de Bolivia. Cr\u00e9dito de foto: RRSS"},{"@type":"BreadcrumbList","@id":"https:\/\/www.eldiario.net\/portal\/2026\/08\/17\/turismo-y-culturas-cambia-de-estructura-dentro-del-ejecutivo\/#breadcrumb","itemListElement":[{"@type":"ListItem","position":1,"name":"Portada","item":"https:\/\/www.eldiario.net\/portal\/"},{"@type":"ListItem","position":2,"name":"Turismo y Culturas cambia de estructura dentro del Ejecutivo"}]},{"@type":"WebSite","@id":"https:\/\/www.eldiario.net\/portal\/#website","url":"https:\/\/www.eldiario.net\/portal\/","name":"El Diario - Decano de la prensa nacional","description":"El Diario - Decano de la prensa nacional","publisher":{"@id":"https:\/\/www.eldiario.net\/portal\/#organization"},"potentialAction":[{"@type":"SearchAction","target":{"@type":"EntryPoint","urlTemplate":"https:\/\/www.eldiario.net\/portal\/?s={search_term_string}"},"query-input":{"@type":"PropertyValueSpecification","valueRequired":true,"valueName":"search_term_string"}}],"inLanguage":"es"},{"@type":"Organization","@id":"https:\/\/www.eldiario.net\/portal\/#organization","name":"El Diario - Decano de la prensa nacional","url":"https:\/\/www.eldiario.net\/portal\/","logo":{"@type":"ImageObject","inLanguage":"es","@id":"https:\/\/www.eldiario.net\/portal\/#\/schema\/logo\/image\/","url":"https:\/\/www.eldiario.net\/portal\/wp-content\/uploads\/2023\/07\/logo_ED.jpg","contentUrl":"https:\/\/www.eldiario.net\/portal\/wp-content\/uploads\/2023\/07\/logo_ED.jpg","width":272,"height":52,"caption":"El Diario - Decano de la prensa nacional"},"image":{"@id":"https:\/\/www.eldiario.net\/portal\/#\/schema\/logo\/image\/"},"sameAs":["https:\/\/www.facebook.com\/eldiario.bolivia\/","https:\/\/x.com\/eldiario_net"]},{"@type":"Person","@id":"https:\/\/www.eldiario.net\/portal\/#\/schema\/person\/f46445640444750d7d753ccd04ae01b7","name":"Jeanette","image":{"@type":"ImageObject","inLanguage":"es","@id":"https:\/\/secure.gravatar.com\/avatar\/3ea2118a5f7dad2b7138b1187a6b7ee55f160b9968b66013c3a3ef39dd7e5798?s=96&d=mm&r=g","url":"https:\/\/secure.gravatar.com\/avatar\/3ea2118a5f7dad2b7138b1187a6b7ee55f160b9968b66013c3a3ef39dd7e5798?s=96&d=mm&r=g","contentUrl":"https:\/\/secure.gravatar.com\/avatar\/3ea2118a5f7dad2b7138b1187a6b7ee55f160b9968b66013c3a3ef39dd7e5798?s=96&d=mm&r=g","caption":"Jeanette"},"sameAs":["https:\/\/www.eldiario.net\/portal"],"url":"https:\/\/www.eldiario.net\/portal\/author\/jeanette\/"}]}},"_links":{"self":[{"href":"https:\/\/www.eldiario.net\/portal\/wp-json\/wp\/v2\/posts\/421990","targetHints":{"allow":["GET"]}}],"collection":[{"href":"https:\/\/www.eldiario.net\/portal\/wp-json\/wp\/v2\/posts"}],"about":[{"href":"https:\/\/www.eldiario.net\/portal\/wp-json\/wp\/v2\/types\/post"}],"author":[{"embeddable":true,"href":"https:\/\/www.eldiario.net\/portal\/wp-json\/wp\/v2\/users\/1"}],"replies":[{"embeddable":true,"href":"https:\/\/www.eldiario.net\/portal\/wp-json\/wp\/v2\/comments?post=421990"}],"version-history":[{"count":1,"href":"https:\/\/www.eldiario.net\/portal\/wp-json\/wp\/v2\/posts\/421990\/revisions"}],"predecessor-version":[{"id":421992,"href":"https:\/\/www.eldiario.net\/portal\/wp-json\/wp\/v2\/posts\/421990\/revisions\/421992"}],"wp:featuredmedia":[{"embeddable":true,"href":"https:\/\/www.eldiario.net\/portal\/wp-json\/wp\/v2\/media\/421991"}],"wp:attachment":[{"href":"https:\/\/www.eldiario.net\/portal\/wp-json\/wp\/v2\/media?parent=421990"}],"wp:term":[{"taxonomy":"category","embeddable":true,"href":"https:\/\/www.eldiario.net\/portal\/wp-json\/wp\/v2\/categories?post=421990"},{"taxonomy":"post_tag","embeddable":true,"href":"https:\/\/www.eldiario.net\/portal\/wp-json\/wp\/v2\/tags?post=421990"}],"curies":[{"name":"wp","href":"https:\/\/api.w.org\/{rel}","templated":true}]}}