{"id":421987,"date":"2026-08-17T00:08:11","date_gmt":"2026-08-17T04:08:11","guid":{"rendered":"https:\/\/www.eldiario.net\/portal\/?p=421987"},"modified":"2026-08-16T22:11:49","modified_gmt":"2026-08-17T02:11:49","slug":"libre-presentara-proyecto-para-atraer-inversion-extranjera-y-seguridad-juridica","status":"publish","type":"post","link":"https:\/\/www.eldiario.net\/portal\/2026\/08\/17\/libre-presentara-proyecto-para-atraer-inversion-extranjera-y-seguridad-juridica\/","title":{"rendered":"Libre presentar\u00e1 proyecto para atraer inversi\u00f3n extranjera y seguridad jur\u00eddica"},"content":{"rendered":"<p>La alianza Libre presentar\u00e1 este lunes 17 de agosto un proyecto de ley para impulsar una reforma parcial de la Constituci\u00f3n Pol\u00edtica del Estado (CPE), con el objetivo de modificar las condiciones jur\u00eddicas para la inversi\u00f3n extranjera y establecer mecanismos de arbitraje internacional.<\/p>\n<p>La iniciativa ser\u00e1 presentada por el l\u00edder de la alianza y expresidente, Jorge Quiroga, junto con su bancada parlamentaria, en una jornada que coincide con el primer aniversario de la primera vuelta de las elecciones nacionales de 2025.<\/p>\n<p>Quiroga explic\u00f3 que la propuesta pretende generar mayores condiciones de seguridad jur\u00eddica para atraer capitales externos y establecer mecanismos que permitan resolver eventuales controversias mediante arbitraje internacional. La reforma tambi\u00e9n est\u00e1 vinculada, seg\u00fan sus declaraciones, con la necesidad de enfrentar la situaci\u00f3n econ\u00f3mica y energ\u00e9tica que atraviesa el pa\u00eds.<\/p>\n<p>En una entrevista concedida a una radio de la red Erbol en Cochabamba, el l\u00edder de Libre sostuvo que Bolivia enfrenta dificultades relacionadas con la disponibilidad de d\u00f3lares, di\u00e9sel y empleo, adem\u00e1s de advertir sobre un posible agravamiento de la situaci\u00f3n energ\u00e9tica durante los pr\u00f3ximos meses.<\/p>\n<p>Quiroga se\u00f1al\u00f3 que la escasez de combustibles podr\u00eda extenderse al gas licuado de petr\u00f3leo (GLP) y advirti\u00f3 sobre un eventual deterioro del suministro de gas natural. En su an\u00e1lisis, esta situaci\u00f3n podr\u00eda generar dificultades tanto para los hogares como para las industrias y los parques industriales.<\/p>\n<p>El expresidente atribuy\u00f3 la situaci\u00f3n energ\u00e9tica a las pol\u00edticas aplicadas durante los gobiernos del Movimiento Al Socialismo (MAS), a los que responsabiliz\u00f3 por el uso de las reservas de gas y por la falta de inversiones destinadas a reponerlas.<\/p>\n<p>La advertencia sobre la energ\u00eda constituye uno de los argumentos utilizados por Quiroga para plantear la necesidad de acelerar las reformas. Seg\u00fan sostuvo, el pa\u00eds requiere cambios estructurales para generar condiciones que permitan atraer inversiones y enfrentar las dificultades econ\u00f3micas.<\/p>\n<p>REFORMA EN DEBATE<\/p>\n<p>La propuesta de Libre se suma a un debate que ya comenz\u00f3 a instalarse en la Asamblea Legislativa en torno a una eventual modificaci\u00f3n parcial de la Constituci\u00f3n.<\/p>\n<p>La semana pasada, el diputado de Unidad, Carlos Alarc\u00f3n, present\u00f3 un proyecto de ley corta que plantea modificaciones en al menos 30 art\u00edculos de la Carta Magna. La iniciativa fue justificada bajo el argumento de que el paquete de leyes estructurales anunciado por el Ejecutivo no ser\u00eda suficiente para concretar los cambios econ\u00f3micos que requiere el pa\u00eds.<\/p>\n<p>En ese contexto, el proyecto que Libre presentar\u00e1 este lunes incorpora una segunda propuesta legislativa al debate sobre una reforma constitucional.<\/p>\n<p>Quiroga record\u00f3 que en la cumbre pol\u00edtica y sectorial realizada el 9 de mayo en Cochabamba se hab\u00eda planteado la necesidad de avanzar hacia una modificaci\u00f3n de la Constituci\u00f3n. Sin embargo, cuestion\u00f3 que hasta ahora no se hayan producido avances concretos en esa direcci\u00f3n.<\/p>\n<p>El dirigente vincul\u00f3 la falta de resultados con el acuerdo alcanzado entre el Gobierno y la Central Obrera Boliviana (COB), despu\u00e9s de un conflicto que, seg\u00fan la nota de referencia, se extendi\u00f3 durante 53 d\u00edas.<\/p>\n<p>A un a\u00f1o de las elecciones nacionales de 2025, Quiroga cuestion\u00f3 que las reformas planteadas durante ese proceso electoral todav\u00eda no se hayan traducido en modificaciones a la Constituci\u00f3n ni en la aprobaci\u00f3n de leyes que considera necesarias para transformar el modelo econ\u00f3mico.<\/p>\n<p>El l\u00edder de Libre tambi\u00e9n record\u00f3 que su bancada respald\u00f3 algunas iniciativas promovidas por el Ejecutivo, entre ellas la denominada Ley COPA y la Ley de Estado de Excepci\u00f3n, adem\u00e1s de acciones desarrolladas en Cochabamba.<\/p>\n<p>Su planteamiento para este lunes marca ahora una posici\u00f3n m\u00e1s definida de su bancada respecto al proceso de reformas: impulsar cambios constitucionales que, de acuerdo con la propuesta anunciada, permitan mejorar las condiciones para la inversi\u00f3n extranjera y establecer mecanismos de arbitraje internacional.<\/p>\n<p>La presentaci\u00f3n del proyecto abrir\u00e1 un nuevo escenario en la Asamblea Legislativa, donde ya existen otras iniciativas orientadas a modificar la Constituci\u00f3n y donde el debate sobre los cambios estructurales del Estado comienza a tomar mayor relevancia pol\u00edtica.<\/p>\n<p>Por el momento, la propuesta de Libre ser\u00e1 presentada este lunes 17 de agosto, fecha en la que se cumple un a\u00f1o de la primera vuelta presidencial y de la elecci\u00f3n de los actuales representantes legislativos. (Con informaci\u00f3n de Erbol)<\/p>\n<p>&nbsp;<\/p>\n","protected":false},"excerpt":{"rendered":"<p>La alianza Libre presentar\u00e1 este lunes 17 de agosto un proyecto de ley para impulsar una reforma parcial de la Constituci\u00f3n Pol\u00edtica del Estado (CPE), con el objetivo de modificar las condiciones jur\u00eddicas para la inversi\u00f3n extranjera y establecer mecanismos de arbitraje internacional. La iniciativa ser\u00e1 presentada por el l\u00edder de la alianza y expresidente, [&hellip;]<\/p>\n","protected":false},"author":1,"featured_media":421988,"comment_status":"closed","ping_status":"open","sticky":false,"template":"","format":"standard","meta":{"_acf_changed":false,"footnotes":""},"categories":[14],"tags":[],"class_list":["post-421987","post","type-post","status-publish","format-standard","has-post-thumbnail","category-politica"],"acf":{"antetitulo":"Reforma a la Constituci\u00f3n"},"yoast_head":"<!-- This site is optimized with the Yoast SEO plugin v28.3 - https:\/\/yoast.com\/product\/yoast-seo-wordpress\/ -->\n<title>Libre presentar\u00e1 proyecto para atraer inversi\u00f3n extranjera y seguridad jur\u00eddica - El Diario - Bolivia<\/title>\n<meta name=\"robots\" content=\"index, follow, max-snippet:-1, max-image-preview:large, max-video-preview:-1\" \/>\n<link rel=\"canonical\" href=\"https:\/\/www.eldiario.net\/portal\/2026\/08\/17\/libre-presentara-proyecto-para-atraer-inversion-extranjera-y-seguridad-juridica\/\" \/>\n<meta property=\"og:locale\" content=\"es_ES\" \/>\n<meta property=\"og:type\" content=\"article\" \/>\n<meta property=\"og:title\" content=\"Libre presentar\u00e1 proyecto para atraer inversi\u00f3n extranjera y seguridad jur\u00eddica - El Diario - Bolivia\" \/>\n<meta property=\"og:description\" content=\"La alianza Libre presentar\u00e1 este lunes 17 de agosto un proyecto de ley para impulsar una reforma parcial de la Constituci\u00f3n Pol\u00edtica del Estado (CPE), con el objetivo de modificar las condiciones jur\u00eddicas para la inversi\u00f3n extranjera y establecer mecanismos de arbitraje internacional. La iniciativa ser\u00e1 presentada por el l\u00edder de la alianza y expresidente, [&hellip;]\" \/>\n<meta property=\"og:url\" content=\"https:\/\/www.eldiario.net\/portal\/2026\/08\/17\/libre-presentara-proyecto-para-atraer-inversion-extranjera-y-seguridad-juridica\/\" \/>\n<meta property=\"og:site_name\" content=\"El Diario - Bolivia\" \/>\n<meta property=\"article:publisher\" content=\"https:\/\/www.facebook.com\/eldiario.bolivia\/\" \/>\n<meta property=\"article:published_time\" content=\"2026-08-17T04:08:11+00:00\" \/>\n<meta property=\"og:image\" content=\"https:\/\/www.eldiario.net\/portal\/wp-content\/uploads\/2026\/08\/17-CPE.webp\" \/>\n\t<meta property=\"og:image:width\" content=\"808\" \/>\n\t<meta property=\"og:image:height\" content=\"558\" \/>\n\t<meta property=\"og:image:type\" content=\"image\/webp\" \/>\n<meta name=\"author\" content=\"Jeanette\" \/>\n<meta name=\"twitter:card\" content=\"summary_large_image\" \/>\n<meta name=\"twitter:creator\" content=\"@eldiario_net\" \/>\n<meta name=\"twitter:site\" content=\"@eldiario_net\" \/>\n<meta name=\"twitter:label1\" content=\"Escrito por\" \/>\n\t<meta name=\"twitter:data1\" content=\"Jeanette\" \/>\n\t<meta name=\"twitter:label2\" content=\"Tiempo de lectura\" \/>\n\t<meta name=\"twitter:data2\" content=\"4 minutos\" \/>\n<script type=\"application\/ld+json\" class=\"yoast-schema-graph\">{\"@context\":\"https:\\\/\\\/schema.org\",\"@graph\":[{\"@type\":\"Article\",\"@id\":\"https:\\\/\\\/www.eldiario.net\\\/portal\\\/2026\\\/08\\\/17\\\/libre-presentara-proyecto-para-atraer-inversion-extranjera-y-seguridad-juridica\\\/#article\",\"isPartOf\":{\"@id\":\"https:\\\/\\\/www.eldiario.net\\\/portal\\\/2026\\\/08\\\/17\\\/libre-presentara-proyecto-para-atraer-inversion-extranjera-y-seguridad-juridica\\\/\"},\"author\":{\"name\":\"Jeanette\",\"@id\":\"https:\\\/\\\/www.eldiario.net\\\/portal\\\/#\\\/schema\\\/person\\\/f46445640444750d7d753ccd04ae01b7\"},\"headline\":\"Libre presentar\u00e1 proyecto para atraer inversi\u00f3n extranjera y seguridad jur\u00eddica\",\"datePublished\":\"2026-08-17T04:08:11+00:00\",\"mainEntityOfPage\":{\"@id\":\"https:\\\/\\\/www.eldiario.net\\\/portal\\\/2026\\\/08\\\/17\\\/libre-presentara-proyecto-para-atraer-inversion-extranjera-y-seguridad-juridica\\\/\"},\"wordCount\":759,\"publisher\":{\"@id\":\"https:\\\/\\\/www.eldiario.net\\\/portal\\\/#organization\"},\"image\":{\"@id\":\"https:\\\/\\\/www.eldiario.net\\\/portal\\\/2026\\\/08\\\/17\\\/libre-presentara-proyecto-para-atraer-inversion-extranjera-y-seguridad-juridica\\\/#primaryimage\"},\"thumbnailUrl\":\"https:\\\/\\\/www.eldiario.net\\\/portal\\\/wp-content\\\/uploads\\\/2026\\\/08\\\/17-CPE.webp\",\"articleSection\":[\"Pol\u00edtica\"],\"inLanguage\":\"es\"},{\"@type\":\"WebPage\",\"@id\":\"https:\\\/\\\/www.eldiario.net\\\/portal\\\/2026\\\/08\\\/17\\\/libre-presentara-proyecto-para-atraer-inversion-extranjera-y-seguridad-juridica\\\/\",\"url\":\"https:\\\/\\\/www.eldiario.net\\\/portal\\\/2026\\\/08\\\/17\\\/libre-presentara-proyecto-para-atraer-inversion-extranjera-y-seguridad-juridica\\\/\",\"name\":\"Libre presentar\u00e1 proyecto para atraer inversi\u00f3n extranjera y seguridad jur\u00eddica - El Diario - Bolivia\",\"isPartOf\":{\"@id\":\"https:\\\/\\\/www.eldiario.net\\\/portal\\\/#website\"},\"primaryImageOfPage\":{\"@id\":\"https:\\\/\\\/www.eldiario.net\\\/portal\\\/2026\\\/08\\\/17\\\/libre-presentara-proyecto-para-atraer-inversion-extranjera-y-seguridad-juridica\\\/#primaryimage\"},\"image\":{\"@id\":\"https:\\\/\\\/www.eldiario.net\\\/portal\\\/2026\\\/08\\\/17\\\/libre-presentara-proyecto-para-atraer-inversion-extranjera-y-seguridad-juridica\\\/#primaryimage\"},\"thumbnailUrl\":\"https:\\\/\\\/www.eldiario.net\\\/portal\\\/wp-content\\\/uploads\\\/2026\\\/08\\\/17-CPE.webp\",\"datePublished\":\"2026-08-17T04:08:11+00:00\",\"breadcrumb\":{\"@id\":\"https:\\\/\\\/www.eldiario.net\\\/portal\\\/2026\\\/08\\\/17\\\/libre-presentara-proyecto-para-atraer-inversion-extranjera-y-seguridad-juridica\\\/#breadcrumb\"},\"inLanguage\":\"es\",\"potentialAction\":[{\"@type\":\"ReadAction\",\"target\":[\"https:\\\/\\\/www.eldiario.net\\\/portal\\\/2026\\\/08\\\/17\\\/libre-presentara-proyecto-para-atraer-inversion-extranjera-y-seguridad-juridica\\\/\"]}]},{\"@type\":\"ImageObject\",\"inLanguage\":\"es\",\"@id\":\"https:\\\/\\\/www.eldiario.net\\\/portal\\\/2026\\\/08\\\/17\\\/libre-presentara-proyecto-para-atraer-inversion-extranjera-y-seguridad-juridica\\\/#primaryimage\",\"url\":\"https:\\\/\\\/www.eldiario.net\\\/portal\\\/wp-content\\\/uploads\\\/2026\\\/08\\\/17-CPE.webp\",\"contentUrl\":\"https:\\\/\\\/www.eldiario.net\\\/portal\\\/wp-content\\\/uploads\\\/2026\\\/08\\\/17-CPE.webp\",\"width\":808,\"height\":558,\"caption\":\"L\u00edder de alianza Libre, Jorge Quiroga. Cr\u00e9dito de foto: Erbol\"},{\"@type\":\"BreadcrumbList\",\"@id\":\"https:\\\/\\\/www.eldiario.net\\\/portal\\\/2026\\\/08\\\/17\\\/libre-presentara-proyecto-para-atraer-inversion-extranjera-y-seguridad-juridica\\\/#breadcrumb\",\"itemListElement\":[{\"@type\":\"ListItem\",\"position\":1,\"name\":\"Portada\",\"item\":\"https:\\\/\\\/www.eldiario.net\\\/portal\\\/\"},{\"@type\":\"ListItem\",\"position\":2,\"name\":\"Libre presentar\u00e1 proyecto para atraer inversi\u00f3n extranjera y seguridad jur\u00eddica\"}]},{\"@type\":\"WebSite\",\"@id\":\"https:\\\/\\\/www.eldiario.net\\\/portal\\\/#website\",\"url\":\"https:\\\/\\\/www.eldiario.net\\\/portal\\\/\",\"name\":\"El Diario - Decano de la prensa nacional\",\"description\":\"El Diario - Decano de la prensa nacional\",\"publisher\":{\"@id\":\"https:\\\/\\\/www.eldiario.net\\\/portal\\\/#organization\"},\"potentialAction\":[{\"@type\":\"SearchAction\",\"target\":{\"@type\":\"EntryPoint\",\"urlTemplate\":\"https:\\\/\\\/www.eldiario.net\\\/portal\\\/?s={search_term_string}\"},\"query-input\":{\"@type\":\"PropertyValueSpecification\",\"valueRequired\":true,\"valueName\":\"search_term_string\"}}],\"inLanguage\":\"es\"},{\"@type\":\"Organization\",\"@id\":\"https:\\\/\\\/www.eldiario.net\\\/portal\\\/#organization\",\"name\":\"El Diario - Decano de la prensa nacional\",\"url\":\"https:\\\/\\\/www.eldiario.net\\\/portal\\\/\",\"logo\":{\"@type\":\"ImageObject\",\"inLanguage\":\"es\",\"@id\":\"https:\\\/\\\/www.eldiario.net\\\/portal\\\/#\\\/schema\\\/logo\\\/image\\\/\",\"url\":\"https:\\\/\\\/www.eldiario.net\\\/portal\\\/wp-content\\\/uploads\\\/2023\\\/07\\\/logo_ED.jpg\",\"contentUrl\":\"https:\\\/\\\/www.eldiario.net\\\/portal\\\/wp-content\\\/uploads\\\/2023\\\/07\\\/logo_ED.jpg\",\"width\":272,\"height\":52,\"caption\":\"El Diario - Decano de la prensa nacional\"},\"image\":{\"@id\":\"https:\\\/\\\/www.eldiario.net\\\/portal\\\/#\\\/schema\\\/logo\\\/image\\\/\"},\"sameAs\":[\"https:\\\/\\\/www.facebook.com\\\/eldiario.bolivia\\\/\",\"https:\\\/\\\/x.com\\\/eldiario_net\"]},{\"@type\":\"Person\",\"@id\":\"https:\\\/\\\/www.eldiario.net\\\/portal\\\/#\\\/schema\\\/person\\\/f46445640444750d7d753ccd04ae01b7\",\"name\":\"Jeanette\",\"image\":{\"@type\":\"ImageObject\",\"inLanguage\":\"es\",\"@id\":\"https:\\\/\\\/secure.gravatar.com\\\/avatar\\\/3ea2118a5f7dad2b7138b1187a6b7ee55f160b9968b66013c3a3ef39dd7e5798?s=96&d=mm&r=g\",\"url\":\"https:\\\/\\\/secure.gravatar.com\\\/avatar\\\/3ea2118a5f7dad2b7138b1187a6b7ee55f160b9968b66013c3a3ef39dd7e5798?s=96&d=mm&r=g\",\"contentUrl\":\"https:\\\/\\\/secure.gravatar.com\\\/avatar\\\/3ea2118a5f7dad2b7138b1187a6b7ee55f160b9968b66013c3a3ef39dd7e5798?s=96&d=mm&r=g\",\"caption\":\"Jeanette\"},\"sameAs\":[\"https:\\\/\\\/www.eldiario.net\\\/portal\"],\"url\":\"https:\\\/\\\/www.eldiario.net\\\/portal\\\/author\\\/jeanette\\\/\"}]}<\/script>\n<!-- \/ Yoast SEO plugin. -->","yoast_head_json":{"title":"Libre presentar\u00e1 proyecto para atraer inversi\u00f3n extranjera y seguridad jur\u00eddica - El Diario - Bolivia","robots":{"index":"index","follow":"follow","max-snippet":"max-snippet:-1","max-image-preview":"max-image-preview:large","max-video-preview":"max-video-preview:-1"},"canonical":"https:\/\/www.eldiario.net\/portal\/2026\/08\/17\/libre-presentara-proyecto-para-atraer-inversion-extranjera-y-seguridad-juridica\/","og_locale":"es_ES","og_type":"article","og_title":"Libre presentar\u00e1 proyecto para atraer inversi\u00f3n extranjera y seguridad jur\u00eddica - El Diario - Bolivia","og_description":"La alianza Libre presentar\u00e1 este lunes 17 de agosto un proyecto de ley para impulsar una reforma parcial de la Constituci\u00f3n Pol\u00edtica del Estado (CPE), con el objetivo de modificar las condiciones jur\u00eddicas para la inversi\u00f3n extranjera y establecer mecanismos de arbitraje internacional. La iniciativa ser\u00e1 presentada por el l\u00edder de la alianza y expresidente, [&hellip;]","og_url":"https:\/\/www.eldiario.net\/portal\/2026\/08\/17\/libre-presentara-proyecto-para-atraer-inversion-extranjera-y-seguridad-juridica\/","og_site_name":"El Diario - Bolivia","article_publisher":"https:\/\/www.facebook.com\/eldiario.bolivia\/","article_published_time":"2026-08-17T04:08:11+00:00","og_image":[{"width":808,"height":558,"url":"https:\/\/www.eldiario.net\/portal\/wp-content\/uploads\/2026\/08\/17-CPE.webp","type":"image\/webp"}],"author":"Jeanette","twitter_card":"summary_large_image","twitter_creator":"@eldiario_net","twitter_site":"@eldiario_net","twitter_misc":{"Escrito por":"Jeanette","Tiempo de lectura":"4 minutos"},"schema":{"@context":"https:\/\/schema.org","@graph":[{"@type":"Article","@id":"https:\/\/www.eldiario.net\/portal\/2026\/08\/17\/libre-presentara-proyecto-para-atraer-inversion-extranjera-y-seguridad-juridica\/#article","isPartOf":{"@id":"https:\/\/www.eldiario.net\/portal\/2026\/08\/17\/libre-presentara-proyecto-para-atraer-inversion-extranjera-y-seguridad-juridica\/"},"author":{"name":"Jeanette","@id":"https:\/\/www.eldiario.net\/portal\/#\/schema\/person\/f46445640444750d7d753ccd04ae01b7"},"headline":"Libre presentar\u00e1 proyecto para atraer inversi\u00f3n extranjera y seguridad jur\u00eddica","datePublished":"2026-08-17T04:08:11+00:00","mainEntityOfPage":{"@id":"https:\/\/www.eldiario.net\/portal\/2026\/08\/17\/libre-presentara-proyecto-para-atraer-inversion-extranjera-y-seguridad-juridica\/"},"wordCount":759,"publisher":{"@id":"https:\/\/www.eldiario.net\/portal\/#organization"},"image":{"@id":"https:\/\/www.eldiario.net\/portal\/2026\/08\/17\/libre-presentara-proyecto-para-atraer-inversion-extranjera-y-seguridad-juridica\/#primaryimage"},"thumbnailUrl":"https:\/\/www.eldiario.net\/portal\/wp-content\/uploads\/2026\/08\/17-CPE.webp","articleSection":["Pol\u00edtica"],"inLanguage":"es"},{"@type":"WebPage","@id":"https:\/\/www.eldiario.net\/portal\/2026\/08\/17\/libre-presentara-proyecto-para-atraer-inversion-extranjera-y-seguridad-juridica\/","url":"https:\/\/www.eldiario.net\/portal\/2026\/08\/17\/libre-presentara-proyecto-para-atraer-inversion-extranjera-y-seguridad-juridica\/","name":"Libre presentar\u00e1 proyecto para atraer inversi\u00f3n extranjera y seguridad jur\u00eddica - El Diario - Bolivia","isPartOf":{"@id":"https:\/\/www.eldiario.net\/portal\/#website"},"primaryImageOfPage":{"@id":"https:\/\/www.eldiario.net\/portal\/2026\/08\/17\/libre-presentara-proyecto-para-atraer-inversion-extranjera-y-seguridad-juridica\/#primaryimage"},"image":{"@id":"https:\/\/www.eldiario.net\/portal\/2026\/08\/17\/libre-presentara-proyecto-para-atraer-inversion-extranjera-y-seguridad-juridica\/#primaryimage"},"thumbnailUrl":"https:\/\/www.eldiario.net\/portal\/wp-content\/uploads\/2026\/08\/17-CPE.webp","datePublished":"2026-08-17T04:08:11+00:00","breadcrumb":{"@id":"https:\/\/www.eldiario.net\/portal\/2026\/08\/17\/libre-presentara-proyecto-para-atraer-inversion-extranjera-y-seguridad-juridica\/#breadcrumb"},"inLanguage":"es","potentialAction":[{"@type":"ReadAction","target":["https:\/\/www.eldiario.net\/portal\/2026\/08\/17\/libre-presentara-proyecto-para-atraer-inversion-extranjera-y-seguridad-juridica\/"]}]},{"@type":"ImageObject","inLanguage":"es","@id":"https:\/\/www.eldiario.net\/portal\/2026\/08\/17\/libre-presentara-proyecto-para-atraer-inversion-extranjera-y-seguridad-juridica\/#primaryimage","url":"https:\/\/www.eldiario.net\/portal\/wp-content\/uploads\/2026\/08\/17-CPE.webp","contentUrl":"https:\/\/www.eldiario.net\/portal\/wp-content\/uploads\/2026\/08\/17-CPE.webp","width":808,"height":558,"caption":"L\u00edder de alianza Libre, Jorge Quiroga. Cr\u00e9dito de foto: Erbol"},{"@type":"BreadcrumbList","@id":"https:\/\/www.eldiario.net\/portal\/2026\/08\/17\/libre-presentara-proyecto-para-atraer-inversion-extranjera-y-seguridad-juridica\/#breadcrumb","itemListElement":[{"@type":"ListItem","position":1,"name":"Portada","item":"https:\/\/www.eldiario.net\/portal\/"},{"@type":"ListItem","position":2,"name":"Libre presentar\u00e1 proyecto para atraer inversi\u00f3n extranjera y seguridad jur\u00eddica"}]},{"@type":"WebSite","@id":"https:\/\/www.eldiario.net\/portal\/#website","url":"https:\/\/www.eldiario.net\/portal\/","name":"El Diario - Decano de la prensa nacional","description":"El Diario - Decano de la prensa nacional","publisher":{"@id":"https:\/\/www.eldiario.net\/portal\/#organization"},"potentialAction":[{"@type":"SearchAction","target":{"@type":"EntryPoint","urlTemplate":"https:\/\/www.eldiario.net\/portal\/?s={search_term_string}"},"query-input":{"@type":"PropertyValueSpecification","valueRequired":true,"valueName":"search_term_string"}}],"inLanguage":"es"},{"@type":"Organization","@id":"https:\/\/www.eldiario.net\/portal\/#organization","name":"El Diario - Decano de la prensa nacional","url":"https:\/\/www.eldiario.net\/portal\/","logo":{"@type":"ImageObject","inLanguage":"es","@id":"https:\/\/www.eldiario.net\/portal\/#\/schema\/logo\/image\/","url":"https:\/\/www.eldiario.net\/portal\/wp-content\/uploads\/2023\/07\/logo_ED.jpg","contentUrl":"https:\/\/www.eldiario.net\/portal\/wp-content\/uploads\/2023\/07\/logo_ED.jpg","width":272,"height":52,"caption":"El Diario - Decano de la prensa nacional"},"image":{"@id":"https:\/\/www.eldiario.net\/portal\/#\/schema\/logo\/image\/"},"sameAs":["https:\/\/www.facebook.com\/eldiario.bolivia\/","https:\/\/x.com\/eldiario_net"]},{"@type":"Person","@id":"https:\/\/www.eldiario.net\/portal\/#\/schema\/person\/f46445640444750d7d753ccd04ae01b7","name":"Jeanette","image":{"@type":"ImageObject","inLanguage":"es","@id":"https:\/\/secure.gravatar.com\/avatar\/3ea2118a5f7dad2b7138b1187a6b7ee55f160b9968b66013c3a3ef39dd7e5798?s=96&d=mm&r=g","url":"https:\/\/secure.gravatar.com\/avatar\/3ea2118a5f7dad2b7138b1187a6b7ee55f160b9968b66013c3a3ef39dd7e5798?s=96&d=mm&r=g","contentUrl":"https:\/\/secure.gravatar.com\/avatar\/3ea2118a5f7dad2b7138b1187a6b7ee55f160b9968b66013c3a3ef39dd7e5798?s=96&d=mm&r=g","caption":"Jeanette"},"sameAs":["https:\/\/www.eldiario.net\/portal"],"url":"https:\/\/www.eldiario.net\/portal\/author\/jeanette\/"}]}},"_links":{"self":[{"href":"https:\/\/www.eldiario.net\/portal\/wp-json\/wp\/v2\/posts\/421987","targetHints":{"allow":["GET"]}}],"collection":[{"href":"https:\/\/www.eldiario.net\/portal\/wp-json\/wp\/v2\/posts"}],"about":[{"href":"https:\/\/www.eldiario.net\/portal\/wp-json\/wp\/v2\/types\/post"}],"author":[{"embeddable":true,"href":"https:\/\/www.eldiario.net\/portal\/wp-json\/wp\/v2\/users\/1"}],"replies":[{"embeddable":true,"href":"https:\/\/www.eldiario.net\/portal\/wp-json\/wp\/v2\/comments?post=421987"}],"version-history":[{"count":1,"href":"https:\/\/www.eldiario.net\/portal\/wp-json\/wp\/v2\/posts\/421987\/revisions"}],"predecessor-version":[{"id":421989,"href":"https:\/\/www.eldiario.net\/portal\/wp-json\/wp\/v2\/posts\/421987\/revisions\/421989"}],"wp:featuredmedia":[{"embeddable":true,"href":"https:\/\/www.eldiario.net\/portal\/wp-json\/wp\/v2\/media\/421988"}],"wp:attachment":[{"href":"https:\/\/www.eldiario.net\/portal\/wp-json\/wp\/v2\/media?parent=421987"}],"wp:term":[{"taxonomy":"category","embeddable":true,"href":"https:\/\/www.eldiario.net\/portal\/wp-json\/wp\/v2\/categories?post=421987"},{"taxonomy":"post_tag","embeddable":true,"href":"https:\/\/www.eldiario.net\/portal\/wp-json\/wp\/v2\/tags?post=421987"}],"curies":[{"name":"wp","href":"https:\/\/api.w.org\/{rel}","templated":true}]}}