{"id":421956,"date":"2026-08-17T00:45:49","date_gmt":"2026-08-17T04:45:49","guid":{"rendered":"https:\/\/www.eldiario.net\/portal\/?p=421956"},"modified":"2026-08-16T08:46:44","modified_gmt":"2026-08-16T12:46:44","slug":"apple-explora-nuevos-formatos-para-el-apple-watch","status":"publish","type":"post","link":"https:\/\/www.eldiario.net\/portal\/2026\/08\/17\/apple-explora-nuevos-formatos-para-el-apple-watch\/","title":{"rendered":"Apple explora nuevos formatos para el Apple Watch"},"content":{"rendered":"<p>Apple estar\u00eda preparando una renovaci\u00f3n significativa en su l\u00ednea de relojes inteligentes, con propuestas que se alejan del dise\u00f1o tradicional del Apple Watch. Seg\u00fan informaci\u00f3n revelada por Mark Gurman, la compa\u00f1\u00eda estudia dos alternativas in\u00e9ditas: una pulsera de actividad sin pantalla y un reloj con esfera circular.<\/p>\n<p><strong>Una pulsera sin pantalla<\/strong><\/p>\n<p>La idea m\u00e1s avanzada en los laboratorios de Apple ser\u00eda una pulsera equipada con sensores, dise\u00f1ada para registrar datos de actividad f\u00edsica y salud sin necesidad de incorporar una pantalla. Toda la informaci\u00f3n recopilada se enviar\u00eda directamente al iPhone, que funcionar\u00eda como centro de visualizaci\u00f3n y an\u00e1lisis.<\/p>\n<p>Este formato permitir\u00eda a Apple competir en una categor\u00eda distinta a la de los relojes inteligentes convencionales. El dispositivo ser\u00eda m\u00e1s ligero y sencillo, pensado para usuarios que buscan funciones espec\u00edficas relacionadas con el bienestar y el seguimiento corporal. El concepto recuerda a propuestas como Fitbit Air de Google, que tambi\u00e9n prescinden de pantalla y delegan la visualizaci\u00f3n en el smartphone.<\/p>\n<p>Aunque todav\u00eda no hay confirmaci\u00f3n oficial, la aparici\u00f3n de este proyecto refleja la intenci\u00f3n de Apple de diversificar su cat\u00e1logo y ofrecer alternativas m\u00e1s especializadas.<\/p>\n<p><strong>La posibilidad de un dise\u00f1o circular<\/strong><\/p>\n<p>La segunda propuesta en estudio es un Apple Watch con esfera redonda, un cambio radical respecto al formato rectangular que la compa\u00f1\u00eda ha mantenido desde la primera generaci\u00f3n en 2014. Este dise\u00f1o acercar\u00eda al dispositivo a la est\u00e9tica de los relojes tradicionales y lo alinear\u00eda con otros modelos inteligentes que ya utilizan pantallas circulares.<\/p>\n<p>Sin embargo, esta opci\u00f3n enfrenta desaf\u00edos t\u00e9cnicos. Buena parte de la interfaz de watchOS est\u00e1 pensada para pantallas rectangulares, por lo que un cambio de formato implicar\u00eda redise\u00f1ar elementos clave del sistema operativo. Por ahora, las probabilidades de que este modelo llegue al mercado son menores que las de la pulsera sin pantalla.<\/p>\n<p><strong>Una estrategia de diversificaci\u00f3n<\/strong><\/p>\n<p>La exploraci\u00f3n de nuevos formatos llega despu\u00e9s de a\u00f1os en los que Apple ha mantenido una estrategia conservadora en el dise\u00f1o del Apple Watch. Aunque ha introducido variaciones en materiales, tama\u00f1os y funciones, la estructura rectangular se ha mantenido como se\u00f1a de identidad.<\/p>\n<p>La llegada del Apple Watch Ultra supuso un paso hacia una est\u00e9tica m\u00e1s robusta y orientada a usuarios que buscan resistencia y autonom\u00eda, pero sin alterar la forma b\u00e1sica del dispositivo. Ahora, la compa\u00f1\u00eda podr\u00eda ampliar a\u00fan m\u00e1s la oferta con productos dirigidos a diferentes segmentos, desde accesorios minimalistas hasta modelos m\u00e1s sofisticados.<\/p>\n<p><strong>Otras ideas en desarrollo<\/strong><\/p>\n<p>Entre las posibilidades que Apple estudia tambi\u00e9n aparece un <strong>anillo inteligente<\/strong>, una categor\u00eda en la que marcas como Samsung y Oura ya tienen presencia. Este tipo de dispositivo permitir\u00eda a la compa\u00f1\u00eda competir en un mercado emergente de accesorios centrados en salud y seguimiento personal.<\/p>\n<p>Adem\u00e1s, se barajan opciones para ampliar la gama hacia ambos extremos: modelos m\u00e1s avanzados que el Apple Watch Ultra y otros m\u00e1s accesibles que el Apple Watch SE. La estrategia apunta a transformar el Apple Watch en una familia de dispositivos con dise\u00f1os y funciones diferenciadas, en lugar de mantener un \u00fanico formato actualizado cada a\u00f1o.<\/p>\n<p><strong>Lo que viene<\/strong><\/p>\n<p>El pr\u00f3ximo paso podr\u00eda materializarse con el Apple Watch Series 12, previsto para septiembre, que incluir\u00eda novedades como un acabado cer\u00e1mico, material que la compa\u00f1\u00eda dej\u00f3 de utilizar hace varios a\u00f1os.<\/p>\n<p>Por ahora, ninguna de estas propuestas ha sido confirmada oficialmente. Sin embargo, la informaci\u00f3n disponible sugiere que Apple est\u00e1 decidida a diversificar su cat\u00e1logo de relojes inteligentes y explorar formatos que rompan con la tradici\u00f3n. Si los planes avanzan, los pr\u00f3ximos a\u00f1os podr\u00edan marcar el inicio de una nueva etapa para el Apple Watch, con dise\u00f1os que se alejen de la identidad visual que ha permanecido pr\u00e1cticamente intacta desde 2014.<\/p>\n<p>&nbsp;<\/p>\n","protected":false},"excerpt":{"rendered":"<p>Apple estar\u00eda preparando una renovaci\u00f3n significativa en su l\u00ednea de relojes inteligentes, con propuestas que se alejan del dise\u00f1o tradicional del Apple Watch. Seg\u00fan informaci\u00f3n revelada por Mark Gurman, la compa\u00f1\u00eda estudia dos alternativas in\u00e9ditas: una pulsera de actividad sin pantalla y un reloj con esfera circular. Una pulsera sin pantalla La idea m\u00e1s avanzada [&hellip;]<\/p>\n","protected":false},"author":1,"featured_media":421957,"comment_status":"closed","ping_status":"open","sticky":false,"template":"","format":"standard","meta":{"_acf_changed":false,"footnotes":""},"categories":[46],"tags":[],"class_list":["post-421956","post","type-post","status-publish","format-standard","has-post-thumbnail","category-ciencia-computacion"],"acf":{"antetitulo":""},"yoast_head":"<!-- This site is optimized with the Yoast SEO plugin v28.4 - https:\/\/yoast.com\/product\/yoast-seo-wordpress\/ -->\n<title>Apple explora nuevos formatos para el Apple Watch - El Diario - Bolivia<\/title>\n<meta name=\"robots\" content=\"index, follow, max-snippet:-1, max-image-preview:large, max-video-preview:-1\" \/>\n<link rel=\"canonical\" href=\"https:\/\/www.eldiario.net\/portal\/2026\/08\/17\/apple-explora-nuevos-formatos-para-el-apple-watch\/\" \/>\n<meta property=\"og:locale\" content=\"es_ES\" \/>\n<meta property=\"og:type\" content=\"article\" \/>\n<meta property=\"og:title\" content=\"Apple explora nuevos formatos para el Apple Watch - El Diario - Bolivia\" \/>\n<meta property=\"og:description\" content=\"Apple estar\u00eda preparando una renovaci\u00f3n significativa en su l\u00ednea de relojes inteligentes, con propuestas que se alejan del dise\u00f1o tradicional del Apple Watch. Seg\u00fan informaci\u00f3n revelada por Mark Gurman, la compa\u00f1\u00eda estudia dos alternativas in\u00e9ditas: una pulsera de actividad sin pantalla y un reloj con esfera circular. Una pulsera sin pantalla La idea m\u00e1s avanzada [&hellip;]\" \/>\n<meta property=\"og:url\" content=\"https:\/\/www.eldiario.net\/portal\/2026\/08\/17\/apple-explora-nuevos-formatos-para-el-apple-watch\/\" \/>\n<meta property=\"og:site_name\" content=\"El Diario - Bolivia\" \/>\n<meta property=\"article:publisher\" content=\"https:\/\/www.facebook.com\/eldiario.bolivia\/\" \/>\n<meta property=\"article:published_time\" content=\"2026-08-17T04:45:49+00:00\" \/>\n<meta property=\"og:image\" content=\"https:\/\/www.eldiario.net\/portal\/wp-content\/uploads\/2026\/08\/2-C-1-1.webp\" \/>\n\t<meta property=\"og:image:width\" content=\"597\" \/>\n\t<meta property=\"og:image:height\" content=\"393\" \/>\n\t<meta property=\"og:image:type\" content=\"image\/webp\" \/>\n<meta name=\"author\" content=\"Jeanette\" \/>\n<meta name=\"twitter:card\" content=\"summary_large_image\" \/>\n<meta name=\"twitter:creator\" content=\"@eldiario_net\" \/>\n<meta name=\"twitter:site\" content=\"@eldiario_net\" \/>\n<meta name=\"twitter:label1\" content=\"Escrito por\" \/>\n\t<meta name=\"twitter:data1\" content=\"Jeanette\" \/>\n\t<meta name=\"twitter:label2\" content=\"Tiempo de lectura\" \/>\n\t<meta name=\"twitter:data2\" content=\"3 minutos\" \/>\n<script type=\"application\/ld+json\" class=\"yoast-schema-graph\">{\"@context\":\"https:\\\/\\\/schema.org\",\"@graph\":[{\"@type\":\"Article\",\"@id\":\"https:\\\/\\\/www.eldiario.net\\\/portal\\\/2026\\\/08\\\/17\\\/apple-explora-nuevos-formatos-para-el-apple-watch\\\/#article\",\"isPartOf\":{\"@id\":\"https:\\\/\\\/www.eldiario.net\\\/portal\\\/2026\\\/08\\\/17\\\/apple-explora-nuevos-formatos-para-el-apple-watch\\\/\"},\"author\":{\"name\":\"Jeanette\",\"@id\":\"https:\\\/\\\/www.eldiario.net\\\/portal\\\/#\\\/schema\\\/person\\\/2c57cf2b7a7ae032e449e4c9b1019eac\"},\"headline\":\"Apple explora nuevos formatos para el Apple Watch\",\"datePublished\":\"2026-08-17T04:45:49+00:00\",\"mainEntityOfPage\":{\"@id\":\"https:\\\/\\\/www.eldiario.net\\\/portal\\\/2026\\\/08\\\/17\\\/apple-explora-nuevos-formatos-para-el-apple-watch\\\/\"},\"wordCount\":693,\"publisher\":{\"@id\":\"https:\\\/\\\/www.eldiario.net\\\/portal\\\/#organization\"},\"image\":{\"@id\":\"https:\\\/\\\/www.eldiario.net\\\/portal\\\/2026\\\/08\\\/17\\\/apple-explora-nuevos-formatos-para-el-apple-watch\\\/#primaryimage\"},\"thumbnailUrl\":\"https:\\\/\\\/www.eldiario.net\\\/portal\\\/wp-content\\\/uploads\\\/2026\\\/08\\\/2-C-1-1.webp\",\"articleSection\":[\"Ciencia y Computaci\u00f3n\"],\"inLanguage\":\"es\"},{\"@type\":\"WebPage\",\"@id\":\"https:\\\/\\\/www.eldiario.net\\\/portal\\\/2026\\\/08\\\/17\\\/apple-explora-nuevos-formatos-para-el-apple-watch\\\/\",\"url\":\"https:\\\/\\\/www.eldiario.net\\\/portal\\\/2026\\\/08\\\/17\\\/apple-explora-nuevos-formatos-para-el-apple-watch\\\/\",\"name\":\"Apple explora nuevos formatos para el Apple Watch - El Diario - Bolivia\",\"isPartOf\":{\"@id\":\"https:\\\/\\\/www.eldiario.net\\\/portal\\\/#website\"},\"primaryImageOfPage\":{\"@id\":\"https:\\\/\\\/www.eldiario.net\\\/portal\\\/2026\\\/08\\\/17\\\/apple-explora-nuevos-formatos-para-el-apple-watch\\\/#primaryimage\"},\"image\":{\"@id\":\"https:\\\/\\\/www.eldiario.net\\\/portal\\\/2026\\\/08\\\/17\\\/apple-explora-nuevos-formatos-para-el-apple-watch\\\/#primaryimage\"},\"thumbnailUrl\":\"https:\\\/\\\/www.eldiario.net\\\/portal\\\/wp-content\\\/uploads\\\/2026\\\/08\\\/2-C-1-1.webp\",\"datePublished\":\"2026-08-17T04:45:49+00:00\",\"breadcrumb\":{\"@id\":\"https:\\\/\\\/www.eldiario.net\\\/portal\\\/2026\\\/08\\\/17\\\/apple-explora-nuevos-formatos-para-el-apple-watch\\\/#breadcrumb\"},\"inLanguage\":\"es\",\"potentialAction\":[{\"@type\":\"ReadAction\",\"target\":[\"https:\\\/\\\/www.eldiario.net\\\/portal\\\/2026\\\/08\\\/17\\\/apple-explora-nuevos-formatos-para-el-apple-watch\\\/\"]}]},{\"@type\":\"ImageObject\",\"inLanguage\":\"es\",\"@id\":\"https:\\\/\\\/www.eldiario.net\\\/portal\\\/2026\\\/08\\\/17\\\/apple-explora-nuevos-formatos-para-el-apple-watch\\\/#primaryimage\",\"url\":\"https:\\\/\\\/www.eldiario.net\\\/portal\\\/wp-content\\\/uploads\\\/2026\\\/08\\\/2-C-1-1.webp\",\"contentUrl\":\"https:\\\/\\\/www.eldiario.net\\\/portal\\\/wp-content\\\/uploads\\\/2026\\\/08\\\/2-C-1-1.webp\",\"width\":597,\"height\":393},{\"@type\":\"BreadcrumbList\",\"@id\":\"https:\\\/\\\/www.eldiario.net\\\/portal\\\/2026\\\/08\\\/17\\\/apple-explora-nuevos-formatos-para-el-apple-watch\\\/#breadcrumb\",\"itemListElement\":[{\"@type\":\"ListItem\",\"position\":1,\"name\":\"Portada\",\"item\":\"https:\\\/\\\/www.eldiario.net\\\/portal\\\/\"},{\"@type\":\"ListItem\",\"position\":2,\"name\":\"Apple explora nuevos formatos para el Apple Watch\"}]},{\"@type\":\"WebSite\",\"@id\":\"https:\\\/\\\/www.eldiario.net\\\/portal\\\/#website\",\"url\":\"https:\\\/\\\/www.eldiario.net\\\/portal\\\/\",\"name\":\"El Diario - Decano de la prensa nacional\",\"description\":\"El Diario - Decano de la prensa nacional\",\"publisher\":{\"@id\":\"https:\\\/\\\/www.eldiario.net\\\/portal\\\/#organization\"},\"potentialAction\":[{\"@type\":\"SearchAction\",\"target\":{\"@type\":\"EntryPoint\",\"urlTemplate\":\"https:\\\/\\\/www.eldiario.net\\\/portal\\\/?s={search_term_string}\"},\"query-input\":{\"@type\":\"PropertyValueSpecification\",\"valueRequired\":true,\"valueName\":\"search_term_string\"}}],\"inLanguage\":\"es\"},{\"@type\":\"Organization\",\"@id\":\"https:\\\/\\\/www.eldiario.net\\\/portal\\\/#organization\",\"name\":\"El Diario - Decano de la prensa nacional\",\"url\":\"https:\\\/\\\/www.eldiario.net\\\/portal\\\/\",\"logo\":{\"@type\":\"ImageObject\",\"inLanguage\":\"es\",\"@id\":\"https:\\\/\\\/www.eldiario.net\\\/portal\\\/#\\\/schema\\\/logo\\\/image\\\/\",\"url\":\"https:\\\/\\\/www.eldiario.net\\\/portal\\\/wp-content\\\/uploads\\\/2023\\\/07\\\/logo_ED.jpg\",\"contentUrl\":\"https:\\\/\\\/www.eldiario.net\\\/portal\\\/wp-content\\\/uploads\\\/2023\\\/07\\\/logo_ED.jpg\",\"width\":272,\"height\":52,\"caption\":\"El Diario - Decano de la prensa nacional\"},\"image\":{\"@id\":\"https:\\\/\\\/www.eldiario.net\\\/portal\\\/#\\\/schema\\\/logo\\\/image\\\/\"},\"sameAs\":[\"https:\\\/\\\/www.facebook.com\\\/eldiario.bolivia\\\/\",\"https:\\\/\\\/x.com\\\/eldiario_net\"]},{\"@type\":\"Person\",\"@id\":\"https:\\\/\\\/www.eldiario.net\\\/portal\\\/#\\\/schema\\\/person\\\/2c57cf2b7a7ae032e449e4c9b1019eac\",\"name\":\"Jeanette\",\"image\":{\"@type\":\"ImageObject\",\"inLanguage\":\"es\",\"@id\":\"https:\\\/\\\/secure.gravatar.com\\\/avatar\\\/3ea2118a5f7dad2b7138b1187a6b7ee55f160b9968b66013c3a3ef39dd7e5798?s=96&d=mm&r=g\",\"url\":\"https:\\\/\\\/secure.gravatar.com\\\/avatar\\\/3ea2118a5f7dad2b7138b1187a6b7ee55f160b9968b66013c3a3ef39dd7e5798?s=96&d=mm&r=g\",\"contentUrl\":\"https:\\\/\\\/secure.gravatar.com\\\/avatar\\\/3ea2118a5f7dad2b7138b1187a6b7ee55f160b9968b66013c3a3ef39dd7e5798?s=96&d=mm&r=g\",\"caption\":\"Jeanette\"},\"sameAs\":[\"https:\\\/\\\/www.eldiario.net\\\/portal\"],\"url\":\"https:\\\/\\\/www.eldiario.net\\\/portal\\\/author\\\/jeanette\\\/\"}]}<\/script>\n<!-- \/ Yoast SEO plugin. -->","yoast_head_json":{"title":"Apple explora nuevos formatos para el Apple Watch - El Diario - Bolivia","robots":{"index":"index","follow":"follow","max-snippet":"max-snippet:-1","max-image-preview":"max-image-preview:large","max-video-preview":"max-video-preview:-1"},"canonical":"https:\/\/www.eldiario.net\/portal\/2026\/08\/17\/apple-explora-nuevos-formatos-para-el-apple-watch\/","og_locale":"es_ES","og_type":"article","og_title":"Apple explora nuevos formatos para el Apple Watch - El Diario - Bolivia","og_description":"Apple estar\u00eda preparando una renovaci\u00f3n significativa en su l\u00ednea de relojes inteligentes, con propuestas que se alejan del dise\u00f1o tradicional del Apple Watch. Seg\u00fan informaci\u00f3n revelada por Mark Gurman, la compa\u00f1\u00eda estudia dos alternativas in\u00e9ditas: una pulsera de actividad sin pantalla y un reloj con esfera circular. Una pulsera sin pantalla La idea m\u00e1s avanzada [&hellip;]","og_url":"https:\/\/www.eldiario.net\/portal\/2026\/08\/17\/apple-explora-nuevos-formatos-para-el-apple-watch\/","og_site_name":"El Diario - Bolivia","article_publisher":"https:\/\/www.facebook.com\/eldiario.bolivia\/","article_published_time":"2026-08-17T04:45:49+00:00","og_image":[{"width":597,"height":393,"url":"https:\/\/www.eldiario.net\/portal\/wp-content\/uploads\/2026\/08\/2-C-1-1.webp","type":"image\/webp"}],"author":"Jeanette","twitter_card":"summary_large_image","twitter_creator":"@eldiario_net","twitter_site":"@eldiario_net","twitter_misc":{"Escrito por":"Jeanette","Tiempo de lectura":"3 minutos"},"schema":{"@context":"https:\/\/schema.org","@graph":[{"@type":"Article","@id":"https:\/\/www.eldiario.net\/portal\/2026\/08\/17\/apple-explora-nuevos-formatos-para-el-apple-watch\/#article","isPartOf":{"@id":"https:\/\/www.eldiario.net\/portal\/2026\/08\/17\/apple-explora-nuevos-formatos-para-el-apple-watch\/"},"author":{"name":"Jeanette","@id":"https:\/\/www.eldiario.net\/portal\/#\/schema\/person\/2c57cf2b7a7ae032e449e4c9b1019eac"},"headline":"Apple explora nuevos formatos para el Apple Watch","datePublished":"2026-08-17T04:45:49+00:00","mainEntityOfPage":{"@id":"https:\/\/www.eldiario.net\/portal\/2026\/08\/17\/apple-explora-nuevos-formatos-para-el-apple-watch\/"},"wordCount":693,"publisher":{"@id":"https:\/\/www.eldiario.net\/portal\/#organization"},"image":{"@id":"https:\/\/www.eldiario.net\/portal\/2026\/08\/17\/apple-explora-nuevos-formatos-para-el-apple-watch\/#primaryimage"},"thumbnailUrl":"https:\/\/www.eldiario.net\/portal\/wp-content\/uploads\/2026\/08\/2-C-1-1.webp","articleSection":["Ciencia y Computaci\u00f3n"],"inLanguage":"es"},{"@type":"WebPage","@id":"https:\/\/www.eldiario.net\/portal\/2026\/08\/17\/apple-explora-nuevos-formatos-para-el-apple-watch\/","url":"https:\/\/www.eldiario.net\/portal\/2026\/08\/17\/apple-explora-nuevos-formatos-para-el-apple-watch\/","name":"Apple explora nuevos formatos para el Apple Watch - El Diario - Bolivia","isPartOf":{"@id":"https:\/\/www.eldiario.net\/portal\/#website"},"primaryImageOfPage":{"@id":"https:\/\/www.eldiario.net\/portal\/2026\/08\/17\/apple-explora-nuevos-formatos-para-el-apple-watch\/#primaryimage"},"image":{"@id":"https:\/\/www.eldiario.net\/portal\/2026\/08\/17\/apple-explora-nuevos-formatos-para-el-apple-watch\/#primaryimage"},"thumbnailUrl":"https:\/\/www.eldiario.net\/portal\/wp-content\/uploads\/2026\/08\/2-C-1-1.webp","datePublished":"2026-08-17T04:45:49+00:00","breadcrumb":{"@id":"https:\/\/www.eldiario.net\/portal\/2026\/08\/17\/apple-explora-nuevos-formatos-para-el-apple-watch\/#breadcrumb"},"inLanguage":"es","potentialAction":[{"@type":"ReadAction","target":["https:\/\/www.eldiario.net\/portal\/2026\/08\/17\/apple-explora-nuevos-formatos-para-el-apple-watch\/"]}]},{"@type":"ImageObject","inLanguage":"es","@id":"https:\/\/www.eldiario.net\/portal\/2026\/08\/17\/apple-explora-nuevos-formatos-para-el-apple-watch\/#primaryimage","url":"https:\/\/www.eldiario.net\/portal\/wp-content\/uploads\/2026\/08\/2-C-1-1.webp","contentUrl":"https:\/\/www.eldiario.net\/portal\/wp-content\/uploads\/2026\/08\/2-C-1-1.webp","width":597,"height":393},{"@type":"BreadcrumbList","@id":"https:\/\/www.eldiario.net\/portal\/2026\/08\/17\/apple-explora-nuevos-formatos-para-el-apple-watch\/#breadcrumb","itemListElement":[{"@type":"ListItem","position":1,"name":"Portada","item":"https:\/\/www.eldiario.net\/portal\/"},{"@type":"ListItem","position":2,"name":"Apple explora nuevos formatos para el Apple Watch"}]},{"@type":"WebSite","@id":"https:\/\/www.eldiario.net\/portal\/#website","url":"https:\/\/www.eldiario.net\/portal\/","name":"El Diario - Decano de la prensa nacional","description":"El Diario - Decano de la prensa nacional","publisher":{"@id":"https:\/\/www.eldiario.net\/portal\/#organization"},"potentialAction":[{"@type":"SearchAction","target":{"@type":"EntryPoint","urlTemplate":"https:\/\/www.eldiario.net\/portal\/?s={search_term_string}"},"query-input":{"@type":"PropertyValueSpecification","valueRequired":true,"valueName":"search_term_string"}}],"inLanguage":"es"},{"@type":"Organization","@id":"https:\/\/www.eldiario.net\/portal\/#organization","name":"El Diario - Decano de la prensa nacional","url":"https:\/\/www.eldiario.net\/portal\/","logo":{"@type":"ImageObject","inLanguage":"es","@id":"https:\/\/www.eldiario.net\/portal\/#\/schema\/logo\/image\/","url":"https:\/\/www.eldiario.net\/portal\/wp-content\/uploads\/2023\/07\/logo_ED.jpg","contentUrl":"https:\/\/www.eldiario.net\/portal\/wp-content\/uploads\/2023\/07\/logo_ED.jpg","width":272,"height":52,"caption":"El Diario - Decano de la prensa nacional"},"image":{"@id":"https:\/\/www.eldiario.net\/portal\/#\/schema\/logo\/image\/"},"sameAs":["https:\/\/www.facebook.com\/eldiario.bolivia\/","https:\/\/x.com\/eldiario_net"]},{"@type":"Person","@id":"https:\/\/www.eldiario.net\/portal\/#\/schema\/person\/2c57cf2b7a7ae032e449e4c9b1019eac","name":"Jeanette","image":{"@type":"ImageObject","inLanguage":"es","@id":"https:\/\/secure.gravatar.com\/avatar\/3ea2118a5f7dad2b7138b1187a6b7ee55f160b9968b66013c3a3ef39dd7e5798?s=96&d=mm&r=g","url":"https:\/\/secure.gravatar.com\/avatar\/3ea2118a5f7dad2b7138b1187a6b7ee55f160b9968b66013c3a3ef39dd7e5798?s=96&d=mm&r=g","contentUrl":"https:\/\/secure.gravatar.com\/avatar\/3ea2118a5f7dad2b7138b1187a6b7ee55f160b9968b66013c3a3ef39dd7e5798?s=96&d=mm&r=g","caption":"Jeanette"},"sameAs":["https:\/\/www.eldiario.net\/portal"],"url":"https:\/\/www.eldiario.net\/portal\/author\/jeanette\/"}]}},"_links":{"self":[{"href":"https:\/\/www.eldiario.net\/portal\/wp-json\/wp\/v2\/posts\/421956","targetHints":{"allow":["GET"]}}],"collection":[{"href":"https:\/\/www.eldiario.net\/portal\/wp-json\/wp\/v2\/posts"}],"about":[{"href":"https:\/\/www.eldiario.net\/portal\/wp-json\/wp\/v2\/types\/post"}],"author":[{"embeddable":true,"href":"https:\/\/www.eldiario.net\/portal\/wp-json\/wp\/v2\/users\/1"}],"replies":[{"embeddable":true,"href":"https:\/\/www.eldiario.net\/portal\/wp-json\/wp\/v2\/comments?post=421956"}],"version-history":[{"count":1,"href":"https:\/\/www.eldiario.net\/portal\/wp-json\/wp\/v2\/posts\/421956\/revisions"}],"predecessor-version":[{"id":421958,"href":"https:\/\/www.eldiario.net\/portal\/wp-json\/wp\/v2\/posts\/421956\/revisions\/421958"}],"wp:featuredmedia":[{"embeddable":true,"href":"https:\/\/www.eldiario.net\/portal\/wp-json\/wp\/v2\/media\/421957"}],"wp:attachment":[{"href":"https:\/\/www.eldiario.net\/portal\/wp-json\/wp\/v2\/media?parent=421956"}],"wp:term":[{"taxonomy":"category","embeddable":true,"href":"https:\/\/www.eldiario.net\/portal\/wp-json\/wp\/v2\/categories?post=421956"},{"taxonomy":"post_tag","embeddable":true,"href":"https:\/\/www.eldiario.net\/portal\/wp-json\/wp\/v2\/tags?post=421956"}],"curies":[{"name":"wp","href":"https:\/\/api.w.org\/{rel}","templated":true}]}}