{"id":421948,"date":"2026-08-17T00:48:10","date_gmt":"2026-08-17T04:48:10","guid":{"rendered":"https:\/\/www.eldiario.net\/portal\/?p=421948"},"modified":"2026-08-16T08:43:46","modified_gmt":"2026-08-16T12:43:46","slug":"gemini-3-7-flash-amplia-las-capacidades-de-la-ia-de-google","status":"publish","type":"post","link":"https:\/\/www.eldiario.net\/portal\/2026\/08\/17\/gemini-3-7-flash-amplia-las-capacidades-de-la-ia-de-google\/","title":{"rendered":"Gemini 3.7 Flash ampl\u00eda las capacidades de la IA de Google"},"content":{"rendered":"<p>Google ha dado un nuevo paso en la evoluci\u00f3n de su familia de modelos de inteligencia artificial con el lanzamiento de <strong>Gemini 3.7 Flash<\/strong>, una versi\u00f3n que busca combinar rapidez y precisi\u00f3n en tareas complejas. El anuncio llega apenas d\u00edas despu\u00e9s de la presentaci\u00f3n de otros modelos, lo que confirma el ritmo acelerado con el que la compa\u00f1\u00eda est\u00e1 ampliando su cat\u00e1logo de soluciones.<\/p>\n<p><strong>Un modelo dise\u00f1ado para procesos exigentes<\/strong><\/p>\n<p>Gemini 3.7 Flash est\u00e1 concebido para ejecutar operaciones que requieren agilidad y razonamiento avanzado. Entre sus principales aplicaciones destacan la programaci\u00f3n, el uso de agentes aut\u00f3nomos y el procesamiento de documentos extensos, como informes financieros o textos legales. La novedad m\u00e1s llamativa es su capacidad para analizar archivos PDF de gran tama\u00f1o y transformarlos en gr\u00e1ficos interactivos o narrativas de datos, lo que facilita la interpretaci\u00f3n de informaci\u00f3n compleja.<\/p>\n<p>Adem\u00e1s, el modelo se integra de manera natural con Google Workspace. Esto significa que puede redactar correos electr\u00f3nicos en Gmail, organizar archivos en Drive o actualizar documentos de seguimiento en Sheets y Docs, todo con un nivel de automatizaci\u00f3n superior al de versiones anteriores.<\/p>\n<p><strong>Razonamiento antes de la acci\u00f3n<\/strong><\/p>\n<p>Una de las mejoras clave de Gemini 3.7 Flash es que dedica m\u00e1s tiempo al razonamiento previo antes de ejecutar tareas. Este enfoque le permite planificar procesos de varios pasos sin necesidad de supervisi\u00f3n constante por parte del usuario. En la pr\u00e1ctica, esto se traduce en la posibilidad de generar aplicaciones completas o dise\u00f1os funcionales a partir de instrucciones m\u00ednimas, lo que abre la puerta a un uso m\u00e1s avanzado en entornos de desarrollo y gesti\u00f3n empresarial.<\/p>\n<p><strong>Acceso limitado y modelo de pago<\/strong><\/p>\n<p>Por el momento, el acceso a Gemini 3.7 Flash est\u00e1 restringido. Solo los suscriptores de los planes <strong>Google AI Pro y Ultra<\/strong> pueden utilizarlo a trav\u00e9s de la funci\u00f3n Gemini Spark, recientemente incorporada. Se trata, por tanto, de una opci\u00f3n de pago que apunta a profesionales y empresas que requieren un nivel superior de rendimiento.<\/p>\n<p><strong>Alternativas gratuitas disponibles<\/strong><\/p>\n<p>Google no ha descuidado a los usuarios que prefieren opciones sin coste. En la versi\u00f3n gratuita de Gemini se encuentran varios modelos que cubren diferentes necesidades:<\/p>\n<ul>\n<li><strong>Gemini 3.5 Flash-Lite<\/strong>: pensado para ofrecer respuestas r\u00e1pidas en conversaciones cotidianas. Es el modelo que aparece activo por defecto y resulta \u00fatil para interacciones simples y \u00e1giles.<\/li>\n<li><strong>Gemini 3.6 Flash<\/strong>: busca un equilibrio entre velocidad e inteligencia. Est\u00e1 orientado a flujos de trabajo relacionados con el desarrollo web y la creaci\u00f3n de contenido, ofreciendo un rendimiento s\u00f3lido sin necesidad de suscripci\u00f3n.<\/li>\n<li><strong>Gemini 3.1 Pro<\/strong>: dise\u00f1ado para tareas que requieren razonamiento m\u00e1s profundo y an\u00e1lisis de textos largos. Su perfil lo hace especialmente adecuado para el \u00e1mbito acad\u00e9mico y empresarial, donde la interpretaci\u00f3n detallada de documentos es fundamental.<\/li>\n<\/ul>\n<p>Todos estos modelos gratuitos pueden activarse directamente desde la lista de opciones de Google Gemini, sin necesidad de pagar una cuota mensual.<\/p>\n<p><strong>Una estrategia de diversificaci\u00f3n<\/strong><\/p>\n<p>Con Gemini 3.7 Flash, Google refuerza su estrategia de diversificaci\u00f3n en el mercado de la inteligencia artificial. La compa\u00f1\u00eda ofrece un abanico de modelos que van desde soluciones r\u00e1pidas y accesibles hasta herramientas avanzadas de pago, capaces de gestionar procesos complejos. El objetivo es claro: cubrir distintos segmentos de usuarios y consolidar su posici\u00f3n en un sector que evoluciona a gran velocidad.<\/p>\n<p>En conclusi\u00f3n, Gemini 3.7 Flash se presenta como una apuesta por la precisi\u00f3n y la planificaci\u00f3n en tareas exigentes, mientras que los modelos gratuitos mantienen la accesibilidad para quienes buscan soluciones pr\u00e1cticas sin coste. La combinaci\u00f3n de ambos enfoques confirma que Google quiere liderar tanto en innovaci\u00f3n como en alcance, ofreciendo opciones adaptadas a cada perfil de usuario.<\/p>\n<p>&nbsp;<\/p>\n","protected":false},"excerpt":{"rendered":"<p>Google ha dado un nuevo paso en la evoluci\u00f3n de su familia de modelos de inteligencia artificial con el lanzamiento de Gemini 3.7 Flash, una versi\u00f3n que busca combinar rapidez y precisi\u00f3n en tareas complejas. El anuncio llega apenas d\u00edas despu\u00e9s de la presentaci\u00f3n de otros modelos, lo que confirma el ritmo acelerado con el [&hellip;]<\/p>\n","protected":false},"author":1,"featured_media":421949,"comment_status":"closed","ping_status":"open","sticky":false,"template":"","format":"standard","meta":{"_acf_changed":false,"footnotes":""},"categories":[46],"tags":[],"class_list":["post-421948","post","type-post","status-publish","format-standard","has-post-thumbnail","category-ciencia-computacion"],"acf":{"antetitulo":""},"yoast_head":"<!-- This site is optimized with the Yoast SEO plugin v28.4 - https:\/\/yoast.com\/product\/yoast-seo-wordpress\/ -->\n<title>Gemini 3.7 Flash ampl\u00eda las capacidades de la IA de Google - El Diario - Bolivia<\/title>\n<meta name=\"robots\" content=\"index, follow, max-snippet:-1, max-image-preview:large, max-video-preview:-1\" \/>\n<link rel=\"canonical\" href=\"https:\/\/www.eldiario.net\/portal\/2026\/08\/17\/gemini-3-7-flash-amplia-las-capacidades-de-la-ia-de-google\/\" \/>\n<meta property=\"og:locale\" content=\"es_ES\" \/>\n<meta property=\"og:type\" content=\"article\" \/>\n<meta property=\"og:title\" content=\"Gemini 3.7 Flash ampl\u00eda las capacidades de la IA de Google - El Diario - Bolivia\" \/>\n<meta property=\"og:description\" content=\"Google ha dado un nuevo paso en la evoluci\u00f3n de su familia de modelos de inteligencia artificial con el lanzamiento de Gemini 3.7 Flash, una versi\u00f3n que busca combinar rapidez y precisi\u00f3n en tareas complejas. El anuncio llega apenas d\u00edas despu\u00e9s de la presentaci\u00f3n de otros modelos, lo que confirma el ritmo acelerado con el [&hellip;]\" \/>\n<meta property=\"og:url\" content=\"https:\/\/www.eldiario.net\/portal\/2026\/08\/17\/gemini-3-7-flash-amplia-las-capacidades-de-la-ia-de-google\/\" \/>\n<meta property=\"og:site_name\" content=\"El Diario - Bolivia\" \/>\n<meta property=\"article:publisher\" content=\"https:\/\/www.facebook.com\/eldiario.bolivia\/\" \/>\n<meta property=\"article:published_time\" content=\"2026-08-17T04:48:10+00:00\" \/>\n<meta property=\"og:image\" content=\"https:\/\/www.eldiario.net\/portal\/wp-content\/uploads\/2026\/08\/4-A-.webp\" \/>\n\t<meta property=\"og:image:width\" content=\"597\" \/>\n\t<meta property=\"og:image:height\" content=\"395\" \/>\n\t<meta property=\"og:image:type\" content=\"image\/webp\" \/>\n<meta name=\"author\" content=\"Jeanette\" \/>\n<meta name=\"twitter:card\" content=\"summary_large_image\" \/>\n<meta name=\"twitter:creator\" content=\"@eldiario_net\" \/>\n<meta name=\"twitter:site\" content=\"@eldiario_net\" \/>\n<meta name=\"twitter:label1\" content=\"Escrito por\" \/>\n\t<meta name=\"twitter:data1\" content=\"Jeanette\" \/>\n\t<meta name=\"twitter:label2\" content=\"Tiempo de lectura\" \/>\n\t<meta name=\"twitter:data2\" content=\"3 minutos\" \/>\n<script type=\"application\/ld+json\" class=\"yoast-schema-graph\">{\"@context\":\"https:\\\/\\\/schema.org\",\"@graph\":[{\"@type\":\"Article\",\"@id\":\"https:\\\/\\\/www.eldiario.net\\\/portal\\\/2026\\\/08\\\/17\\\/gemini-3-7-flash-amplia-las-capacidades-de-la-ia-de-google\\\/#article\",\"isPartOf\":{\"@id\":\"https:\\\/\\\/www.eldiario.net\\\/portal\\\/2026\\\/08\\\/17\\\/gemini-3-7-flash-amplia-las-capacidades-de-la-ia-de-google\\\/\"},\"author\":{\"name\":\"Jeanette\",\"@id\":\"https:\\\/\\\/www.eldiario.net\\\/portal\\\/#\\\/schema\\\/person\\\/2c57cf2b7a7ae032e449e4c9b1019eac\"},\"headline\":\"Gemini 3.7 Flash ampl\u00eda las capacidades de la IA de Google\",\"datePublished\":\"2026-08-17T04:48:10+00:00\",\"mainEntityOfPage\":{\"@id\":\"https:\\\/\\\/www.eldiario.net\\\/portal\\\/2026\\\/08\\\/17\\\/gemini-3-7-flash-amplia-las-capacidades-de-la-ia-de-google\\\/\"},\"wordCount\":652,\"publisher\":{\"@id\":\"https:\\\/\\\/www.eldiario.net\\\/portal\\\/#organization\"},\"image\":{\"@id\":\"https:\\\/\\\/www.eldiario.net\\\/portal\\\/2026\\\/08\\\/17\\\/gemini-3-7-flash-amplia-las-capacidades-de-la-ia-de-google\\\/#primaryimage\"},\"thumbnailUrl\":\"https:\\\/\\\/www.eldiario.net\\\/portal\\\/wp-content\\\/uploads\\\/2026\\\/08\\\/4-A-.webp\",\"articleSection\":[\"Ciencia y Computaci\u00f3n\"],\"inLanguage\":\"es\"},{\"@type\":\"WebPage\",\"@id\":\"https:\\\/\\\/www.eldiario.net\\\/portal\\\/2026\\\/08\\\/17\\\/gemini-3-7-flash-amplia-las-capacidades-de-la-ia-de-google\\\/\",\"url\":\"https:\\\/\\\/www.eldiario.net\\\/portal\\\/2026\\\/08\\\/17\\\/gemini-3-7-flash-amplia-las-capacidades-de-la-ia-de-google\\\/\",\"name\":\"Gemini 3.7 Flash ampl\u00eda las capacidades de la IA de Google - El Diario - Bolivia\",\"isPartOf\":{\"@id\":\"https:\\\/\\\/www.eldiario.net\\\/portal\\\/#website\"},\"primaryImageOfPage\":{\"@id\":\"https:\\\/\\\/www.eldiario.net\\\/portal\\\/2026\\\/08\\\/17\\\/gemini-3-7-flash-amplia-las-capacidades-de-la-ia-de-google\\\/#primaryimage\"},\"image\":{\"@id\":\"https:\\\/\\\/www.eldiario.net\\\/portal\\\/2026\\\/08\\\/17\\\/gemini-3-7-flash-amplia-las-capacidades-de-la-ia-de-google\\\/#primaryimage\"},\"thumbnailUrl\":\"https:\\\/\\\/www.eldiario.net\\\/portal\\\/wp-content\\\/uploads\\\/2026\\\/08\\\/4-A-.webp\",\"datePublished\":\"2026-08-17T04:48:10+00:00\",\"breadcrumb\":{\"@id\":\"https:\\\/\\\/www.eldiario.net\\\/portal\\\/2026\\\/08\\\/17\\\/gemini-3-7-flash-amplia-las-capacidades-de-la-ia-de-google\\\/#breadcrumb\"},\"inLanguage\":\"es\",\"potentialAction\":[{\"@type\":\"ReadAction\",\"target\":[\"https:\\\/\\\/www.eldiario.net\\\/portal\\\/2026\\\/08\\\/17\\\/gemini-3-7-flash-amplia-las-capacidades-de-la-ia-de-google\\\/\"]}]},{\"@type\":\"ImageObject\",\"inLanguage\":\"es\",\"@id\":\"https:\\\/\\\/www.eldiario.net\\\/portal\\\/2026\\\/08\\\/17\\\/gemini-3-7-flash-amplia-las-capacidades-de-la-ia-de-google\\\/#primaryimage\",\"url\":\"https:\\\/\\\/www.eldiario.net\\\/portal\\\/wp-content\\\/uploads\\\/2026\\\/08\\\/4-A-.webp\",\"contentUrl\":\"https:\\\/\\\/www.eldiario.net\\\/portal\\\/wp-content\\\/uploads\\\/2026\\\/08\\\/4-A-.webp\",\"width\":597,\"height\":395},{\"@type\":\"BreadcrumbList\",\"@id\":\"https:\\\/\\\/www.eldiario.net\\\/portal\\\/2026\\\/08\\\/17\\\/gemini-3-7-flash-amplia-las-capacidades-de-la-ia-de-google\\\/#breadcrumb\",\"itemListElement\":[{\"@type\":\"ListItem\",\"position\":1,\"name\":\"Portada\",\"item\":\"https:\\\/\\\/www.eldiario.net\\\/portal\\\/\"},{\"@type\":\"ListItem\",\"position\":2,\"name\":\"Gemini 3.7 Flash ampl\u00eda las capacidades de la IA de Google\"}]},{\"@type\":\"WebSite\",\"@id\":\"https:\\\/\\\/www.eldiario.net\\\/portal\\\/#website\",\"url\":\"https:\\\/\\\/www.eldiario.net\\\/portal\\\/\",\"name\":\"El Diario - Decano de la prensa nacional\",\"description\":\"El Diario - Decano de la prensa nacional\",\"publisher\":{\"@id\":\"https:\\\/\\\/www.eldiario.net\\\/portal\\\/#organization\"},\"potentialAction\":[{\"@type\":\"SearchAction\",\"target\":{\"@type\":\"EntryPoint\",\"urlTemplate\":\"https:\\\/\\\/www.eldiario.net\\\/portal\\\/?s={search_term_string}\"},\"query-input\":{\"@type\":\"PropertyValueSpecification\",\"valueRequired\":true,\"valueName\":\"search_term_string\"}}],\"inLanguage\":\"es\"},{\"@type\":\"Organization\",\"@id\":\"https:\\\/\\\/www.eldiario.net\\\/portal\\\/#organization\",\"name\":\"El Diario - Decano de la prensa nacional\",\"url\":\"https:\\\/\\\/www.eldiario.net\\\/portal\\\/\",\"logo\":{\"@type\":\"ImageObject\",\"inLanguage\":\"es\",\"@id\":\"https:\\\/\\\/www.eldiario.net\\\/portal\\\/#\\\/schema\\\/logo\\\/image\\\/\",\"url\":\"https:\\\/\\\/www.eldiario.net\\\/portal\\\/wp-content\\\/uploads\\\/2023\\\/07\\\/logo_ED.jpg\",\"contentUrl\":\"https:\\\/\\\/www.eldiario.net\\\/portal\\\/wp-content\\\/uploads\\\/2023\\\/07\\\/logo_ED.jpg\",\"width\":272,\"height\":52,\"caption\":\"El Diario - Decano de la prensa nacional\"},\"image\":{\"@id\":\"https:\\\/\\\/www.eldiario.net\\\/portal\\\/#\\\/schema\\\/logo\\\/image\\\/\"},\"sameAs\":[\"https:\\\/\\\/www.facebook.com\\\/eldiario.bolivia\\\/\",\"https:\\\/\\\/x.com\\\/eldiario_net\"]},{\"@type\":\"Person\",\"@id\":\"https:\\\/\\\/www.eldiario.net\\\/portal\\\/#\\\/schema\\\/person\\\/2c57cf2b7a7ae032e449e4c9b1019eac\",\"name\":\"Jeanette\",\"image\":{\"@type\":\"ImageObject\",\"inLanguage\":\"es\",\"@id\":\"https:\\\/\\\/secure.gravatar.com\\\/avatar\\\/3ea2118a5f7dad2b7138b1187a6b7ee55f160b9968b66013c3a3ef39dd7e5798?s=96&d=mm&r=g\",\"url\":\"https:\\\/\\\/secure.gravatar.com\\\/avatar\\\/3ea2118a5f7dad2b7138b1187a6b7ee55f160b9968b66013c3a3ef39dd7e5798?s=96&d=mm&r=g\",\"contentUrl\":\"https:\\\/\\\/secure.gravatar.com\\\/avatar\\\/3ea2118a5f7dad2b7138b1187a6b7ee55f160b9968b66013c3a3ef39dd7e5798?s=96&d=mm&r=g\",\"caption\":\"Jeanette\"},\"sameAs\":[\"https:\\\/\\\/www.eldiario.net\\\/portal\"],\"url\":\"https:\\\/\\\/www.eldiario.net\\\/portal\\\/author\\\/jeanette\\\/\"}]}<\/script>\n<!-- \/ Yoast SEO plugin. -->","yoast_head_json":{"title":"Gemini 3.7 Flash ampl\u00eda las capacidades de la IA de Google - El Diario - Bolivia","robots":{"index":"index","follow":"follow","max-snippet":"max-snippet:-1","max-image-preview":"max-image-preview:large","max-video-preview":"max-video-preview:-1"},"canonical":"https:\/\/www.eldiario.net\/portal\/2026\/08\/17\/gemini-3-7-flash-amplia-las-capacidades-de-la-ia-de-google\/","og_locale":"es_ES","og_type":"article","og_title":"Gemini 3.7 Flash ampl\u00eda las capacidades de la IA de Google - El Diario - Bolivia","og_description":"Google ha dado un nuevo paso en la evoluci\u00f3n de su familia de modelos de inteligencia artificial con el lanzamiento de Gemini 3.7 Flash, una versi\u00f3n que busca combinar rapidez y precisi\u00f3n en tareas complejas. El anuncio llega apenas d\u00edas despu\u00e9s de la presentaci\u00f3n de otros modelos, lo que confirma el ritmo acelerado con el [&hellip;]","og_url":"https:\/\/www.eldiario.net\/portal\/2026\/08\/17\/gemini-3-7-flash-amplia-las-capacidades-de-la-ia-de-google\/","og_site_name":"El Diario - Bolivia","article_publisher":"https:\/\/www.facebook.com\/eldiario.bolivia\/","article_published_time":"2026-08-17T04:48:10+00:00","og_image":[{"width":597,"height":395,"url":"https:\/\/www.eldiario.net\/portal\/wp-content\/uploads\/2026\/08\/4-A-.webp","type":"image\/webp"}],"author":"Jeanette","twitter_card":"summary_large_image","twitter_creator":"@eldiario_net","twitter_site":"@eldiario_net","twitter_misc":{"Escrito por":"Jeanette","Tiempo de lectura":"3 minutos"},"schema":{"@context":"https:\/\/schema.org","@graph":[{"@type":"Article","@id":"https:\/\/www.eldiario.net\/portal\/2026\/08\/17\/gemini-3-7-flash-amplia-las-capacidades-de-la-ia-de-google\/#article","isPartOf":{"@id":"https:\/\/www.eldiario.net\/portal\/2026\/08\/17\/gemini-3-7-flash-amplia-las-capacidades-de-la-ia-de-google\/"},"author":{"name":"Jeanette","@id":"https:\/\/www.eldiario.net\/portal\/#\/schema\/person\/2c57cf2b7a7ae032e449e4c9b1019eac"},"headline":"Gemini 3.7 Flash ampl\u00eda las capacidades de la IA de Google","datePublished":"2026-08-17T04:48:10+00:00","mainEntityOfPage":{"@id":"https:\/\/www.eldiario.net\/portal\/2026\/08\/17\/gemini-3-7-flash-amplia-las-capacidades-de-la-ia-de-google\/"},"wordCount":652,"publisher":{"@id":"https:\/\/www.eldiario.net\/portal\/#organization"},"image":{"@id":"https:\/\/www.eldiario.net\/portal\/2026\/08\/17\/gemini-3-7-flash-amplia-las-capacidades-de-la-ia-de-google\/#primaryimage"},"thumbnailUrl":"https:\/\/www.eldiario.net\/portal\/wp-content\/uploads\/2026\/08\/4-A-.webp","articleSection":["Ciencia y Computaci\u00f3n"],"inLanguage":"es"},{"@type":"WebPage","@id":"https:\/\/www.eldiario.net\/portal\/2026\/08\/17\/gemini-3-7-flash-amplia-las-capacidades-de-la-ia-de-google\/","url":"https:\/\/www.eldiario.net\/portal\/2026\/08\/17\/gemini-3-7-flash-amplia-las-capacidades-de-la-ia-de-google\/","name":"Gemini 3.7 Flash ampl\u00eda las capacidades de la IA de Google - El Diario - Bolivia","isPartOf":{"@id":"https:\/\/www.eldiario.net\/portal\/#website"},"primaryImageOfPage":{"@id":"https:\/\/www.eldiario.net\/portal\/2026\/08\/17\/gemini-3-7-flash-amplia-las-capacidades-de-la-ia-de-google\/#primaryimage"},"image":{"@id":"https:\/\/www.eldiario.net\/portal\/2026\/08\/17\/gemini-3-7-flash-amplia-las-capacidades-de-la-ia-de-google\/#primaryimage"},"thumbnailUrl":"https:\/\/www.eldiario.net\/portal\/wp-content\/uploads\/2026\/08\/4-A-.webp","datePublished":"2026-08-17T04:48:10+00:00","breadcrumb":{"@id":"https:\/\/www.eldiario.net\/portal\/2026\/08\/17\/gemini-3-7-flash-amplia-las-capacidades-de-la-ia-de-google\/#breadcrumb"},"inLanguage":"es","potentialAction":[{"@type":"ReadAction","target":["https:\/\/www.eldiario.net\/portal\/2026\/08\/17\/gemini-3-7-flash-amplia-las-capacidades-de-la-ia-de-google\/"]}]},{"@type":"ImageObject","inLanguage":"es","@id":"https:\/\/www.eldiario.net\/portal\/2026\/08\/17\/gemini-3-7-flash-amplia-las-capacidades-de-la-ia-de-google\/#primaryimage","url":"https:\/\/www.eldiario.net\/portal\/wp-content\/uploads\/2026\/08\/4-A-.webp","contentUrl":"https:\/\/www.eldiario.net\/portal\/wp-content\/uploads\/2026\/08\/4-A-.webp","width":597,"height":395},{"@type":"BreadcrumbList","@id":"https:\/\/www.eldiario.net\/portal\/2026\/08\/17\/gemini-3-7-flash-amplia-las-capacidades-de-la-ia-de-google\/#breadcrumb","itemListElement":[{"@type":"ListItem","position":1,"name":"Portada","item":"https:\/\/www.eldiario.net\/portal\/"},{"@type":"ListItem","position":2,"name":"Gemini 3.7 Flash ampl\u00eda las capacidades de la IA de Google"}]},{"@type":"WebSite","@id":"https:\/\/www.eldiario.net\/portal\/#website","url":"https:\/\/www.eldiario.net\/portal\/","name":"El Diario - Decano de la prensa nacional","description":"El Diario - Decano de la prensa nacional","publisher":{"@id":"https:\/\/www.eldiario.net\/portal\/#organization"},"potentialAction":[{"@type":"SearchAction","target":{"@type":"EntryPoint","urlTemplate":"https:\/\/www.eldiario.net\/portal\/?s={search_term_string}"},"query-input":{"@type":"PropertyValueSpecification","valueRequired":true,"valueName":"search_term_string"}}],"inLanguage":"es"},{"@type":"Organization","@id":"https:\/\/www.eldiario.net\/portal\/#organization","name":"El Diario - Decano de la prensa nacional","url":"https:\/\/www.eldiario.net\/portal\/","logo":{"@type":"ImageObject","inLanguage":"es","@id":"https:\/\/www.eldiario.net\/portal\/#\/schema\/logo\/image\/","url":"https:\/\/www.eldiario.net\/portal\/wp-content\/uploads\/2023\/07\/logo_ED.jpg","contentUrl":"https:\/\/www.eldiario.net\/portal\/wp-content\/uploads\/2023\/07\/logo_ED.jpg","width":272,"height":52,"caption":"El Diario - Decano de la prensa nacional"},"image":{"@id":"https:\/\/www.eldiario.net\/portal\/#\/schema\/logo\/image\/"},"sameAs":["https:\/\/www.facebook.com\/eldiario.bolivia\/","https:\/\/x.com\/eldiario_net"]},{"@type":"Person","@id":"https:\/\/www.eldiario.net\/portal\/#\/schema\/person\/2c57cf2b7a7ae032e449e4c9b1019eac","name":"Jeanette","image":{"@type":"ImageObject","inLanguage":"es","@id":"https:\/\/secure.gravatar.com\/avatar\/3ea2118a5f7dad2b7138b1187a6b7ee55f160b9968b66013c3a3ef39dd7e5798?s=96&d=mm&r=g","url":"https:\/\/secure.gravatar.com\/avatar\/3ea2118a5f7dad2b7138b1187a6b7ee55f160b9968b66013c3a3ef39dd7e5798?s=96&d=mm&r=g","contentUrl":"https:\/\/secure.gravatar.com\/avatar\/3ea2118a5f7dad2b7138b1187a6b7ee55f160b9968b66013c3a3ef39dd7e5798?s=96&d=mm&r=g","caption":"Jeanette"},"sameAs":["https:\/\/www.eldiario.net\/portal"],"url":"https:\/\/www.eldiario.net\/portal\/author\/jeanette\/"}]}},"_links":{"self":[{"href":"https:\/\/www.eldiario.net\/portal\/wp-json\/wp\/v2\/posts\/421948","targetHints":{"allow":["GET"]}}],"collection":[{"href":"https:\/\/www.eldiario.net\/portal\/wp-json\/wp\/v2\/posts"}],"about":[{"href":"https:\/\/www.eldiario.net\/portal\/wp-json\/wp\/v2\/types\/post"}],"author":[{"embeddable":true,"href":"https:\/\/www.eldiario.net\/portal\/wp-json\/wp\/v2\/users\/1"}],"replies":[{"embeddable":true,"href":"https:\/\/www.eldiario.net\/portal\/wp-json\/wp\/v2\/comments?post=421948"}],"version-history":[{"count":1,"href":"https:\/\/www.eldiario.net\/portal\/wp-json\/wp\/v2\/posts\/421948\/revisions"}],"predecessor-version":[{"id":421950,"href":"https:\/\/www.eldiario.net\/portal\/wp-json\/wp\/v2\/posts\/421948\/revisions\/421950"}],"wp:featuredmedia":[{"embeddable":true,"href":"https:\/\/www.eldiario.net\/portal\/wp-json\/wp\/v2\/media\/421949"}],"wp:attachment":[{"href":"https:\/\/www.eldiario.net\/portal\/wp-json\/wp\/v2\/media?parent=421948"}],"wp:term":[{"taxonomy":"category","embeddable":true,"href":"https:\/\/www.eldiario.net\/portal\/wp-json\/wp\/v2\/categories?post=421948"},{"taxonomy":"post_tag","embeddable":true,"href":"https:\/\/www.eldiario.net\/portal\/wp-json\/wp\/v2\/tags?post=421948"}],"curies":[{"name":"wp","href":"https:\/\/api.w.org\/{rel}","templated":true}]}}