{"id":421935,"date":"2026-08-17T00:38:19","date_gmt":"2026-08-17T04:38:19","guid":{"rendered":"https:\/\/www.eldiario.net\/portal\/?p=421935"},"modified":"2026-08-16T08:38:44","modified_gmt":"2026-08-16T12:38:44","slug":"limites-de-uso-en-instagram","status":"publish","type":"post","link":"https:\/\/www.eldiario.net\/portal\/2026\/08\/17\/limites-de-uso-en-instagram\/","title":{"rendered":"L\u00edmites de uso en Instagram"},"content":{"rendered":"<p>Instagram ha incorporado una herramienta pensada para quienes buscan controlar el tiempo que pasan en la aplicaci\u00f3n. La funci\u00f3n de <strong>l\u00edmite diario<\/strong> permite fijar un m\u00e1ximo de minutos u horas de uso y recibir un aviso cuando se alcanza ese tope. Se trata de una medida que responde a la creciente preocupaci\u00f3n de los usuarios por el consumo excesivo de redes sociales.<\/p>\n<p>Unos minutos de navegaci\u00f3n pueden convertirse f\u00e1cilmente en una hora sin darse cuenta. Con esta opci\u00f3n, la plataforma ofrece un mecanismo sencillo para recuperar el control y evitar que el uso se prolongue m\u00e1s de lo deseado.<\/p>\n<p><strong>C\u00f3mo activar el l\u00edmite de tiempo<\/strong><\/p>\n<p>La configuraci\u00f3n se realiza directamente desde la aplicaci\u00f3n y no requiere pasos complejos.<\/p>\n<p><strong>Accede a tu perfil<\/strong><\/p>\n<p>Pulsa tu foto de perfil en la esquina inferior derecha de la pantalla.<\/p>\n<p><strong>Abre el men\u00fa principal<\/strong><\/p>\n<p>Toca el icono de tres l\u00edneas horizontales situado en la parte superior derecha.<\/p>\n<p><strong>Entra en Administraci\u00f3n del tiempo<\/strong><\/p>\n<p>Selecciona la opci\u00f3n dentro de la secci\u00f3n C\u00f3mo usas Instagram.<\/p>\n<p><strong>Configura el l\u00edmite diario<\/strong><\/p>\n<p>Pulsa en L\u00edmite diario y elige el periodo de tiempo que deseas establecer.<\/p>\n<p><strong>Guarda tu selecci\u00f3n<\/strong><\/p>\n<p>Confirma el tiempo elegido y recibir\u00e1s un aviso cuando lo hayas alcanzado.<\/p>\n<p>Los intervalos disponibles van desde 15 minutos hasta 2 horas, adem\u00e1s de la opci\u00f3n de desactivar la funci\u00f3n. Una vez fijado el l\u00edmite, el sistema contabiliza el tiempo acumulado durante el d\u00eda y env\u00eda una notificaci\u00f3n al llegar al m\u00e1ximo.<\/p>\n<p>Por ejemplo, si se establece un l\u00edmite de 30 minutos, el usuario podr\u00e1 utilizar la aplicaci\u00f3n durante ese periodo total a lo largo de la jornada. Al alcanzar el tope, recibir\u00e1 un recordatorio que invita a detener la actividad.<\/p>\n<p><strong>Diferencia con el modo descanso<\/strong><\/p>\n<p>Instagram tambi\u00e9n ofrece el <strong>modo descanso<\/strong>, que funciona de manera distinta. Mientras el l\u00edmite diario controla el tiempo total de uso, el modo descanso permite establecer franjas horarias en las que se busca reducir interrupciones, como durante la noche o en momentos de estudio.<\/p>\n<p>Ambas herramientas pueden combinarse seg\u00fan las necesidades de cada persona: el l\u00edmite diario ayuda a moderar la duraci\u00f3n total, y el modo descanso facilita desconectar en momentos espec\u00edficos.<\/p>\n<p>Con estas funciones, la plataforma se adapta a una demanda creciente: ofrecer mecanismos que permitan un consumo m\u00e1s consciente y equilibrado de las redes sociales.<\/p>\n","protected":false},"excerpt":{"rendered":"<p>Instagram ha incorporado una herramienta pensada para quienes buscan controlar el tiempo que pasan en la aplicaci\u00f3n. La funci\u00f3n de l\u00edmite diario permite fijar un m\u00e1ximo de minutos u horas de uso y recibir un aviso cuando se alcanza ese tope. Se trata de una medida que responde a la creciente preocupaci\u00f3n de los usuarios [&hellip;]<\/p>\n","protected":false},"author":1,"featured_media":421936,"comment_status":"closed","ping_status":"open","sticky":false,"template":"","format":"standard","meta":{"_acf_changed":false,"footnotes":""},"categories":[46],"tags":[],"class_list":["post-421935","post","type-post","status-publish","format-standard","has-post-thumbnail","category-ciencia-computacion"],"acf":{"antetitulo":""},"yoast_head":"<!-- This site is optimized with the Yoast SEO plugin v28.4 - https:\/\/yoast.com\/product\/yoast-seo-wordpress\/ -->\n<title>L\u00edmites de uso en Instagram - El Diario - Bolivia<\/title>\n<meta name=\"robots\" content=\"index, follow, max-snippet:-1, max-image-preview:large, max-video-preview:-1\" \/>\n<link rel=\"canonical\" href=\"https:\/\/www.eldiario.net\/portal\/2026\/08\/17\/limites-de-uso-en-instagram\/\" \/>\n<meta property=\"og:locale\" content=\"es_ES\" \/>\n<meta property=\"og:type\" content=\"article\" \/>\n<meta property=\"og:title\" content=\"L\u00edmites de uso en Instagram - El Diario - Bolivia\" \/>\n<meta property=\"og:description\" content=\"Instagram ha incorporado una herramienta pensada para quienes buscan controlar el tiempo que pasan en la aplicaci\u00f3n. La funci\u00f3n de l\u00edmite diario permite fijar un m\u00e1ximo de minutos u horas de uso y recibir un aviso cuando se alcanza ese tope. Se trata de una medida que responde a la creciente preocupaci\u00f3n de los usuarios [&hellip;]\" \/>\n<meta property=\"og:url\" content=\"https:\/\/www.eldiario.net\/portal\/2026\/08\/17\/limites-de-uso-en-instagram\/\" \/>\n<meta property=\"og:site_name\" content=\"El Diario - Bolivia\" \/>\n<meta property=\"article:publisher\" content=\"https:\/\/www.facebook.com\/eldiario.bolivia\/\" \/>\n<meta property=\"article:published_time\" content=\"2026-08-17T04:38:19+00:00\" \/>\n<meta property=\"og:image\" content=\"https:\/\/www.eldiario.net\/portal\/wp-content\/uploads\/2026\/08\/3-B-1-1.webp\" \/>\n\t<meta property=\"og:image:width\" content=\"706\" \/>\n\t<meta property=\"og:image:height\" content=\"396\" \/>\n\t<meta property=\"og:image:type\" content=\"image\/webp\" \/>\n<meta name=\"author\" content=\"Jeanette\" \/>\n<meta name=\"twitter:card\" content=\"summary_large_image\" \/>\n<meta name=\"twitter:creator\" content=\"@eldiario_net\" \/>\n<meta name=\"twitter:site\" content=\"@eldiario_net\" \/>\n<meta name=\"twitter:label1\" content=\"Escrito por\" \/>\n\t<meta name=\"twitter:data1\" content=\"Jeanette\" \/>\n\t<meta name=\"twitter:label2\" content=\"Tiempo de lectura\" \/>\n\t<meta name=\"twitter:data2\" content=\"2 minutos\" \/>\n<script type=\"application\/ld+json\" class=\"yoast-schema-graph\">{\"@context\":\"https:\\\/\\\/schema.org\",\"@graph\":[{\"@type\":\"Article\",\"@id\":\"https:\\\/\\\/www.eldiario.net\\\/portal\\\/2026\\\/08\\\/17\\\/limites-de-uso-en-instagram\\\/#article\",\"isPartOf\":{\"@id\":\"https:\\\/\\\/www.eldiario.net\\\/portal\\\/2026\\\/08\\\/17\\\/limites-de-uso-en-instagram\\\/\"},\"author\":{\"name\":\"Jeanette\",\"@id\":\"https:\\\/\\\/www.eldiario.net\\\/portal\\\/#\\\/schema\\\/person\\\/2c57cf2b7a7ae032e449e4c9b1019eac\"},\"headline\":\"L\u00edmites de uso en Instagram\",\"datePublished\":\"2026-08-17T04:38:19+00:00\",\"mainEntityOfPage\":{\"@id\":\"https:\\\/\\\/www.eldiario.net\\\/portal\\\/2026\\\/08\\\/17\\\/limites-de-uso-en-instagram\\\/\"},\"wordCount\":422,\"publisher\":{\"@id\":\"https:\\\/\\\/www.eldiario.net\\\/portal\\\/#organization\"},\"image\":{\"@id\":\"https:\\\/\\\/www.eldiario.net\\\/portal\\\/2026\\\/08\\\/17\\\/limites-de-uso-en-instagram\\\/#primaryimage\"},\"thumbnailUrl\":\"https:\\\/\\\/www.eldiario.net\\\/portal\\\/wp-content\\\/uploads\\\/2026\\\/08\\\/3-B-1-1.webp\",\"articleSection\":[\"Ciencia y Computaci\u00f3n\"],\"inLanguage\":\"es\"},{\"@type\":\"WebPage\",\"@id\":\"https:\\\/\\\/www.eldiario.net\\\/portal\\\/2026\\\/08\\\/17\\\/limites-de-uso-en-instagram\\\/\",\"url\":\"https:\\\/\\\/www.eldiario.net\\\/portal\\\/2026\\\/08\\\/17\\\/limites-de-uso-en-instagram\\\/\",\"name\":\"L\u00edmites de uso en Instagram - El Diario - Bolivia\",\"isPartOf\":{\"@id\":\"https:\\\/\\\/www.eldiario.net\\\/portal\\\/#website\"},\"primaryImageOfPage\":{\"@id\":\"https:\\\/\\\/www.eldiario.net\\\/portal\\\/2026\\\/08\\\/17\\\/limites-de-uso-en-instagram\\\/#primaryimage\"},\"image\":{\"@id\":\"https:\\\/\\\/www.eldiario.net\\\/portal\\\/2026\\\/08\\\/17\\\/limites-de-uso-en-instagram\\\/#primaryimage\"},\"thumbnailUrl\":\"https:\\\/\\\/www.eldiario.net\\\/portal\\\/wp-content\\\/uploads\\\/2026\\\/08\\\/3-B-1-1.webp\",\"datePublished\":\"2026-08-17T04:38:19+00:00\",\"breadcrumb\":{\"@id\":\"https:\\\/\\\/www.eldiario.net\\\/portal\\\/2026\\\/08\\\/17\\\/limites-de-uso-en-instagram\\\/#breadcrumb\"},\"inLanguage\":\"es\",\"potentialAction\":[{\"@type\":\"ReadAction\",\"target\":[\"https:\\\/\\\/www.eldiario.net\\\/portal\\\/2026\\\/08\\\/17\\\/limites-de-uso-en-instagram\\\/\"]}]},{\"@type\":\"ImageObject\",\"inLanguage\":\"es\",\"@id\":\"https:\\\/\\\/www.eldiario.net\\\/portal\\\/2026\\\/08\\\/17\\\/limites-de-uso-en-instagram\\\/#primaryimage\",\"url\":\"https:\\\/\\\/www.eldiario.net\\\/portal\\\/wp-content\\\/uploads\\\/2026\\\/08\\\/3-B-1-1.webp\",\"contentUrl\":\"https:\\\/\\\/www.eldiario.net\\\/portal\\\/wp-content\\\/uploads\\\/2026\\\/08\\\/3-B-1-1.webp\",\"width\":706,\"height\":396},{\"@type\":\"BreadcrumbList\",\"@id\":\"https:\\\/\\\/www.eldiario.net\\\/portal\\\/2026\\\/08\\\/17\\\/limites-de-uso-en-instagram\\\/#breadcrumb\",\"itemListElement\":[{\"@type\":\"ListItem\",\"position\":1,\"name\":\"Portada\",\"item\":\"https:\\\/\\\/www.eldiario.net\\\/portal\\\/\"},{\"@type\":\"ListItem\",\"position\":2,\"name\":\"L\u00edmites de uso en Instagram\"}]},{\"@type\":\"WebSite\",\"@id\":\"https:\\\/\\\/www.eldiario.net\\\/portal\\\/#website\",\"url\":\"https:\\\/\\\/www.eldiario.net\\\/portal\\\/\",\"name\":\"El Diario - Decano de la prensa nacional\",\"description\":\"El Diario - Decano de la prensa nacional\",\"publisher\":{\"@id\":\"https:\\\/\\\/www.eldiario.net\\\/portal\\\/#organization\"},\"potentialAction\":[{\"@type\":\"SearchAction\",\"target\":{\"@type\":\"EntryPoint\",\"urlTemplate\":\"https:\\\/\\\/www.eldiario.net\\\/portal\\\/?s={search_term_string}\"},\"query-input\":{\"@type\":\"PropertyValueSpecification\",\"valueRequired\":true,\"valueName\":\"search_term_string\"}}],\"inLanguage\":\"es\"},{\"@type\":\"Organization\",\"@id\":\"https:\\\/\\\/www.eldiario.net\\\/portal\\\/#organization\",\"name\":\"El Diario - Decano de la prensa nacional\",\"url\":\"https:\\\/\\\/www.eldiario.net\\\/portal\\\/\",\"logo\":{\"@type\":\"ImageObject\",\"inLanguage\":\"es\",\"@id\":\"https:\\\/\\\/www.eldiario.net\\\/portal\\\/#\\\/schema\\\/logo\\\/image\\\/\",\"url\":\"https:\\\/\\\/www.eldiario.net\\\/portal\\\/wp-content\\\/uploads\\\/2023\\\/07\\\/logo_ED.jpg\",\"contentUrl\":\"https:\\\/\\\/www.eldiario.net\\\/portal\\\/wp-content\\\/uploads\\\/2023\\\/07\\\/logo_ED.jpg\",\"width\":272,\"height\":52,\"caption\":\"El Diario - Decano de la prensa nacional\"},\"image\":{\"@id\":\"https:\\\/\\\/www.eldiario.net\\\/portal\\\/#\\\/schema\\\/logo\\\/image\\\/\"},\"sameAs\":[\"https:\\\/\\\/www.facebook.com\\\/eldiario.bolivia\\\/\",\"https:\\\/\\\/x.com\\\/eldiario_net\"]},{\"@type\":\"Person\",\"@id\":\"https:\\\/\\\/www.eldiario.net\\\/portal\\\/#\\\/schema\\\/person\\\/2c57cf2b7a7ae032e449e4c9b1019eac\",\"name\":\"Jeanette\",\"image\":{\"@type\":\"ImageObject\",\"inLanguage\":\"es\",\"@id\":\"https:\\\/\\\/secure.gravatar.com\\\/avatar\\\/3ea2118a5f7dad2b7138b1187a6b7ee55f160b9968b66013c3a3ef39dd7e5798?s=96&d=mm&r=g\",\"url\":\"https:\\\/\\\/secure.gravatar.com\\\/avatar\\\/3ea2118a5f7dad2b7138b1187a6b7ee55f160b9968b66013c3a3ef39dd7e5798?s=96&d=mm&r=g\",\"contentUrl\":\"https:\\\/\\\/secure.gravatar.com\\\/avatar\\\/3ea2118a5f7dad2b7138b1187a6b7ee55f160b9968b66013c3a3ef39dd7e5798?s=96&d=mm&r=g\",\"caption\":\"Jeanette\"},\"sameAs\":[\"https:\\\/\\\/www.eldiario.net\\\/portal\"],\"url\":\"https:\\\/\\\/www.eldiario.net\\\/portal\\\/author\\\/jeanette\\\/\"}]}<\/script>\n<!-- \/ Yoast SEO plugin. -->","yoast_head_json":{"title":"L\u00edmites de uso en Instagram - El Diario - Bolivia","robots":{"index":"index","follow":"follow","max-snippet":"max-snippet:-1","max-image-preview":"max-image-preview:large","max-video-preview":"max-video-preview:-1"},"canonical":"https:\/\/www.eldiario.net\/portal\/2026\/08\/17\/limites-de-uso-en-instagram\/","og_locale":"es_ES","og_type":"article","og_title":"L\u00edmites de uso en Instagram - El Diario - Bolivia","og_description":"Instagram ha incorporado una herramienta pensada para quienes buscan controlar el tiempo que pasan en la aplicaci\u00f3n. La funci\u00f3n de l\u00edmite diario permite fijar un m\u00e1ximo de minutos u horas de uso y recibir un aviso cuando se alcanza ese tope. Se trata de una medida que responde a la creciente preocupaci\u00f3n de los usuarios [&hellip;]","og_url":"https:\/\/www.eldiario.net\/portal\/2026\/08\/17\/limites-de-uso-en-instagram\/","og_site_name":"El Diario - Bolivia","article_publisher":"https:\/\/www.facebook.com\/eldiario.bolivia\/","article_published_time":"2026-08-17T04:38:19+00:00","og_image":[{"width":706,"height":396,"url":"https:\/\/www.eldiario.net\/portal\/wp-content\/uploads\/2026\/08\/3-B-1-1.webp","type":"image\/webp"}],"author":"Jeanette","twitter_card":"summary_large_image","twitter_creator":"@eldiario_net","twitter_site":"@eldiario_net","twitter_misc":{"Escrito por":"Jeanette","Tiempo de lectura":"2 minutos"},"schema":{"@context":"https:\/\/schema.org","@graph":[{"@type":"Article","@id":"https:\/\/www.eldiario.net\/portal\/2026\/08\/17\/limites-de-uso-en-instagram\/#article","isPartOf":{"@id":"https:\/\/www.eldiario.net\/portal\/2026\/08\/17\/limites-de-uso-en-instagram\/"},"author":{"name":"Jeanette","@id":"https:\/\/www.eldiario.net\/portal\/#\/schema\/person\/2c57cf2b7a7ae032e449e4c9b1019eac"},"headline":"L\u00edmites de uso en Instagram","datePublished":"2026-08-17T04:38:19+00:00","mainEntityOfPage":{"@id":"https:\/\/www.eldiario.net\/portal\/2026\/08\/17\/limites-de-uso-en-instagram\/"},"wordCount":422,"publisher":{"@id":"https:\/\/www.eldiario.net\/portal\/#organization"},"image":{"@id":"https:\/\/www.eldiario.net\/portal\/2026\/08\/17\/limites-de-uso-en-instagram\/#primaryimage"},"thumbnailUrl":"https:\/\/www.eldiario.net\/portal\/wp-content\/uploads\/2026\/08\/3-B-1-1.webp","articleSection":["Ciencia y Computaci\u00f3n"],"inLanguage":"es"},{"@type":"WebPage","@id":"https:\/\/www.eldiario.net\/portal\/2026\/08\/17\/limites-de-uso-en-instagram\/","url":"https:\/\/www.eldiario.net\/portal\/2026\/08\/17\/limites-de-uso-en-instagram\/","name":"L\u00edmites de uso en Instagram - El Diario - Bolivia","isPartOf":{"@id":"https:\/\/www.eldiario.net\/portal\/#website"},"primaryImageOfPage":{"@id":"https:\/\/www.eldiario.net\/portal\/2026\/08\/17\/limites-de-uso-en-instagram\/#primaryimage"},"image":{"@id":"https:\/\/www.eldiario.net\/portal\/2026\/08\/17\/limites-de-uso-en-instagram\/#primaryimage"},"thumbnailUrl":"https:\/\/www.eldiario.net\/portal\/wp-content\/uploads\/2026\/08\/3-B-1-1.webp","datePublished":"2026-08-17T04:38:19+00:00","breadcrumb":{"@id":"https:\/\/www.eldiario.net\/portal\/2026\/08\/17\/limites-de-uso-en-instagram\/#breadcrumb"},"inLanguage":"es","potentialAction":[{"@type":"ReadAction","target":["https:\/\/www.eldiario.net\/portal\/2026\/08\/17\/limites-de-uso-en-instagram\/"]}]},{"@type":"ImageObject","inLanguage":"es","@id":"https:\/\/www.eldiario.net\/portal\/2026\/08\/17\/limites-de-uso-en-instagram\/#primaryimage","url":"https:\/\/www.eldiario.net\/portal\/wp-content\/uploads\/2026\/08\/3-B-1-1.webp","contentUrl":"https:\/\/www.eldiario.net\/portal\/wp-content\/uploads\/2026\/08\/3-B-1-1.webp","width":706,"height":396},{"@type":"BreadcrumbList","@id":"https:\/\/www.eldiario.net\/portal\/2026\/08\/17\/limites-de-uso-en-instagram\/#breadcrumb","itemListElement":[{"@type":"ListItem","position":1,"name":"Portada","item":"https:\/\/www.eldiario.net\/portal\/"},{"@type":"ListItem","position":2,"name":"L\u00edmites de uso en Instagram"}]},{"@type":"WebSite","@id":"https:\/\/www.eldiario.net\/portal\/#website","url":"https:\/\/www.eldiario.net\/portal\/","name":"El Diario - Decano de la prensa nacional","description":"El Diario - Decano de la prensa nacional","publisher":{"@id":"https:\/\/www.eldiario.net\/portal\/#organization"},"potentialAction":[{"@type":"SearchAction","target":{"@type":"EntryPoint","urlTemplate":"https:\/\/www.eldiario.net\/portal\/?s={search_term_string}"},"query-input":{"@type":"PropertyValueSpecification","valueRequired":true,"valueName":"search_term_string"}}],"inLanguage":"es"},{"@type":"Organization","@id":"https:\/\/www.eldiario.net\/portal\/#organization","name":"El Diario - Decano de la prensa nacional","url":"https:\/\/www.eldiario.net\/portal\/","logo":{"@type":"ImageObject","inLanguage":"es","@id":"https:\/\/www.eldiario.net\/portal\/#\/schema\/logo\/image\/","url":"https:\/\/www.eldiario.net\/portal\/wp-content\/uploads\/2023\/07\/logo_ED.jpg","contentUrl":"https:\/\/www.eldiario.net\/portal\/wp-content\/uploads\/2023\/07\/logo_ED.jpg","width":272,"height":52,"caption":"El Diario - Decano de la prensa nacional"},"image":{"@id":"https:\/\/www.eldiario.net\/portal\/#\/schema\/logo\/image\/"},"sameAs":["https:\/\/www.facebook.com\/eldiario.bolivia\/","https:\/\/x.com\/eldiario_net"]},{"@type":"Person","@id":"https:\/\/www.eldiario.net\/portal\/#\/schema\/person\/2c57cf2b7a7ae032e449e4c9b1019eac","name":"Jeanette","image":{"@type":"ImageObject","inLanguage":"es","@id":"https:\/\/secure.gravatar.com\/avatar\/3ea2118a5f7dad2b7138b1187a6b7ee55f160b9968b66013c3a3ef39dd7e5798?s=96&d=mm&r=g","url":"https:\/\/secure.gravatar.com\/avatar\/3ea2118a5f7dad2b7138b1187a6b7ee55f160b9968b66013c3a3ef39dd7e5798?s=96&d=mm&r=g","contentUrl":"https:\/\/secure.gravatar.com\/avatar\/3ea2118a5f7dad2b7138b1187a6b7ee55f160b9968b66013c3a3ef39dd7e5798?s=96&d=mm&r=g","caption":"Jeanette"},"sameAs":["https:\/\/www.eldiario.net\/portal"],"url":"https:\/\/www.eldiario.net\/portal\/author\/jeanette\/"}]}},"_links":{"self":[{"href":"https:\/\/www.eldiario.net\/portal\/wp-json\/wp\/v2\/posts\/421935","targetHints":{"allow":["GET"]}}],"collection":[{"href":"https:\/\/www.eldiario.net\/portal\/wp-json\/wp\/v2\/posts"}],"about":[{"href":"https:\/\/www.eldiario.net\/portal\/wp-json\/wp\/v2\/types\/post"}],"author":[{"embeddable":true,"href":"https:\/\/www.eldiario.net\/portal\/wp-json\/wp\/v2\/users\/1"}],"replies":[{"embeddable":true,"href":"https:\/\/www.eldiario.net\/portal\/wp-json\/wp\/v2\/comments?post=421935"}],"version-history":[{"count":1,"href":"https:\/\/www.eldiario.net\/portal\/wp-json\/wp\/v2\/posts\/421935\/revisions"}],"predecessor-version":[{"id":421937,"href":"https:\/\/www.eldiario.net\/portal\/wp-json\/wp\/v2\/posts\/421935\/revisions\/421937"}],"wp:featuredmedia":[{"embeddable":true,"href":"https:\/\/www.eldiario.net\/portal\/wp-json\/wp\/v2\/media\/421936"}],"wp:attachment":[{"href":"https:\/\/www.eldiario.net\/portal\/wp-json\/wp\/v2\/media?parent=421935"}],"wp:term":[{"taxonomy":"category","embeddable":true,"href":"https:\/\/www.eldiario.net\/portal\/wp-json\/wp\/v2\/categories?post=421935"},{"taxonomy":"post_tag","embeddable":true,"href":"https:\/\/www.eldiario.net\/portal\/wp-json\/wp\/v2\/tags?post=421935"}],"curies":[{"name":"wp","href":"https:\/\/api.w.org\/{rel}","templated":true}]}}