{"id":421929,"date":"2026-08-17T00:36:45","date_gmt":"2026-08-17T04:36:45","guid":{"rendered":"https:\/\/www.eldiario.net\/portal\/?p=421929"},"modified":"2026-08-16T08:37:14","modified_gmt":"2026-08-16T12:37:14","slug":"nuevo-logo-de-instagram-desata-criticas","status":"publish","type":"post","link":"https:\/\/www.eldiario.net\/portal\/2026\/08\/17\/nuevo-logo-de-instagram-desata-criticas\/","title":{"rendered":"Nuevo logo de Instagram desata cr\u00edticas"},"content":{"rendered":"<p>Instagram decidi\u00f3 actualizar su identidad visual despu\u00e9s de diez a\u00f1os y el resultado no pas\u00f3 desapercibido. La plataforma reemplaz\u00f3 su tradicional logotipo en letra cursiva por una tipograf\u00eda m\u00e1s recta y minimalista. Aunque el \u00edcono cuadrado con la c\u00e1mara y el degradado de colores se mantiene intacto, el cambio en el wordmark \u2014el nombre escrito de la marca\u2014 gener\u00f3 una fuerte pol\u00e9mica entre los usuarios.<\/p>\n<p><strong>Una tipograf\u00eda m\u00e1s limpia, pero cuestionada<\/strong><\/p>\n<p>Adam Mosseri, responsable de la aplicaci\u00f3n, explic\u00f3 que la intenci\u00f3n fue modernizar una imagen que llevaba una d\u00e9cada sin modificaciones. Seg\u00fan sus palabras, el nuevo dise\u00f1o busca ser m\u00e1s limpio y actual, manteniendo referencias al estilo artesanal que hist\u00f3ricamente identific\u00f3 a la red social. Sin embargo, el cambio tipogr\u00e1fico se convirti\u00f3 en tema de conversaci\u00f3n y abri\u00f3 un debate sobre la legibilidad del logotipo.<\/p>\n<p>El dise\u00f1o anterior utilizaba una escritura cursiva continua que evocaba la idea de una firma personal. La nueva versi\u00f3n, en cambio, introduce formas m\u00e1s cercanas a una tipograf\u00eda minimalista. Mientras algunas letras conservan curvas, otras adoptan trazos rectos y duros. Esa mezcla de estilos provoc\u00f3 cr\u00edticas: varios usuarios aseguran que la combinaci\u00f3n dificulta la lectura y resta coherencia al conjunto.<\/p>\n<p><strong>El detalle que confunde a los usuarios<\/strong><\/p>\n<p>Uno de los puntos m\u00e1s comentados es la nueva \u201cr\u201d, que para muchos parece una \u201cz\u201d. Esa similitud llev\u00f3 a que en redes sociales se multiplicaran interpretaciones como \u201cInstagzam\u201d o \u201cInstazam\u201d. Incluso hubo quienes afirmaron leer \u201cIrvstagzam\u201d. El resultado, seg\u00fan los cr\u00edticos, es un logotipo menos claro que el anterior y con riesgo de perder reconocimiento frente a otras marcas.<\/p>\n<p>A pesar de las cr\u00edticas, tambi\u00e9n hubo voces que celebraron el cambio. Algunos usuarios destacaron que el dise\u00f1o se siente m\u00e1s actual y valoraron que conserve elementos reconocibles de la antigua identidad. Para ellos, la actualizaci\u00f3n es un paso necesario para mantener la relevancia de la plataforma en un entorno digital cada vez m\u00e1s competitivo.<\/p>\n<p><strong>Un proceso de dise\u00f1o amplio<\/strong><\/p>\n<p>Desde Meta aclararon que la elecci\u00f3n de la nueva tipograf\u00eda no fue improvisada. Se exploraron cientos de alternativas, desde versiones en may\u00fasculas hasta conceptos inspirados en c\u00e1maras o en escritura manual. Finalmente, se opt\u00f3 por conservar parte del estilo manuscrito porque transmite individualidad y mantiene la conexi\u00f3n con la historia de la aplicaci\u00f3n.<\/p>\n<p>Jasmine Probst, directora de Dise\u00f1o de Producto de Instagram, se\u00f1al\u00f3 que el objetivo fue crear un logotipo m\u00e1s contundente y sencillo, capaz de actualizar la apariencia sin perder personalidad.<\/p>\n<p><strong>M\u00e1s que un logo: una renovaci\u00f3n integral<\/strong><\/p>\n<p>El nuevo wordmark es solo la parte m\u00e1s visible de una transformaci\u00f3n m\u00e1s amplia. Meta confirm\u00f3 que tambi\u00e9n se modific\u00f3 el sistema gr\u00e1fico de Instagram y se prepar\u00f3 una nueva versi\u00f3n de la tipograf\u00eda <strong>Instagram Sans<\/strong>, junto con otras dos familias: <strong>Instagram Pen<\/strong>, inspirada en escritura manual, e <strong>Instagram Mono<\/strong>, de ancho fijo.<\/p>\n<p>La compa\u00f1\u00eda adelant\u00f3 que habr\u00e1 ajustes en movimiento, composiciones visuales e interfaz, mientras que el degradado de colores seguir\u00e1 presente, aunque con una aplicaci\u00f3n m\u00e1s sutil. El despliegue del nuevo logo ya comenz\u00f3 a nivel global y el resto de los cambios se incorporar\u00e1 progresivamente durante 2026.<\/p>\n<p><strong>Antecedentes de cambios visuales<\/strong><\/p>\n<p>El antecedente m\u00e1s importante se remonta a 2016, cuando Instagram reemplaz\u00f3 el antiguo \u00edcono de c\u00e1mara retro por la versi\u00f3n minimalista sobre fondo degradado que todav\u00eda identifica a la aplicaci\u00f3n. Aquella transformaci\u00f3n fue mucho m\u00e1s dr\u00e1stica y tambi\u00e9n gener\u00f3 debate, aunque con el tiempo se consolid\u00f3 como parte de la identidad visual de la marca.<\/p>\n<p>Con este nuevo redise\u00f1o, Instagram vuelve a demostrar que cualquier modificaci\u00f3n en s\u00edmbolos instalados durante a\u00f1os puede convertirse en un tema de discusi\u00f3n. La pol\u00e9mica por la legibilidad del logo refleja la sensibilidad de los usuarios frente a cambios en marcas que forman parte de su vida cotidiana.<\/p>\n","protected":false},"excerpt":{"rendered":"<p>Instagram decidi\u00f3 actualizar su identidad visual despu\u00e9s de diez a\u00f1os y el resultado no pas\u00f3 desapercibido. La plataforma reemplaz\u00f3 su tradicional logotipo en letra cursiva por una tipograf\u00eda m\u00e1s recta y minimalista. Aunque el \u00edcono cuadrado con la c\u00e1mara y el degradado de colores se mantiene intacto, el cambio en el wordmark \u2014el nombre escrito [&hellip;]<\/p>\n","protected":false},"author":1,"featured_media":421930,"comment_status":"closed","ping_status":"open","sticky":false,"template":"","format":"standard","meta":{"_acf_changed":false,"footnotes":""},"categories":[46],"tags":[],"class_list":["post-421929","post","type-post","status-publish","format-standard","has-post-thumbnail","category-ciencia-computacion"],"acf":{"antetitulo":""},"yoast_head":"<!-- This site is optimized with the Yoast SEO plugin v28.4 - https:\/\/yoast.com\/product\/yoast-seo-wordpress\/ -->\n<title>Nuevo logo de Instagram desata cr\u00edticas - El Diario - Bolivia<\/title>\n<meta name=\"robots\" content=\"index, follow, max-snippet:-1, max-image-preview:large, max-video-preview:-1\" \/>\n<link rel=\"canonical\" href=\"https:\/\/www.eldiario.net\/portal\/2026\/08\/17\/nuevo-logo-de-instagram-desata-criticas\/\" \/>\n<meta property=\"og:locale\" content=\"es_ES\" \/>\n<meta property=\"og:type\" content=\"article\" \/>\n<meta property=\"og:title\" content=\"Nuevo logo de Instagram desata cr\u00edticas - El Diario - Bolivia\" \/>\n<meta property=\"og:description\" content=\"Instagram decidi\u00f3 actualizar su identidad visual despu\u00e9s de diez a\u00f1os y el resultado no pas\u00f3 desapercibido. La plataforma reemplaz\u00f3 su tradicional logotipo en letra cursiva por una tipograf\u00eda m\u00e1s recta y minimalista. Aunque el \u00edcono cuadrado con la c\u00e1mara y el degradado de colores se mantiene intacto, el cambio en el wordmark \u2014el nombre escrito [&hellip;]\" \/>\n<meta property=\"og:url\" content=\"https:\/\/www.eldiario.net\/portal\/2026\/08\/17\/nuevo-logo-de-instagram-desata-criticas\/\" \/>\n<meta property=\"og:site_name\" content=\"El Diario - Bolivia\" \/>\n<meta property=\"article:publisher\" content=\"https:\/\/www.facebook.com\/eldiario.bolivia\/\" \/>\n<meta property=\"article:published_time\" content=\"2026-08-17T04:36:45+00:00\" \/>\n<meta property=\"og:image\" content=\"https:\/\/www.eldiario.net\/portal\/wp-content\/uploads\/2026\/08\/2-B-1-2.webp\" \/>\n\t<meta property=\"og:image:width\" content=\"839\" \/>\n\t<meta property=\"og:image:height\" content=\"470\" \/>\n\t<meta property=\"og:image:type\" content=\"image\/webp\" \/>\n<meta name=\"author\" content=\"Jeanette\" \/>\n<meta name=\"twitter:card\" content=\"summary_large_image\" \/>\n<meta name=\"twitter:creator\" content=\"@eldiario_net\" \/>\n<meta name=\"twitter:site\" content=\"@eldiario_net\" \/>\n<meta name=\"twitter:label1\" content=\"Escrito por\" \/>\n\t<meta name=\"twitter:data1\" content=\"Jeanette\" \/>\n\t<meta name=\"twitter:label2\" content=\"Tiempo de lectura\" \/>\n\t<meta name=\"twitter:data2\" content=\"4 minutos\" \/>\n<script type=\"application\/ld+json\" class=\"yoast-schema-graph\">{\"@context\":\"https:\\\/\\\/schema.org\",\"@graph\":[{\"@type\":\"Article\",\"@id\":\"https:\\\/\\\/www.eldiario.net\\\/portal\\\/2026\\\/08\\\/17\\\/nuevo-logo-de-instagram-desata-criticas\\\/#article\",\"isPartOf\":{\"@id\":\"https:\\\/\\\/www.eldiario.net\\\/portal\\\/2026\\\/08\\\/17\\\/nuevo-logo-de-instagram-desata-criticas\\\/\"},\"author\":{\"name\":\"Jeanette\",\"@id\":\"https:\\\/\\\/www.eldiario.net\\\/portal\\\/#\\\/schema\\\/person\\\/2c57cf2b7a7ae032e449e4c9b1019eac\"},\"headline\":\"Nuevo logo de Instagram desata cr\u00edticas\",\"datePublished\":\"2026-08-17T04:36:45+00:00\",\"mainEntityOfPage\":{\"@id\":\"https:\\\/\\\/www.eldiario.net\\\/portal\\\/2026\\\/08\\\/17\\\/nuevo-logo-de-instagram-desata-criticas\\\/\"},\"wordCount\":692,\"publisher\":{\"@id\":\"https:\\\/\\\/www.eldiario.net\\\/portal\\\/#organization\"},\"image\":{\"@id\":\"https:\\\/\\\/www.eldiario.net\\\/portal\\\/2026\\\/08\\\/17\\\/nuevo-logo-de-instagram-desata-criticas\\\/#primaryimage\"},\"thumbnailUrl\":\"https:\\\/\\\/www.eldiario.net\\\/portal\\\/wp-content\\\/uploads\\\/2026\\\/08\\\/2-B-1-2.webp\",\"articleSection\":[\"Ciencia y Computaci\u00f3n\"],\"inLanguage\":\"es\"},{\"@type\":\"WebPage\",\"@id\":\"https:\\\/\\\/www.eldiario.net\\\/portal\\\/2026\\\/08\\\/17\\\/nuevo-logo-de-instagram-desata-criticas\\\/\",\"url\":\"https:\\\/\\\/www.eldiario.net\\\/portal\\\/2026\\\/08\\\/17\\\/nuevo-logo-de-instagram-desata-criticas\\\/\",\"name\":\"Nuevo logo de Instagram desata cr\u00edticas - El Diario - Bolivia\",\"isPartOf\":{\"@id\":\"https:\\\/\\\/www.eldiario.net\\\/portal\\\/#website\"},\"primaryImageOfPage\":{\"@id\":\"https:\\\/\\\/www.eldiario.net\\\/portal\\\/2026\\\/08\\\/17\\\/nuevo-logo-de-instagram-desata-criticas\\\/#primaryimage\"},\"image\":{\"@id\":\"https:\\\/\\\/www.eldiario.net\\\/portal\\\/2026\\\/08\\\/17\\\/nuevo-logo-de-instagram-desata-criticas\\\/#primaryimage\"},\"thumbnailUrl\":\"https:\\\/\\\/www.eldiario.net\\\/portal\\\/wp-content\\\/uploads\\\/2026\\\/08\\\/2-B-1-2.webp\",\"datePublished\":\"2026-08-17T04:36:45+00:00\",\"breadcrumb\":{\"@id\":\"https:\\\/\\\/www.eldiario.net\\\/portal\\\/2026\\\/08\\\/17\\\/nuevo-logo-de-instagram-desata-criticas\\\/#breadcrumb\"},\"inLanguage\":\"es\",\"potentialAction\":[{\"@type\":\"ReadAction\",\"target\":[\"https:\\\/\\\/www.eldiario.net\\\/portal\\\/2026\\\/08\\\/17\\\/nuevo-logo-de-instagram-desata-criticas\\\/\"]}]},{\"@type\":\"ImageObject\",\"inLanguage\":\"es\",\"@id\":\"https:\\\/\\\/www.eldiario.net\\\/portal\\\/2026\\\/08\\\/17\\\/nuevo-logo-de-instagram-desata-criticas\\\/#primaryimage\",\"url\":\"https:\\\/\\\/www.eldiario.net\\\/portal\\\/wp-content\\\/uploads\\\/2026\\\/08\\\/2-B-1-2.webp\",\"contentUrl\":\"https:\\\/\\\/www.eldiario.net\\\/portal\\\/wp-content\\\/uploads\\\/2026\\\/08\\\/2-B-1-2.webp\",\"width\":839,\"height\":470},{\"@type\":\"BreadcrumbList\",\"@id\":\"https:\\\/\\\/www.eldiario.net\\\/portal\\\/2026\\\/08\\\/17\\\/nuevo-logo-de-instagram-desata-criticas\\\/#breadcrumb\",\"itemListElement\":[{\"@type\":\"ListItem\",\"position\":1,\"name\":\"Portada\",\"item\":\"https:\\\/\\\/www.eldiario.net\\\/portal\\\/\"},{\"@type\":\"ListItem\",\"position\":2,\"name\":\"Nuevo logo de Instagram desata cr\u00edticas\"}]},{\"@type\":\"WebSite\",\"@id\":\"https:\\\/\\\/www.eldiario.net\\\/portal\\\/#website\",\"url\":\"https:\\\/\\\/www.eldiario.net\\\/portal\\\/\",\"name\":\"El Diario - Decano de la prensa nacional\",\"description\":\"El Diario - Decano de la prensa nacional\",\"publisher\":{\"@id\":\"https:\\\/\\\/www.eldiario.net\\\/portal\\\/#organization\"},\"potentialAction\":[{\"@type\":\"SearchAction\",\"target\":{\"@type\":\"EntryPoint\",\"urlTemplate\":\"https:\\\/\\\/www.eldiario.net\\\/portal\\\/?s={search_term_string}\"},\"query-input\":{\"@type\":\"PropertyValueSpecification\",\"valueRequired\":true,\"valueName\":\"search_term_string\"}}],\"inLanguage\":\"es\"},{\"@type\":\"Organization\",\"@id\":\"https:\\\/\\\/www.eldiario.net\\\/portal\\\/#organization\",\"name\":\"El Diario - Decano de la prensa nacional\",\"url\":\"https:\\\/\\\/www.eldiario.net\\\/portal\\\/\",\"logo\":{\"@type\":\"ImageObject\",\"inLanguage\":\"es\",\"@id\":\"https:\\\/\\\/www.eldiario.net\\\/portal\\\/#\\\/schema\\\/logo\\\/image\\\/\",\"url\":\"https:\\\/\\\/www.eldiario.net\\\/portal\\\/wp-content\\\/uploads\\\/2023\\\/07\\\/logo_ED.jpg\",\"contentUrl\":\"https:\\\/\\\/www.eldiario.net\\\/portal\\\/wp-content\\\/uploads\\\/2023\\\/07\\\/logo_ED.jpg\",\"width\":272,\"height\":52,\"caption\":\"El Diario - Decano de la prensa nacional\"},\"image\":{\"@id\":\"https:\\\/\\\/www.eldiario.net\\\/portal\\\/#\\\/schema\\\/logo\\\/image\\\/\"},\"sameAs\":[\"https:\\\/\\\/www.facebook.com\\\/eldiario.bolivia\\\/\",\"https:\\\/\\\/x.com\\\/eldiario_net\"]},{\"@type\":\"Person\",\"@id\":\"https:\\\/\\\/www.eldiario.net\\\/portal\\\/#\\\/schema\\\/person\\\/2c57cf2b7a7ae032e449e4c9b1019eac\",\"name\":\"Jeanette\",\"image\":{\"@type\":\"ImageObject\",\"inLanguage\":\"es\",\"@id\":\"https:\\\/\\\/secure.gravatar.com\\\/avatar\\\/3ea2118a5f7dad2b7138b1187a6b7ee55f160b9968b66013c3a3ef39dd7e5798?s=96&d=mm&r=g\",\"url\":\"https:\\\/\\\/secure.gravatar.com\\\/avatar\\\/3ea2118a5f7dad2b7138b1187a6b7ee55f160b9968b66013c3a3ef39dd7e5798?s=96&d=mm&r=g\",\"contentUrl\":\"https:\\\/\\\/secure.gravatar.com\\\/avatar\\\/3ea2118a5f7dad2b7138b1187a6b7ee55f160b9968b66013c3a3ef39dd7e5798?s=96&d=mm&r=g\",\"caption\":\"Jeanette\"},\"sameAs\":[\"https:\\\/\\\/www.eldiario.net\\\/portal\"],\"url\":\"https:\\\/\\\/www.eldiario.net\\\/portal\\\/author\\\/jeanette\\\/\"}]}<\/script>\n<!-- \/ Yoast SEO plugin. -->","yoast_head_json":{"title":"Nuevo logo de Instagram desata cr\u00edticas - El Diario - Bolivia","robots":{"index":"index","follow":"follow","max-snippet":"max-snippet:-1","max-image-preview":"max-image-preview:large","max-video-preview":"max-video-preview:-1"},"canonical":"https:\/\/www.eldiario.net\/portal\/2026\/08\/17\/nuevo-logo-de-instagram-desata-criticas\/","og_locale":"es_ES","og_type":"article","og_title":"Nuevo logo de Instagram desata cr\u00edticas - El Diario - Bolivia","og_description":"Instagram decidi\u00f3 actualizar su identidad visual despu\u00e9s de diez a\u00f1os y el resultado no pas\u00f3 desapercibido. La plataforma reemplaz\u00f3 su tradicional logotipo en letra cursiva por una tipograf\u00eda m\u00e1s recta y minimalista. Aunque el \u00edcono cuadrado con la c\u00e1mara y el degradado de colores se mantiene intacto, el cambio en el wordmark \u2014el nombre escrito [&hellip;]","og_url":"https:\/\/www.eldiario.net\/portal\/2026\/08\/17\/nuevo-logo-de-instagram-desata-criticas\/","og_site_name":"El Diario - Bolivia","article_publisher":"https:\/\/www.facebook.com\/eldiario.bolivia\/","article_published_time":"2026-08-17T04:36:45+00:00","og_image":[{"width":839,"height":470,"url":"https:\/\/www.eldiario.net\/portal\/wp-content\/uploads\/2026\/08\/2-B-1-2.webp","type":"image\/webp"}],"author":"Jeanette","twitter_card":"summary_large_image","twitter_creator":"@eldiario_net","twitter_site":"@eldiario_net","twitter_misc":{"Escrito por":"Jeanette","Tiempo de lectura":"4 minutos"},"schema":{"@context":"https:\/\/schema.org","@graph":[{"@type":"Article","@id":"https:\/\/www.eldiario.net\/portal\/2026\/08\/17\/nuevo-logo-de-instagram-desata-criticas\/#article","isPartOf":{"@id":"https:\/\/www.eldiario.net\/portal\/2026\/08\/17\/nuevo-logo-de-instagram-desata-criticas\/"},"author":{"name":"Jeanette","@id":"https:\/\/www.eldiario.net\/portal\/#\/schema\/person\/2c57cf2b7a7ae032e449e4c9b1019eac"},"headline":"Nuevo logo de Instagram desata cr\u00edticas","datePublished":"2026-08-17T04:36:45+00:00","mainEntityOfPage":{"@id":"https:\/\/www.eldiario.net\/portal\/2026\/08\/17\/nuevo-logo-de-instagram-desata-criticas\/"},"wordCount":692,"publisher":{"@id":"https:\/\/www.eldiario.net\/portal\/#organization"},"image":{"@id":"https:\/\/www.eldiario.net\/portal\/2026\/08\/17\/nuevo-logo-de-instagram-desata-criticas\/#primaryimage"},"thumbnailUrl":"https:\/\/www.eldiario.net\/portal\/wp-content\/uploads\/2026\/08\/2-B-1-2.webp","articleSection":["Ciencia y Computaci\u00f3n"],"inLanguage":"es"},{"@type":"WebPage","@id":"https:\/\/www.eldiario.net\/portal\/2026\/08\/17\/nuevo-logo-de-instagram-desata-criticas\/","url":"https:\/\/www.eldiario.net\/portal\/2026\/08\/17\/nuevo-logo-de-instagram-desata-criticas\/","name":"Nuevo logo de Instagram desata cr\u00edticas - El Diario - Bolivia","isPartOf":{"@id":"https:\/\/www.eldiario.net\/portal\/#website"},"primaryImageOfPage":{"@id":"https:\/\/www.eldiario.net\/portal\/2026\/08\/17\/nuevo-logo-de-instagram-desata-criticas\/#primaryimage"},"image":{"@id":"https:\/\/www.eldiario.net\/portal\/2026\/08\/17\/nuevo-logo-de-instagram-desata-criticas\/#primaryimage"},"thumbnailUrl":"https:\/\/www.eldiario.net\/portal\/wp-content\/uploads\/2026\/08\/2-B-1-2.webp","datePublished":"2026-08-17T04:36:45+00:00","breadcrumb":{"@id":"https:\/\/www.eldiario.net\/portal\/2026\/08\/17\/nuevo-logo-de-instagram-desata-criticas\/#breadcrumb"},"inLanguage":"es","potentialAction":[{"@type":"ReadAction","target":["https:\/\/www.eldiario.net\/portal\/2026\/08\/17\/nuevo-logo-de-instagram-desata-criticas\/"]}]},{"@type":"ImageObject","inLanguage":"es","@id":"https:\/\/www.eldiario.net\/portal\/2026\/08\/17\/nuevo-logo-de-instagram-desata-criticas\/#primaryimage","url":"https:\/\/www.eldiario.net\/portal\/wp-content\/uploads\/2026\/08\/2-B-1-2.webp","contentUrl":"https:\/\/www.eldiario.net\/portal\/wp-content\/uploads\/2026\/08\/2-B-1-2.webp","width":839,"height":470},{"@type":"BreadcrumbList","@id":"https:\/\/www.eldiario.net\/portal\/2026\/08\/17\/nuevo-logo-de-instagram-desata-criticas\/#breadcrumb","itemListElement":[{"@type":"ListItem","position":1,"name":"Portada","item":"https:\/\/www.eldiario.net\/portal\/"},{"@type":"ListItem","position":2,"name":"Nuevo logo de Instagram desata cr\u00edticas"}]},{"@type":"WebSite","@id":"https:\/\/www.eldiario.net\/portal\/#website","url":"https:\/\/www.eldiario.net\/portal\/","name":"El Diario - Decano de la prensa nacional","description":"El Diario - Decano de la prensa nacional","publisher":{"@id":"https:\/\/www.eldiario.net\/portal\/#organization"},"potentialAction":[{"@type":"SearchAction","target":{"@type":"EntryPoint","urlTemplate":"https:\/\/www.eldiario.net\/portal\/?s={search_term_string}"},"query-input":{"@type":"PropertyValueSpecification","valueRequired":true,"valueName":"search_term_string"}}],"inLanguage":"es"},{"@type":"Organization","@id":"https:\/\/www.eldiario.net\/portal\/#organization","name":"El Diario - Decano de la prensa nacional","url":"https:\/\/www.eldiario.net\/portal\/","logo":{"@type":"ImageObject","inLanguage":"es","@id":"https:\/\/www.eldiario.net\/portal\/#\/schema\/logo\/image\/","url":"https:\/\/www.eldiario.net\/portal\/wp-content\/uploads\/2023\/07\/logo_ED.jpg","contentUrl":"https:\/\/www.eldiario.net\/portal\/wp-content\/uploads\/2023\/07\/logo_ED.jpg","width":272,"height":52,"caption":"El Diario - Decano de la prensa nacional"},"image":{"@id":"https:\/\/www.eldiario.net\/portal\/#\/schema\/logo\/image\/"},"sameAs":["https:\/\/www.facebook.com\/eldiario.bolivia\/","https:\/\/x.com\/eldiario_net"]},{"@type":"Person","@id":"https:\/\/www.eldiario.net\/portal\/#\/schema\/person\/2c57cf2b7a7ae032e449e4c9b1019eac","name":"Jeanette","image":{"@type":"ImageObject","inLanguage":"es","@id":"https:\/\/secure.gravatar.com\/avatar\/3ea2118a5f7dad2b7138b1187a6b7ee55f160b9968b66013c3a3ef39dd7e5798?s=96&d=mm&r=g","url":"https:\/\/secure.gravatar.com\/avatar\/3ea2118a5f7dad2b7138b1187a6b7ee55f160b9968b66013c3a3ef39dd7e5798?s=96&d=mm&r=g","contentUrl":"https:\/\/secure.gravatar.com\/avatar\/3ea2118a5f7dad2b7138b1187a6b7ee55f160b9968b66013c3a3ef39dd7e5798?s=96&d=mm&r=g","caption":"Jeanette"},"sameAs":["https:\/\/www.eldiario.net\/portal"],"url":"https:\/\/www.eldiario.net\/portal\/author\/jeanette\/"}]}},"_links":{"self":[{"href":"https:\/\/www.eldiario.net\/portal\/wp-json\/wp\/v2\/posts\/421929","targetHints":{"allow":["GET"]}}],"collection":[{"href":"https:\/\/www.eldiario.net\/portal\/wp-json\/wp\/v2\/posts"}],"about":[{"href":"https:\/\/www.eldiario.net\/portal\/wp-json\/wp\/v2\/types\/post"}],"author":[{"embeddable":true,"href":"https:\/\/www.eldiario.net\/portal\/wp-json\/wp\/v2\/users\/1"}],"replies":[{"embeddable":true,"href":"https:\/\/www.eldiario.net\/portal\/wp-json\/wp\/v2\/comments?post=421929"}],"version-history":[{"count":1,"href":"https:\/\/www.eldiario.net\/portal\/wp-json\/wp\/v2\/posts\/421929\/revisions"}],"predecessor-version":[{"id":421931,"href":"https:\/\/www.eldiario.net\/portal\/wp-json\/wp\/v2\/posts\/421929\/revisions\/421931"}],"wp:featuredmedia":[{"embeddable":true,"href":"https:\/\/www.eldiario.net\/portal\/wp-json\/wp\/v2\/media\/421930"}],"wp:attachment":[{"href":"https:\/\/www.eldiario.net\/portal\/wp-json\/wp\/v2\/media?parent=421929"}],"wp:term":[{"taxonomy":"category","embeddable":true,"href":"https:\/\/www.eldiario.net\/portal\/wp-json\/wp\/v2\/categories?post=421929"},{"taxonomy":"post_tag","embeddable":true,"href":"https:\/\/www.eldiario.net\/portal\/wp-json\/wp\/v2\/tags?post=421929"}],"curies":[{"name":"wp","href":"https:\/\/api.w.org\/{rel}","templated":true}]}}