{"id":421923,"date":"2026-08-17T00:34:33","date_gmt":"2026-08-17T04:34:33","guid":{"rendered":"https:\/\/www.eldiario.net\/portal\/?p=421923"},"modified":"2026-08-16T08:35:30","modified_gmt":"2026-08-16T12:35:30","slug":"xiaomi-prepara-un-plegable-wide","status":"publish","type":"post","link":"https:\/\/www.eldiario.net\/portal\/2026\/08\/17\/xiaomi-prepara-un-plegable-wide\/","title":{"rendered":"Xiaomi prepara un plegable \u201cwide\u201d"},"content":{"rendered":"<p>La industria de los smartphones plegables sigue sumando protagonistas y ahora es Xiaomi quien aparece en escena con un modelo que apunta directamente al segmento de los dispositivos de pantalla ancha. La filtraci\u00f3n surge de una promoci\u00f3n oficial de la compa\u00f1\u00eda, en la que se observa un tel\u00e9fono in\u00e9dito dentro de su cat\u00e1logo.<\/p>\n<p><strong>Un formato distinto<\/strong><\/p>\n<p>Los plegables \u201cwide\u201d se diferencian de los modelos tipo libro, como los Galaxy Z Fold de Samsung, por adoptar una relaci\u00f3n de aspecto m\u00e1s cuadrada. Su tama\u00f1o recuerda al de un pasaporte y ofrece una experiencia visual distinta, con mayor superficie \u00fatil para aplicaciones y multitarea. Este formato se ha convertido en tendencia en 2026, impulsado por los tres mayores vendedores de tel\u00e9fonos del mundo.<\/p>\n<p>Samsung ya present\u00f3 un ejemplar con estas caracter\u00edsticas y todo indica que el esperado iPhone Ultra plegable tambi\u00e9n adoptar\u00e1 este dise\u00f1o. Ahora, la filtraci\u00f3n de Xiaomi confirma que la compa\u00f1\u00eda china no quiere quedar fuera de un segmento que promete crecer con fuerza.<\/p>\n<p><strong>La pista en HyperOS<\/strong><\/p>\n<p>El supuesto dispositivo apareci\u00f3 en una imagen promocional de <strong>HyperOS<\/strong>, la capa de personalizaci\u00f3n que Xiaomi utiliza sobre Android. En la ilustraci\u00f3n se observa un tel\u00e9fono plegable con pantalla ancha, lo que sugiere que el software est\u00e1 optimizado para este formato. Seg\u00fan el sitio Android Headlines, no se trata de un accidente, sino de una revelaci\u00f3n intencional que anticipa el pr\u00f3ximo lanzamiento.<\/p>\n<p>La publicaci\u00f3n se\u00f1ala que es la prueba m\u00e1s contundente hasta el momento de que Xiaomi trabaja en un modelo \u201cwide\u201d. Rumores previos ya hab\u00edan circulado, pero esta aparici\u00f3n oficial refuerza la hip\u00f3tesis de un anuncio cercano.<\/p>\n<p><strong>Competencia en aumento<\/strong><\/p>\n<p>Si se concreta el lanzamiento, Xiaomi ingresar\u00e1 en un sector donde la competencia se intensifica. Adem\u00e1s de Samsung, Huawei tambi\u00e9n participa con propuestas similares, y Apple prepara su desembarco con el iPhone Ultra. La coincidencia de los tres gigantes en este formato anticipa una batalla clave en el mercado de los plegables.<\/p>\n<p><strong>El desaf\u00edo de la durabilidad<\/strong><\/p>\n<p>La recepci\u00f3n de los consumidores ser\u00e1 determinante. Los primeros modelos plegables, lanzados en 2019 con el Galaxy Fold, enfrentaron cr\u00edticas por su fragilidad. Desde entonces, las marcas han trabajado en mejorar resistencia y durabilidad. La consolidaci\u00f3n de los dispositivos \u201cwide\u201d depender\u00e1 de que logren superar esas limitaciones y convencer al p\u00fablico de que son una opci\u00f3n confiable en el negocio de los smartphones.<\/p>\n","protected":false},"excerpt":{"rendered":"<p>La industria de los smartphones plegables sigue sumando protagonistas y ahora es Xiaomi quien aparece en escena con un modelo que apunta directamente al segmento de los dispositivos de pantalla ancha. La filtraci\u00f3n surge de una promoci\u00f3n oficial de la compa\u00f1\u00eda, en la que se observa un tel\u00e9fono in\u00e9dito dentro de su cat\u00e1logo. Un formato [&hellip;]<\/p>\n","protected":false},"author":1,"featured_media":421924,"comment_status":"closed","ping_status":"open","sticky":false,"template":"","format":"standard","meta":{"_acf_changed":false,"footnotes":""},"categories":[46],"tags":[],"class_list":["post-421923","post","type-post","status-publish","format-standard","has-post-thumbnail","category-ciencia-computacion"],"acf":{"antetitulo":""},"yoast_head":"<!-- This site is optimized with the Yoast SEO plugin v28.4 - https:\/\/yoast.com\/product\/yoast-seo-wordpress\/ -->\n<title>Xiaomi prepara un plegable \u201cwide\u201d - El Diario - Bolivia<\/title>\n<meta name=\"robots\" content=\"index, follow, max-snippet:-1, max-image-preview:large, max-video-preview:-1\" \/>\n<link rel=\"canonical\" href=\"https:\/\/www.eldiario.net\/portal\/2026\/08\/17\/xiaomi-prepara-un-plegable-wide\/\" \/>\n<meta property=\"og:locale\" content=\"es_ES\" \/>\n<meta property=\"og:type\" content=\"article\" \/>\n<meta property=\"og:title\" content=\"Xiaomi prepara un plegable \u201cwide\u201d - El Diario - Bolivia\" \/>\n<meta property=\"og:description\" content=\"La industria de los smartphones plegables sigue sumando protagonistas y ahora es Xiaomi quien aparece en escena con un modelo que apunta directamente al segmento de los dispositivos de pantalla ancha. La filtraci\u00f3n surge de una promoci\u00f3n oficial de la compa\u00f1\u00eda, en la que se observa un tel\u00e9fono in\u00e9dito dentro de su cat\u00e1logo. Un formato [&hellip;]\" \/>\n<meta property=\"og:url\" content=\"https:\/\/www.eldiario.net\/portal\/2026\/08\/17\/xiaomi-prepara-un-plegable-wide\/\" \/>\n<meta property=\"og:site_name\" content=\"El Diario - Bolivia\" \/>\n<meta property=\"article:publisher\" content=\"https:\/\/www.facebook.com\/eldiario.bolivia\/\" \/>\n<meta property=\"article:published_time\" content=\"2026-08-17T04:34:33+00:00\" \/>\n<meta property=\"og:image\" content=\"https:\/\/www.eldiario.net\/portal\/wp-content\/uploads\/2026\/08\/6-B-1-1.webp\" \/>\n\t<meta property=\"og:image:width\" content=\"657\" \/>\n\t<meta property=\"og:image:height\" content=\"396\" \/>\n\t<meta property=\"og:image:type\" content=\"image\/webp\" \/>\n<meta name=\"author\" content=\"Jeanette\" \/>\n<meta name=\"twitter:card\" content=\"summary_large_image\" \/>\n<meta name=\"twitter:creator\" content=\"@eldiario_net\" \/>\n<meta name=\"twitter:site\" content=\"@eldiario_net\" \/>\n<meta name=\"twitter:label1\" content=\"Escrito por\" \/>\n\t<meta name=\"twitter:data1\" content=\"Jeanette\" \/>\n\t<meta name=\"twitter:label2\" content=\"Tiempo de lectura\" \/>\n\t<meta name=\"twitter:data2\" content=\"2 minutos\" \/>\n<script type=\"application\/ld+json\" class=\"yoast-schema-graph\">{\"@context\":\"https:\\\/\\\/schema.org\",\"@graph\":[{\"@type\":\"Article\",\"@id\":\"https:\\\/\\\/www.eldiario.net\\\/portal\\\/2026\\\/08\\\/17\\\/xiaomi-prepara-un-plegable-wide\\\/#article\",\"isPartOf\":{\"@id\":\"https:\\\/\\\/www.eldiario.net\\\/portal\\\/2026\\\/08\\\/17\\\/xiaomi-prepara-un-plegable-wide\\\/\"},\"author\":{\"name\":\"Jeanette\",\"@id\":\"https:\\\/\\\/www.eldiario.net\\\/portal\\\/#\\\/schema\\\/person\\\/2c57cf2b7a7ae032e449e4c9b1019eac\"},\"headline\":\"Xiaomi prepara un plegable \u201cwide\u201d\",\"datePublished\":\"2026-08-17T04:34:33+00:00\",\"mainEntityOfPage\":{\"@id\":\"https:\\\/\\\/www.eldiario.net\\\/portal\\\/2026\\\/08\\\/17\\\/xiaomi-prepara-un-plegable-wide\\\/\"},\"wordCount\":427,\"publisher\":{\"@id\":\"https:\\\/\\\/www.eldiario.net\\\/portal\\\/#organization\"},\"image\":{\"@id\":\"https:\\\/\\\/www.eldiario.net\\\/portal\\\/2026\\\/08\\\/17\\\/xiaomi-prepara-un-plegable-wide\\\/#primaryimage\"},\"thumbnailUrl\":\"https:\\\/\\\/www.eldiario.net\\\/portal\\\/wp-content\\\/uploads\\\/2026\\\/08\\\/6-B-1-1.webp\",\"articleSection\":[\"Ciencia y Computaci\u00f3n\"],\"inLanguage\":\"es\"},{\"@type\":\"WebPage\",\"@id\":\"https:\\\/\\\/www.eldiario.net\\\/portal\\\/2026\\\/08\\\/17\\\/xiaomi-prepara-un-plegable-wide\\\/\",\"url\":\"https:\\\/\\\/www.eldiario.net\\\/portal\\\/2026\\\/08\\\/17\\\/xiaomi-prepara-un-plegable-wide\\\/\",\"name\":\"Xiaomi prepara un plegable \u201cwide\u201d - El Diario - Bolivia\",\"isPartOf\":{\"@id\":\"https:\\\/\\\/www.eldiario.net\\\/portal\\\/#website\"},\"primaryImageOfPage\":{\"@id\":\"https:\\\/\\\/www.eldiario.net\\\/portal\\\/2026\\\/08\\\/17\\\/xiaomi-prepara-un-plegable-wide\\\/#primaryimage\"},\"image\":{\"@id\":\"https:\\\/\\\/www.eldiario.net\\\/portal\\\/2026\\\/08\\\/17\\\/xiaomi-prepara-un-plegable-wide\\\/#primaryimage\"},\"thumbnailUrl\":\"https:\\\/\\\/www.eldiario.net\\\/portal\\\/wp-content\\\/uploads\\\/2026\\\/08\\\/6-B-1-1.webp\",\"datePublished\":\"2026-08-17T04:34:33+00:00\",\"breadcrumb\":{\"@id\":\"https:\\\/\\\/www.eldiario.net\\\/portal\\\/2026\\\/08\\\/17\\\/xiaomi-prepara-un-plegable-wide\\\/#breadcrumb\"},\"inLanguage\":\"es\",\"potentialAction\":[{\"@type\":\"ReadAction\",\"target\":[\"https:\\\/\\\/www.eldiario.net\\\/portal\\\/2026\\\/08\\\/17\\\/xiaomi-prepara-un-plegable-wide\\\/\"]}]},{\"@type\":\"ImageObject\",\"inLanguage\":\"es\",\"@id\":\"https:\\\/\\\/www.eldiario.net\\\/portal\\\/2026\\\/08\\\/17\\\/xiaomi-prepara-un-plegable-wide\\\/#primaryimage\",\"url\":\"https:\\\/\\\/www.eldiario.net\\\/portal\\\/wp-content\\\/uploads\\\/2026\\\/08\\\/6-B-1-1.webp\",\"contentUrl\":\"https:\\\/\\\/www.eldiario.net\\\/portal\\\/wp-content\\\/uploads\\\/2026\\\/08\\\/6-B-1-1.webp\",\"width\":657,\"height\":396},{\"@type\":\"BreadcrumbList\",\"@id\":\"https:\\\/\\\/www.eldiario.net\\\/portal\\\/2026\\\/08\\\/17\\\/xiaomi-prepara-un-plegable-wide\\\/#breadcrumb\",\"itemListElement\":[{\"@type\":\"ListItem\",\"position\":1,\"name\":\"Portada\",\"item\":\"https:\\\/\\\/www.eldiario.net\\\/portal\\\/\"},{\"@type\":\"ListItem\",\"position\":2,\"name\":\"Xiaomi prepara un plegable \u201cwide\u201d\"}]},{\"@type\":\"WebSite\",\"@id\":\"https:\\\/\\\/www.eldiario.net\\\/portal\\\/#website\",\"url\":\"https:\\\/\\\/www.eldiario.net\\\/portal\\\/\",\"name\":\"El Diario - Decano de la prensa nacional\",\"description\":\"El Diario - Decano de la prensa nacional\",\"publisher\":{\"@id\":\"https:\\\/\\\/www.eldiario.net\\\/portal\\\/#organization\"},\"potentialAction\":[{\"@type\":\"SearchAction\",\"target\":{\"@type\":\"EntryPoint\",\"urlTemplate\":\"https:\\\/\\\/www.eldiario.net\\\/portal\\\/?s={search_term_string}\"},\"query-input\":{\"@type\":\"PropertyValueSpecification\",\"valueRequired\":true,\"valueName\":\"search_term_string\"}}],\"inLanguage\":\"es\"},{\"@type\":\"Organization\",\"@id\":\"https:\\\/\\\/www.eldiario.net\\\/portal\\\/#organization\",\"name\":\"El Diario - Decano de la prensa nacional\",\"url\":\"https:\\\/\\\/www.eldiario.net\\\/portal\\\/\",\"logo\":{\"@type\":\"ImageObject\",\"inLanguage\":\"es\",\"@id\":\"https:\\\/\\\/www.eldiario.net\\\/portal\\\/#\\\/schema\\\/logo\\\/image\\\/\",\"url\":\"https:\\\/\\\/www.eldiario.net\\\/portal\\\/wp-content\\\/uploads\\\/2023\\\/07\\\/logo_ED.jpg\",\"contentUrl\":\"https:\\\/\\\/www.eldiario.net\\\/portal\\\/wp-content\\\/uploads\\\/2023\\\/07\\\/logo_ED.jpg\",\"width\":272,\"height\":52,\"caption\":\"El Diario - Decano de la prensa nacional\"},\"image\":{\"@id\":\"https:\\\/\\\/www.eldiario.net\\\/portal\\\/#\\\/schema\\\/logo\\\/image\\\/\"},\"sameAs\":[\"https:\\\/\\\/www.facebook.com\\\/eldiario.bolivia\\\/\",\"https:\\\/\\\/x.com\\\/eldiario_net\"]},{\"@type\":\"Person\",\"@id\":\"https:\\\/\\\/www.eldiario.net\\\/portal\\\/#\\\/schema\\\/person\\\/2c57cf2b7a7ae032e449e4c9b1019eac\",\"name\":\"Jeanette\",\"image\":{\"@type\":\"ImageObject\",\"inLanguage\":\"es\",\"@id\":\"https:\\\/\\\/secure.gravatar.com\\\/avatar\\\/3ea2118a5f7dad2b7138b1187a6b7ee55f160b9968b66013c3a3ef39dd7e5798?s=96&d=mm&r=g\",\"url\":\"https:\\\/\\\/secure.gravatar.com\\\/avatar\\\/3ea2118a5f7dad2b7138b1187a6b7ee55f160b9968b66013c3a3ef39dd7e5798?s=96&d=mm&r=g\",\"contentUrl\":\"https:\\\/\\\/secure.gravatar.com\\\/avatar\\\/3ea2118a5f7dad2b7138b1187a6b7ee55f160b9968b66013c3a3ef39dd7e5798?s=96&d=mm&r=g\",\"caption\":\"Jeanette\"},\"sameAs\":[\"https:\\\/\\\/www.eldiario.net\\\/portal\"],\"url\":\"https:\\\/\\\/www.eldiario.net\\\/portal\\\/author\\\/jeanette\\\/\"}]}<\/script>\n<!-- \/ Yoast SEO plugin. -->","yoast_head_json":{"title":"Xiaomi prepara un plegable \u201cwide\u201d - El Diario - Bolivia","robots":{"index":"index","follow":"follow","max-snippet":"max-snippet:-1","max-image-preview":"max-image-preview:large","max-video-preview":"max-video-preview:-1"},"canonical":"https:\/\/www.eldiario.net\/portal\/2026\/08\/17\/xiaomi-prepara-un-plegable-wide\/","og_locale":"es_ES","og_type":"article","og_title":"Xiaomi prepara un plegable \u201cwide\u201d - El Diario - Bolivia","og_description":"La industria de los smartphones plegables sigue sumando protagonistas y ahora es Xiaomi quien aparece en escena con un modelo que apunta directamente al segmento de los dispositivos de pantalla ancha. La filtraci\u00f3n surge de una promoci\u00f3n oficial de la compa\u00f1\u00eda, en la que se observa un tel\u00e9fono in\u00e9dito dentro de su cat\u00e1logo. Un formato [&hellip;]","og_url":"https:\/\/www.eldiario.net\/portal\/2026\/08\/17\/xiaomi-prepara-un-plegable-wide\/","og_site_name":"El Diario - Bolivia","article_publisher":"https:\/\/www.facebook.com\/eldiario.bolivia\/","article_published_time":"2026-08-17T04:34:33+00:00","og_image":[{"width":657,"height":396,"url":"https:\/\/www.eldiario.net\/portal\/wp-content\/uploads\/2026\/08\/6-B-1-1.webp","type":"image\/webp"}],"author":"Jeanette","twitter_card":"summary_large_image","twitter_creator":"@eldiario_net","twitter_site":"@eldiario_net","twitter_misc":{"Escrito por":"Jeanette","Tiempo de lectura":"2 minutos"},"schema":{"@context":"https:\/\/schema.org","@graph":[{"@type":"Article","@id":"https:\/\/www.eldiario.net\/portal\/2026\/08\/17\/xiaomi-prepara-un-plegable-wide\/#article","isPartOf":{"@id":"https:\/\/www.eldiario.net\/portal\/2026\/08\/17\/xiaomi-prepara-un-plegable-wide\/"},"author":{"name":"Jeanette","@id":"https:\/\/www.eldiario.net\/portal\/#\/schema\/person\/2c57cf2b7a7ae032e449e4c9b1019eac"},"headline":"Xiaomi prepara un plegable \u201cwide\u201d","datePublished":"2026-08-17T04:34:33+00:00","mainEntityOfPage":{"@id":"https:\/\/www.eldiario.net\/portal\/2026\/08\/17\/xiaomi-prepara-un-plegable-wide\/"},"wordCount":427,"publisher":{"@id":"https:\/\/www.eldiario.net\/portal\/#organization"},"image":{"@id":"https:\/\/www.eldiario.net\/portal\/2026\/08\/17\/xiaomi-prepara-un-plegable-wide\/#primaryimage"},"thumbnailUrl":"https:\/\/www.eldiario.net\/portal\/wp-content\/uploads\/2026\/08\/6-B-1-1.webp","articleSection":["Ciencia y Computaci\u00f3n"],"inLanguage":"es"},{"@type":"WebPage","@id":"https:\/\/www.eldiario.net\/portal\/2026\/08\/17\/xiaomi-prepara-un-plegable-wide\/","url":"https:\/\/www.eldiario.net\/portal\/2026\/08\/17\/xiaomi-prepara-un-plegable-wide\/","name":"Xiaomi prepara un plegable \u201cwide\u201d - El Diario - Bolivia","isPartOf":{"@id":"https:\/\/www.eldiario.net\/portal\/#website"},"primaryImageOfPage":{"@id":"https:\/\/www.eldiario.net\/portal\/2026\/08\/17\/xiaomi-prepara-un-plegable-wide\/#primaryimage"},"image":{"@id":"https:\/\/www.eldiario.net\/portal\/2026\/08\/17\/xiaomi-prepara-un-plegable-wide\/#primaryimage"},"thumbnailUrl":"https:\/\/www.eldiario.net\/portal\/wp-content\/uploads\/2026\/08\/6-B-1-1.webp","datePublished":"2026-08-17T04:34:33+00:00","breadcrumb":{"@id":"https:\/\/www.eldiario.net\/portal\/2026\/08\/17\/xiaomi-prepara-un-plegable-wide\/#breadcrumb"},"inLanguage":"es","potentialAction":[{"@type":"ReadAction","target":["https:\/\/www.eldiario.net\/portal\/2026\/08\/17\/xiaomi-prepara-un-plegable-wide\/"]}]},{"@type":"ImageObject","inLanguage":"es","@id":"https:\/\/www.eldiario.net\/portal\/2026\/08\/17\/xiaomi-prepara-un-plegable-wide\/#primaryimage","url":"https:\/\/www.eldiario.net\/portal\/wp-content\/uploads\/2026\/08\/6-B-1-1.webp","contentUrl":"https:\/\/www.eldiario.net\/portal\/wp-content\/uploads\/2026\/08\/6-B-1-1.webp","width":657,"height":396},{"@type":"BreadcrumbList","@id":"https:\/\/www.eldiario.net\/portal\/2026\/08\/17\/xiaomi-prepara-un-plegable-wide\/#breadcrumb","itemListElement":[{"@type":"ListItem","position":1,"name":"Portada","item":"https:\/\/www.eldiario.net\/portal\/"},{"@type":"ListItem","position":2,"name":"Xiaomi prepara un plegable \u201cwide\u201d"}]},{"@type":"WebSite","@id":"https:\/\/www.eldiario.net\/portal\/#website","url":"https:\/\/www.eldiario.net\/portal\/","name":"El Diario - Decano de la prensa nacional","description":"El Diario - Decano de la prensa nacional","publisher":{"@id":"https:\/\/www.eldiario.net\/portal\/#organization"},"potentialAction":[{"@type":"SearchAction","target":{"@type":"EntryPoint","urlTemplate":"https:\/\/www.eldiario.net\/portal\/?s={search_term_string}"},"query-input":{"@type":"PropertyValueSpecification","valueRequired":true,"valueName":"search_term_string"}}],"inLanguage":"es"},{"@type":"Organization","@id":"https:\/\/www.eldiario.net\/portal\/#organization","name":"El Diario - Decano de la prensa nacional","url":"https:\/\/www.eldiario.net\/portal\/","logo":{"@type":"ImageObject","inLanguage":"es","@id":"https:\/\/www.eldiario.net\/portal\/#\/schema\/logo\/image\/","url":"https:\/\/www.eldiario.net\/portal\/wp-content\/uploads\/2023\/07\/logo_ED.jpg","contentUrl":"https:\/\/www.eldiario.net\/portal\/wp-content\/uploads\/2023\/07\/logo_ED.jpg","width":272,"height":52,"caption":"El Diario - Decano de la prensa nacional"},"image":{"@id":"https:\/\/www.eldiario.net\/portal\/#\/schema\/logo\/image\/"},"sameAs":["https:\/\/www.facebook.com\/eldiario.bolivia\/","https:\/\/x.com\/eldiario_net"]},{"@type":"Person","@id":"https:\/\/www.eldiario.net\/portal\/#\/schema\/person\/2c57cf2b7a7ae032e449e4c9b1019eac","name":"Jeanette","image":{"@type":"ImageObject","inLanguage":"es","@id":"https:\/\/secure.gravatar.com\/avatar\/3ea2118a5f7dad2b7138b1187a6b7ee55f160b9968b66013c3a3ef39dd7e5798?s=96&d=mm&r=g","url":"https:\/\/secure.gravatar.com\/avatar\/3ea2118a5f7dad2b7138b1187a6b7ee55f160b9968b66013c3a3ef39dd7e5798?s=96&d=mm&r=g","contentUrl":"https:\/\/secure.gravatar.com\/avatar\/3ea2118a5f7dad2b7138b1187a6b7ee55f160b9968b66013c3a3ef39dd7e5798?s=96&d=mm&r=g","caption":"Jeanette"},"sameAs":["https:\/\/www.eldiario.net\/portal"],"url":"https:\/\/www.eldiario.net\/portal\/author\/jeanette\/"}]}},"_links":{"self":[{"href":"https:\/\/www.eldiario.net\/portal\/wp-json\/wp\/v2\/posts\/421923","targetHints":{"allow":["GET"]}}],"collection":[{"href":"https:\/\/www.eldiario.net\/portal\/wp-json\/wp\/v2\/posts"}],"about":[{"href":"https:\/\/www.eldiario.net\/portal\/wp-json\/wp\/v2\/types\/post"}],"author":[{"embeddable":true,"href":"https:\/\/www.eldiario.net\/portal\/wp-json\/wp\/v2\/users\/1"}],"replies":[{"embeddable":true,"href":"https:\/\/www.eldiario.net\/portal\/wp-json\/wp\/v2\/comments?post=421923"}],"version-history":[{"count":1,"href":"https:\/\/www.eldiario.net\/portal\/wp-json\/wp\/v2\/posts\/421923\/revisions"}],"predecessor-version":[{"id":421925,"href":"https:\/\/www.eldiario.net\/portal\/wp-json\/wp\/v2\/posts\/421923\/revisions\/421925"}],"wp:featuredmedia":[{"embeddable":true,"href":"https:\/\/www.eldiario.net\/portal\/wp-json\/wp\/v2\/media\/421924"}],"wp:attachment":[{"href":"https:\/\/www.eldiario.net\/portal\/wp-json\/wp\/v2\/media?parent=421923"}],"wp:term":[{"taxonomy":"category","embeddable":true,"href":"https:\/\/www.eldiario.net\/portal\/wp-json\/wp\/v2\/categories?post=421923"},{"taxonomy":"post_tag","embeddable":true,"href":"https:\/\/www.eldiario.net\/portal\/wp-json\/wp\/v2\/tags?post=421923"}],"curies":[{"name":"wp","href":"https:\/\/api.w.org\/{rel}","templated":true}]}}