{"id":421909,"date":"2026-08-16T08:25:14","date_gmt":"2026-08-16T12:25:14","guid":{"rendered":"https:\/\/www.eldiario.net\/portal\/?p=421909"},"modified":"2026-08-16T08:25:14","modified_gmt":"2026-08-16T12:25:14","slug":"11-de-agosto-dia-del-nutricionista","status":"publish","type":"post","link":"https:\/\/www.eldiario.net\/portal\/2026\/08\/16\/11-de-agosto-dia-del-nutricionista\/","title":{"rendered":"11 DE AGOSTO: D\u00cdA DEL NUTRICIONISTA"},"content":{"rendered":"<p>Vocaci\u00f3n que construye salud p\u00fablica<\/p>\n<p>Cada 11 de agosto, Bolivia conmemora a quienes hacen de la alimentaci\u00f3n un pilar fundamental del bienestar colectivo. En el sistema de seguridad social a corto plazo, as\u00ed como en el \u00e1mbito p\u00fablico y privado, la nutricionista de salud p\u00fablica cumple una labor esencial que va mucho m\u00e1s all\u00e1 de una simple recomendaci\u00f3n alimentaria: somos agentes de cambio, promotores de derechos y garantes de una atenci\u00f3n integral para toda la poblaci\u00f3n.<\/p>\n<p>Nuestras funciones abarcan acciones que transforman vidas:<\/p>\n<p>&#8211; El manejo especializado de ni\u00f1os y ni\u00f1as con desnutrici\u00f3n cr\u00f3nica y aguda en las Unidades de Nutrici\u00f3n Integral, donde aplicamos protocolos, hacemos seguimiento continuo y acompa\u00f1amos a las familias hasta lograr su recuperaci\u00f3n completa.<\/p>\n<p>&#8211; La promoci\u00f3n y prevenci\u00f3n en nutrici\u00f3n, difundiendo h\u00e1bitos saludables, rescatando alimentos tradicionales y combatiendo tanto la desnutrici\u00f3n como las enfermedades cr\u00f3nicas relacionadas con la alimentaci\u00f3n.<\/p>\n<p>&#8211; La atenci\u00f3n prioritaria a grupos vulnerables: gestantes, menores de 5 a\u00f1os, adultos mayores y personas con discapacidad, asegurando que reciban el cuidado nutricional adecuado en cada etapa de su vida.<\/p>\n<p>&#8211; La gesti\u00f3n y vigilancia de los programas alimentarios oficiales: alimentos complementarios Nutribebe, Nutrimama y Carmelo, adem\u00e1s del Alimento Complementario Escolar, garantizando su correcta distribuci\u00f3n, uso y beneficio real para quienes lo necesitan.<\/p>\n<p>Sin embargo, en este d\u00eda tambi\u00e9n debemos reconocer una realidad: a\u00fan existen espacios en el primer nivel de atenci\u00f3n que no cuentan con un profesional nutricionista, a pesar de ser el punto de contacto m\u00e1s cercano con la comunidad y el lugar ideal para prevenir y detectar a tiempo cualquier problema nutricional. Esta carencia no es un motivo para detenernos, sino una invitaci\u00f3n a redoblar esfuerzos: en estas fechas debemos motivarnos con mayor fuerza para abrir esos espacios, visibilizar nuestra importancia y trabajar incansablemente hasta que cada centro de salud cuente con el respaldo de un profesional de la nutrici\u00f3n.<\/p>\n<p>La labor de la nutricionista es una tarea de persistencia, de compromiso y de amor por nuestra gente. Hoy celebramos a todos los colegas que, con recursos limitados y vocaci\u00f3n inmensa, siguen adelante cuidando la salud de Bolivia.<\/p>\n<p>\u00a1Feliz D\u00eda del Nutricionista!<\/p>\n<p>Lic. Jheymi Luz Blanco Si\u00f1ani<\/p>\n<p>Cel.: 64223242<\/p>\n<p><img loading=\"lazy\" decoding=\"async\" class=\"alignleft size-full wp-image-421911\" src=\"https:\/\/www.eldiario.net\/portal\/wp-content\/uploads\/2026\/08\/11-DE-AGOSTO-DIA-DEL-NUTRICIONISTA-2.webp\" alt=\"\" width=\"719\" height=\"916\" srcset=\"https:\/\/www.eldiario.net\/portal\/wp-content\/uploads\/2026\/08\/11-DE-AGOSTO-DIA-DEL-NUTRICIONISTA-2.webp 719w, https:\/\/www.eldiario.net\/portal\/wp-content\/uploads\/2026\/08\/11-DE-AGOSTO-DIA-DEL-NUTRICIONISTA-2-235x300.webp 235w, https:\/\/www.eldiario.net\/portal\/wp-content\/uploads\/2026\/08\/11-DE-AGOSTO-DIA-DEL-NUTRICIONISTA-2-330x420.webp 330w, https:\/\/www.eldiario.net\/portal\/wp-content\/uploads\/2026\/08\/11-DE-AGOSTO-DIA-DEL-NUTRICIONISTA-2-150x191.webp 150w, https:\/\/www.eldiario.net\/portal\/wp-content\/uploads\/2026\/08\/11-DE-AGOSTO-DIA-DEL-NUTRICIONISTA-2-300x382.webp 300w, https:\/\/www.eldiario.net\/portal\/wp-content\/uploads\/2026\/08\/11-DE-AGOSTO-DIA-DEL-NUTRICIONISTA-2-696x887.webp 696w\" sizes=\"auto, (max-width: 719px) 100vw, 719px\" \/><\/p>\n","protected":false},"excerpt":{"rendered":"<p>Vocaci\u00f3n que construye salud p\u00fablica Cada 11 de agosto, Bolivia conmemora a quienes hacen de la alimentaci\u00f3n un pilar fundamental del bienestar colectivo. En el sistema de seguridad social a corto plazo, as\u00ed como en el \u00e1mbito p\u00fablico y privado, la nutricionista de salud p\u00fablica cumple una labor esencial que va mucho m\u00e1s all\u00e1 de [&hellip;]<\/p>\n","protected":false},"author":1,"featured_media":421910,"comment_status":"closed","ping_status":"open","sticky":false,"template":"","format":"standard","meta":{"_acf_changed":false,"footnotes":""},"categories":[52],"tags":[],"class_list":["post-421909","post","type-post","status-publish","format-standard","has-post-thumbnail","category-de-salud-mas-vida"],"acf":{"antetitulo":""},"yoast_head":"<!-- This site is optimized with the Yoast SEO plugin v28.4 - https:\/\/yoast.com\/product\/yoast-seo-wordpress\/ -->\n<title>11 DE AGOSTO: D\u00cdA DEL NUTRICIONISTA - El Diario - Bolivia<\/title>\n<meta name=\"robots\" content=\"index, follow, max-snippet:-1, max-image-preview:large, max-video-preview:-1\" \/>\n<link rel=\"canonical\" href=\"https:\/\/www.eldiario.net\/portal\/2026\/08\/16\/11-de-agosto-dia-del-nutricionista\/\" \/>\n<meta property=\"og:locale\" content=\"es_ES\" \/>\n<meta property=\"og:type\" content=\"article\" \/>\n<meta property=\"og:title\" content=\"11 DE AGOSTO: D\u00cdA DEL NUTRICIONISTA - El Diario - Bolivia\" \/>\n<meta property=\"og:description\" content=\"Vocaci\u00f3n que construye salud p\u00fablica Cada 11 de agosto, Bolivia conmemora a quienes hacen de la alimentaci\u00f3n un pilar fundamental del bienestar colectivo. En el sistema de seguridad social a corto plazo, as\u00ed como en el \u00e1mbito p\u00fablico y privado, la nutricionista de salud p\u00fablica cumple una labor esencial que va mucho m\u00e1s all\u00e1 de [&hellip;]\" \/>\n<meta property=\"og:url\" content=\"https:\/\/www.eldiario.net\/portal\/2026\/08\/16\/11-de-agosto-dia-del-nutricionista\/\" \/>\n<meta property=\"og:site_name\" content=\"El Diario - Bolivia\" \/>\n<meta property=\"article:publisher\" content=\"https:\/\/www.facebook.com\/eldiario.bolivia\/\" \/>\n<meta property=\"article:published_time\" content=\"2026-08-16T12:25:14+00:00\" \/>\n<meta property=\"og:image\" content=\"https:\/\/www.eldiario.net\/portal\/wp-content\/uploads\/2026\/08\/11-DE-AGOSTO-DIA-DEL-NUTRICIONISTA.webp\" \/>\n\t<meta property=\"og:image:width\" content=\"1280\" \/>\n\t<meta property=\"og:image:height\" content=\"960\" \/>\n\t<meta property=\"og:image:type\" content=\"image\/webp\" \/>\n<meta name=\"author\" content=\"Jeanette\" \/>\n<meta name=\"twitter:card\" content=\"summary_large_image\" \/>\n<meta name=\"twitter:creator\" content=\"@eldiario_net\" \/>\n<meta name=\"twitter:site\" content=\"@eldiario_net\" \/>\n<meta name=\"twitter:label1\" content=\"Escrito por\" \/>\n\t<meta name=\"twitter:data1\" content=\"Jeanette\" \/>\n\t<meta name=\"twitter:label2\" content=\"Tiempo de lectura\" \/>\n\t<meta name=\"twitter:data2\" content=\"3 minutos\" \/>\n<script type=\"application\/ld+json\" class=\"yoast-schema-graph\">{\"@context\":\"https:\\\/\\\/schema.org\",\"@graph\":[{\"@type\":\"Article\",\"@id\":\"https:\\\/\\\/www.eldiario.net\\\/portal\\\/2026\\\/08\\\/16\\\/11-de-agosto-dia-del-nutricionista\\\/#article\",\"isPartOf\":{\"@id\":\"https:\\\/\\\/www.eldiario.net\\\/portal\\\/2026\\\/08\\\/16\\\/11-de-agosto-dia-del-nutricionista\\\/\"},\"author\":{\"name\":\"Jeanette\",\"@id\":\"https:\\\/\\\/www.eldiario.net\\\/portal\\\/#\\\/schema\\\/person\\\/2c57cf2b7a7ae032e449e4c9b1019eac\"},\"headline\":\"11 DE AGOSTO: D\u00cdA DEL NUTRICIONISTA\",\"datePublished\":\"2026-08-16T12:25:14+00:00\",\"mainEntityOfPage\":{\"@id\":\"https:\\\/\\\/www.eldiario.net\\\/portal\\\/2026\\\/08\\\/16\\\/11-de-agosto-dia-del-nutricionista\\\/\"},\"wordCount\":398,\"publisher\":{\"@id\":\"https:\\\/\\\/www.eldiario.net\\\/portal\\\/#organization\"},\"image\":{\"@id\":\"https:\\\/\\\/www.eldiario.net\\\/portal\\\/2026\\\/08\\\/16\\\/11-de-agosto-dia-del-nutricionista\\\/#primaryimage\"},\"thumbnailUrl\":\"https:\\\/\\\/www.eldiario.net\\\/portal\\\/wp-content\\\/uploads\\\/2026\\\/08\\\/11-DE-AGOSTO-DIA-DEL-NUTRICIONISTA.webp\",\"articleSection\":[\"De Salud + vida\"],\"inLanguage\":\"es\"},{\"@type\":\"WebPage\",\"@id\":\"https:\\\/\\\/www.eldiario.net\\\/portal\\\/2026\\\/08\\\/16\\\/11-de-agosto-dia-del-nutricionista\\\/\",\"url\":\"https:\\\/\\\/www.eldiario.net\\\/portal\\\/2026\\\/08\\\/16\\\/11-de-agosto-dia-del-nutricionista\\\/\",\"name\":\"11 DE AGOSTO: D\u00cdA DEL NUTRICIONISTA - El Diario - Bolivia\",\"isPartOf\":{\"@id\":\"https:\\\/\\\/www.eldiario.net\\\/portal\\\/#website\"},\"primaryImageOfPage\":{\"@id\":\"https:\\\/\\\/www.eldiario.net\\\/portal\\\/2026\\\/08\\\/16\\\/11-de-agosto-dia-del-nutricionista\\\/#primaryimage\"},\"image\":{\"@id\":\"https:\\\/\\\/www.eldiario.net\\\/portal\\\/2026\\\/08\\\/16\\\/11-de-agosto-dia-del-nutricionista\\\/#primaryimage\"},\"thumbnailUrl\":\"https:\\\/\\\/www.eldiario.net\\\/portal\\\/wp-content\\\/uploads\\\/2026\\\/08\\\/11-DE-AGOSTO-DIA-DEL-NUTRICIONISTA.webp\",\"datePublished\":\"2026-08-16T12:25:14+00:00\",\"breadcrumb\":{\"@id\":\"https:\\\/\\\/www.eldiario.net\\\/portal\\\/2026\\\/08\\\/16\\\/11-de-agosto-dia-del-nutricionista\\\/#breadcrumb\"},\"inLanguage\":\"es\",\"potentialAction\":[{\"@type\":\"ReadAction\",\"target\":[\"https:\\\/\\\/www.eldiario.net\\\/portal\\\/2026\\\/08\\\/16\\\/11-de-agosto-dia-del-nutricionista\\\/\"]}]},{\"@type\":\"ImageObject\",\"inLanguage\":\"es\",\"@id\":\"https:\\\/\\\/www.eldiario.net\\\/portal\\\/2026\\\/08\\\/16\\\/11-de-agosto-dia-del-nutricionista\\\/#primaryimage\",\"url\":\"https:\\\/\\\/www.eldiario.net\\\/portal\\\/wp-content\\\/uploads\\\/2026\\\/08\\\/11-DE-AGOSTO-DIA-DEL-NUTRICIONISTA.webp\",\"contentUrl\":\"https:\\\/\\\/www.eldiario.net\\\/portal\\\/wp-content\\\/uploads\\\/2026\\\/08\\\/11-DE-AGOSTO-DIA-DEL-NUTRICIONISTA.webp\",\"width\":1280,\"height\":960},{\"@type\":\"BreadcrumbList\",\"@id\":\"https:\\\/\\\/www.eldiario.net\\\/portal\\\/2026\\\/08\\\/16\\\/11-de-agosto-dia-del-nutricionista\\\/#breadcrumb\",\"itemListElement\":[{\"@type\":\"ListItem\",\"position\":1,\"name\":\"Portada\",\"item\":\"https:\\\/\\\/www.eldiario.net\\\/portal\\\/\"},{\"@type\":\"ListItem\",\"position\":2,\"name\":\"11 DE AGOSTO: D\u00cdA DEL NUTRICIONISTA\"}]},{\"@type\":\"WebSite\",\"@id\":\"https:\\\/\\\/www.eldiario.net\\\/portal\\\/#website\",\"url\":\"https:\\\/\\\/www.eldiario.net\\\/portal\\\/\",\"name\":\"El Diario - Decano de la prensa nacional\",\"description\":\"El Diario - Decano de la prensa nacional\",\"publisher\":{\"@id\":\"https:\\\/\\\/www.eldiario.net\\\/portal\\\/#organization\"},\"potentialAction\":[{\"@type\":\"SearchAction\",\"target\":{\"@type\":\"EntryPoint\",\"urlTemplate\":\"https:\\\/\\\/www.eldiario.net\\\/portal\\\/?s={search_term_string}\"},\"query-input\":{\"@type\":\"PropertyValueSpecification\",\"valueRequired\":true,\"valueName\":\"search_term_string\"}}],\"inLanguage\":\"es\"},{\"@type\":\"Organization\",\"@id\":\"https:\\\/\\\/www.eldiario.net\\\/portal\\\/#organization\",\"name\":\"El Diario - Decano de la prensa nacional\",\"url\":\"https:\\\/\\\/www.eldiario.net\\\/portal\\\/\",\"logo\":{\"@type\":\"ImageObject\",\"inLanguage\":\"es\",\"@id\":\"https:\\\/\\\/www.eldiario.net\\\/portal\\\/#\\\/schema\\\/logo\\\/image\\\/\",\"url\":\"https:\\\/\\\/www.eldiario.net\\\/portal\\\/wp-content\\\/uploads\\\/2023\\\/07\\\/logo_ED.jpg\",\"contentUrl\":\"https:\\\/\\\/www.eldiario.net\\\/portal\\\/wp-content\\\/uploads\\\/2023\\\/07\\\/logo_ED.jpg\",\"width\":272,\"height\":52,\"caption\":\"El Diario - Decano de la prensa nacional\"},\"image\":{\"@id\":\"https:\\\/\\\/www.eldiario.net\\\/portal\\\/#\\\/schema\\\/logo\\\/image\\\/\"},\"sameAs\":[\"https:\\\/\\\/www.facebook.com\\\/eldiario.bolivia\\\/\",\"https:\\\/\\\/x.com\\\/eldiario_net\"]},{\"@type\":\"Person\",\"@id\":\"https:\\\/\\\/www.eldiario.net\\\/portal\\\/#\\\/schema\\\/person\\\/2c57cf2b7a7ae032e449e4c9b1019eac\",\"name\":\"Jeanette\",\"image\":{\"@type\":\"ImageObject\",\"inLanguage\":\"es\",\"@id\":\"https:\\\/\\\/secure.gravatar.com\\\/avatar\\\/3ea2118a5f7dad2b7138b1187a6b7ee55f160b9968b66013c3a3ef39dd7e5798?s=96&d=mm&r=g\",\"url\":\"https:\\\/\\\/secure.gravatar.com\\\/avatar\\\/3ea2118a5f7dad2b7138b1187a6b7ee55f160b9968b66013c3a3ef39dd7e5798?s=96&d=mm&r=g\",\"contentUrl\":\"https:\\\/\\\/secure.gravatar.com\\\/avatar\\\/3ea2118a5f7dad2b7138b1187a6b7ee55f160b9968b66013c3a3ef39dd7e5798?s=96&d=mm&r=g\",\"caption\":\"Jeanette\"},\"sameAs\":[\"https:\\\/\\\/www.eldiario.net\\\/portal\"],\"url\":\"https:\\\/\\\/www.eldiario.net\\\/portal\\\/author\\\/jeanette\\\/\"}]}<\/script>\n<!-- \/ Yoast SEO plugin. -->","yoast_head_json":{"title":"11 DE AGOSTO: D\u00cdA DEL NUTRICIONISTA - El Diario - Bolivia","robots":{"index":"index","follow":"follow","max-snippet":"max-snippet:-1","max-image-preview":"max-image-preview:large","max-video-preview":"max-video-preview:-1"},"canonical":"https:\/\/www.eldiario.net\/portal\/2026\/08\/16\/11-de-agosto-dia-del-nutricionista\/","og_locale":"es_ES","og_type":"article","og_title":"11 DE AGOSTO: D\u00cdA DEL NUTRICIONISTA - El Diario - Bolivia","og_description":"Vocaci\u00f3n que construye salud p\u00fablica Cada 11 de agosto, Bolivia conmemora a quienes hacen de la alimentaci\u00f3n un pilar fundamental del bienestar colectivo. En el sistema de seguridad social a corto plazo, as\u00ed como en el \u00e1mbito p\u00fablico y privado, la nutricionista de salud p\u00fablica cumple una labor esencial que va mucho m\u00e1s all\u00e1 de [&hellip;]","og_url":"https:\/\/www.eldiario.net\/portal\/2026\/08\/16\/11-de-agosto-dia-del-nutricionista\/","og_site_name":"El Diario - Bolivia","article_publisher":"https:\/\/www.facebook.com\/eldiario.bolivia\/","article_published_time":"2026-08-16T12:25:14+00:00","og_image":[{"width":1280,"height":960,"url":"https:\/\/www.eldiario.net\/portal\/wp-content\/uploads\/2026\/08\/11-DE-AGOSTO-DIA-DEL-NUTRICIONISTA.webp","type":"image\/webp"}],"author":"Jeanette","twitter_card":"summary_large_image","twitter_creator":"@eldiario_net","twitter_site":"@eldiario_net","twitter_misc":{"Escrito por":"Jeanette","Tiempo de lectura":"3 minutos"},"schema":{"@context":"https:\/\/schema.org","@graph":[{"@type":"Article","@id":"https:\/\/www.eldiario.net\/portal\/2026\/08\/16\/11-de-agosto-dia-del-nutricionista\/#article","isPartOf":{"@id":"https:\/\/www.eldiario.net\/portal\/2026\/08\/16\/11-de-agosto-dia-del-nutricionista\/"},"author":{"name":"Jeanette","@id":"https:\/\/www.eldiario.net\/portal\/#\/schema\/person\/2c57cf2b7a7ae032e449e4c9b1019eac"},"headline":"11 DE AGOSTO: D\u00cdA DEL NUTRICIONISTA","datePublished":"2026-08-16T12:25:14+00:00","mainEntityOfPage":{"@id":"https:\/\/www.eldiario.net\/portal\/2026\/08\/16\/11-de-agosto-dia-del-nutricionista\/"},"wordCount":398,"publisher":{"@id":"https:\/\/www.eldiario.net\/portal\/#organization"},"image":{"@id":"https:\/\/www.eldiario.net\/portal\/2026\/08\/16\/11-de-agosto-dia-del-nutricionista\/#primaryimage"},"thumbnailUrl":"https:\/\/www.eldiario.net\/portal\/wp-content\/uploads\/2026\/08\/11-DE-AGOSTO-DIA-DEL-NUTRICIONISTA.webp","articleSection":["De Salud + vida"],"inLanguage":"es"},{"@type":"WebPage","@id":"https:\/\/www.eldiario.net\/portal\/2026\/08\/16\/11-de-agosto-dia-del-nutricionista\/","url":"https:\/\/www.eldiario.net\/portal\/2026\/08\/16\/11-de-agosto-dia-del-nutricionista\/","name":"11 DE AGOSTO: D\u00cdA DEL NUTRICIONISTA - El Diario - Bolivia","isPartOf":{"@id":"https:\/\/www.eldiario.net\/portal\/#website"},"primaryImageOfPage":{"@id":"https:\/\/www.eldiario.net\/portal\/2026\/08\/16\/11-de-agosto-dia-del-nutricionista\/#primaryimage"},"image":{"@id":"https:\/\/www.eldiario.net\/portal\/2026\/08\/16\/11-de-agosto-dia-del-nutricionista\/#primaryimage"},"thumbnailUrl":"https:\/\/www.eldiario.net\/portal\/wp-content\/uploads\/2026\/08\/11-DE-AGOSTO-DIA-DEL-NUTRICIONISTA.webp","datePublished":"2026-08-16T12:25:14+00:00","breadcrumb":{"@id":"https:\/\/www.eldiario.net\/portal\/2026\/08\/16\/11-de-agosto-dia-del-nutricionista\/#breadcrumb"},"inLanguage":"es","potentialAction":[{"@type":"ReadAction","target":["https:\/\/www.eldiario.net\/portal\/2026\/08\/16\/11-de-agosto-dia-del-nutricionista\/"]}]},{"@type":"ImageObject","inLanguage":"es","@id":"https:\/\/www.eldiario.net\/portal\/2026\/08\/16\/11-de-agosto-dia-del-nutricionista\/#primaryimage","url":"https:\/\/www.eldiario.net\/portal\/wp-content\/uploads\/2026\/08\/11-DE-AGOSTO-DIA-DEL-NUTRICIONISTA.webp","contentUrl":"https:\/\/www.eldiario.net\/portal\/wp-content\/uploads\/2026\/08\/11-DE-AGOSTO-DIA-DEL-NUTRICIONISTA.webp","width":1280,"height":960},{"@type":"BreadcrumbList","@id":"https:\/\/www.eldiario.net\/portal\/2026\/08\/16\/11-de-agosto-dia-del-nutricionista\/#breadcrumb","itemListElement":[{"@type":"ListItem","position":1,"name":"Portada","item":"https:\/\/www.eldiario.net\/portal\/"},{"@type":"ListItem","position":2,"name":"11 DE AGOSTO: D\u00cdA DEL NUTRICIONISTA"}]},{"@type":"WebSite","@id":"https:\/\/www.eldiario.net\/portal\/#website","url":"https:\/\/www.eldiario.net\/portal\/","name":"El Diario - Decano de la prensa nacional","description":"El Diario - Decano de la prensa nacional","publisher":{"@id":"https:\/\/www.eldiario.net\/portal\/#organization"},"potentialAction":[{"@type":"SearchAction","target":{"@type":"EntryPoint","urlTemplate":"https:\/\/www.eldiario.net\/portal\/?s={search_term_string}"},"query-input":{"@type":"PropertyValueSpecification","valueRequired":true,"valueName":"search_term_string"}}],"inLanguage":"es"},{"@type":"Organization","@id":"https:\/\/www.eldiario.net\/portal\/#organization","name":"El Diario - Decano de la prensa nacional","url":"https:\/\/www.eldiario.net\/portal\/","logo":{"@type":"ImageObject","inLanguage":"es","@id":"https:\/\/www.eldiario.net\/portal\/#\/schema\/logo\/image\/","url":"https:\/\/www.eldiario.net\/portal\/wp-content\/uploads\/2023\/07\/logo_ED.jpg","contentUrl":"https:\/\/www.eldiario.net\/portal\/wp-content\/uploads\/2023\/07\/logo_ED.jpg","width":272,"height":52,"caption":"El Diario - Decano de la prensa nacional"},"image":{"@id":"https:\/\/www.eldiario.net\/portal\/#\/schema\/logo\/image\/"},"sameAs":["https:\/\/www.facebook.com\/eldiario.bolivia\/","https:\/\/x.com\/eldiario_net"]},{"@type":"Person","@id":"https:\/\/www.eldiario.net\/portal\/#\/schema\/person\/2c57cf2b7a7ae032e449e4c9b1019eac","name":"Jeanette","image":{"@type":"ImageObject","inLanguage":"es","@id":"https:\/\/secure.gravatar.com\/avatar\/3ea2118a5f7dad2b7138b1187a6b7ee55f160b9968b66013c3a3ef39dd7e5798?s=96&d=mm&r=g","url":"https:\/\/secure.gravatar.com\/avatar\/3ea2118a5f7dad2b7138b1187a6b7ee55f160b9968b66013c3a3ef39dd7e5798?s=96&d=mm&r=g","contentUrl":"https:\/\/secure.gravatar.com\/avatar\/3ea2118a5f7dad2b7138b1187a6b7ee55f160b9968b66013c3a3ef39dd7e5798?s=96&d=mm&r=g","caption":"Jeanette"},"sameAs":["https:\/\/www.eldiario.net\/portal"],"url":"https:\/\/www.eldiario.net\/portal\/author\/jeanette\/"}]}},"_links":{"self":[{"href":"https:\/\/www.eldiario.net\/portal\/wp-json\/wp\/v2\/posts\/421909","targetHints":{"allow":["GET"]}}],"collection":[{"href":"https:\/\/www.eldiario.net\/portal\/wp-json\/wp\/v2\/posts"}],"about":[{"href":"https:\/\/www.eldiario.net\/portal\/wp-json\/wp\/v2\/types\/post"}],"author":[{"embeddable":true,"href":"https:\/\/www.eldiario.net\/portal\/wp-json\/wp\/v2\/users\/1"}],"replies":[{"embeddable":true,"href":"https:\/\/www.eldiario.net\/portal\/wp-json\/wp\/v2\/comments?post=421909"}],"version-history":[{"count":1,"href":"https:\/\/www.eldiario.net\/portal\/wp-json\/wp\/v2\/posts\/421909\/revisions"}],"predecessor-version":[{"id":421912,"href":"https:\/\/www.eldiario.net\/portal\/wp-json\/wp\/v2\/posts\/421909\/revisions\/421912"}],"wp:featuredmedia":[{"embeddable":true,"href":"https:\/\/www.eldiario.net\/portal\/wp-json\/wp\/v2\/media\/421910"}],"wp:attachment":[{"href":"https:\/\/www.eldiario.net\/portal\/wp-json\/wp\/v2\/media?parent=421909"}],"wp:term":[{"taxonomy":"category","embeddable":true,"href":"https:\/\/www.eldiario.net\/portal\/wp-json\/wp\/v2\/categories?post=421909"},{"taxonomy":"post_tag","embeddable":true,"href":"https:\/\/www.eldiario.net\/portal\/wp-json\/wp\/v2\/tags?post=421909"}],"curies":[{"name":"wp","href":"https:\/\/api.w.org\/{rel}","templated":true}]}}