{"id":421689,"date":"2026-08-16T06:42:32","date_gmt":"2026-08-16T10:42:32","guid":{"rendered":"https:\/\/www.eldiario.net\/portal\/?p=421689"},"modified":"2026-08-16T06:42:32","modified_gmt":"2026-08-16T10:42:32","slug":"caida-de-la-produccion-de-gas-impulsa-a-energias-alternativas","status":"publish","type":"post","link":"https:\/\/www.eldiario.net\/portal\/2026\/08\/16\/caida-de-la-produccion-de-gas-impulsa-a-energias-alternativas\/","title":{"rendered":"Ca\u00edda de la producci\u00f3n de gas impulsa a energ\u00edas alternativas"},"content":{"rendered":"<p>Debido a la declinaci\u00f3n de los campos de gas natural, las termoel\u00e9ctricas de ENDE corren el riesgo de producir menos electricidad y esto podr\u00eda derivar en apagones en los dos pr\u00f3ximos a\u00f1os. La alternativa para que ello no ocurra es que Bolivia tenga que importar gas natural a un precio diez veces superior al que se tiene en la actualidad.<br \/>\nOtra alternativa para frenar la crisis energ\u00e9tica es el impulso a las energ\u00edas renovables que permitan depender menos del gas natural y favorecer al medio ambiente con energ\u00edas limpias.<br \/>\nPara la transici\u00f3n energ\u00e9tica, adem\u00e1s del est\u00edmulo a la generaci\u00f3n de electricidad usando el sol, los vientos, el agua y los residuos de ingenios azucareros (biomasa), se necesita normas claras para atraer inversiones, una sana competencia con ENDE y tambi\u00e9n un regulador independiente.<br \/>\nEn esta oportunidad, Econom\u00eda y Empresa realiz\u00f3 una entrevista con el director ejecutivo de la Autoridad de Fiscalizaci\u00f3n de Electricidad y Tecnolog\u00eda Nuclear (AETN), Arturo D\u00e1valos, quien inform\u00f3 que el gobierno brinda un impulso fuerte a la Generaci\u00f3n Distribuida que abre la posibilidad para que en los hogares se pueda generar electricidad con paneles solares y esta energ\u00eda entregarla de d\u00eda a la empresa distribuidora, la cual puede devolverla por las noches, lo que tambi\u00e9n tiene como consecuencia la rebaja de la factura el\u00e9ctrica.<br \/>\nAdem\u00e1s, se est\u00e1 abriendo la mediana escala de la Generaci\u00f3n Distribuida para que empresarios privados instalen parques solares de mayor proporci\u00f3n y puedan comercializar electricidad, y cuando se apruebe la nueva Ley de Electricidad, se tendr\u00e1 una gran escala para que esto se repita con inversionistas internacionales y en dimensiones mucho mayores.<\/p>\n","protected":false},"excerpt":{"rendered":"<p>Debido a la declinaci\u00f3n de los campos de gas natural, las termoel\u00e9ctricas de ENDE corren el riesgo de producir menos electricidad y esto podr\u00eda derivar en apagones en los dos pr\u00f3ximos a\u00f1os. La alternativa para que ello no ocurra es que Bolivia tenga que importar gas natural a un precio diez veces superior al que [&hellip;]<\/p>\n","protected":false},"author":1,"featured_media":421690,"comment_status":"closed","ping_status":"open","sticky":false,"template":"","format":"standard","meta":{"_acf_changed":false,"footnotes":""},"categories":[15],"tags":[],"class_list":["post-421689","post","type-post","status-publish","format-standard","has-post-thumbnail","category-portada"],"acf":{"antetitulo":"Econom\u00eda y Empresa"},"yoast_head":"<!-- This site is optimized with the Yoast SEO plugin v28.3 - https:\/\/yoast.com\/product\/yoast-seo-wordpress\/ -->\n<title>Ca\u00edda de la producci\u00f3n de gas impulsa a energ\u00edas alternativas - El Diario - Bolivia<\/title>\n<meta name=\"robots\" content=\"index, follow, max-snippet:-1, max-image-preview:large, max-video-preview:-1\" \/>\n<link rel=\"canonical\" href=\"https:\/\/www.eldiario.net\/portal\/2026\/08\/16\/caida-de-la-produccion-de-gas-impulsa-a-energias-alternativas\/\" \/>\n<meta property=\"og:locale\" content=\"es_ES\" \/>\n<meta property=\"og:type\" content=\"article\" \/>\n<meta property=\"og:title\" content=\"Ca\u00edda de la producci\u00f3n de gas impulsa a energ\u00edas alternativas - El Diario - Bolivia\" \/>\n<meta property=\"og:description\" content=\"Debido a la declinaci\u00f3n de los campos de gas natural, las termoel\u00e9ctricas de ENDE corren el riesgo de producir menos electricidad y esto podr\u00eda derivar en apagones en los dos pr\u00f3ximos a\u00f1os. La alternativa para que ello no ocurra es que Bolivia tenga que importar gas natural a un precio diez veces superior al que [&hellip;]\" \/>\n<meta property=\"og:url\" content=\"https:\/\/www.eldiario.net\/portal\/2026\/08\/16\/caida-de-la-produccion-de-gas-impulsa-a-energias-alternativas\/\" \/>\n<meta property=\"og:site_name\" content=\"El Diario - Bolivia\" \/>\n<meta property=\"article:publisher\" content=\"https:\/\/www.facebook.com\/eldiario.bolivia\/\" \/>\n<meta property=\"article:published_time\" content=\"2026-08-16T10:42:32+00:00\" \/>\n<meta property=\"og:image\" content=\"https:\/\/www.eldiario.net\/portal\/wp-content\/uploads\/2026\/08\/panel-solar-EyE-10-cm-x-7.webp\" \/>\n\t<meta property=\"og:image:width\" content=\"740\" \/>\n\t<meta property=\"og:image:height\" content=\"414\" \/>\n\t<meta property=\"og:image:type\" content=\"image\/webp\" \/>\n<meta name=\"author\" content=\"Jeanette\" \/>\n<meta name=\"twitter:card\" content=\"summary_large_image\" \/>\n<meta name=\"twitter:creator\" content=\"@eldiario_net\" \/>\n<meta name=\"twitter:site\" content=\"@eldiario_net\" \/>\n<meta name=\"twitter:label1\" content=\"Escrito por\" \/>\n\t<meta name=\"twitter:data1\" content=\"Jeanette\" \/>\n\t<meta name=\"twitter:label2\" content=\"Tiempo de lectura\" \/>\n\t<meta name=\"twitter:data2\" content=\"2 minutos\" \/>\n<script type=\"application\/ld+json\" class=\"yoast-schema-graph\">{\"@context\":\"https:\\\/\\\/schema.org\",\"@graph\":[{\"@type\":\"Article\",\"@id\":\"https:\\\/\\\/www.eldiario.net\\\/portal\\\/2026\\\/08\\\/16\\\/caida-de-la-produccion-de-gas-impulsa-a-energias-alternativas\\\/#article\",\"isPartOf\":{\"@id\":\"https:\\\/\\\/www.eldiario.net\\\/portal\\\/2026\\\/08\\\/16\\\/caida-de-la-produccion-de-gas-impulsa-a-energias-alternativas\\\/\"},\"author\":{\"name\":\"Jeanette\",\"@id\":\"https:\\\/\\\/www.eldiario.net\\\/portal\\\/#\\\/schema\\\/person\\\/f46445640444750d7d753ccd04ae01b7\"},\"headline\":\"Ca\u00edda de la producci\u00f3n de gas impulsa a energ\u00edas alternativas\",\"datePublished\":\"2026-08-16T10:42:32+00:00\",\"mainEntityOfPage\":{\"@id\":\"https:\\\/\\\/www.eldiario.net\\\/portal\\\/2026\\\/08\\\/16\\\/caida-de-la-produccion-de-gas-impulsa-a-energias-alternativas\\\/\"},\"wordCount\":307,\"publisher\":{\"@id\":\"https:\\\/\\\/www.eldiario.net\\\/portal\\\/#organization\"},\"image\":{\"@id\":\"https:\\\/\\\/www.eldiario.net\\\/portal\\\/2026\\\/08\\\/16\\\/caida-de-la-produccion-de-gas-impulsa-a-energias-alternativas\\\/#primaryimage\"},\"thumbnailUrl\":\"https:\\\/\\\/www.eldiario.net\\\/portal\\\/wp-content\\\/uploads\\\/2026\\\/08\\\/panel-solar-EyE-10-cm-x-7.webp\",\"articleSection\":[\"Portada\"],\"inLanguage\":\"es\"},{\"@type\":\"WebPage\",\"@id\":\"https:\\\/\\\/www.eldiario.net\\\/portal\\\/2026\\\/08\\\/16\\\/caida-de-la-produccion-de-gas-impulsa-a-energias-alternativas\\\/\",\"url\":\"https:\\\/\\\/www.eldiario.net\\\/portal\\\/2026\\\/08\\\/16\\\/caida-de-la-produccion-de-gas-impulsa-a-energias-alternativas\\\/\",\"name\":\"Ca\u00edda de la producci\u00f3n de gas impulsa a energ\u00edas alternativas - El Diario - Bolivia\",\"isPartOf\":{\"@id\":\"https:\\\/\\\/www.eldiario.net\\\/portal\\\/#website\"},\"primaryImageOfPage\":{\"@id\":\"https:\\\/\\\/www.eldiario.net\\\/portal\\\/2026\\\/08\\\/16\\\/caida-de-la-produccion-de-gas-impulsa-a-energias-alternativas\\\/#primaryimage\"},\"image\":{\"@id\":\"https:\\\/\\\/www.eldiario.net\\\/portal\\\/2026\\\/08\\\/16\\\/caida-de-la-produccion-de-gas-impulsa-a-energias-alternativas\\\/#primaryimage\"},\"thumbnailUrl\":\"https:\\\/\\\/www.eldiario.net\\\/portal\\\/wp-content\\\/uploads\\\/2026\\\/08\\\/panel-solar-EyE-10-cm-x-7.webp\",\"datePublished\":\"2026-08-16T10:42:32+00:00\",\"breadcrumb\":{\"@id\":\"https:\\\/\\\/www.eldiario.net\\\/portal\\\/2026\\\/08\\\/16\\\/caida-de-la-produccion-de-gas-impulsa-a-energias-alternativas\\\/#breadcrumb\"},\"inLanguage\":\"es\",\"potentialAction\":[{\"@type\":\"ReadAction\",\"target\":[\"https:\\\/\\\/www.eldiario.net\\\/portal\\\/2026\\\/08\\\/16\\\/caida-de-la-produccion-de-gas-impulsa-a-energias-alternativas\\\/\"]}]},{\"@type\":\"ImageObject\",\"inLanguage\":\"es\",\"@id\":\"https:\\\/\\\/www.eldiario.net\\\/portal\\\/2026\\\/08\\\/16\\\/caida-de-la-produccion-de-gas-impulsa-a-energias-alternativas\\\/#primaryimage\",\"url\":\"https:\\\/\\\/www.eldiario.net\\\/portal\\\/wp-content\\\/uploads\\\/2026\\\/08\\\/panel-solar-EyE-10-cm-x-7.webp\",\"contentUrl\":\"https:\\\/\\\/www.eldiario.net\\\/portal\\\/wp-content\\\/uploads\\\/2026\\\/08\\\/panel-solar-EyE-10-cm-x-7.webp\",\"width\":740,\"height\":414,\"caption\":\"Panel solar: La energ\u00eda fotovoltaica es la que puede ingresar m\u00e1s pronto al sistema el\u00e9ctrico para frenar la crisis energ\u00e9tica.\"},{\"@type\":\"BreadcrumbList\",\"@id\":\"https:\\\/\\\/www.eldiario.net\\\/portal\\\/2026\\\/08\\\/16\\\/caida-de-la-produccion-de-gas-impulsa-a-energias-alternativas\\\/#breadcrumb\",\"itemListElement\":[{\"@type\":\"ListItem\",\"position\":1,\"name\":\"Portada\",\"item\":\"https:\\\/\\\/www.eldiario.net\\\/portal\\\/\"},{\"@type\":\"ListItem\",\"position\":2,\"name\":\"Ca\u00edda de la producci\u00f3n de gas impulsa a energ\u00edas alternativas\"}]},{\"@type\":\"WebSite\",\"@id\":\"https:\\\/\\\/www.eldiario.net\\\/portal\\\/#website\",\"url\":\"https:\\\/\\\/www.eldiario.net\\\/portal\\\/\",\"name\":\"El Diario - Decano de la prensa nacional\",\"description\":\"El Diario - Decano de la prensa nacional\",\"publisher\":{\"@id\":\"https:\\\/\\\/www.eldiario.net\\\/portal\\\/#organization\"},\"potentialAction\":[{\"@type\":\"SearchAction\",\"target\":{\"@type\":\"EntryPoint\",\"urlTemplate\":\"https:\\\/\\\/www.eldiario.net\\\/portal\\\/?s={search_term_string}\"},\"query-input\":{\"@type\":\"PropertyValueSpecification\",\"valueRequired\":true,\"valueName\":\"search_term_string\"}}],\"inLanguage\":\"es\"},{\"@type\":\"Organization\",\"@id\":\"https:\\\/\\\/www.eldiario.net\\\/portal\\\/#organization\",\"name\":\"El Diario - Decano de la prensa nacional\",\"url\":\"https:\\\/\\\/www.eldiario.net\\\/portal\\\/\",\"logo\":{\"@type\":\"ImageObject\",\"inLanguage\":\"es\",\"@id\":\"https:\\\/\\\/www.eldiario.net\\\/portal\\\/#\\\/schema\\\/logo\\\/image\\\/\",\"url\":\"https:\\\/\\\/www.eldiario.net\\\/portal\\\/wp-content\\\/uploads\\\/2023\\\/07\\\/logo_ED.jpg\",\"contentUrl\":\"https:\\\/\\\/www.eldiario.net\\\/portal\\\/wp-content\\\/uploads\\\/2023\\\/07\\\/logo_ED.jpg\",\"width\":272,\"height\":52,\"caption\":\"El Diario - Decano de la prensa nacional\"},\"image\":{\"@id\":\"https:\\\/\\\/www.eldiario.net\\\/portal\\\/#\\\/schema\\\/logo\\\/image\\\/\"},\"sameAs\":[\"https:\\\/\\\/www.facebook.com\\\/eldiario.bolivia\\\/\",\"https:\\\/\\\/x.com\\\/eldiario_net\"]},{\"@type\":\"Person\",\"@id\":\"https:\\\/\\\/www.eldiario.net\\\/portal\\\/#\\\/schema\\\/person\\\/f46445640444750d7d753ccd04ae01b7\",\"name\":\"Jeanette\",\"image\":{\"@type\":\"ImageObject\",\"inLanguage\":\"es\",\"@id\":\"https:\\\/\\\/secure.gravatar.com\\\/avatar\\\/3ea2118a5f7dad2b7138b1187a6b7ee55f160b9968b66013c3a3ef39dd7e5798?s=96&d=mm&r=g\",\"url\":\"https:\\\/\\\/secure.gravatar.com\\\/avatar\\\/3ea2118a5f7dad2b7138b1187a6b7ee55f160b9968b66013c3a3ef39dd7e5798?s=96&d=mm&r=g\",\"contentUrl\":\"https:\\\/\\\/secure.gravatar.com\\\/avatar\\\/3ea2118a5f7dad2b7138b1187a6b7ee55f160b9968b66013c3a3ef39dd7e5798?s=96&d=mm&r=g\",\"caption\":\"Jeanette\"},\"sameAs\":[\"https:\\\/\\\/www.eldiario.net\\\/portal\"],\"url\":\"https:\\\/\\\/www.eldiario.net\\\/portal\\\/author\\\/jeanette\\\/\"}]}<\/script>\n<!-- \/ Yoast SEO plugin. -->","yoast_head_json":{"title":"Ca\u00edda de la producci\u00f3n de gas impulsa a energ\u00edas alternativas - El Diario - Bolivia","robots":{"index":"index","follow":"follow","max-snippet":"max-snippet:-1","max-image-preview":"max-image-preview:large","max-video-preview":"max-video-preview:-1"},"canonical":"https:\/\/www.eldiario.net\/portal\/2026\/08\/16\/caida-de-la-produccion-de-gas-impulsa-a-energias-alternativas\/","og_locale":"es_ES","og_type":"article","og_title":"Ca\u00edda de la producci\u00f3n de gas impulsa a energ\u00edas alternativas - El Diario - Bolivia","og_description":"Debido a la declinaci\u00f3n de los campos de gas natural, las termoel\u00e9ctricas de ENDE corren el riesgo de producir menos electricidad y esto podr\u00eda derivar en apagones en los dos pr\u00f3ximos a\u00f1os. La alternativa para que ello no ocurra es que Bolivia tenga que importar gas natural a un precio diez veces superior al que [&hellip;]","og_url":"https:\/\/www.eldiario.net\/portal\/2026\/08\/16\/caida-de-la-produccion-de-gas-impulsa-a-energias-alternativas\/","og_site_name":"El Diario - Bolivia","article_publisher":"https:\/\/www.facebook.com\/eldiario.bolivia\/","article_published_time":"2026-08-16T10:42:32+00:00","og_image":[{"width":740,"height":414,"url":"https:\/\/www.eldiario.net\/portal\/wp-content\/uploads\/2026\/08\/panel-solar-EyE-10-cm-x-7.webp","type":"image\/webp"}],"author":"Jeanette","twitter_card":"summary_large_image","twitter_creator":"@eldiario_net","twitter_site":"@eldiario_net","twitter_misc":{"Escrito por":"Jeanette","Tiempo de lectura":"2 minutos"},"schema":{"@context":"https:\/\/schema.org","@graph":[{"@type":"Article","@id":"https:\/\/www.eldiario.net\/portal\/2026\/08\/16\/caida-de-la-produccion-de-gas-impulsa-a-energias-alternativas\/#article","isPartOf":{"@id":"https:\/\/www.eldiario.net\/portal\/2026\/08\/16\/caida-de-la-produccion-de-gas-impulsa-a-energias-alternativas\/"},"author":{"name":"Jeanette","@id":"https:\/\/www.eldiario.net\/portal\/#\/schema\/person\/f46445640444750d7d753ccd04ae01b7"},"headline":"Ca\u00edda de la producci\u00f3n de gas impulsa a energ\u00edas alternativas","datePublished":"2026-08-16T10:42:32+00:00","mainEntityOfPage":{"@id":"https:\/\/www.eldiario.net\/portal\/2026\/08\/16\/caida-de-la-produccion-de-gas-impulsa-a-energias-alternativas\/"},"wordCount":307,"publisher":{"@id":"https:\/\/www.eldiario.net\/portal\/#organization"},"image":{"@id":"https:\/\/www.eldiario.net\/portal\/2026\/08\/16\/caida-de-la-produccion-de-gas-impulsa-a-energias-alternativas\/#primaryimage"},"thumbnailUrl":"https:\/\/www.eldiario.net\/portal\/wp-content\/uploads\/2026\/08\/panel-solar-EyE-10-cm-x-7.webp","articleSection":["Portada"],"inLanguage":"es"},{"@type":"WebPage","@id":"https:\/\/www.eldiario.net\/portal\/2026\/08\/16\/caida-de-la-produccion-de-gas-impulsa-a-energias-alternativas\/","url":"https:\/\/www.eldiario.net\/portal\/2026\/08\/16\/caida-de-la-produccion-de-gas-impulsa-a-energias-alternativas\/","name":"Ca\u00edda de la producci\u00f3n de gas impulsa a energ\u00edas alternativas - El Diario - Bolivia","isPartOf":{"@id":"https:\/\/www.eldiario.net\/portal\/#website"},"primaryImageOfPage":{"@id":"https:\/\/www.eldiario.net\/portal\/2026\/08\/16\/caida-de-la-produccion-de-gas-impulsa-a-energias-alternativas\/#primaryimage"},"image":{"@id":"https:\/\/www.eldiario.net\/portal\/2026\/08\/16\/caida-de-la-produccion-de-gas-impulsa-a-energias-alternativas\/#primaryimage"},"thumbnailUrl":"https:\/\/www.eldiario.net\/portal\/wp-content\/uploads\/2026\/08\/panel-solar-EyE-10-cm-x-7.webp","datePublished":"2026-08-16T10:42:32+00:00","breadcrumb":{"@id":"https:\/\/www.eldiario.net\/portal\/2026\/08\/16\/caida-de-la-produccion-de-gas-impulsa-a-energias-alternativas\/#breadcrumb"},"inLanguage":"es","potentialAction":[{"@type":"ReadAction","target":["https:\/\/www.eldiario.net\/portal\/2026\/08\/16\/caida-de-la-produccion-de-gas-impulsa-a-energias-alternativas\/"]}]},{"@type":"ImageObject","inLanguage":"es","@id":"https:\/\/www.eldiario.net\/portal\/2026\/08\/16\/caida-de-la-produccion-de-gas-impulsa-a-energias-alternativas\/#primaryimage","url":"https:\/\/www.eldiario.net\/portal\/wp-content\/uploads\/2026\/08\/panel-solar-EyE-10-cm-x-7.webp","contentUrl":"https:\/\/www.eldiario.net\/portal\/wp-content\/uploads\/2026\/08\/panel-solar-EyE-10-cm-x-7.webp","width":740,"height":414,"caption":"Panel solar: La energ\u00eda fotovoltaica es la que puede ingresar m\u00e1s pronto al sistema el\u00e9ctrico para frenar la crisis energ\u00e9tica."},{"@type":"BreadcrumbList","@id":"https:\/\/www.eldiario.net\/portal\/2026\/08\/16\/caida-de-la-produccion-de-gas-impulsa-a-energias-alternativas\/#breadcrumb","itemListElement":[{"@type":"ListItem","position":1,"name":"Portada","item":"https:\/\/www.eldiario.net\/portal\/"},{"@type":"ListItem","position":2,"name":"Ca\u00edda de la producci\u00f3n de gas impulsa a energ\u00edas alternativas"}]},{"@type":"WebSite","@id":"https:\/\/www.eldiario.net\/portal\/#website","url":"https:\/\/www.eldiario.net\/portal\/","name":"El Diario - Decano de la prensa nacional","description":"El Diario - Decano de la prensa nacional","publisher":{"@id":"https:\/\/www.eldiario.net\/portal\/#organization"},"potentialAction":[{"@type":"SearchAction","target":{"@type":"EntryPoint","urlTemplate":"https:\/\/www.eldiario.net\/portal\/?s={search_term_string}"},"query-input":{"@type":"PropertyValueSpecification","valueRequired":true,"valueName":"search_term_string"}}],"inLanguage":"es"},{"@type":"Organization","@id":"https:\/\/www.eldiario.net\/portal\/#organization","name":"El Diario - Decano de la prensa nacional","url":"https:\/\/www.eldiario.net\/portal\/","logo":{"@type":"ImageObject","inLanguage":"es","@id":"https:\/\/www.eldiario.net\/portal\/#\/schema\/logo\/image\/","url":"https:\/\/www.eldiario.net\/portal\/wp-content\/uploads\/2023\/07\/logo_ED.jpg","contentUrl":"https:\/\/www.eldiario.net\/portal\/wp-content\/uploads\/2023\/07\/logo_ED.jpg","width":272,"height":52,"caption":"El Diario - Decano de la prensa nacional"},"image":{"@id":"https:\/\/www.eldiario.net\/portal\/#\/schema\/logo\/image\/"},"sameAs":["https:\/\/www.facebook.com\/eldiario.bolivia\/","https:\/\/x.com\/eldiario_net"]},{"@type":"Person","@id":"https:\/\/www.eldiario.net\/portal\/#\/schema\/person\/f46445640444750d7d753ccd04ae01b7","name":"Jeanette","image":{"@type":"ImageObject","inLanguage":"es","@id":"https:\/\/secure.gravatar.com\/avatar\/3ea2118a5f7dad2b7138b1187a6b7ee55f160b9968b66013c3a3ef39dd7e5798?s=96&d=mm&r=g","url":"https:\/\/secure.gravatar.com\/avatar\/3ea2118a5f7dad2b7138b1187a6b7ee55f160b9968b66013c3a3ef39dd7e5798?s=96&d=mm&r=g","contentUrl":"https:\/\/secure.gravatar.com\/avatar\/3ea2118a5f7dad2b7138b1187a6b7ee55f160b9968b66013c3a3ef39dd7e5798?s=96&d=mm&r=g","caption":"Jeanette"},"sameAs":["https:\/\/www.eldiario.net\/portal"],"url":"https:\/\/www.eldiario.net\/portal\/author\/jeanette\/"}]}},"_links":{"self":[{"href":"https:\/\/www.eldiario.net\/portal\/wp-json\/wp\/v2\/posts\/421689","targetHints":{"allow":["GET"]}}],"collection":[{"href":"https:\/\/www.eldiario.net\/portal\/wp-json\/wp\/v2\/posts"}],"about":[{"href":"https:\/\/www.eldiario.net\/portal\/wp-json\/wp\/v2\/types\/post"}],"author":[{"embeddable":true,"href":"https:\/\/www.eldiario.net\/portal\/wp-json\/wp\/v2\/users\/1"}],"replies":[{"embeddable":true,"href":"https:\/\/www.eldiario.net\/portal\/wp-json\/wp\/v2\/comments?post=421689"}],"version-history":[{"count":1,"href":"https:\/\/www.eldiario.net\/portal\/wp-json\/wp\/v2\/posts\/421689\/revisions"}],"predecessor-version":[{"id":421691,"href":"https:\/\/www.eldiario.net\/portal\/wp-json\/wp\/v2\/posts\/421689\/revisions\/421691"}],"wp:featuredmedia":[{"embeddable":true,"href":"https:\/\/www.eldiario.net\/portal\/wp-json\/wp\/v2\/media\/421690"}],"wp:attachment":[{"href":"https:\/\/www.eldiario.net\/portal\/wp-json\/wp\/v2\/media?parent=421689"}],"wp:term":[{"taxonomy":"category","embeddable":true,"href":"https:\/\/www.eldiario.net\/portal\/wp-json\/wp\/v2\/categories?post=421689"},{"taxonomy":"post_tag","embeddable":true,"href":"https:\/\/www.eldiario.net\/portal\/wp-json\/wp\/v2\/tags?post=421689"}],"curies":[{"name":"wp","href":"https:\/\/api.w.org\/{rel}","templated":true}]}}