{"id":421683,"date":"2026-08-16T06:40:20","date_gmt":"2026-08-16T10:40:20","guid":{"rendered":"https:\/\/www.eldiario.net\/portal\/?p=421683"},"modified":"2026-08-16T06:40:20","modified_gmt":"2026-08-16T10:40:20","slug":"dos-terremotos-de-magnitud-77-y-69-sacuden-a-indonesia","status":"publish","type":"post","link":"https:\/\/www.eldiario.net\/portal\/2026\/08\/16\/dos-terremotos-de-magnitud-77-y-69-sacuden-a-indonesia\/","title":{"rendered":"Dos terremotos de magnitud 7,7 y 6,9 sacuden a Indonesia"},"content":{"rendered":"<p>Indonesia fue sacudida ayer por dos potentes terremotos, dejando un saldo inicial de 38 muertos tras el primero de ellos. El sismo m\u00e1s devastador, de magnitud 7,7, impact\u00f3 la costa de la isla de Flores, al este del archipi\u00e9lago.<br \/>\nSu epicentro se localiz\u00f3 a 62 kil\u00f3metros al noroeste de Ende, la ciudad m\u00e1s poblada de Flores, a una profundidad de 10 kil\u00f3metros y ocurri\u00f3 cerca de las 6:00 de la ma\u00f1ana.<br \/>\nHoras despu\u00e9s, un segundo terremoto de magnitud 6,8 sacudi\u00f3 el norte de Sumatra, a 158 kil\u00f3metros de profundidad.<br \/>\nLa cifra m\u00e1s reciente de v\u00edctimas fue proporcionada por la Agencia Nacional de Gesti\u00f3n de Desastres (BNPB, por sus siglas en indonesio) en una actualizaci\u00f3n publicada el s\u00e1bado por la noche. Adem\u00e1s, 50 personas resultaron heridas o gravemente heridas, inform\u00f3 la BNPB. Unas 2.000 personas fueron evacuadas.<br \/>\nLa agencia inform\u00f3 que inicialmente se emiti\u00f3 una alerta de tsunami, pero posteriormente fue levantada. Algunas olas de hasta 1 metro (3 pies) de altura fueron registradas en Maurole, Ende, seg\u00fan la Agencia de Meteorolog\u00eda, Climatolog\u00eda y Geof\u00edsica de Indonesia.<\/p>\n<p>&nbsp;<\/p>\n","protected":false},"excerpt":{"rendered":"<p>Indonesia fue sacudida ayer por dos potentes terremotos, dejando un saldo inicial de 38 muertos tras el primero de ellos. El sismo m\u00e1s devastador, de magnitud 7,7, impact\u00f3 la costa de la isla de Flores, al este del archipi\u00e9lago. Su epicentro se localiz\u00f3 a 62 kil\u00f3metros al noroeste de Ende, la ciudad m\u00e1s poblada de [&hellip;]<\/p>\n","protected":false},"author":1,"featured_media":421684,"comment_status":"closed","ping_status":"open","sticky":false,"template":"","format":"standard","meta":{"_acf_changed":false,"footnotes":""},"categories":[15],"tags":[],"class_list":["post-421683","post","type-post","status-publish","format-standard","has-post-thumbnail","category-portada"],"acf":{"antetitulo":"Causan decenas de fallecidos"},"yoast_head":"<!-- This site is optimized with the Yoast SEO plugin v28.3 - https:\/\/yoast.com\/product\/yoast-seo-wordpress\/ -->\n<title>Dos terremotos de magnitud 7,7 y 6,9 sacuden a Indonesia - El Diario - Bolivia<\/title>\n<meta name=\"robots\" content=\"index, follow, max-snippet:-1, max-image-preview:large, max-video-preview:-1\" \/>\n<link rel=\"canonical\" href=\"https:\/\/www.eldiario.net\/portal\/2026\/08\/16\/dos-terremotos-de-magnitud-77-y-69-sacuden-a-indonesia\/\" \/>\n<meta property=\"og:locale\" content=\"es_ES\" \/>\n<meta property=\"og:type\" content=\"article\" \/>\n<meta property=\"og:title\" content=\"Dos terremotos de magnitud 7,7 y 6,9 sacuden a Indonesia - El Diario - Bolivia\" \/>\n<meta property=\"og:description\" content=\"Indonesia fue sacudida ayer por dos potentes terremotos, dejando un saldo inicial de 38 muertos tras el primero de ellos. El sismo m\u00e1s devastador, de magnitud 7,7, impact\u00f3 la costa de la isla de Flores, al este del archipi\u00e9lago. Su epicentro se localiz\u00f3 a 62 kil\u00f3metros al noroeste de Ende, la ciudad m\u00e1s poblada de [&hellip;]\" \/>\n<meta property=\"og:url\" content=\"https:\/\/www.eldiario.net\/portal\/2026\/08\/16\/dos-terremotos-de-magnitud-77-y-69-sacuden-a-indonesia\/\" \/>\n<meta property=\"og:site_name\" content=\"El Diario - Bolivia\" \/>\n<meta property=\"article:publisher\" content=\"https:\/\/www.facebook.com\/eldiario.bolivia\/\" \/>\n<meta property=\"article:published_time\" content=\"2026-08-16T10:40:20+00:00\" \/>\n<meta property=\"og:image\" content=\"https:\/\/www.eldiario.net\/portal\/wp-content\/uploads\/2026\/08\/Indonesia-El-Heraldo.webp\" \/>\n\t<meta property=\"og:image:width\" content=\"1200\" \/>\n\t<meta property=\"og:image:height\" content=\"630\" \/>\n\t<meta property=\"og:image:type\" content=\"image\/webp\" \/>\n<meta name=\"author\" content=\"Jeanette\" \/>\n<meta name=\"twitter:card\" content=\"summary_large_image\" \/>\n<meta name=\"twitter:creator\" content=\"@eldiario_net\" \/>\n<meta name=\"twitter:site\" content=\"@eldiario_net\" \/>\n<meta name=\"twitter:label1\" content=\"Escrito por\" \/>\n\t<meta name=\"twitter:data1\" content=\"Jeanette\" \/>\n\t<meta name=\"twitter:label2\" content=\"Tiempo de lectura\" \/>\n\t<meta name=\"twitter:data2\" content=\"2 minutos\" \/>\n<script type=\"application\/ld+json\" class=\"yoast-schema-graph\">{\"@context\":\"https:\\\/\\\/schema.org\",\"@graph\":[{\"@type\":\"Article\",\"@id\":\"https:\\\/\\\/www.eldiario.net\\\/portal\\\/2026\\\/08\\\/16\\\/dos-terremotos-de-magnitud-77-y-69-sacuden-a-indonesia\\\/#article\",\"isPartOf\":{\"@id\":\"https:\\\/\\\/www.eldiario.net\\\/portal\\\/2026\\\/08\\\/16\\\/dos-terremotos-de-magnitud-77-y-69-sacuden-a-indonesia\\\/\"},\"author\":{\"name\":\"Jeanette\",\"@id\":\"https:\\\/\\\/www.eldiario.net\\\/portal\\\/#\\\/schema\\\/person\\\/f46445640444750d7d753ccd04ae01b7\"},\"headline\":\"Dos terremotos de magnitud 7,7 y 6,9 sacuden a Indonesia\",\"datePublished\":\"2026-08-16T10:40:20+00:00\",\"mainEntityOfPage\":{\"@id\":\"https:\\\/\\\/www.eldiario.net\\\/portal\\\/2026\\\/08\\\/16\\\/dos-terremotos-de-magnitud-77-y-69-sacuden-a-indonesia\\\/\"},\"wordCount\":192,\"publisher\":{\"@id\":\"https:\\\/\\\/www.eldiario.net\\\/portal\\\/#organization\"},\"image\":{\"@id\":\"https:\\\/\\\/www.eldiario.net\\\/portal\\\/2026\\\/08\\\/16\\\/dos-terremotos-de-magnitud-77-y-69-sacuden-a-indonesia\\\/#primaryimage\"},\"thumbnailUrl\":\"https:\\\/\\\/www.eldiario.net\\\/portal\\\/wp-content\\\/uploads\\\/2026\\\/08\\\/Indonesia-El-Heraldo.webp\",\"articleSection\":[\"Portada\"],\"inLanguage\":\"es\"},{\"@type\":\"WebPage\",\"@id\":\"https:\\\/\\\/www.eldiario.net\\\/portal\\\/2026\\\/08\\\/16\\\/dos-terremotos-de-magnitud-77-y-69-sacuden-a-indonesia\\\/\",\"url\":\"https:\\\/\\\/www.eldiario.net\\\/portal\\\/2026\\\/08\\\/16\\\/dos-terremotos-de-magnitud-77-y-69-sacuden-a-indonesia\\\/\",\"name\":\"Dos terremotos de magnitud 7,7 y 6,9 sacuden a Indonesia - El Diario - Bolivia\",\"isPartOf\":{\"@id\":\"https:\\\/\\\/www.eldiario.net\\\/portal\\\/#website\"},\"primaryImageOfPage\":{\"@id\":\"https:\\\/\\\/www.eldiario.net\\\/portal\\\/2026\\\/08\\\/16\\\/dos-terremotos-de-magnitud-77-y-69-sacuden-a-indonesia\\\/#primaryimage\"},\"image\":{\"@id\":\"https:\\\/\\\/www.eldiario.net\\\/portal\\\/2026\\\/08\\\/16\\\/dos-terremotos-de-magnitud-77-y-69-sacuden-a-indonesia\\\/#primaryimage\"},\"thumbnailUrl\":\"https:\\\/\\\/www.eldiario.net\\\/portal\\\/wp-content\\\/uploads\\\/2026\\\/08\\\/Indonesia-El-Heraldo.webp\",\"datePublished\":\"2026-08-16T10:40:20+00:00\",\"breadcrumb\":{\"@id\":\"https:\\\/\\\/www.eldiario.net\\\/portal\\\/2026\\\/08\\\/16\\\/dos-terremotos-de-magnitud-77-y-69-sacuden-a-indonesia\\\/#breadcrumb\"},\"inLanguage\":\"es\",\"potentialAction\":[{\"@type\":\"ReadAction\",\"target\":[\"https:\\\/\\\/www.eldiario.net\\\/portal\\\/2026\\\/08\\\/16\\\/dos-terremotos-de-magnitud-77-y-69-sacuden-a-indonesia\\\/\"]}]},{\"@type\":\"ImageObject\",\"inLanguage\":\"es\",\"@id\":\"https:\\\/\\\/www.eldiario.net\\\/portal\\\/2026\\\/08\\\/16\\\/dos-terremotos-de-magnitud-77-y-69-sacuden-a-indonesia\\\/#primaryimage\",\"url\":\"https:\\\/\\\/www.eldiario.net\\\/portal\\\/wp-content\\\/uploads\\\/2026\\\/08\\\/Indonesia-El-Heraldo.webp\",\"contentUrl\":\"https:\\\/\\\/www.eldiario.net\\\/portal\\\/wp-content\\\/uploads\\\/2026\\\/08\\\/Indonesia-El-Heraldo.webp\",\"width\":1200,\"height\":630,\"caption\":\"Casi 50 muertos y 2.000 desalojados dejan los dos terremotos registrados en Indonesia. CR\u00c9DITO: El Heraldo\"},{\"@type\":\"BreadcrumbList\",\"@id\":\"https:\\\/\\\/www.eldiario.net\\\/portal\\\/2026\\\/08\\\/16\\\/dos-terremotos-de-magnitud-77-y-69-sacuden-a-indonesia\\\/#breadcrumb\",\"itemListElement\":[{\"@type\":\"ListItem\",\"position\":1,\"name\":\"Portada\",\"item\":\"https:\\\/\\\/www.eldiario.net\\\/portal\\\/\"},{\"@type\":\"ListItem\",\"position\":2,\"name\":\"Dos terremotos de magnitud 7,7 y 6,9 sacuden a Indonesia\"}]},{\"@type\":\"WebSite\",\"@id\":\"https:\\\/\\\/www.eldiario.net\\\/portal\\\/#website\",\"url\":\"https:\\\/\\\/www.eldiario.net\\\/portal\\\/\",\"name\":\"El Diario - Decano de la prensa nacional\",\"description\":\"El Diario - Decano de la prensa nacional\",\"publisher\":{\"@id\":\"https:\\\/\\\/www.eldiario.net\\\/portal\\\/#organization\"},\"potentialAction\":[{\"@type\":\"SearchAction\",\"target\":{\"@type\":\"EntryPoint\",\"urlTemplate\":\"https:\\\/\\\/www.eldiario.net\\\/portal\\\/?s={search_term_string}\"},\"query-input\":{\"@type\":\"PropertyValueSpecification\",\"valueRequired\":true,\"valueName\":\"search_term_string\"}}],\"inLanguage\":\"es\"},{\"@type\":\"Organization\",\"@id\":\"https:\\\/\\\/www.eldiario.net\\\/portal\\\/#organization\",\"name\":\"El Diario - Decano de la prensa nacional\",\"url\":\"https:\\\/\\\/www.eldiario.net\\\/portal\\\/\",\"logo\":{\"@type\":\"ImageObject\",\"inLanguage\":\"es\",\"@id\":\"https:\\\/\\\/www.eldiario.net\\\/portal\\\/#\\\/schema\\\/logo\\\/image\\\/\",\"url\":\"https:\\\/\\\/www.eldiario.net\\\/portal\\\/wp-content\\\/uploads\\\/2023\\\/07\\\/logo_ED.jpg\",\"contentUrl\":\"https:\\\/\\\/www.eldiario.net\\\/portal\\\/wp-content\\\/uploads\\\/2023\\\/07\\\/logo_ED.jpg\",\"width\":272,\"height\":52,\"caption\":\"El Diario - Decano de la prensa nacional\"},\"image\":{\"@id\":\"https:\\\/\\\/www.eldiario.net\\\/portal\\\/#\\\/schema\\\/logo\\\/image\\\/\"},\"sameAs\":[\"https:\\\/\\\/www.facebook.com\\\/eldiario.bolivia\\\/\",\"https:\\\/\\\/x.com\\\/eldiario_net\"]},{\"@type\":\"Person\",\"@id\":\"https:\\\/\\\/www.eldiario.net\\\/portal\\\/#\\\/schema\\\/person\\\/f46445640444750d7d753ccd04ae01b7\",\"name\":\"Jeanette\",\"image\":{\"@type\":\"ImageObject\",\"inLanguage\":\"es\",\"@id\":\"https:\\\/\\\/secure.gravatar.com\\\/avatar\\\/3ea2118a5f7dad2b7138b1187a6b7ee55f160b9968b66013c3a3ef39dd7e5798?s=96&d=mm&r=g\",\"url\":\"https:\\\/\\\/secure.gravatar.com\\\/avatar\\\/3ea2118a5f7dad2b7138b1187a6b7ee55f160b9968b66013c3a3ef39dd7e5798?s=96&d=mm&r=g\",\"contentUrl\":\"https:\\\/\\\/secure.gravatar.com\\\/avatar\\\/3ea2118a5f7dad2b7138b1187a6b7ee55f160b9968b66013c3a3ef39dd7e5798?s=96&d=mm&r=g\",\"caption\":\"Jeanette\"},\"sameAs\":[\"https:\\\/\\\/www.eldiario.net\\\/portal\"],\"url\":\"https:\\\/\\\/www.eldiario.net\\\/portal\\\/author\\\/jeanette\\\/\"}]}<\/script>\n<!-- \/ Yoast SEO plugin. -->","yoast_head_json":{"title":"Dos terremotos de magnitud 7,7 y 6,9 sacuden a Indonesia - El Diario - Bolivia","robots":{"index":"index","follow":"follow","max-snippet":"max-snippet:-1","max-image-preview":"max-image-preview:large","max-video-preview":"max-video-preview:-1"},"canonical":"https:\/\/www.eldiario.net\/portal\/2026\/08\/16\/dos-terremotos-de-magnitud-77-y-69-sacuden-a-indonesia\/","og_locale":"es_ES","og_type":"article","og_title":"Dos terremotos de magnitud 7,7 y 6,9 sacuden a Indonesia - El Diario - Bolivia","og_description":"Indonesia fue sacudida ayer por dos potentes terremotos, dejando un saldo inicial de 38 muertos tras el primero de ellos. El sismo m\u00e1s devastador, de magnitud 7,7, impact\u00f3 la costa de la isla de Flores, al este del archipi\u00e9lago. Su epicentro se localiz\u00f3 a 62 kil\u00f3metros al noroeste de Ende, la ciudad m\u00e1s poblada de [&hellip;]","og_url":"https:\/\/www.eldiario.net\/portal\/2026\/08\/16\/dos-terremotos-de-magnitud-77-y-69-sacuden-a-indonesia\/","og_site_name":"El Diario - Bolivia","article_publisher":"https:\/\/www.facebook.com\/eldiario.bolivia\/","article_published_time":"2026-08-16T10:40:20+00:00","og_image":[{"width":1200,"height":630,"url":"https:\/\/www.eldiario.net\/portal\/wp-content\/uploads\/2026\/08\/Indonesia-El-Heraldo.webp","type":"image\/webp"}],"author":"Jeanette","twitter_card":"summary_large_image","twitter_creator":"@eldiario_net","twitter_site":"@eldiario_net","twitter_misc":{"Escrito por":"Jeanette","Tiempo de lectura":"2 minutos"},"schema":{"@context":"https:\/\/schema.org","@graph":[{"@type":"Article","@id":"https:\/\/www.eldiario.net\/portal\/2026\/08\/16\/dos-terremotos-de-magnitud-77-y-69-sacuden-a-indonesia\/#article","isPartOf":{"@id":"https:\/\/www.eldiario.net\/portal\/2026\/08\/16\/dos-terremotos-de-magnitud-77-y-69-sacuden-a-indonesia\/"},"author":{"name":"Jeanette","@id":"https:\/\/www.eldiario.net\/portal\/#\/schema\/person\/f46445640444750d7d753ccd04ae01b7"},"headline":"Dos terremotos de magnitud 7,7 y 6,9 sacuden a Indonesia","datePublished":"2026-08-16T10:40:20+00:00","mainEntityOfPage":{"@id":"https:\/\/www.eldiario.net\/portal\/2026\/08\/16\/dos-terremotos-de-magnitud-77-y-69-sacuden-a-indonesia\/"},"wordCount":192,"publisher":{"@id":"https:\/\/www.eldiario.net\/portal\/#organization"},"image":{"@id":"https:\/\/www.eldiario.net\/portal\/2026\/08\/16\/dos-terremotos-de-magnitud-77-y-69-sacuden-a-indonesia\/#primaryimage"},"thumbnailUrl":"https:\/\/www.eldiario.net\/portal\/wp-content\/uploads\/2026\/08\/Indonesia-El-Heraldo.webp","articleSection":["Portada"],"inLanguage":"es"},{"@type":"WebPage","@id":"https:\/\/www.eldiario.net\/portal\/2026\/08\/16\/dos-terremotos-de-magnitud-77-y-69-sacuden-a-indonesia\/","url":"https:\/\/www.eldiario.net\/portal\/2026\/08\/16\/dos-terremotos-de-magnitud-77-y-69-sacuden-a-indonesia\/","name":"Dos terremotos de magnitud 7,7 y 6,9 sacuden a Indonesia - El Diario - Bolivia","isPartOf":{"@id":"https:\/\/www.eldiario.net\/portal\/#website"},"primaryImageOfPage":{"@id":"https:\/\/www.eldiario.net\/portal\/2026\/08\/16\/dos-terremotos-de-magnitud-77-y-69-sacuden-a-indonesia\/#primaryimage"},"image":{"@id":"https:\/\/www.eldiario.net\/portal\/2026\/08\/16\/dos-terremotos-de-magnitud-77-y-69-sacuden-a-indonesia\/#primaryimage"},"thumbnailUrl":"https:\/\/www.eldiario.net\/portal\/wp-content\/uploads\/2026\/08\/Indonesia-El-Heraldo.webp","datePublished":"2026-08-16T10:40:20+00:00","breadcrumb":{"@id":"https:\/\/www.eldiario.net\/portal\/2026\/08\/16\/dos-terremotos-de-magnitud-77-y-69-sacuden-a-indonesia\/#breadcrumb"},"inLanguage":"es","potentialAction":[{"@type":"ReadAction","target":["https:\/\/www.eldiario.net\/portal\/2026\/08\/16\/dos-terremotos-de-magnitud-77-y-69-sacuden-a-indonesia\/"]}]},{"@type":"ImageObject","inLanguage":"es","@id":"https:\/\/www.eldiario.net\/portal\/2026\/08\/16\/dos-terremotos-de-magnitud-77-y-69-sacuden-a-indonesia\/#primaryimage","url":"https:\/\/www.eldiario.net\/portal\/wp-content\/uploads\/2026\/08\/Indonesia-El-Heraldo.webp","contentUrl":"https:\/\/www.eldiario.net\/portal\/wp-content\/uploads\/2026\/08\/Indonesia-El-Heraldo.webp","width":1200,"height":630,"caption":"Casi 50 muertos y 2.000 desalojados dejan los dos terremotos registrados en Indonesia. CR\u00c9DITO: El Heraldo"},{"@type":"BreadcrumbList","@id":"https:\/\/www.eldiario.net\/portal\/2026\/08\/16\/dos-terremotos-de-magnitud-77-y-69-sacuden-a-indonesia\/#breadcrumb","itemListElement":[{"@type":"ListItem","position":1,"name":"Portada","item":"https:\/\/www.eldiario.net\/portal\/"},{"@type":"ListItem","position":2,"name":"Dos terremotos de magnitud 7,7 y 6,9 sacuden a Indonesia"}]},{"@type":"WebSite","@id":"https:\/\/www.eldiario.net\/portal\/#website","url":"https:\/\/www.eldiario.net\/portal\/","name":"El Diario - Decano de la prensa nacional","description":"El Diario - Decano de la prensa nacional","publisher":{"@id":"https:\/\/www.eldiario.net\/portal\/#organization"},"potentialAction":[{"@type":"SearchAction","target":{"@type":"EntryPoint","urlTemplate":"https:\/\/www.eldiario.net\/portal\/?s={search_term_string}"},"query-input":{"@type":"PropertyValueSpecification","valueRequired":true,"valueName":"search_term_string"}}],"inLanguage":"es"},{"@type":"Organization","@id":"https:\/\/www.eldiario.net\/portal\/#organization","name":"El Diario - Decano de la prensa nacional","url":"https:\/\/www.eldiario.net\/portal\/","logo":{"@type":"ImageObject","inLanguage":"es","@id":"https:\/\/www.eldiario.net\/portal\/#\/schema\/logo\/image\/","url":"https:\/\/www.eldiario.net\/portal\/wp-content\/uploads\/2023\/07\/logo_ED.jpg","contentUrl":"https:\/\/www.eldiario.net\/portal\/wp-content\/uploads\/2023\/07\/logo_ED.jpg","width":272,"height":52,"caption":"El Diario - Decano de la prensa nacional"},"image":{"@id":"https:\/\/www.eldiario.net\/portal\/#\/schema\/logo\/image\/"},"sameAs":["https:\/\/www.facebook.com\/eldiario.bolivia\/","https:\/\/x.com\/eldiario_net"]},{"@type":"Person","@id":"https:\/\/www.eldiario.net\/portal\/#\/schema\/person\/f46445640444750d7d753ccd04ae01b7","name":"Jeanette","image":{"@type":"ImageObject","inLanguage":"es","@id":"https:\/\/secure.gravatar.com\/avatar\/3ea2118a5f7dad2b7138b1187a6b7ee55f160b9968b66013c3a3ef39dd7e5798?s=96&d=mm&r=g","url":"https:\/\/secure.gravatar.com\/avatar\/3ea2118a5f7dad2b7138b1187a6b7ee55f160b9968b66013c3a3ef39dd7e5798?s=96&d=mm&r=g","contentUrl":"https:\/\/secure.gravatar.com\/avatar\/3ea2118a5f7dad2b7138b1187a6b7ee55f160b9968b66013c3a3ef39dd7e5798?s=96&d=mm&r=g","caption":"Jeanette"},"sameAs":["https:\/\/www.eldiario.net\/portal"],"url":"https:\/\/www.eldiario.net\/portal\/author\/jeanette\/"}]}},"_links":{"self":[{"href":"https:\/\/www.eldiario.net\/portal\/wp-json\/wp\/v2\/posts\/421683","targetHints":{"allow":["GET"]}}],"collection":[{"href":"https:\/\/www.eldiario.net\/portal\/wp-json\/wp\/v2\/posts"}],"about":[{"href":"https:\/\/www.eldiario.net\/portal\/wp-json\/wp\/v2\/types\/post"}],"author":[{"embeddable":true,"href":"https:\/\/www.eldiario.net\/portal\/wp-json\/wp\/v2\/users\/1"}],"replies":[{"embeddable":true,"href":"https:\/\/www.eldiario.net\/portal\/wp-json\/wp\/v2\/comments?post=421683"}],"version-history":[{"count":1,"href":"https:\/\/www.eldiario.net\/portal\/wp-json\/wp\/v2\/posts\/421683\/revisions"}],"predecessor-version":[{"id":421685,"href":"https:\/\/www.eldiario.net\/portal\/wp-json\/wp\/v2\/posts\/421683\/revisions\/421685"}],"wp:featuredmedia":[{"embeddable":true,"href":"https:\/\/www.eldiario.net\/portal\/wp-json\/wp\/v2\/media\/421684"}],"wp:attachment":[{"href":"https:\/\/www.eldiario.net\/portal\/wp-json\/wp\/v2\/media?parent=421683"}],"wp:term":[{"taxonomy":"category","embeddable":true,"href":"https:\/\/www.eldiario.net\/portal\/wp-json\/wp\/v2\/categories?post=421683"},{"taxonomy":"post_tag","embeddable":true,"href":"https:\/\/www.eldiario.net\/portal\/wp-json\/wp\/v2\/tags?post=421683"}],"curies":[{"name":"wp","href":"https:\/\/api.w.org\/{rel}","templated":true}]}}