{"id":421546,"date":"2026-08-15T07:15:14","date_gmt":"2026-08-15T11:15:14","guid":{"rendered":"https:\/\/www.eldiario.net\/portal\/?p=421546"},"modified":"2026-08-15T07:15:14","modified_gmt":"2026-08-15T11:15:14","slug":"acribillan-a-un-hombre-dentro-de-una-barberia","status":"publish","type":"post","link":"https:\/\/www.eldiario.net\/portal\/2026\/08\/15\/acribillan-a-un-hombre-dentro-de-una-barberia\/","title":{"rendered":"Acribillan a un hombre dentro de una barber\u00eda"},"content":{"rendered":"<p>Un hombre fue asesinado ayer dentro de una barber\u00eda en San Mat\u00edas, en el departamento de Santa Cruz, luego de que sujetos armados ingresaran al establecimiento y abrieran fuego contra la v\u00edctima. Los responsables huyeron del lugar y, hasta el momento, no fueron identificados.<\/p>\n<p>Seg\u00fan los primeros datos conocidos sobre el caso, el ataque fue ejecutado por sujetos que se movilizaban en un veh\u00edculo de color negro. Los agresores llegaron hasta la barber\u00eda, ingresaron al establecimiento y dispararon contra el hombre que se encontraba en el interior, para luego escapar del lugar.<\/p>\n<p>La Polic\u00eda lleg\u00f3 hasta la escena para comenzar las investigaciones y recoger indicios que permitan establecer c\u00f3mo se produjo el ataque. Los investigadores deber\u00e1n reconstruir los momentos previos a la balacera, establecer la identidad de la v\u00edctima y determinar cu\u00e1ntas personas participaron en el asesinato, adem\u00e1s de seguir el rastro del veh\u00edculo utilizado para escapar.<\/p>\n<p>El caso tambi\u00e9n mantiene una interrogante sobre lo ocurrido despu\u00e9s del ataque. De manera preliminar se inform\u00f3 que el cuerpo de la v\u00edctima ya no se encontraba en el sitio donde se produjo la balacera, por lo que las autoridades deber\u00e1n establecer en qu\u00e9 circunstancias fue retirado y qui\u00e9nes estuvieron involucrados en ese hecho.<\/p>\n<p>Hasta el momento, no se conoce la identidad de los responsables ni se estableci\u00f3 cu\u00e1l habr\u00eda sido el m\u00f3vil del asesinato. Tampoco existe una confirmaci\u00f3n oficial que permita relacionar este hecho con alguna organizaci\u00f3n criminal espec\u00edfica, por lo que esa posibilidad deber\u00e1 ser determinada a partir de las evidencias y declaraciones que se obtengan durante la investigaci\u00f3n.<\/p>\n<p>El nuevo asesinato se registra, adem\u00e1s, en un municipio que acumul\u00f3 varios episodios violentos durante las \u00faltimas semanas. Con esta muerte, ya son seis las v\u00edctimas de hechos criminales reportados en San Mat\u00edas en un periodo de aproximadamente tres semanas.<\/p>\n<p>La secuencia comenz\u00f3 el 29 de julio, cuando cuatro personas fueron atacadas con armas de fuego dentro de una vivienda. Tres murieron en el lugar y la cuarta permaneci\u00f3 herida hasta el d\u00eda siguiente, cuando finalmente falleci\u00f3 a consecuencia de las lesiones sufridas.<\/p>\n<p>La intervenci\u00f3n policial en San Mat\u00edas tambi\u00e9n termin\u00f3 con la muerte de uno de los uniformados enviados a la zona. El teniente de Polic\u00eda Yerson Salazar falleci\u00f3 el 30 de julio durante una emboscada perpetrada por un grupo armado contra el veh\u00edculo en el que se desplazaban los efectivos, mientras su cuerpo fue retirado por los atacantes y localizado d\u00edas despu\u00e9s cerca de una pista clandestina.<\/p>\n<p>Las investigaciones por los ataques derivaron tambi\u00e9n en acciones de seguridad dentro del municipio, con la presencia de efectivos de distintas unidades y operativos destinados a esclarecer los hechos, que posteriormente dejaron varias personas aprehendidas.<\/p>\n<p>En medio de la escalada de violencia, el Gobierno se\u00f1al\u00f3 que detr\u00e1s del incremento de la criminalidad existir\u00eda una disputa entre dos organizaciones criminales brasile\u00f1as. El ministro de Gobierno, Marco Antonio Oviedo, apunt\u00f3 al Comando Vermelho y al Primer Comando de la Capital (PCC) y explic\u00f3 que ambos grupos estar\u00edan enfrentados por el control de un corredor utilizado para sacar droga hacia el exterior.<\/p>\n<p>Como parte de la respuesta frente a este escenario, Bolivia y Brasil pusieron en marcha el pasado jueves el plan \u201cFrontera Segura\u201d, que contempla una mayor coordinaci\u00f3n entre ambos pa\u00edses y el intercambio de informaci\u00f3n para enfrentar al crimen organizado en las zonas fronterizas.<\/p>\n<p>El asesinato registrado ayer ocurri\u00f3 precisamente despu\u00e9s de ese anuncio y mientras San Mat\u00edas permanece bajo un mayor despliegue de seguridad. Sin embargo, hasta ahora no se estableci\u00f3 que el ataque en la barber\u00eda tenga relaci\u00f3n con la disputa se\u00f1alada por el Gobierno ni con los anteriores cr\u00edmenes.<\/p>\n<p>La investigaci\u00f3n contin\u00faa para determinar el m\u00f3vil del asesinato, identificar a los responsables y esclarecer qu\u00e9 ocurri\u00f3 con la v\u00edctima despu\u00e9s de la balacera. (EL DIARIO y agencias)<\/p>\n","protected":false},"excerpt":{"rendered":"<p>Un hombre fue asesinado ayer dentro de una barber\u00eda en San Mat\u00edas, en el departamento de Santa Cruz, luego de que sujetos armados ingresaran al establecimiento y abrieran fuego contra la v\u00edctima. Los responsables huyeron del lugar y, hasta el momento, no fueron identificados. Seg\u00fan los primeros datos conocidos sobre el caso, el ataque fue [&hellip;]<\/p>\n","protected":false},"author":1,"featured_media":421547,"comment_status":"closed","ping_status":"open","sticky":false,"template":"","format":"standard","meta":{"_acf_changed":false,"footnotes":""},"categories":[39],"tags":[],"class_list":["post-421546","post","type-post","status-publish","format-standard","has-post-thumbnail","category-sociedad"],"acf":{"antetitulo":"San Mat\u00edas suma seis v\u00edctimas en tres semanas"},"yoast_head":"<!-- This site is optimized with the Yoast SEO plugin v28.3 - https:\/\/yoast.com\/product\/yoast-seo-wordpress\/ -->\n<title>Acribillan a un hombre dentro de una barber\u00eda - El Diario - Bolivia<\/title>\n<meta name=\"robots\" content=\"index, follow, max-snippet:-1, max-image-preview:large, max-video-preview:-1\" \/>\n<link rel=\"canonical\" href=\"https:\/\/www.eldiario.net\/portal\/2026\/08\/15\/acribillan-a-un-hombre-dentro-de-una-barberia\/\" \/>\n<meta property=\"og:locale\" content=\"es_ES\" \/>\n<meta property=\"og:type\" content=\"article\" \/>\n<meta property=\"og:title\" content=\"Acribillan a un hombre dentro de una barber\u00eda - El Diario - Bolivia\" \/>\n<meta property=\"og:description\" content=\"Un hombre fue asesinado ayer dentro de una barber\u00eda en San Mat\u00edas, en el departamento de Santa Cruz, luego de que sujetos armados ingresaran al establecimiento y abrieran fuego contra la v\u00edctima. Los responsables huyeron del lugar y, hasta el momento, no fueron identificados. Seg\u00fan los primeros datos conocidos sobre el caso, el ataque fue [&hellip;]\" \/>\n<meta property=\"og:url\" content=\"https:\/\/www.eldiario.net\/portal\/2026\/08\/15\/acribillan-a-un-hombre-dentro-de-una-barberia\/\" \/>\n<meta property=\"og:site_name\" content=\"El Diario - Bolivia\" \/>\n<meta property=\"article:publisher\" content=\"https:\/\/www.facebook.com\/eldiario.bolivia\/\" \/>\n<meta property=\"article:published_time\" content=\"2026-08-15T11:15:14+00:00\" \/>\n<meta property=\"og:image\" content=\"https:\/\/www.eldiario.net\/portal\/wp-content\/uploads\/2026\/08\/15-SAN.webp\" \/>\n\t<meta property=\"og:image:width\" content=\"415\" \/>\n\t<meta property=\"og:image:height\" content=\"280\" \/>\n\t<meta property=\"og:image:type\" content=\"image\/webp\" \/>\n<meta name=\"author\" content=\"Jeanette\" \/>\n<meta name=\"twitter:card\" content=\"summary_large_image\" \/>\n<meta name=\"twitter:creator\" content=\"@eldiario_net\" \/>\n<meta name=\"twitter:site\" content=\"@eldiario_net\" \/>\n<meta name=\"twitter:label1\" content=\"Escrito por\" \/>\n\t<meta name=\"twitter:data1\" content=\"Jeanette\" \/>\n\t<meta name=\"twitter:label2\" content=\"Tiempo de lectura\" \/>\n\t<meta name=\"twitter:data2\" content=\"4 minutos\" \/>\n<script type=\"application\/ld+json\" class=\"yoast-schema-graph\">{\"@context\":\"https:\\\/\\\/schema.org\",\"@graph\":[{\"@type\":\"Article\",\"@id\":\"https:\\\/\\\/www.eldiario.net\\\/portal\\\/2026\\\/08\\\/15\\\/acribillan-a-un-hombre-dentro-de-una-barberia\\\/#article\",\"isPartOf\":{\"@id\":\"https:\\\/\\\/www.eldiario.net\\\/portal\\\/2026\\\/08\\\/15\\\/acribillan-a-un-hombre-dentro-de-una-barberia\\\/\"},\"author\":{\"name\":\"Jeanette\",\"@id\":\"https:\\\/\\\/www.eldiario.net\\\/portal\\\/#\\\/schema\\\/person\\\/f46445640444750d7d753ccd04ae01b7\"},\"headline\":\"Acribillan a un hombre dentro de una barber\u00eda\",\"datePublished\":\"2026-08-15T11:15:14+00:00\",\"mainEntityOfPage\":{\"@id\":\"https:\\\/\\\/www.eldiario.net\\\/portal\\\/2026\\\/08\\\/15\\\/acribillan-a-un-hombre-dentro-de-una-barberia\\\/\"},\"wordCount\":689,\"publisher\":{\"@id\":\"https:\\\/\\\/www.eldiario.net\\\/portal\\\/#organization\"},\"image\":{\"@id\":\"https:\\\/\\\/www.eldiario.net\\\/portal\\\/2026\\\/08\\\/15\\\/acribillan-a-un-hombre-dentro-de-una-barberia\\\/#primaryimage\"},\"thumbnailUrl\":\"https:\\\/\\\/www.eldiario.net\\\/portal\\\/wp-content\\\/uploads\\\/2026\\\/08\\\/15-SAN.webp\",\"articleSection\":[\"Sociedad - Seguridad\"],\"inLanguage\":\"es\"},{\"@type\":\"WebPage\",\"@id\":\"https:\\\/\\\/www.eldiario.net\\\/portal\\\/2026\\\/08\\\/15\\\/acribillan-a-un-hombre-dentro-de-una-barberia\\\/\",\"url\":\"https:\\\/\\\/www.eldiario.net\\\/portal\\\/2026\\\/08\\\/15\\\/acribillan-a-un-hombre-dentro-de-una-barberia\\\/\",\"name\":\"Acribillan a un hombre dentro de una barber\u00eda - El Diario - Bolivia\",\"isPartOf\":{\"@id\":\"https:\\\/\\\/www.eldiario.net\\\/portal\\\/#website\"},\"primaryImageOfPage\":{\"@id\":\"https:\\\/\\\/www.eldiario.net\\\/portal\\\/2026\\\/08\\\/15\\\/acribillan-a-un-hombre-dentro-de-una-barberia\\\/#primaryimage\"},\"image\":{\"@id\":\"https:\\\/\\\/www.eldiario.net\\\/portal\\\/2026\\\/08\\\/15\\\/acribillan-a-un-hombre-dentro-de-una-barberia\\\/#primaryimage\"},\"thumbnailUrl\":\"https:\\\/\\\/www.eldiario.net\\\/portal\\\/wp-content\\\/uploads\\\/2026\\\/08\\\/15-SAN.webp\",\"datePublished\":\"2026-08-15T11:15:14+00:00\",\"breadcrumb\":{\"@id\":\"https:\\\/\\\/www.eldiario.net\\\/portal\\\/2026\\\/08\\\/15\\\/acribillan-a-un-hombre-dentro-de-una-barberia\\\/#breadcrumb\"},\"inLanguage\":\"es\",\"potentialAction\":[{\"@type\":\"ReadAction\",\"target\":[\"https:\\\/\\\/www.eldiario.net\\\/portal\\\/2026\\\/08\\\/15\\\/acribillan-a-un-hombre-dentro-de-una-barberia\\\/\"]}]},{\"@type\":\"ImageObject\",\"inLanguage\":\"es\",\"@id\":\"https:\\\/\\\/www.eldiario.net\\\/portal\\\/2026\\\/08\\\/15\\\/acribillan-a-un-hombre-dentro-de-una-barberia\\\/#primaryimage\",\"url\":\"https:\\\/\\\/www.eldiario.net\\\/portal\\\/wp-content\\\/uploads\\\/2026\\\/08\\\/15-SAN.webp\",\"contentUrl\":\"https:\\\/\\\/www.eldiario.net\\\/portal\\\/wp-content\\\/uploads\\\/2026\\\/08\\\/15-SAN.webp\",\"width\":415,\"height\":280,\"caption\":\"Las autoridades investigan el m\u00f3vil del asesinato. (Imagen referencial) Cr\u00e9dito de foto: RRSS\"},{\"@type\":\"BreadcrumbList\",\"@id\":\"https:\\\/\\\/www.eldiario.net\\\/portal\\\/2026\\\/08\\\/15\\\/acribillan-a-un-hombre-dentro-de-una-barberia\\\/#breadcrumb\",\"itemListElement\":[{\"@type\":\"ListItem\",\"position\":1,\"name\":\"Portada\",\"item\":\"https:\\\/\\\/www.eldiario.net\\\/portal\\\/\"},{\"@type\":\"ListItem\",\"position\":2,\"name\":\"Acribillan a un hombre dentro de una barber\u00eda\"}]},{\"@type\":\"WebSite\",\"@id\":\"https:\\\/\\\/www.eldiario.net\\\/portal\\\/#website\",\"url\":\"https:\\\/\\\/www.eldiario.net\\\/portal\\\/\",\"name\":\"El Diario - Decano de la prensa nacional\",\"description\":\"El Diario - Decano de la prensa nacional\",\"publisher\":{\"@id\":\"https:\\\/\\\/www.eldiario.net\\\/portal\\\/#organization\"},\"potentialAction\":[{\"@type\":\"SearchAction\",\"target\":{\"@type\":\"EntryPoint\",\"urlTemplate\":\"https:\\\/\\\/www.eldiario.net\\\/portal\\\/?s={search_term_string}\"},\"query-input\":{\"@type\":\"PropertyValueSpecification\",\"valueRequired\":true,\"valueName\":\"search_term_string\"}}],\"inLanguage\":\"es\"},{\"@type\":\"Organization\",\"@id\":\"https:\\\/\\\/www.eldiario.net\\\/portal\\\/#organization\",\"name\":\"El Diario - Decano de la prensa nacional\",\"url\":\"https:\\\/\\\/www.eldiario.net\\\/portal\\\/\",\"logo\":{\"@type\":\"ImageObject\",\"inLanguage\":\"es\",\"@id\":\"https:\\\/\\\/www.eldiario.net\\\/portal\\\/#\\\/schema\\\/logo\\\/image\\\/\",\"url\":\"https:\\\/\\\/www.eldiario.net\\\/portal\\\/wp-content\\\/uploads\\\/2023\\\/07\\\/logo_ED.jpg\",\"contentUrl\":\"https:\\\/\\\/www.eldiario.net\\\/portal\\\/wp-content\\\/uploads\\\/2023\\\/07\\\/logo_ED.jpg\",\"width\":272,\"height\":52,\"caption\":\"El Diario - Decano de la prensa nacional\"},\"image\":{\"@id\":\"https:\\\/\\\/www.eldiario.net\\\/portal\\\/#\\\/schema\\\/logo\\\/image\\\/\"},\"sameAs\":[\"https:\\\/\\\/www.facebook.com\\\/eldiario.bolivia\\\/\",\"https:\\\/\\\/x.com\\\/eldiario_net\"]},{\"@type\":\"Person\",\"@id\":\"https:\\\/\\\/www.eldiario.net\\\/portal\\\/#\\\/schema\\\/person\\\/f46445640444750d7d753ccd04ae01b7\",\"name\":\"Jeanette\",\"image\":{\"@type\":\"ImageObject\",\"inLanguage\":\"es\",\"@id\":\"https:\\\/\\\/secure.gravatar.com\\\/avatar\\\/3ea2118a5f7dad2b7138b1187a6b7ee55f160b9968b66013c3a3ef39dd7e5798?s=96&d=mm&r=g\",\"url\":\"https:\\\/\\\/secure.gravatar.com\\\/avatar\\\/3ea2118a5f7dad2b7138b1187a6b7ee55f160b9968b66013c3a3ef39dd7e5798?s=96&d=mm&r=g\",\"contentUrl\":\"https:\\\/\\\/secure.gravatar.com\\\/avatar\\\/3ea2118a5f7dad2b7138b1187a6b7ee55f160b9968b66013c3a3ef39dd7e5798?s=96&d=mm&r=g\",\"caption\":\"Jeanette\"},\"sameAs\":[\"https:\\\/\\\/www.eldiario.net\\\/portal\"],\"url\":\"https:\\\/\\\/www.eldiario.net\\\/portal\\\/author\\\/jeanette\\\/\"}]}<\/script>\n<!-- \/ Yoast SEO plugin. -->","yoast_head_json":{"title":"Acribillan a un hombre dentro de una barber\u00eda - El Diario - Bolivia","robots":{"index":"index","follow":"follow","max-snippet":"max-snippet:-1","max-image-preview":"max-image-preview:large","max-video-preview":"max-video-preview:-1"},"canonical":"https:\/\/www.eldiario.net\/portal\/2026\/08\/15\/acribillan-a-un-hombre-dentro-de-una-barberia\/","og_locale":"es_ES","og_type":"article","og_title":"Acribillan a un hombre dentro de una barber\u00eda - El Diario - Bolivia","og_description":"Un hombre fue asesinado ayer dentro de una barber\u00eda en San Mat\u00edas, en el departamento de Santa Cruz, luego de que sujetos armados ingresaran al establecimiento y abrieran fuego contra la v\u00edctima. Los responsables huyeron del lugar y, hasta el momento, no fueron identificados. Seg\u00fan los primeros datos conocidos sobre el caso, el ataque fue [&hellip;]","og_url":"https:\/\/www.eldiario.net\/portal\/2026\/08\/15\/acribillan-a-un-hombre-dentro-de-una-barberia\/","og_site_name":"El Diario - Bolivia","article_publisher":"https:\/\/www.facebook.com\/eldiario.bolivia\/","article_published_time":"2026-08-15T11:15:14+00:00","og_image":[{"width":415,"height":280,"url":"https:\/\/www.eldiario.net\/portal\/wp-content\/uploads\/2026\/08\/15-SAN.webp","type":"image\/webp"}],"author":"Jeanette","twitter_card":"summary_large_image","twitter_creator":"@eldiario_net","twitter_site":"@eldiario_net","twitter_misc":{"Escrito por":"Jeanette","Tiempo de lectura":"4 minutos"},"schema":{"@context":"https:\/\/schema.org","@graph":[{"@type":"Article","@id":"https:\/\/www.eldiario.net\/portal\/2026\/08\/15\/acribillan-a-un-hombre-dentro-de-una-barberia\/#article","isPartOf":{"@id":"https:\/\/www.eldiario.net\/portal\/2026\/08\/15\/acribillan-a-un-hombre-dentro-de-una-barberia\/"},"author":{"name":"Jeanette","@id":"https:\/\/www.eldiario.net\/portal\/#\/schema\/person\/f46445640444750d7d753ccd04ae01b7"},"headline":"Acribillan a un hombre dentro de una barber\u00eda","datePublished":"2026-08-15T11:15:14+00:00","mainEntityOfPage":{"@id":"https:\/\/www.eldiario.net\/portal\/2026\/08\/15\/acribillan-a-un-hombre-dentro-de-una-barberia\/"},"wordCount":689,"publisher":{"@id":"https:\/\/www.eldiario.net\/portal\/#organization"},"image":{"@id":"https:\/\/www.eldiario.net\/portal\/2026\/08\/15\/acribillan-a-un-hombre-dentro-de-una-barberia\/#primaryimage"},"thumbnailUrl":"https:\/\/www.eldiario.net\/portal\/wp-content\/uploads\/2026\/08\/15-SAN.webp","articleSection":["Sociedad - Seguridad"],"inLanguage":"es"},{"@type":"WebPage","@id":"https:\/\/www.eldiario.net\/portal\/2026\/08\/15\/acribillan-a-un-hombre-dentro-de-una-barberia\/","url":"https:\/\/www.eldiario.net\/portal\/2026\/08\/15\/acribillan-a-un-hombre-dentro-de-una-barberia\/","name":"Acribillan a un hombre dentro de una barber\u00eda - El Diario - Bolivia","isPartOf":{"@id":"https:\/\/www.eldiario.net\/portal\/#website"},"primaryImageOfPage":{"@id":"https:\/\/www.eldiario.net\/portal\/2026\/08\/15\/acribillan-a-un-hombre-dentro-de-una-barberia\/#primaryimage"},"image":{"@id":"https:\/\/www.eldiario.net\/portal\/2026\/08\/15\/acribillan-a-un-hombre-dentro-de-una-barberia\/#primaryimage"},"thumbnailUrl":"https:\/\/www.eldiario.net\/portal\/wp-content\/uploads\/2026\/08\/15-SAN.webp","datePublished":"2026-08-15T11:15:14+00:00","breadcrumb":{"@id":"https:\/\/www.eldiario.net\/portal\/2026\/08\/15\/acribillan-a-un-hombre-dentro-de-una-barberia\/#breadcrumb"},"inLanguage":"es","potentialAction":[{"@type":"ReadAction","target":["https:\/\/www.eldiario.net\/portal\/2026\/08\/15\/acribillan-a-un-hombre-dentro-de-una-barberia\/"]}]},{"@type":"ImageObject","inLanguage":"es","@id":"https:\/\/www.eldiario.net\/portal\/2026\/08\/15\/acribillan-a-un-hombre-dentro-de-una-barberia\/#primaryimage","url":"https:\/\/www.eldiario.net\/portal\/wp-content\/uploads\/2026\/08\/15-SAN.webp","contentUrl":"https:\/\/www.eldiario.net\/portal\/wp-content\/uploads\/2026\/08\/15-SAN.webp","width":415,"height":280,"caption":"Las autoridades investigan el m\u00f3vil del asesinato. (Imagen referencial) Cr\u00e9dito de foto: RRSS"},{"@type":"BreadcrumbList","@id":"https:\/\/www.eldiario.net\/portal\/2026\/08\/15\/acribillan-a-un-hombre-dentro-de-una-barberia\/#breadcrumb","itemListElement":[{"@type":"ListItem","position":1,"name":"Portada","item":"https:\/\/www.eldiario.net\/portal\/"},{"@type":"ListItem","position":2,"name":"Acribillan a un hombre dentro de una barber\u00eda"}]},{"@type":"WebSite","@id":"https:\/\/www.eldiario.net\/portal\/#website","url":"https:\/\/www.eldiario.net\/portal\/","name":"El Diario - Decano de la prensa nacional","description":"El Diario - Decano de la prensa nacional","publisher":{"@id":"https:\/\/www.eldiario.net\/portal\/#organization"},"potentialAction":[{"@type":"SearchAction","target":{"@type":"EntryPoint","urlTemplate":"https:\/\/www.eldiario.net\/portal\/?s={search_term_string}"},"query-input":{"@type":"PropertyValueSpecification","valueRequired":true,"valueName":"search_term_string"}}],"inLanguage":"es"},{"@type":"Organization","@id":"https:\/\/www.eldiario.net\/portal\/#organization","name":"El Diario - Decano de la prensa nacional","url":"https:\/\/www.eldiario.net\/portal\/","logo":{"@type":"ImageObject","inLanguage":"es","@id":"https:\/\/www.eldiario.net\/portal\/#\/schema\/logo\/image\/","url":"https:\/\/www.eldiario.net\/portal\/wp-content\/uploads\/2023\/07\/logo_ED.jpg","contentUrl":"https:\/\/www.eldiario.net\/portal\/wp-content\/uploads\/2023\/07\/logo_ED.jpg","width":272,"height":52,"caption":"El Diario - Decano de la prensa nacional"},"image":{"@id":"https:\/\/www.eldiario.net\/portal\/#\/schema\/logo\/image\/"},"sameAs":["https:\/\/www.facebook.com\/eldiario.bolivia\/","https:\/\/x.com\/eldiario_net"]},{"@type":"Person","@id":"https:\/\/www.eldiario.net\/portal\/#\/schema\/person\/f46445640444750d7d753ccd04ae01b7","name":"Jeanette","image":{"@type":"ImageObject","inLanguage":"es","@id":"https:\/\/secure.gravatar.com\/avatar\/3ea2118a5f7dad2b7138b1187a6b7ee55f160b9968b66013c3a3ef39dd7e5798?s=96&d=mm&r=g","url":"https:\/\/secure.gravatar.com\/avatar\/3ea2118a5f7dad2b7138b1187a6b7ee55f160b9968b66013c3a3ef39dd7e5798?s=96&d=mm&r=g","contentUrl":"https:\/\/secure.gravatar.com\/avatar\/3ea2118a5f7dad2b7138b1187a6b7ee55f160b9968b66013c3a3ef39dd7e5798?s=96&d=mm&r=g","caption":"Jeanette"},"sameAs":["https:\/\/www.eldiario.net\/portal"],"url":"https:\/\/www.eldiario.net\/portal\/author\/jeanette\/"}]}},"_links":{"self":[{"href":"https:\/\/www.eldiario.net\/portal\/wp-json\/wp\/v2\/posts\/421546","targetHints":{"allow":["GET"]}}],"collection":[{"href":"https:\/\/www.eldiario.net\/portal\/wp-json\/wp\/v2\/posts"}],"about":[{"href":"https:\/\/www.eldiario.net\/portal\/wp-json\/wp\/v2\/types\/post"}],"author":[{"embeddable":true,"href":"https:\/\/www.eldiario.net\/portal\/wp-json\/wp\/v2\/users\/1"}],"replies":[{"embeddable":true,"href":"https:\/\/www.eldiario.net\/portal\/wp-json\/wp\/v2\/comments?post=421546"}],"version-history":[{"count":1,"href":"https:\/\/www.eldiario.net\/portal\/wp-json\/wp\/v2\/posts\/421546\/revisions"}],"predecessor-version":[{"id":421548,"href":"https:\/\/www.eldiario.net\/portal\/wp-json\/wp\/v2\/posts\/421546\/revisions\/421548"}],"wp:featuredmedia":[{"embeddable":true,"href":"https:\/\/www.eldiario.net\/portal\/wp-json\/wp\/v2\/media\/421547"}],"wp:attachment":[{"href":"https:\/\/www.eldiario.net\/portal\/wp-json\/wp\/v2\/media?parent=421546"}],"wp:term":[{"taxonomy":"category","embeddable":true,"href":"https:\/\/www.eldiario.net\/portal\/wp-json\/wp\/v2\/categories?post=421546"},{"taxonomy":"post_tag","embeddable":true,"href":"https:\/\/www.eldiario.net\/portal\/wp-json\/wp\/v2\/tags?post=421546"}],"curies":[{"name":"wp","href":"https:\/\/api.w.org\/{rel}","templated":true}]}}