{"id":421540,"date":"2026-08-15T07:13:40","date_gmt":"2026-08-15T11:13:40","guid":{"rendered":"https:\/\/www.eldiario.net\/portal\/?p=421540"},"modified":"2026-08-15T07:13:40","modified_gmt":"2026-08-15T11:13:40","slug":"hombre-buscado-por-disparar-a-una-joven-intento-quitarse-la-vida","status":"publish","type":"post","link":"https:\/\/www.eldiario.net\/portal\/2026\/08\/15\/hombre-buscado-por-disparar-a-una-joven-intento-quitarse-la-vida\/","title":{"rendered":"Hombre buscado por disparar a una joven intent\u00f3 quitarse la vida"},"content":{"rendered":"<p>El hombre se\u00f1alado por disparar en la cabeza a una joven de 19 a\u00f1os en una vivienda de la comunidad de Tipoy, en Santa Cruz, fue localizado en el barrio El Recreo del Plan Tres Mil, donde permaneci\u00f3 atrincherado y armado durante m\u00e1s de dos horas hasta que termin\u00f3 dispar\u00e1ndose y fue evacuado de emergencia a un centro de salud.<\/p>\n<p>La Polic\u00eda despleg\u00f3 un operativo en el sector luego de ubicar al hombre, quien se encontraba en la v\u00eda p\u00fablica portando un arma de fuego. Los efectivos acordonaron el lugar debido al riesgo que representaba la presencia del sujeto armado y comenzaron a negociar con \u00e9l para que depusiera el arma.<\/p>\n<p>Durante el operativo, los uniformados solicitaron la intervenci\u00f3n de sus familiares. El padre del hombre lleg\u00f3 hasta el lugar para intentar persuadirlo y lograr que abandonara su actitud.<\/p>\n<p>La tensi\u00f3n se prolong\u00f3 por m\u00e1s de dos horas, mientras el hombre permanec\u00eda en la acera de una calle del barrio El Recreo, rodeado por efectivos policiales. En ese tiempo, vecinos reportaron haber escuchado disparos en la zona.<\/p>\n<p>De acuerdo con la informaci\u00f3n proporcionada por una fiscal que se encontraba en el lugar, el hombre finalmente se dispar\u00f3 a s\u00ed mismo, aparentemente en la frente, despu\u00e9s de escuchar la sirena de una ambulancia que hab\u00eda llegado al sector.<\/p>\n<p>Tras escucharse los disparos, el hombre cay\u00f3 al suelo y los equipos de emergencia ingresaron inmediatamente al \u00e1rea acordonada para brindarle auxilio. Sus familiares rompieron la barrera de seguridad y se aproximaron al lugar, mientras se registraban escenas de desesperaci\u00f3n.<\/p>\n<p>Posteriormente, el sujeto fue colocado en una ambulancia y trasladado de emergencia a un centro hospitalario para recibir atenci\u00f3n m\u00e9dica. Hasta el momento de los reportes, no se hab\u00eda confirmado su fallecimiento y se aguardaba un informe sobre su estado de salud.<\/p>\n<p>La fiscal tambi\u00e9n se\u00f1al\u00f3 que el hombre ten\u00eda un proceso anterior por el delito de violaci\u00f3n.<\/p>\n<p>ATAQUE A LA MUJER<\/p>\n<p>Horas antes el sujeto identificado como Iv\u00e1n Suarez Justiniano de aproximadamente 30 a\u00f1os, era buscado por la Polic\u00eda tras el ataque contra una joven de 19 a\u00f1os ocurrido en una vivienda de la comunidad de Tipoy, en Santa Cruz.<\/p>\n<p>La v\u00edctima, identificada como Mar\u00eda Elisa Ayll\u00f3n Qui\u00f1ones, recibi\u00f3 un disparo en la cabeza y fue encontrada herida sobre una cama dentro de la vivienda. Personal de Bomberos le brind\u00f3 atenci\u00f3n inicial y posteriormente fue trasladada al hospital Japon\u00e9s.<\/p>\n<p>La joven permanece internada en terapia intensiva y, de acuerdo con los reportes conocidos, su estado de salud es delicado y su pron\u00f3stico es reservado.<\/p>\n<p>El m\u00e9dico cirujano hab\u00eda informado que la paciente ser\u00eda ingresada a quir\u00f3fano debido a la gravedad de la lesi\u00f3n. El proyectil se encontraba en la zona preauricular, cerca del o\u00eddo, y no presentaba orificio de salida.<\/p>\n<p>Seg\u00fan la informaci\u00f3n preliminar, el ataque ocurri\u00f3 despu\u00e9s de una discusi\u00f3n que el hombre tuvo con su pareja. Posteriormente habr\u00eda utilizado un arma de fuego y disparado contra la joven.<\/p>\n<p>Tras el hecho, el sospechoso abandon\u00f3 el lugar y permaneci\u00f3 pr\u00f3fugo hasta ser localizado horas despu\u00e9s en el Plan Tres Mil.<\/p>\n<p>En la vivienda donde ocurri\u00f3 el ataque, los investigadores encontraron dos casquillos de arma de fuego calibre .22, elementos que fueron incorporados a la investigaci\u00f3n para establecer las circunstancias del hecho.<\/p>\n<p>La Fuerza Especial de Lucha Contra la Violencia (Felcv) investiga el ataque contra la joven como un caso de tentativa de feminicidio. (Con informaci\u00f3n de Unitel y Red Uno)<\/p>\n","protected":false},"excerpt":{"rendered":"<p>El hombre se\u00f1alado por disparar en la cabeza a una joven de 19 a\u00f1os en una vivienda de la comunidad de Tipoy, en Santa Cruz, fue localizado en el barrio El Recreo del Plan Tres Mil, donde permaneci\u00f3 atrincherado y armado durante m\u00e1s de dos horas hasta que termin\u00f3 dispar\u00e1ndose y fue evacuado de emergencia [&hellip;]<\/p>\n","protected":false},"author":1,"featured_media":421541,"comment_status":"closed","ping_status":"open","sticky":false,"template":"","format":"standard","meta":{"_acf_changed":false,"footnotes":""},"categories":[39],"tags":[],"class_list":["post-421540","post","type-post","status-publish","format-standard","has-post-thumbnail","category-sociedad"],"acf":{"antetitulo":"El sujeto se atrincher\u00f3 con un arma de fuego"},"yoast_head":"<!-- This site is optimized with the Yoast SEO plugin v28.3 - https:\/\/yoast.com\/product\/yoast-seo-wordpress\/ -->\n<title>Hombre buscado por disparar a una joven intent\u00f3 quitarse la vida - El Diario - Bolivia<\/title>\n<meta name=\"robots\" content=\"index, follow, max-snippet:-1, max-image-preview:large, max-video-preview:-1\" \/>\n<link rel=\"canonical\" href=\"https:\/\/www.eldiario.net\/portal\/2026\/08\/15\/hombre-buscado-por-disparar-a-una-joven-intento-quitarse-la-vida\/\" \/>\n<meta property=\"og:locale\" content=\"es_ES\" \/>\n<meta property=\"og:type\" content=\"article\" \/>\n<meta property=\"og:title\" content=\"Hombre buscado por disparar a una joven intent\u00f3 quitarse la vida - El Diario - Bolivia\" \/>\n<meta property=\"og:description\" content=\"El hombre se\u00f1alado por disparar en la cabeza a una joven de 19 a\u00f1os en una vivienda de la comunidad de Tipoy, en Santa Cruz, fue localizado en el barrio El Recreo del Plan Tres Mil, donde permaneci\u00f3 atrincherado y armado durante m\u00e1s de dos horas hasta que termin\u00f3 dispar\u00e1ndose y fue evacuado de emergencia [&hellip;]\" \/>\n<meta property=\"og:url\" content=\"https:\/\/www.eldiario.net\/portal\/2026\/08\/15\/hombre-buscado-por-disparar-a-una-joven-intento-quitarse-la-vida\/\" \/>\n<meta property=\"og:site_name\" content=\"El Diario - Bolivia\" \/>\n<meta property=\"article:publisher\" content=\"https:\/\/www.facebook.com\/eldiario.bolivia\/\" \/>\n<meta property=\"article:published_time\" content=\"2026-08-15T11:13:40+00:00\" \/>\n<meta property=\"og:image\" content=\"https:\/\/www.eldiario.net\/portal\/wp-content\/uploads\/2026\/08\/15-HOM.webp\" \/>\n\t<meta property=\"og:image:width\" content=\"340\" \/>\n\t<meta property=\"og:image:height\" content=\"266\" \/>\n\t<meta property=\"og:image:type\" content=\"image\/webp\" \/>\n<meta name=\"author\" content=\"Jeanette\" \/>\n<meta name=\"twitter:card\" content=\"summary_large_image\" \/>\n<meta name=\"twitter:creator\" content=\"@eldiario_net\" \/>\n<meta name=\"twitter:site\" content=\"@eldiario_net\" \/>\n<meta name=\"twitter:label1\" content=\"Escrito por\" \/>\n\t<meta name=\"twitter:data1\" content=\"Jeanette\" \/>\n\t<meta name=\"twitter:label2\" content=\"Tiempo de lectura\" \/>\n\t<meta name=\"twitter:data2\" content=\"3 minutos\" \/>\n<script type=\"application\/ld+json\" class=\"yoast-schema-graph\">{\"@context\":\"https:\\\/\\\/schema.org\",\"@graph\":[{\"@type\":\"Article\",\"@id\":\"https:\\\/\\\/www.eldiario.net\\\/portal\\\/2026\\\/08\\\/15\\\/hombre-buscado-por-disparar-a-una-joven-intento-quitarse-la-vida\\\/#article\",\"isPartOf\":{\"@id\":\"https:\\\/\\\/www.eldiario.net\\\/portal\\\/2026\\\/08\\\/15\\\/hombre-buscado-por-disparar-a-una-joven-intento-quitarse-la-vida\\\/\"},\"author\":{\"name\":\"Jeanette\",\"@id\":\"https:\\\/\\\/www.eldiario.net\\\/portal\\\/#\\\/schema\\\/person\\\/f46445640444750d7d753ccd04ae01b7\"},\"headline\":\"Hombre buscado por disparar a una joven intent\u00f3 quitarse la vida\",\"datePublished\":\"2026-08-15T11:13:40+00:00\",\"mainEntityOfPage\":{\"@id\":\"https:\\\/\\\/www.eldiario.net\\\/portal\\\/2026\\\/08\\\/15\\\/hombre-buscado-por-disparar-a-una-joven-intento-quitarse-la-vida\\\/\"},\"wordCount\":624,\"publisher\":{\"@id\":\"https:\\\/\\\/www.eldiario.net\\\/portal\\\/#organization\"},\"image\":{\"@id\":\"https:\\\/\\\/www.eldiario.net\\\/portal\\\/2026\\\/08\\\/15\\\/hombre-buscado-por-disparar-a-una-joven-intento-quitarse-la-vida\\\/#primaryimage\"},\"thumbnailUrl\":\"https:\\\/\\\/www.eldiario.net\\\/portal\\\/wp-content\\\/uploads\\\/2026\\\/08\\\/15-HOM.webp\",\"articleSection\":[\"Sociedad - Seguridad\"],\"inLanguage\":\"es\"},{\"@type\":\"WebPage\",\"@id\":\"https:\\\/\\\/www.eldiario.net\\\/portal\\\/2026\\\/08\\\/15\\\/hombre-buscado-por-disparar-a-una-joven-intento-quitarse-la-vida\\\/\",\"url\":\"https:\\\/\\\/www.eldiario.net\\\/portal\\\/2026\\\/08\\\/15\\\/hombre-buscado-por-disparar-a-una-joven-intento-quitarse-la-vida\\\/\",\"name\":\"Hombre buscado por disparar a una joven intent\u00f3 quitarse la vida - El Diario - Bolivia\",\"isPartOf\":{\"@id\":\"https:\\\/\\\/www.eldiario.net\\\/portal\\\/#website\"},\"primaryImageOfPage\":{\"@id\":\"https:\\\/\\\/www.eldiario.net\\\/portal\\\/2026\\\/08\\\/15\\\/hombre-buscado-por-disparar-a-una-joven-intento-quitarse-la-vida\\\/#primaryimage\"},\"image\":{\"@id\":\"https:\\\/\\\/www.eldiario.net\\\/portal\\\/2026\\\/08\\\/15\\\/hombre-buscado-por-disparar-a-una-joven-intento-quitarse-la-vida\\\/#primaryimage\"},\"thumbnailUrl\":\"https:\\\/\\\/www.eldiario.net\\\/portal\\\/wp-content\\\/uploads\\\/2026\\\/08\\\/15-HOM.webp\",\"datePublished\":\"2026-08-15T11:13:40+00:00\",\"breadcrumb\":{\"@id\":\"https:\\\/\\\/www.eldiario.net\\\/portal\\\/2026\\\/08\\\/15\\\/hombre-buscado-por-disparar-a-una-joven-intento-quitarse-la-vida\\\/#breadcrumb\"},\"inLanguage\":\"es\",\"potentialAction\":[{\"@type\":\"ReadAction\",\"target\":[\"https:\\\/\\\/www.eldiario.net\\\/portal\\\/2026\\\/08\\\/15\\\/hombre-buscado-por-disparar-a-una-joven-intento-quitarse-la-vida\\\/\"]}]},{\"@type\":\"ImageObject\",\"inLanguage\":\"es\",\"@id\":\"https:\\\/\\\/www.eldiario.net\\\/portal\\\/2026\\\/08\\\/15\\\/hombre-buscado-por-disparar-a-una-joven-intento-quitarse-la-vida\\\/#primaryimage\",\"url\":\"https:\\\/\\\/www.eldiario.net\\\/portal\\\/wp-content\\\/uploads\\\/2026\\\/08\\\/15-HOM.webp\",\"contentUrl\":\"https:\\\/\\\/www.eldiario.net\\\/portal\\\/wp-content\\\/uploads\\\/2026\\\/08\\\/15-HOM.webp\",\"width\":340,\"height\":266,\"caption\":\"Una ambulancia traslad\u00f3 al sujeto con vida hasta un hospital. Cr\u00e9dito de foto: Unitel\"},{\"@type\":\"BreadcrumbList\",\"@id\":\"https:\\\/\\\/www.eldiario.net\\\/portal\\\/2026\\\/08\\\/15\\\/hombre-buscado-por-disparar-a-una-joven-intento-quitarse-la-vida\\\/#breadcrumb\",\"itemListElement\":[{\"@type\":\"ListItem\",\"position\":1,\"name\":\"Portada\",\"item\":\"https:\\\/\\\/www.eldiario.net\\\/portal\\\/\"},{\"@type\":\"ListItem\",\"position\":2,\"name\":\"Hombre buscado por disparar a una joven intent\u00f3 quitarse la vida\"}]},{\"@type\":\"WebSite\",\"@id\":\"https:\\\/\\\/www.eldiario.net\\\/portal\\\/#website\",\"url\":\"https:\\\/\\\/www.eldiario.net\\\/portal\\\/\",\"name\":\"El Diario - Decano de la prensa nacional\",\"description\":\"El Diario - Decano de la prensa nacional\",\"publisher\":{\"@id\":\"https:\\\/\\\/www.eldiario.net\\\/portal\\\/#organization\"},\"potentialAction\":[{\"@type\":\"SearchAction\",\"target\":{\"@type\":\"EntryPoint\",\"urlTemplate\":\"https:\\\/\\\/www.eldiario.net\\\/portal\\\/?s={search_term_string}\"},\"query-input\":{\"@type\":\"PropertyValueSpecification\",\"valueRequired\":true,\"valueName\":\"search_term_string\"}}],\"inLanguage\":\"es\"},{\"@type\":\"Organization\",\"@id\":\"https:\\\/\\\/www.eldiario.net\\\/portal\\\/#organization\",\"name\":\"El Diario - Decano de la prensa nacional\",\"url\":\"https:\\\/\\\/www.eldiario.net\\\/portal\\\/\",\"logo\":{\"@type\":\"ImageObject\",\"inLanguage\":\"es\",\"@id\":\"https:\\\/\\\/www.eldiario.net\\\/portal\\\/#\\\/schema\\\/logo\\\/image\\\/\",\"url\":\"https:\\\/\\\/www.eldiario.net\\\/portal\\\/wp-content\\\/uploads\\\/2023\\\/07\\\/logo_ED.jpg\",\"contentUrl\":\"https:\\\/\\\/www.eldiario.net\\\/portal\\\/wp-content\\\/uploads\\\/2023\\\/07\\\/logo_ED.jpg\",\"width\":272,\"height\":52,\"caption\":\"El Diario - Decano de la prensa nacional\"},\"image\":{\"@id\":\"https:\\\/\\\/www.eldiario.net\\\/portal\\\/#\\\/schema\\\/logo\\\/image\\\/\"},\"sameAs\":[\"https:\\\/\\\/www.facebook.com\\\/eldiario.bolivia\\\/\",\"https:\\\/\\\/x.com\\\/eldiario_net\"]},{\"@type\":\"Person\",\"@id\":\"https:\\\/\\\/www.eldiario.net\\\/portal\\\/#\\\/schema\\\/person\\\/f46445640444750d7d753ccd04ae01b7\",\"name\":\"Jeanette\",\"image\":{\"@type\":\"ImageObject\",\"inLanguage\":\"es\",\"@id\":\"https:\\\/\\\/secure.gravatar.com\\\/avatar\\\/3ea2118a5f7dad2b7138b1187a6b7ee55f160b9968b66013c3a3ef39dd7e5798?s=96&d=mm&r=g\",\"url\":\"https:\\\/\\\/secure.gravatar.com\\\/avatar\\\/3ea2118a5f7dad2b7138b1187a6b7ee55f160b9968b66013c3a3ef39dd7e5798?s=96&d=mm&r=g\",\"contentUrl\":\"https:\\\/\\\/secure.gravatar.com\\\/avatar\\\/3ea2118a5f7dad2b7138b1187a6b7ee55f160b9968b66013c3a3ef39dd7e5798?s=96&d=mm&r=g\",\"caption\":\"Jeanette\"},\"sameAs\":[\"https:\\\/\\\/www.eldiario.net\\\/portal\"],\"url\":\"https:\\\/\\\/www.eldiario.net\\\/portal\\\/author\\\/jeanette\\\/\"}]}<\/script>\n<!-- \/ Yoast SEO plugin. -->","yoast_head_json":{"title":"Hombre buscado por disparar a una joven intent\u00f3 quitarse la vida - El Diario - Bolivia","robots":{"index":"index","follow":"follow","max-snippet":"max-snippet:-1","max-image-preview":"max-image-preview:large","max-video-preview":"max-video-preview:-1"},"canonical":"https:\/\/www.eldiario.net\/portal\/2026\/08\/15\/hombre-buscado-por-disparar-a-una-joven-intento-quitarse-la-vida\/","og_locale":"es_ES","og_type":"article","og_title":"Hombre buscado por disparar a una joven intent\u00f3 quitarse la vida - El Diario - Bolivia","og_description":"El hombre se\u00f1alado por disparar en la cabeza a una joven de 19 a\u00f1os en una vivienda de la comunidad de Tipoy, en Santa Cruz, fue localizado en el barrio El Recreo del Plan Tres Mil, donde permaneci\u00f3 atrincherado y armado durante m\u00e1s de dos horas hasta que termin\u00f3 dispar\u00e1ndose y fue evacuado de emergencia [&hellip;]","og_url":"https:\/\/www.eldiario.net\/portal\/2026\/08\/15\/hombre-buscado-por-disparar-a-una-joven-intento-quitarse-la-vida\/","og_site_name":"El Diario - Bolivia","article_publisher":"https:\/\/www.facebook.com\/eldiario.bolivia\/","article_published_time":"2026-08-15T11:13:40+00:00","og_image":[{"width":340,"height":266,"url":"https:\/\/www.eldiario.net\/portal\/wp-content\/uploads\/2026\/08\/15-HOM.webp","type":"image\/webp"}],"author":"Jeanette","twitter_card":"summary_large_image","twitter_creator":"@eldiario_net","twitter_site":"@eldiario_net","twitter_misc":{"Escrito por":"Jeanette","Tiempo de lectura":"3 minutos"},"schema":{"@context":"https:\/\/schema.org","@graph":[{"@type":"Article","@id":"https:\/\/www.eldiario.net\/portal\/2026\/08\/15\/hombre-buscado-por-disparar-a-una-joven-intento-quitarse-la-vida\/#article","isPartOf":{"@id":"https:\/\/www.eldiario.net\/portal\/2026\/08\/15\/hombre-buscado-por-disparar-a-una-joven-intento-quitarse-la-vida\/"},"author":{"name":"Jeanette","@id":"https:\/\/www.eldiario.net\/portal\/#\/schema\/person\/f46445640444750d7d753ccd04ae01b7"},"headline":"Hombre buscado por disparar a una joven intent\u00f3 quitarse la vida","datePublished":"2026-08-15T11:13:40+00:00","mainEntityOfPage":{"@id":"https:\/\/www.eldiario.net\/portal\/2026\/08\/15\/hombre-buscado-por-disparar-a-una-joven-intento-quitarse-la-vida\/"},"wordCount":624,"publisher":{"@id":"https:\/\/www.eldiario.net\/portal\/#organization"},"image":{"@id":"https:\/\/www.eldiario.net\/portal\/2026\/08\/15\/hombre-buscado-por-disparar-a-una-joven-intento-quitarse-la-vida\/#primaryimage"},"thumbnailUrl":"https:\/\/www.eldiario.net\/portal\/wp-content\/uploads\/2026\/08\/15-HOM.webp","articleSection":["Sociedad - Seguridad"],"inLanguage":"es"},{"@type":"WebPage","@id":"https:\/\/www.eldiario.net\/portal\/2026\/08\/15\/hombre-buscado-por-disparar-a-una-joven-intento-quitarse-la-vida\/","url":"https:\/\/www.eldiario.net\/portal\/2026\/08\/15\/hombre-buscado-por-disparar-a-una-joven-intento-quitarse-la-vida\/","name":"Hombre buscado por disparar a una joven intent\u00f3 quitarse la vida - El Diario - Bolivia","isPartOf":{"@id":"https:\/\/www.eldiario.net\/portal\/#website"},"primaryImageOfPage":{"@id":"https:\/\/www.eldiario.net\/portal\/2026\/08\/15\/hombre-buscado-por-disparar-a-una-joven-intento-quitarse-la-vida\/#primaryimage"},"image":{"@id":"https:\/\/www.eldiario.net\/portal\/2026\/08\/15\/hombre-buscado-por-disparar-a-una-joven-intento-quitarse-la-vida\/#primaryimage"},"thumbnailUrl":"https:\/\/www.eldiario.net\/portal\/wp-content\/uploads\/2026\/08\/15-HOM.webp","datePublished":"2026-08-15T11:13:40+00:00","breadcrumb":{"@id":"https:\/\/www.eldiario.net\/portal\/2026\/08\/15\/hombre-buscado-por-disparar-a-una-joven-intento-quitarse-la-vida\/#breadcrumb"},"inLanguage":"es","potentialAction":[{"@type":"ReadAction","target":["https:\/\/www.eldiario.net\/portal\/2026\/08\/15\/hombre-buscado-por-disparar-a-una-joven-intento-quitarse-la-vida\/"]}]},{"@type":"ImageObject","inLanguage":"es","@id":"https:\/\/www.eldiario.net\/portal\/2026\/08\/15\/hombre-buscado-por-disparar-a-una-joven-intento-quitarse-la-vida\/#primaryimage","url":"https:\/\/www.eldiario.net\/portal\/wp-content\/uploads\/2026\/08\/15-HOM.webp","contentUrl":"https:\/\/www.eldiario.net\/portal\/wp-content\/uploads\/2026\/08\/15-HOM.webp","width":340,"height":266,"caption":"Una ambulancia traslad\u00f3 al sujeto con vida hasta un hospital. Cr\u00e9dito de foto: Unitel"},{"@type":"BreadcrumbList","@id":"https:\/\/www.eldiario.net\/portal\/2026\/08\/15\/hombre-buscado-por-disparar-a-una-joven-intento-quitarse-la-vida\/#breadcrumb","itemListElement":[{"@type":"ListItem","position":1,"name":"Portada","item":"https:\/\/www.eldiario.net\/portal\/"},{"@type":"ListItem","position":2,"name":"Hombre buscado por disparar a una joven intent\u00f3 quitarse la vida"}]},{"@type":"WebSite","@id":"https:\/\/www.eldiario.net\/portal\/#website","url":"https:\/\/www.eldiario.net\/portal\/","name":"El Diario - Decano de la prensa nacional","description":"El Diario - Decano de la prensa nacional","publisher":{"@id":"https:\/\/www.eldiario.net\/portal\/#organization"},"potentialAction":[{"@type":"SearchAction","target":{"@type":"EntryPoint","urlTemplate":"https:\/\/www.eldiario.net\/portal\/?s={search_term_string}"},"query-input":{"@type":"PropertyValueSpecification","valueRequired":true,"valueName":"search_term_string"}}],"inLanguage":"es"},{"@type":"Organization","@id":"https:\/\/www.eldiario.net\/portal\/#organization","name":"El Diario - Decano de la prensa nacional","url":"https:\/\/www.eldiario.net\/portal\/","logo":{"@type":"ImageObject","inLanguage":"es","@id":"https:\/\/www.eldiario.net\/portal\/#\/schema\/logo\/image\/","url":"https:\/\/www.eldiario.net\/portal\/wp-content\/uploads\/2023\/07\/logo_ED.jpg","contentUrl":"https:\/\/www.eldiario.net\/portal\/wp-content\/uploads\/2023\/07\/logo_ED.jpg","width":272,"height":52,"caption":"El Diario - Decano de la prensa nacional"},"image":{"@id":"https:\/\/www.eldiario.net\/portal\/#\/schema\/logo\/image\/"},"sameAs":["https:\/\/www.facebook.com\/eldiario.bolivia\/","https:\/\/x.com\/eldiario_net"]},{"@type":"Person","@id":"https:\/\/www.eldiario.net\/portal\/#\/schema\/person\/f46445640444750d7d753ccd04ae01b7","name":"Jeanette","image":{"@type":"ImageObject","inLanguage":"es","@id":"https:\/\/secure.gravatar.com\/avatar\/3ea2118a5f7dad2b7138b1187a6b7ee55f160b9968b66013c3a3ef39dd7e5798?s=96&d=mm&r=g","url":"https:\/\/secure.gravatar.com\/avatar\/3ea2118a5f7dad2b7138b1187a6b7ee55f160b9968b66013c3a3ef39dd7e5798?s=96&d=mm&r=g","contentUrl":"https:\/\/secure.gravatar.com\/avatar\/3ea2118a5f7dad2b7138b1187a6b7ee55f160b9968b66013c3a3ef39dd7e5798?s=96&d=mm&r=g","caption":"Jeanette"},"sameAs":["https:\/\/www.eldiario.net\/portal"],"url":"https:\/\/www.eldiario.net\/portal\/author\/jeanette\/"}]}},"_links":{"self":[{"href":"https:\/\/www.eldiario.net\/portal\/wp-json\/wp\/v2\/posts\/421540","targetHints":{"allow":["GET"]}}],"collection":[{"href":"https:\/\/www.eldiario.net\/portal\/wp-json\/wp\/v2\/posts"}],"about":[{"href":"https:\/\/www.eldiario.net\/portal\/wp-json\/wp\/v2\/types\/post"}],"author":[{"embeddable":true,"href":"https:\/\/www.eldiario.net\/portal\/wp-json\/wp\/v2\/users\/1"}],"replies":[{"embeddable":true,"href":"https:\/\/www.eldiario.net\/portal\/wp-json\/wp\/v2\/comments?post=421540"}],"version-history":[{"count":1,"href":"https:\/\/www.eldiario.net\/portal\/wp-json\/wp\/v2\/posts\/421540\/revisions"}],"predecessor-version":[{"id":421542,"href":"https:\/\/www.eldiario.net\/portal\/wp-json\/wp\/v2\/posts\/421540\/revisions\/421542"}],"wp:featuredmedia":[{"embeddable":true,"href":"https:\/\/www.eldiario.net\/portal\/wp-json\/wp\/v2\/media\/421541"}],"wp:attachment":[{"href":"https:\/\/www.eldiario.net\/portal\/wp-json\/wp\/v2\/media?parent=421540"}],"wp:term":[{"taxonomy":"category","embeddable":true,"href":"https:\/\/www.eldiario.net\/portal\/wp-json\/wp\/v2\/categories?post=421540"},{"taxonomy":"post_tag","embeddable":true,"href":"https:\/\/www.eldiario.net\/portal\/wp-json\/wp\/v2\/tags?post=421540"}],"curies":[{"name":"wp","href":"https:\/\/api.w.org\/{rel}","templated":true}]}}