{"id":421537,"date":"2026-08-15T07:12:43","date_gmt":"2026-08-15T11:12:43","guid":{"rendered":"https:\/\/www.eldiario.net\/portal\/?p=421537"},"modified":"2026-08-15T07:12:43","modified_gmt":"2026-08-15T11:12:43","slug":"deja-un-muerto-y-dos-heridos-de-gravedad","status":"publish","type":"post","link":"https:\/\/www.eldiario.net\/portal\/2026\/08\/15\/deja-un-muerto-y-dos-heridos-de-gravedad\/","title":{"rendered":"Deja un muerto y dos heridos de gravedad"},"content":{"rendered":"<p>Tras perder comunicaci\u00f3n y dejar de aparecer en el radar, una avioneta fue buscada y localizada accidentada en inmediaciones de Cachascani, cerca de Trinidad, Beni, donde el piloto muri\u00f3 y dos pasajeros resultaron gravemente heridos y fueron evacuados para recibir atenci\u00f3n m\u00e9dica.<\/p>\n<p>En la aeronave viajaban cuatro personas. El tercer pasajero se separ\u00f3 del grupo despu\u00e9s del accidente, presuntamente para buscar ayuda, y hasta el \u00faltimo reporte disponible no hab\u00eda sido localizado; personal del Servicio de B\u00fasqueda y Salvamento de la Fuerza A\u00e9rea Boliviana (SAR-FAB) y trabajadores de la estancia Cachascani continuaban su b\u00fasqueda.<\/p>\n<p>La situaci\u00f3n de los ocupantes fue actualizada despu\u00e9s de que los equipos de rescate llegaron al lugar. El reporte preliminar se\u00f1alaba que las cuatro personas hab\u00edan sido encontradas con vida, pero posteriormente la V Brigada A\u00e9rea confirm\u00f3 el fallecimiento del piloto.<\/p>\n<p>Los ocupantes fueron identificados como Herlan Coca Guti\u00e9rrez, piloto de la aeronave, y los fiscales Hans Cristian Estenssoro Trigoso, Juana Guevara Paniagua y Juan Benjo Huchani Alpiri, quienes viajaban como pasajeros.<\/p>\n<p>La avioneta con matr\u00edcula CP-928, realizaba un vuelo entre Trinidad y la regi\u00f3n de Cachascani cuando se perdi\u00f3 la comunicaci\u00f3n y dej\u00f3 de aparecer en el radar. La falta de informaci\u00f3n sobre su ubicaci\u00f3n llev\u00f3 a iniciar las tareas de b\u00fasqueda.<\/p>\n<p>La Direcci\u00f3n General de Aeron\u00e1utica Civil (DGAC) inform\u00f3 sobre la emergencia y la activaci\u00f3n del Transmisor Localizador de Emergencia (ELT) de la aeronave. La se\u00f1al del dispositivo, junto con informaci\u00f3n del radar, permiti\u00f3 precisar el \u00e1rea donde se encontraba.<\/p>\n<p>Navegaci\u00f3n A\u00e9rea y Aeropuertos Bolivianos (Naabol) declar\u00f3 la aeronave en situaci\u00f3n de DETRESFA, una alerta utilizada cuando existe peligro grave para una aeronave y sus ocupantes. Tambi\u00e9n se activ\u00f3 el Centro de Operaciones de Emergencia (COE).<\/p>\n<p>El SAR-FAB envi\u00f3 rescatistas hasta Cachascani para intervenir tras la ubicaci\u00f3n de la avioneta. El personal lleg\u00f3 hasta el sitio del accidente, verific\u00f3 el estado de los ocupantes y organiz\u00f3 las acciones necesarias para atender la emergencia.<\/p>\n<p>Las causas del accidente todav\u00eda no fueron establecidas. La investigaci\u00f3n deber\u00e1 determinar qu\u00e9 ocurri\u00f3 durante el vuelo y las circunstancias que llevaron a la aeronave a terminar accidentada en inmediaciones de Cachascani.<\/p>\n","protected":false},"excerpt":{"rendered":"<p>Tras perder comunicaci\u00f3n y dejar de aparecer en el radar, una avioneta fue buscada y localizada accidentada en inmediaciones de Cachascani, cerca de Trinidad, Beni, donde el piloto muri\u00f3 y dos pasajeros resultaron gravemente heridos y fueron evacuados para recibir atenci\u00f3n m\u00e9dica. En la aeronave viajaban cuatro personas. El tercer pasajero se separ\u00f3 del grupo [&hellip;]<\/p>\n","protected":false},"author":1,"featured_media":421538,"comment_status":"closed","ping_status":"open","sticky":false,"template":"","format":"standard","meta":{"_acf_changed":false,"footnotes":""},"categories":[39],"tags":[],"class_list":["post-421537","post","type-post","status-publish","format-standard","has-post-thumbnail","category-sociedad"],"acf":{"antetitulo":"Accidente a\u00e9reo en Beni"},"yoast_head":"<!-- This site is optimized with the Yoast SEO plugin v28.3 - https:\/\/yoast.com\/product\/yoast-seo-wordpress\/ -->\n<title>Deja un muerto y dos heridos de gravedad - El Diario - Bolivia<\/title>\n<meta name=\"robots\" content=\"index, follow, max-snippet:-1, max-image-preview:large, max-video-preview:-1\" \/>\n<link rel=\"canonical\" href=\"https:\/\/www.eldiario.net\/portal\/2026\/08\/15\/deja-un-muerto-y-dos-heridos-de-gravedad\/\" \/>\n<meta property=\"og:locale\" content=\"es_ES\" \/>\n<meta property=\"og:type\" content=\"article\" \/>\n<meta property=\"og:title\" content=\"Deja un muerto y dos heridos de gravedad - El Diario - Bolivia\" \/>\n<meta property=\"og:description\" content=\"Tras perder comunicaci\u00f3n y dejar de aparecer en el radar, una avioneta fue buscada y localizada accidentada en inmediaciones de Cachascani, cerca de Trinidad, Beni, donde el piloto muri\u00f3 y dos pasajeros resultaron gravemente heridos y fueron evacuados para recibir atenci\u00f3n m\u00e9dica. En la aeronave viajaban cuatro personas. El tercer pasajero se separ\u00f3 del grupo [&hellip;]\" \/>\n<meta property=\"og:url\" content=\"https:\/\/www.eldiario.net\/portal\/2026\/08\/15\/deja-un-muerto-y-dos-heridos-de-gravedad\/\" \/>\n<meta property=\"og:site_name\" content=\"El Diario - Bolivia\" \/>\n<meta property=\"article:publisher\" content=\"https:\/\/www.facebook.com\/eldiario.bolivia\/\" \/>\n<meta property=\"article:published_time\" content=\"2026-08-15T11:12:43+00:00\" \/>\n<meta property=\"og:image\" content=\"https:\/\/www.eldiario.net\/portal\/wp-content\/uploads\/2026\/08\/15-AVIONETA.webp\" \/>\n\t<meta property=\"og:image:width\" content=\"1204\" \/>\n\t<meta property=\"og:image:height\" content=\"982\" \/>\n\t<meta property=\"og:image:type\" content=\"image\/webp\" \/>\n<meta name=\"author\" content=\"Jeanette\" \/>\n<meta name=\"twitter:card\" content=\"summary_large_image\" \/>\n<meta name=\"twitter:creator\" content=\"@eldiario_net\" \/>\n<meta name=\"twitter:site\" content=\"@eldiario_net\" \/>\n<meta name=\"twitter:label1\" content=\"Escrito por\" \/>\n\t<meta name=\"twitter:data1\" content=\"Jeanette\" \/>\n\t<meta name=\"twitter:label2\" content=\"Tiempo de lectura\" \/>\n\t<meta name=\"twitter:data2\" content=\"2 minutos\" \/>\n<script type=\"application\/ld+json\" class=\"yoast-schema-graph\">{\"@context\":\"https:\\\/\\\/schema.org\",\"@graph\":[{\"@type\":\"Article\",\"@id\":\"https:\\\/\\\/www.eldiario.net\\\/portal\\\/2026\\\/08\\\/15\\\/deja-un-muerto-y-dos-heridos-de-gravedad\\\/#article\",\"isPartOf\":{\"@id\":\"https:\\\/\\\/www.eldiario.net\\\/portal\\\/2026\\\/08\\\/15\\\/deja-un-muerto-y-dos-heridos-de-gravedad\\\/\"},\"author\":{\"name\":\"Jeanette\",\"@id\":\"https:\\\/\\\/www.eldiario.net\\\/portal\\\/#\\\/schema\\\/person\\\/f46445640444750d7d753ccd04ae01b7\"},\"headline\":\"Deja un muerto y dos heridos de gravedad\",\"datePublished\":\"2026-08-15T11:12:43+00:00\",\"mainEntityOfPage\":{\"@id\":\"https:\\\/\\\/www.eldiario.net\\\/portal\\\/2026\\\/08\\\/15\\\/deja-un-muerto-y-dos-heridos-de-gravedad\\\/\"},\"wordCount\":391,\"publisher\":{\"@id\":\"https:\\\/\\\/www.eldiario.net\\\/portal\\\/#organization\"},\"image\":{\"@id\":\"https:\\\/\\\/www.eldiario.net\\\/portal\\\/2026\\\/08\\\/15\\\/deja-un-muerto-y-dos-heridos-de-gravedad\\\/#primaryimage\"},\"thumbnailUrl\":\"https:\\\/\\\/www.eldiario.net\\\/portal\\\/wp-content\\\/uploads\\\/2026\\\/08\\\/15-AVIONETA.webp\",\"articleSection\":[\"Sociedad - Seguridad\"],\"inLanguage\":\"es\"},{\"@type\":\"WebPage\",\"@id\":\"https:\\\/\\\/www.eldiario.net\\\/portal\\\/2026\\\/08\\\/15\\\/deja-un-muerto-y-dos-heridos-de-gravedad\\\/\",\"url\":\"https:\\\/\\\/www.eldiario.net\\\/portal\\\/2026\\\/08\\\/15\\\/deja-un-muerto-y-dos-heridos-de-gravedad\\\/\",\"name\":\"Deja un muerto y dos heridos de gravedad - El Diario - Bolivia\",\"isPartOf\":{\"@id\":\"https:\\\/\\\/www.eldiario.net\\\/portal\\\/#website\"},\"primaryImageOfPage\":{\"@id\":\"https:\\\/\\\/www.eldiario.net\\\/portal\\\/2026\\\/08\\\/15\\\/deja-un-muerto-y-dos-heridos-de-gravedad\\\/#primaryimage\"},\"image\":{\"@id\":\"https:\\\/\\\/www.eldiario.net\\\/portal\\\/2026\\\/08\\\/15\\\/deja-un-muerto-y-dos-heridos-de-gravedad\\\/#primaryimage\"},\"thumbnailUrl\":\"https:\\\/\\\/www.eldiario.net\\\/portal\\\/wp-content\\\/uploads\\\/2026\\\/08\\\/15-AVIONETA.webp\",\"datePublished\":\"2026-08-15T11:12:43+00:00\",\"breadcrumb\":{\"@id\":\"https:\\\/\\\/www.eldiario.net\\\/portal\\\/2026\\\/08\\\/15\\\/deja-un-muerto-y-dos-heridos-de-gravedad\\\/#breadcrumb\"},\"inLanguage\":\"es\",\"potentialAction\":[{\"@type\":\"ReadAction\",\"target\":[\"https:\\\/\\\/www.eldiario.net\\\/portal\\\/2026\\\/08\\\/15\\\/deja-un-muerto-y-dos-heridos-de-gravedad\\\/\"]}]},{\"@type\":\"ImageObject\",\"inLanguage\":\"es\",\"@id\":\"https:\\\/\\\/www.eldiario.net\\\/portal\\\/2026\\\/08\\\/15\\\/deja-un-muerto-y-dos-heridos-de-gravedad\\\/#primaryimage\",\"url\":\"https:\\\/\\\/www.eldiario.net\\\/portal\\\/wp-content\\\/uploads\\\/2026\\\/08\\\/15-AVIONETA.webp\",\"contentUrl\":\"https:\\\/\\\/www.eldiario.net\\\/portal\\\/wp-content\\\/uploads\\\/2026\\\/08\\\/15-AVIONETA.webp\",\"width\":1204,\"height\":982,\"caption\":\"De esta manera qued\u00f3 la aeronave tras el siniestro. Cr\u00e9dito de foto: MD\"},{\"@type\":\"BreadcrumbList\",\"@id\":\"https:\\\/\\\/www.eldiario.net\\\/portal\\\/2026\\\/08\\\/15\\\/deja-un-muerto-y-dos-heridos-de-gravedad\\\/#breadcrumb\",\"itemListElement\":[{\"@type\":\"ListItem\",\"position\":1,\"name\":\"Portada\",\"item\":\"https:\\\/\\\/www.eldiario.net\\\/portal\\\/\"},{\"@type\":\"ListItem\",\"position\":2,\"name\":\"Deja un muerto y dos heridos de gravedad\"}]},{\"@type\":\"WebSite\",\"@id\":\"https:\\\/\\\/www.eldiario.net\\\/portal\\\/#website\",\"url\":\"https:\\\/\\\/www.eldiario.net\\\/portal\\\/\",\"name\":\"El Diario - Decano de la prensa nacional\",\"description\":\"El Diario - Decano de la prensa nacional\",\"publisher\":{\"@id\":\"https:\\\/\\\/www.eldiario.net\\\/portal\\\/#organization\"},\"potentialAction\":[{\"@type\":\"SearchAction\",\"target\":{\"@type\":\"EntryPoint\",\"urlTemplate\":\"https:\\\/\\\/www.eldiario.net\\\/portal\\\/?s={search_term_string}\"},\"query-input\":{\"@type\":\"PropertyValueSpecification\",\"valueRequired\":true,\"valueName\":\"search_term_string\"}}],\"inLanguage\":\"es\"},{\"@type\":\"Organization\",\"@id\":\"https:\\\/\\\/www.eldiario.net\\\/portal\\\/#organization\",\"name\":\"El Diario - Decano de la prensa nacional\",\"url\":\"https:\\\/\\\/www.eldiario.net\\\/portal\\\/\",\"logo\":{\"@type\":\"ImageObject\",\"inLanguage\":\"es\",\"@id\":\"https:\\\/\\\/www.eldiario.net\\\/portal\\\/#\\\/schema\\\/logo\\\/image\\\/\",\"url\":\"https:\\\/\\\/www.eldiario.net\\\/portal\\\/wp-content\\\/uploads\\\/2023\\\/07\\\/logo_ED.jpg\",\"contentUrl\":\"https:\\\/\\\/www.eldiario.net\\\/portal\\\/wp-content\\\/uploads\\\/2023\\\/07\\\/logo_ED.jpg\",\"width\":272,\"height\":52,\"caption\":\"El Diario - Decano de la prensa nacional\"},\"image\":{\"@id\":\"https:\\\/\\\/www.eldiario.net\\\/portal\\\/#\\\/schema\\\/logo\\\/image\\\/\"},\"sameAs\":[\"https:\\\/\\\/www.facebook.com\\\/eldiario.bolivia\\\/\",\"https:\\\/\\\/x.com\\\/eldiario_net\"]},{\"@type\":\"Person\",\"@id\":\"https:\\\/\\\/www.eldiario.net\\\/portal\\\/#\\\/schema\\\/person\\\/f46445640444750d7d753ccd04ae01b7\",\"name\":\"Jeanette\",\"image\":{\"@type\":\"ImageObject\",\"inLanguage\":\"es\",\"@id\":\"https:\\\/\\\/secure.gravatar.com\\\/avatar\\\/3ea2118a5f7dad2b7138b1187a6b7ee55f160b9968b66013c3a3ef39dd7e5798?s=96&d=mm&r=g\",\"url\":\"https:\\\/\\\/secure.gravatar.com\\\/avatar\\\/3ea2118a5f7dad2b7138b1187a6b7ee55f160b9968b66013c3a3ef39dd7e5798?s=96&d=mm&r=g\",\"contentUrl\":\"https:\\\/\\\/secure.gravatar.com\\\/avatar\\\/3ea2118a5f7dad2b7138b1187a6b7ee55f160b9968b66013c3a3ef39dd7e5798?s=96&d=mm&r=g\",\"caption\":\"Jeanette\"},\"sameAs\":[\"https:\\\/\\\/www.eldiario.net\\\/portal\"],\"url\":\"https:\\\/\\\/www.eldiario.net\\\/portal\\\/author\\\/jeanette\\\/\"}]}<\/script>\n<!-- \/ Yoast SEO plugin. -->","yoast_head_json":{"title":"Deja un muerto y dos heridos de gravedad - El Diario - Bolivia","robots":{"index":"index","follow":"follow","max-snippet":"max-snippet:-1","max-image-preview":"max-image-preview:large","max-video-preview":"max-video-preview:-1"},"canonical":"https:\/\/www.eldiario.net\/portal\/2026\/08\/15\/deja-un-muerto-y-dos-heridos-de-gravedad\/","og_locale":"es_ES","og_type":"article","og_title":"Deja un muerto y dos heridos de gravedad - El Diario - Bolivia","og_description":"Tras perder comunicaci\u00f3n y dejar de aparecer en el radar, una avioneta fue buscada y localizada accidentada en inmediaciones de Cachascani, cerca de Trinidad, Beni, donde el piloto muri\u00f3 y dos pasajeros resultaron gravemente heridos y fueron evacuados para recibir atenci\u00f3n m\u00e9dica. En la aeronave viajaban cuatro personas. El tercer pasajero se separ\u00f3 del grupo [&hellip;]","og_url":"https:\/\/www.eldiario.net\/portal\/2026\/08\/15\/deja-un-muerto-y-dos-heridos-de-gravedad\/","og_site_name":"El Diario - Bolivia","article_publisher":"https:\/\/www.facebook.com\/eldiario.bolivia\/","article_published_time":"2026-08-15T11:12:43+00:00","og_image":[{"width":1204,"height":982,"url":"https:\/\/www.eldiario.net\/portal\/wp-content\/uploads\/2026\/08\/15-AVIONETA.webp","type":"image\/webp"}],"author":"Jeanette","twitter_card":"summary_large_image","twitter_creator":"@eldiario_net","twitter_site":"@eldiario_net","twitter_misc":{"Escrito por":"Jeanette","Tiempo de lectura":"2 minutos"},"schema":{"@context":"https:\/\/schema.org","@graph":[{"@type":"Article","@id":"https:\/\/www.eldiario.net\/portal\/2026\/08\/15\/deja-un-muerto-y-dos-heridos-de-gravedad\/#article","isPartOf":{"@id":"https:\/\/www.eldiario.net\/portal\/2026\/08\/15\/deja-un-muerto-y-dos-heridos-de-gravedad\/"},"author":{"name":"Jeanette","@id":"https:\/\/www.eldiario.net\/portal\/#\/schema\/person\/f46445640444750d7d753ccd04ae01b7"},"headline":"Deja un muerto y dos heridos de gravedad","datePublished":"2026-08-15T11:12:43+00:00","mainEntityOfPage":{"@id":"https:\/\/www.eldiario.net\/portal\/2026\/08\/15\/deja-un-muerto-y-dos-heridos-de-gravedad\/"},"wordCount":391,"publisher":{"@id":"https:\/\/www.eldiario.net\/portal\/#organization"},"image":{"@id":"https:\/\/www.eldiario.net\/portal\/2026\/08\/15\/deja-un-muerto-y-dos-heridos-de-gravedad\/#primaryimage"},"thumbnailUrl":"https:\/\/www.eldiario.net\/portal\/wp-content\/uploads\/2026\/08\/15-AVIONETA.webp","articleSection":["Sociedad - Seguridad"],"inLanguage":"es"},{"@type":"WebPage","@id":"https:\/\/www.eldiario.net\/portal\/2026\/08\/15\/deja-un-muerto-y-dos-heridos-de-gravedad\/","url":"https:\/\/www.eldiario.net\/portal\/2026\/08\/15\/deja-un-muerto-y-dos-heridos-de-gravedad\/","name":"Deja un muerto y dos heridos de gravedad - El Diario - Bolivia","isPartOf":{"@id":"https:\/\/www.eldiario.net\/portal\/#website"},"primaryImageOfPage":{"@id":"https:\/\/www.eldiario.net\/portal\/2026\/08\/15\/deja-un-muerto-y-dos-heridos-de-gravedad\/#primaryimage"},"image":{"@id":"https:\/\/www.eldiario.net\/portal\/2026\/08\/15\/deja-un-muerto-y-dos-heridos-de-gravedad\/#primaryimage"},"thumbnailUrl":"https:\/\/www.eldiario.net\/portal\/wp-content\/uploads\/2026\/08\/15-AVIONETA.webp","datePublished":"2026-08-15T11:12:43+00:00","breadcrumb":{"@id":"https:\/\/www.eldiario.net\/portal\/2026\/08\/15\/deja-un-muerto-y-dos-heridos-de-gravedad\/#breadcrumb"},"inLanguage":"es","potentialAction":[{"@type":"ReadAction","target":["https:\/\/www.eldiario.net\/portal\/2026\/08\/15\/deja-un-muerto-y-dos-heridos-de-gravedad\/"]}]},{"@type":"ImageObject","inLanguage":"es","@id":"https:\/\/www.eldiario.net\/portal\/2026\/08\/15\/deja-un-muerto-y-dos-heridos-de-gravedad\/#primaryimage","url":"https:\/\/www.eldiario.net\/portal\/wp-content\/uploads\/2026\/08\/15-AVIONETA.webp","contentUrl":"https:\/\/www.eldiario.net\/portal\/wp-content\/uploads\/2026\/08\/15-AVIONETA.webp","width":1204,"height":982,"caption":"De esta manera qued\u00f3 la aeronave tras el siniestro. Cr\u00e9dito de foto: MD"},{"@type":"BreadcrumbList","@id":"https:\/\/www.eldiario.net\/portal\/2026\/08\/15\/deja-un-muerto-y-dos-heridos-de-gravedad\/#breadcrumb","itemListElement":[{"@type":"ListItem","position":1,"name":"Portada","item":"https:\/\/www.eldiario.net\/portal\/"},{"@type":"ListItem","position":2,"name":"Deja un muerto y dos heridos de gravedad"}]},{"@type":"WebSite","@id":"https:\/\/www.eldiario.net\/portal\/#website","url":"https:\/\/www.eldiario.net\/portal\/","name":"El Diario - Decano de la prensa nacional","description":"El Diario - Decano de la prensa nacional","publisher":{"@id":"https:\/\/www.eldiario.net\/portal\/#organization"},"potentialAction":[{"@type":"SearchAction","target":{"@type":"EntryPoint","urlTemplate":"https:\/\/www.eldiario.net\/portal\/?s={search_term_string}"},"query-input":{"@type":"PropertyValueSpecification","valueRequired":true,"valueName":"search_term_string"}}],"inLanguage":"es"},{"@type":"Organization","@id":"https:\/\/www.eldiario.net\/portal\/#organization","name":"El Diario - Decano de la prensa nacional","url":"https:\/\/www.eldiario.net\/portal\/","logo":{"@type":"ImageObject","inLanguage":"es","@id":"https:\/\/www.eldiario.net\/portal\/#\/schema\/logo\/image\/","url":"https:\/\/www.eldiario.net\/portal\/wp-content\/uploads\/2023\/07\/logo_ED.jpg","contentUrl":"https:\/\/www.eldiario.net\/portal\/wp-content\/uploads\/2023\/07\/logo_ED.jpg","width":272,"height":52,"caption":"El Diario - Decano de la prensa nacional"},"image":{"@id":"https:\/\/www.eldiario.net\/portal\/#\/schema\/logo\/image\/"},"sameAs":["https:\/\/www.facebook.com\/eldiario.bolivia\/","https:\/\/x.com\/eldiario_net"]},{"@type":"Person","@id":"https:\/\/www.eldiario.net\/portal\/#\/schema\/person\/f46445640444750d7d753ccd04ae01b7","name":"Jeanette","image":{"@type":"ImageObject","inLanguage":"es","@id":"https:\/\/secure.gravatar.com\/avatar\/3ea2118a5f7dad2b7138b1187a6b7ee55f160b9968b66013c3a3ef39dd7e5798?s=96&d=mm&r=g","url":"https:\/\/secure.gravatar.com\/avatar\/3ea2118a5f7dad2b7138b1187a6b7ee55f160b9968b66013c3a3ef39dd7e5798?s=96&d=mm&r=g","contentUrl":"https:\/\/secure.gravatar.com\/avatar\/3ea2118a5f7dad2b7138b1187a6b7ee55f160b9968b66013c3a3ef39dd7e5798?s=96&d=mm&r=g","caption":"Jeanette"},"sameAs":["https:\/\/www.eldiario.net\/portal"],"url":"https:\/\/www.eldiario.net\/portal\/author\/jeanette\/"}]}},"_links":{"self":[{"href":"https:\/\/www.eldiario.net\/portal\/wp-json\/wp\/v2\/posts\/421537","targetHints":{"allow":["GET"]}}],"collection":[{"href":"https:\/\/www.eldiario.net\/portal\/wp-json\/wp\/v2\/posts"}],"about":[{"href":"https:\/\/www.eldiario.net\/portal\/wp-json\/wp\/v2\/types\/post"}],"author":[{"embeddable":true,"href":"https:\/\/www.eldiario.net\/portal\/wp-json\/wp\/v2\/users\/1"}],"replies":[{"embeddable":true,"href":"https:\/\/www.eldiario.net\/portal\/wp-json\/wp\/v2\/comments?post=421537"}],"version-history":[{"count":1,"href":"https:\/\/www.eldiario.net\/portal\/wp-json\/wp\/v2\/posts\/421537\/revisions"}],"predecessor-version":[{"id":421539,"href":"https:\/\/www.eldiario.net\/portal\/wp-json\/wp\/v2\/posts\/421537\/revisions\/421539"}],"wp:featuredmedia":[{"embeddable":true,"href":"https:\/\/www.eldiario.net\/portal\/wp-json\/wp\/v2\/media\/421538"}],"wp:attachment":[{"href":"https:\/\/www.eldiario.net\/portal\/wp-json\/wp\/v2\/media?parent=421537"}],"wp:term":[{"taxonomy":"category","embeddable":true,"href":"https:\/\/www.eldiario.net\/portal\/wp-json\/wp\/v2\/categories?post=421537"},{"taxonomy":"post_tag","embeddable":true,"href":"https:\/\/www.eldiario.net\/portal\/wp-json\/wp\/v2\/tags?post=421537"}],"curies":[{"name":"wp","href":"https:\/\/api.w.org\/{rel}","templated":true}]}}