{"id":421362,"date":"2026-08-14T09:20:35","date_gmt":"2026-08-14T13:20:35","guid":{"rendered":"https:\/\/www.eldiario.net\/portal\/?p=421362"},"modified":"2026-08-14T09:20:35","modified_gmt":"2026-08-14T13:20:35","slug":"corte-en-la-carretera-cochabamba-oruro-por-urkupina-estas-son-las-rutas-de-desvio-0920","status":"publish","type":"post","link":"https:\/\/www.eldiario.net\/portal\/2026\/08\/14\/corte-en-la-carretera-cochabamba-oruro-por-urkupina-estas-son-las-rutas-de-desvio-0920\/","title":{"rendered":"Corte en la carretera Cochabamba\u2013Oruro por Urkupi\u00f1a: estas son las rutas de desv\u00edo (09:20)"},"content":{"rendered":"<p>La carretera Cochabamba\u2013Oruro tendr\u00e1 un corte temporal entre los kil\u00f3metros 10 y 15, en el municipio de Quillacollo, desde este viernes al domingo, debido a las actividades de la Festividad de la Virgen de Urkupi\u00f1a.<\/p>\n<p><img loading=\"lazy\" decoding=\"async\" class=\"size-medium wp-image-421363 aligncenter\" src=\"https:\/\/www.eldiario.net\/portal\/wp-content\/uploads\/2026\/08\/abc-14.08.26-copia-300x273.webp\" alt=\"\" width=\"300\" height=\"273\" srcset=\"https:\/\/www.eldiario.net\/portal\/wp-content\/uploads\/2026\/08\/abc-14.08.26-copia-300x273.webp 300w, https:\/\/www.eldiario.net\/portal\/wp-content\/uploads\/2026\/08\/abc-14.08.26-copia-462x420.webp 462w, https:\/\/www.eldiario.net\/portal\/wp-content\/uploads\/2026\/08\/abc-14.08.26-copia-150x137.webp 150w, https:\/\/www.eldiario.net\/portal\/wp-content\/uploads\/2026\/08\/abc-14.08.26-copia.webp 600w\" sizes=\"auto, (max-width: 300px) 100vw, 300px\" \/><\/p>\n<p>El corte afectar\u00e1 a la ruta utilizada por el transporte pesado que circula entre el occidente y el oriente del pa\u00eds, por lo que el Gobierno Aut\u00f3nomo Municipal de Quillacollo estableci\u00f3 recorridos diferenciados seg\u00fan el sentido de circulaci\u00f3n.<\/p>\n<p>De este a oeste, deber\u00e1 circular por Blanco Galindo, Germ\u00e1n Busch, Rico Toro, Antofagasta, Capit\u00e1n Arzabe, N\u00e9lida de Guerra y Albina Pati\u00f1o. En sentido oeste-este, el desv\u00edo contempla Albina Pati\u00f1o, N\u00e9lida de Guerra, Capit\u00e1n Arzabe, avenida Rosendy y Blanco Galindo.<\/p>\n<p><img loading=\"lazy\" decoding=\"async\" class=\"size-medium wp-image-421364 aligncenter\" src=\"https:\/\/www.eldiario.net\/portal\/wp-content\/uploads\/2026\/08\/mapa-quillacollo-14.08.26-copia-212x300.webp\" alt=\"\" width=\"212\" height=\"300\" srcset=\"https:\/\/www.eldiario.net\/portal\/wp-content\/uploads\/2026\/08\/mapa-quillacollo-14.08.26-copia-212x300.webp 212w, https:\/\/www.eldiario.net\/portal\/wp-content\/uploads\/2026\/08\/mapa-quillacollo-14.08.26-copia-297x420.webp 297w, https:\/\/www.eldiario.net\/portal\/wp-content\/uploads\/2026\/08\/mapa-quillacollo-14.08.26-copia-150x212.webp 150w, https:\/\/www.eldiario.net\/portal\/wp-content\/uploads\/2026\/08\/mapa-quillacollo-14.08.26-copia-300x425.webp 300w, https:\/\/www.eldiario.net\/portal\/wp-content\/uploads\/2026\/08\/mapa-quillacollo-14.08.26-copia.webp 424w\" sizes=\"auto, (max-width: 212px) 100vw, 212px\" \/><\/p>\n<p>Los mapas difundidos por la Alcald\u00eda tambi\u00e9n identifican los puntos de control y las rutas establecidas durante la restricci\u00f3n.<\/p>\n<p>La ABC recomend\u00f3 a los usuarios tomar previsiones, respetar la se\u00f1alizaci\u00f3n y seguir las indicaciones del personal autorizado.<\/p>\n<p>&nbsp;<\/p>\n","protected":false},"excerpt":{"rendered":"<p>La carretera Cochabamba\u2013Oruro tendr\u00e1 un corte temporal entre los kil\u00f3metros 10 y 15, en el municipio de Quillacollo, desde este viernes al domingo, debido a las actividades de la Festividad de la Virgen de Urkupi\u00f1a. El corte afectar\u00e1 a la ruta utilizada por el transporte pesado que circula entre el occidente y el oriente del [&hellip;]<\/p>\n","protected":false},"author":7,"featured_media":421367,"comment_status":"closed","ping_status":"open","sticky":false,"template":"","format":"standard","meta":{"_acf_changed":false,"footnotes":""},"categories":[51],"tags":[],"class_list":["post-421362","post","type-post","status-publish","format-standard","has-post-thumbnail","category-ultima-hora"],"acf":{"antetitulo":""},"yoast_head":"<!-- This site is optimized with the Yoast SEO plugin v28.3 - https:\/\/yoast.com\/product\/yoast-seo-wordpress\/ -->\n<title>Corte en la carretera Cochabamba\u2013Oruro por Urkupi\u00f1a: estas son las rutas de desv\u00edo (09:20) - El Diario - Bolivia<\/title>\n<meta name=\"robots\" content=\"index, follow, max-snippet:-1, max-image-preview:large, max-video-preview:-1\" \/>\n<link rel=\"canonical\" href=\"https:\/\/www.eldiario.net\/portal\/2026\/08\/14\/corte-en-la-carretera-cochabamba-oruro-por-urkupina-estas-son-las-rutas-de-desvio-0920\/\" \/>\n<meta property=\"og:locale\" content=\"es_ES\" \/>\n<meta property=\"og:type\" content=\"article\" \/>\n<meta property=\"og:title\" content=\"Corte en la carretera Cochabamba\u2013Oruro por Urkupi\u00f1a: estas son las rutas de desv\u00edo (09:20) - El Diario - Bolivia\" \/>\n<meta property=\"og:description\" content=\"La carretera Cochabamba\u2013Oruro tendr\u00e1 un corte temporal entre los kil\u00f3metros 10 y 15, en el municipio de Quillacollo, desde este viernes al domingo, debido a las actividades de la Festividad de la Virgen de Urkupi\u00f1a. El corte afectar\u00e1 a la ruta utilizada por el transporte pesado que circula entre el occidente y el oriente del [&hellip;]\" \/>\n<meta property=\"og:url\" content=\"https:\/\/www.eldiario.net\/portal\/2026\/08\/14\/corte-en-la-carretera-cochabamba-oruro-por-urkupina-estas-son-las-rutas-de-desvio-0920\/\" \/>\n<meta property=\"og:site_name\" content=\"El Diario - Bolivia\" \/>\n<meta property=\"article:publisher\" content=\"https:\/\/www.facebook.com\/eldiario.bolivia\/\" \/>\n<meta property=\"article:published_time\" content=\"2026-08-14T13:20:35+00:00\" \/>\n<meta property=\"og:image\" content=\"https:\/\/www.eldiario.net\/portal\/wp-content\/uploads\/2026\/08\/entrada-de-urkupina-14.08.26-copia.webp\" \/>\n\t<meta property=\"og:image:width\" content=\"600\" \/>\n\t<meta property=\"og:image:height\" content=\"371\" \/>\n\t<meta property=\"og:image:type\" content=\"image\/webp\" \/>\n<meta name=\"author\" content=\"Viviana Monrroy\" \/>\n<meta name=\"twitter:card\" content=\"summary_large_image\" \/>\n<meta name=\"twitter:creator\" content=\"@eldiario_net\" \/>\n<meta name=\"twitter:site\" content=\"@eldiario_net\" \/>\n<meta name=\"twitter:label1\" content=\"Escrito por\" \/>\n\t<meta name=\"twitter:data1\" content=\"Viviana Monrroy\" \/>\n\t<meta name=\"twitter:label2\" content=\"Tiempo de lectura\" \/>\n\t<meta name=\"twitter:data2\" content=\"2 minutos\" \/>\n<script type=\"application\/ld+json\" class=\"yoast-schema-graph\">{\"@context\":\"https:\\\/\\\/schema.org\",\"@graph\":[{\"@type\":\"Article\",\"@id\":\"https:\\\/\\\/www.eldiario.net\\\/portal\\\/2026\\\/08\\\/14\\\/corte-en-la-carretera-cochabamba-oruro-por-urkupina-estas-son-las-rutas-de-desvio-0920\\\/#article\",\"isPartOf\":{\"@id\":\"https:\\\/\\\/www.eldiario.net\\\/portal\\\/2026\\\/08\\\/14\\\/corte-en-la-carretera-cochabamba-oruro-por-urkupina-estas-son-las-rutas-de-desvio-0920\\\/\"},\"author\":{\"name\":\"Viviana Monrroy\",\"@id\":\"https:\\\/\\\/www.eldiario.net\\\/portal\\\/#\\\/schema\\\/person\\\/ba370d92d160f4d3574381f6d9b78fab\"},\"headline\":\"Corte en la carretera Cochabamba\u2013Oruro por Urkupi\u00f1a: estas son las rutas de desv\u00edo (09:20)\",\"datePublished\":\"2026-08-14T13:20:35+00:00\",\"mainEntityOfPage\":{\"@id\":\"https:\\\/\\\/www.eldiario.net\\\/portal\\\/2026\\\/08\\\/14\\\/corte-en-la-carretera-cochabamba-oruro-por-urkupina-estas-son-las-rutas-de-desvio-0920\\\/\"},\"wordCount\":185,\"publisher\":{\"@id\":\"https:\\\/\\\/www.eldiario.net\\\/portal\\\/#organization\"},\"image\":{\"@id\":\"https:\\\/\\\/www.eldiario.net\\\/portal\\\/2026\\\/08\\\/14\\\/corte-en-la-carretera-cochabamba-oruro-por-urkupina-estas-son-las-rutas-de-desvio-0920\\\/#primaryimage\"},\"thumbnailUrl\":\"https:\\\/\\\/www.eldiario.net\\\/portal\\\/wp-content\\\/uploads\\\/2026\\\/08\\\/entrada-de-urkupina-14.08.26-copia.webp\",\"articleSection\":[\"\u00daltima Hora\"],\"inLanguage\":\"es\"},{\"@type\":\"WebPage\",\"@id\":\"https:\\\/\\\/www.eldiario.net\\\/portal\\\/2026\\\/08\\\/14\\\/corte-en-la-carretera-cochabamba-oruro-por-urkupina-estas-son-las-rutas-de-desvio-0920\\\/\",\"url\":\"https:\\\/\\\/www.eldiario.net\\\/portal\\\/2026\\\/08\\\/14\\\/corte-en-la-carretera-cochabamba-oruro-por-urkupina-estas-son-las-rutas-de-desvio-0920\\\/\",\"name\":\"Corte en la carretera Cochabamba\u2013Oruro por Urkupi\u00f1a: estas son las rutas de desv\u00edo (09:20) - El Diario - Bolivia\",\"isPartOf\":{\"@id\":\"https:\\\/\\\/www.eldiario.net\\\/portal\\\/#website\"},\"primaryImageOfPage\":{\"@id\":\"https:\\\/\\\/www.eldiario.net\\\/portal\\\/2026\\\/08\\\/14\\\/corte-en-la-carretera-cochabamba-oruro-por-urkupina-estas-son-las-rutas-de-desvio-0920\\\/#primaryimage\"},\"image\":{\"@id\":\"https:\\\/\\\/www.eldiario.net\\\/portal\\\/2026\\\/08\\\/14\\\/corte-en-la-carretera-cochabamba-oruro-por-urkupina-estas-son-las-rutas-de-desvio-0920\\\/#primaryimage\"},\"thumbnailUrl\":\"https:\\\/\\\/www.eldiario.net\\\/portal\\\/wp-content\\\/uploads\\\/2026\\\/08\\\/entrada-de-urkupina-14.08.26-copia.webp\",\"datePublished\":\"2026-08-14T13:20:35+00:00\",\"breadcrumb\":{\"@id\":\"https:\\\/\\\/www.eldiario.net\\\/portal\\\/2026\\\/08\\\/14\\\/corte-en-la-carretera-cochabamba-oruro-por-urkupina-estas-son-las-rutas-de-desvio-0920\\\/#breadcrumb\"},\"inLanguage\":\"es\",\"potentialAction\":[{\"@type\":\"ReadAction\",\"target\":[\"https:\\\/\\\/www.eldiario.net\\\/portal\\\/2026\\\/08\\\/14\\\/corte-en-la-carretera-cochabamba-oruro-por-urkupina-estas-son-las-rutas-de-desvio-0920\\\/\"]}]},{\"@type\":\"ImageObject\",\"inLanguage\":\"es\",\"@id\":\"https:\\\/\\\/www.eldiario.net\\\/portal\\\/2026\\\/08\\\/14\\\/corte-en-la-carretera-cochabamba-oruro-por-urkupina-estas-son-las-rutas-de-desvio-0920\\\/#primaryimage\",\"url\":\"https:\\\/\\\/www.eldiario.net\\\/portal\\\/wp-content\\\/uploads\\\/2026\\\/08\\\/entrada-de-urkupina-14.08.26-copia.webp\",\"contentUrl\":\"https:\\\/\\\/www.eldiario.net\\\/portal\\\/wp-content\\\/uploads\\\/2026\\\/08\\\/entrada-de-urkupina-14.08.26-copia.webp\",\"width\":600,\"height\":371,\"caption\":\"Foto: Entrada de Urkupi\u00f1a (RR.SS.)\"},{\"@type\":\"BreadcrumbList\",\"@id\":\"https:\\\/\\\/www.eldiario.net\\\/portal\\\/2026\\\/08\\\/14\\\/corte-en-la-carretera-cochabamba-oruro-por-urkupina-estas-son-las-rutas-de-desvio-0920\\\/#breadcrumb\",\"itemListElement\":[{\"@type\":\"ListItem\",\"position\":1,\"name\":\"Portada\",\"item\":\"https:\\\/\\\/www.eldiario.net\\\/portal\\\/\"},{\"@type\":\"ListItem\",\"position\":2,\"name\":\"Corte en la carretera Cochabamba\u2013Oruro por Urkupi\u00f1a: estas son las rutas de desv\u00edo (09:20)\"}]},{\"@type\":\"WebSite\",\"@id\":\"https:\\\/\\\/www.eldiario.net\\\/portal\\\/#website\",\"url\":\"https:\\\/\\\/www.eldiario.net\\\/portal\\\/\",\"name\":\"El Diario - Decano de la prensa nacional\",\"description\":\"El Diario - Decano de la prensa nacional\",\"publisher\":{\"@id\":\"https:\\\/\\\/www.eldiario.net\\\/portal\\\/#organization\"},\"potentialAction\":[{\"@type\":\"SearchAction\",\"target\":{\"@type\":\"EntryPoint\",\"urlTemplate\":\"https:\\\/\\\/www.eldiario.net\\\/portal\\\/?s={search_term_string}\"},\"query-input\":{\"@type\":\"PropertyValueSpecification\",\"valueRequired\":true,\"valueName\":\"search_term_string\"}}],\"inLanguage\":\"es\"},{\"@type\":\"Organization\",\"@id\":\"https:\\\/\\\/www.eldiario.net\\\/portal\\\/#organization\",\"name\":\"El Diario - Decano de la prensa nacional\",\"url\":\"https:\\\/\\\/www.eldiario.net\\\/portal\\\/\",\"logo\":{\"@type\":\"ImageObject\",\"inLanguage\":\"es\",\"@id\":\"https:\\\/\\\/www.eldiario.net\\\/portal\\\/#\\\/schema\\\/logo\\\/image\\\/\",\"url\":\"https:\\\/\\\/www.eldiario.net\\\/portal\\\/wp-content\\\/uploads\\\/2023\\\/07\\\/logo_ED.jpg\",\"contentUrl\":\"https:\\\/\\\/www.eldiario.net\\\/portal\\\/wp-content\\\/uploads\\\/2023\\\/07\\\/logo_ED.jpg\",\"width\":272,\"height\":52,\"caption\":\"El Diario - Decano de la prensa nacional\"},\"image\":{\"@id\":\"https:\\\/\\\/www.eldiario.net\\\/portal\\\/#\\\/schema\\\/logo\\\/image\\\/\"},\"sameAs\":[\"https:\\\/\\\/www.facebook.com\\\/eldiario.bolivia\\\/\",\"https:\\\/\\\/x.com\\\/eldiario_net\"]},{\"@type\":\"Person\",\"@id\":\"https:\\\/\\\/www.eldiario.net\\\/portal\\\/#\\\/schema\\\/person\\\/ba370d92d160f4d3574381f6d9b78fab\",\"name\":\"Viviana Monrroy\",\"image\":{\"@type\":\"ImageObject\",\"inLanguage\":\"es\",\"@id\":\"https:\\\/\\\/secure.gravatar.com\\\/avatar\\\/dfd1611ed5600959a0e5a9754503b6c05d1dcf190010998e0363aee2ad98afca?s=96&d=mm&r=g\",\"url\":\"https:\\\/\\\/secure.gravatar.com\\\/avatar\\\/dfd1611ed5600959a0e5a9754503b6c05d1dcf190010998e0363aee2ad98afca?s=96&d=mm&r=g\",\"contentUrl\":\"https:\\\/\\\/secure.gravatar.com\\\/avatar\\\/dfd1611ed5600959a0e5a9754503b6c05d1dcf190010998e0363aee2ad98afca?s=96&d=mm&r=g\",\"caption\":\"Viviana Monrroy\"},\"sameAs\":[\"http:\\\/\\\/www.eldiario.net\"],\"url\":\"https:\\\/\\\/www.eldiario.net\\\/portal\\\/author\\\/vivianamonrroy\\\/\"}]}<\/script>\n<!-- \/ Yoast SEO plugin. -->","yoast_head_json":{"title":"Corte en la carretera Cochabamba\u2013Oruro por Urkupi\u00f1a: estas son las rutas de desv\u00edo (09:20) - El Diario - Bolivia","robots":{"index":"index","follow":"follow","max-snippet":"max-snippet:-1","max-image-preview":"max-image-preview:large","max-video-preview":"max-video-preview:-1"},"canonical":"https:\/\/www.eldiario.net\/portal\/2026\/08\/14\/corte-en-la-carretera-cochabamba-oruro-por-urkupina-estas-son-las-rutas-de-desvio-0920\/","og_locale":"es_ES","og_type":"article","og_title":"Corte en la carretera Cochabamba\u2013Oruro por Urkupi\u00f1a: estas son las rutas de desv\u00edo (09:20) - El Diario - Bolivia","og_description":"La carretera Cochabamba\u2013Oruro tendr\u00e1 un corte temporal entre los kil\u00f3metros 10 y 15, en el municipio de Quillacollo, desde este viernes al domingo, debido a las actividades de la Festividad de la Virgen de Urkupi\u00f1a. El corte afectar\u00e1 a la ruta utilizada por el transporte pesado que circula entre el occidente y el oriente del [&hellip;]","og_url":"https:\/\/www.eldiario.net\/portal\/2026\/08\/14\/corte-en-la-carretera-cochabamba-oruro-por-urkupina-estas-son-las-rutas-de-desvio-0920\/","og_site_name":"El Diario - Bolivia","article_publisher":"https:\/\/www.facebook.com\/eldiario.bolivia\/","article_published_time":"2026-08-14T13:20:35+00:00","og_image":[{"width":600,"height":371,"url":"https:\/\/www.eldiario.net\/portal\/wp-content\/uploads\/2026\/08\/entrada-de-urkupina-14.08.26-copia.webp","type":"image\/webp"}],"author":"Viviana Monrroy","twitter_card":"summary_large_image","twitter_creator":"@eldiario_net","twitter_site":"@eldiario_net","twitter_misc":{"Escrito por":"Viviana Monrroy","Tiempo de lectura":"2 minutos"},"schema":{"@context":"https:\/\/schema.org","@graph":[{"@type":"Article","@id":"https:\/\/www.eldiario.net\/portal\/2026\/08\/14\/corte-en-la-carretera-cochabamba-oruro-por-urkupina-estas-son-las-rutas-de-desvio-0920\/#article","isPartOf":{"@id":"https:\/\/www.eldiario.net\/portal\/2026\/08\/14\/corte-en-la-carretera-cochabamba-oruro-por-urkupina-estas-son-las-rutas-de-desvio-0920\/"},"author":{"name":"Viviana Monrroy","@id":"https:\/\/www.eldiario.net\/portal\/#\/schema\/person\/ba370d92d160f4d3574381f6d9b78fab"},"headline":"Corte en la carretera Cochabamba\u2013Oruro por Urkupi\u00f1a: estas son las rutas de desv\u00edo (09:20)","datePublished":"2026-08-14T13:20:35+00:00","mainEntityOfPage":{"@id":"https:\/\/www.eldiario.net\/portal\/2026\/08\/14\/corte-en-la-carretera-cochabamba-oruro-por-urkupina-estas-son-las-rutas-de-desvio-0920\/"},"wordCount":185,"publisher":{"@id":"https:\/\/www.eldiario.net\/portal\/#organization"},"image":{"@id":"https:\/\/www.eldiario.net\/portal\/2026\/08\/14\/corte-en-la-carretera-cochabamba-oruro-por-urkupina-estas-son-las-rutas-de-desvio-0920\/#primaryimage"},"thumbnailUrl":"https:\/\/www.eldiario.net\/portal\/wp-content\/uploads\/2026\/08\/entrada-de-urkupina-14.08.26-copia.webp","articleSection":["\u00daltima Hora"],"inLanguage":"es"},{"@type":"WebPage","@id":"https:\/\/www.eldiario.net\/portal\/2026\/08\/14\/corte-en-la-carretera-cochabamba-oruro-por-urkupina-estas-son-las-rutas-de-desvio-0920\/","url":"https:\/\/www.eldiario.net\/portal\/2026\/08\/14\/corte-en-la-carretera-cochabamba-oruro-por-urkupina-estas-son-las-rutas-de-desvio-0920\/","name":"Corte en la carretera Cochabamba\u2013Oruro por Urkupi\u00f1a: estas son las rutas de desv\u00edo (09:20) - El Diario - Bolivia","isPartOf":{"@id":"https:\/\/www.eldiario.net\/portal\/#website"},"primaryImageOfPage":{"@id":"https:\/\/www.eldiario.net\/portal\/2026\/08\/14\/corte-en-la-carretera-cochabamba-oruro-por-urkupina-estas-son-las-rutas-de-desvio-0920\/#primaryimage"},"image":{"@id":"https:\/\/www.eldiario.net\/portal\/2026\/08\/14\/corte-en-la-carretera-cochabamba-oruro-por-urkupina-estas-son-las-rutas-de-desvio-0920\/#primaryimage"},"thumbnailUrl":"https:\/\/www.eldiario.net\/portal\/wp-content\/uploads\/2026\/08\/entrada-de-urkupina-14.08.26-copia.webp","datePublished":"2026-08-14T13:20:35+00:00","breadcrumb":{"@id":"https:\/\/www.eldiario.net\/portal\/2026\/08\/14\/corte-en-la-carretera-cochabamba-oruro-por-urkupina-estas-son-las-rutas-de-desvio-0920\/#breadcrumb"},"inLanguage":"es","potentialAction":[{"@type":"ReadAction","target":["https:\/\/www.eldiario.net\/portal\/2026\/08\/14\/corte-en-la-carretera-cochabamba-oruro-por-urkupina-estas-son-las-rutas-de-desvio-0920\/"]}]},{"@type":"ImageObject","inLanguage":"es","@id":"https:\/\/www.eldiario.net\/portal\/2026\/08\/14\/corte-en-la-carretera-cochabamba-oruro-por-urkupina-estas-son-las-rutas-de-desvio-0920\/#primaryimage","url":"https:\/\/www.eldiario.net\/portal\/wp-content\/uploads\/2026\/08\/entrada-de-urkupina-14.08.26-copia.webp","contentUrl":"https:\/\/www.eldiario.net\/portal\/wp-content\/uploads\/2026\/08\/entrada-de-urkupina-14.08.26-copia.webp","width":600,"height":371,"caption":"Foto: Entrada de Urkupi\u00f1a (RR.SS.)"},{"@type":"BreadcrumbList","@id":"https:\/\/www.eldiario.net\/portal\/2026\/08\/14\/corte-en-la-carretera-cochabamba-oruro-por-urkupina-estas-son-las-rutas-de-desvio-0920\/#breadcrumb","itemListElement":[{"@type":"ListItem","position":1,"name":"Portada","item":"https:\/\/www.eldiario.net\/portal\/"},{"@type":"ListItem","position":2,"name":"Corte en la carretera Cochabamba\u2013Oruro por Urkupi\u00f1a: estas son las rutas de desv\u00edo (09:20)"}]},{"@type":"WebSite","@id":"https:\/\/www.eldiario.net\/portal\/#website","url":"https:\/\/www.eldiario.net\/portal\/","name":"El Diario - Decano de la prensa nacional","description":"El Diario - Decano de la prensa nacional","publisher":{"@id":"https:\/\/www.eldiario.net\/portal\/#organization"},"potentialAction":[{"@type":"SearchAction","target":{"@type":"EntryPoint","urlTemplate":"https:\/\/www.eldiario.net\/portal\/?s={search_term_string}"},"query-input":{"@type":"PropertyValueSpecification","valueRequired":true,"valueName":"search_term_string"}}],"inLanguage":"es"},{"@type":"Organization","@id":"https:\/\/www.eldiario.net\/portal\/#organization","name":"El Diario - Decano de la prensa nacional","url":"https:\/\/www.eldiario.net\/portal\/","logo":{"@type":"ImageObject","inLanguage":"es","@id":"https:\/\/www.eldiario.net\/portal\/#\/schema\/logo\/image\/","url":"https:\/\/www.eldiario.net\/portal\/wp-content\/uploads\/2023\/07\/logo_ED.jpg","contentUrl":"https:\/\/www.eldiario.net\/portal\/wp-content\/uploads\/2023\/07\/logo_ED.jpg","width":272,"height":52,"caption":"El Diario - Decano de la prensa nacional"},"image":{"@id":"https:\/\/www.eldiario.net\/portal\/#\/schema\/logo\/image\/"},"sameAs":["https:\/\/www.facebook.com\/eldiario.bolivia\/","https:\/\/x.com\/eldiario_net"]},{"@type":"Person","@id":"https:\/\/www.eldiario.net\/portal\/#\/schema\/person\/ba370d92d160f4d3574381f6d9b78fab","name":"Viviana Monrroy","image":{"@type":"ImageObject","inLanguage":"es","@id":"https:\/\/secure.gravatar.com\/avatar\/dfd1611ed5600959a0e5a9754503b6c05d1dcf190010998e0363aee2ad98afca?s=96&d=mm&r=g","url":"https:\/\/secure.gravatar.com\/avatar\/dfd1611ed5600959a0e5a9754503b6c05d1dcf190010998e0363aee2ad98afca?s=96&d=mm&r=g","contentUrl":"https:\/\/secure.gravatar.com\/avatar\/dfd1611ed5600959a0e5a9754503b6c05d1dcf190010998e0363aee2ad98afca?s=96&d=mm&r=g","caption":"Viviana Monrroy"},"sameAs":["http:\/\/www.eldiario.net"],"url":"https:\/\/www.eldiario.net\/portal\/author\/vivianamonrroy\/"}]}},"_links":{"self":[{"href":"https:\/\/www.eldiario.net\/portal\/wp-json\/wp\/v2\/posts\/421362","targetHints":{"allow":["GET"]}}],"collection":[{"href":"https:\/\/www.eldiario.net\/portal\/wp-json\/wp\/v2\/posts"}],"about":[{"href":"https:\/\/www.eldiario.net\/portal\/wp-json\/wp\/v2\/types\/post"}],"author":[{"embeddable":true,"href":"https:\/\/www.eldiario.net\/portal\/wp-json\/wp\/v2\/users\/7"}],"replies":[{"embeddable":true,"href":"https:\/\/www.eldiario.net\/portal\/wp-json\/wp\/v2\/comments?post=421362"}],"version-history":[{"count":1,"href":"https:\/\/www.eldiario.net\/portal\/wp-json\/wp\/v2\/posts\/421362\/revisions"}],"predecessor-version":[{"id":421368,"href":"https:\/\/www.eldiario.net\/portal\/wp-json\/wp\/v2\/posts\/421362\/revisions\/421368"}],"wp:featuredmedia":[{"embeddable":true,"href":"https:\/\/www.eldiario.net\/portal\/wp-json\/wp\/v2\/media\/421367"}],"wp:attachment":[{"href":"https:\/\/www.eldiario.net\/portal\/wp-json\/wp\/v2\/media?parent=421362"}],"wp:term":[{"taxonomy":"category","embeddable":true,"href":"https:\/\/www.eldiario.net\/portal\/wp-json\/wp\/v2\/categories?post=421362"},{"taxonomy":"post_tag","embeddable":true,"href":"https:\/\/www.eldiario.net\/portal\/wp-json\/wp\/v2\/tags?post=421362"}],"curies":[{"name":"wp","href":"https:\/\/api.w.org\/{rel}","templated":true}]}}