{"id":421358,"date":"2026-08-14T08:15:24","date_gmt":"2026-08-14T12:15:24","guid":{"rendered":"https:\/\/www.eldiario.net\/portal\/?p=421358"},"modified":"2026-08-14T08:15:24","modified_gmt":"2026-08-14T12:15:24","slug":"bolivia-refuerza-sus-fronteras-ante-el-avance-del-crimen-organizado","status":"publish","type":"post","link":"https:\/\/www.eldiario.net\/portal\/2026\/08\/14\/bolivia-refuerza-sus-fronteras-ante-el-avance-del-crimen-organizado\/","title":{"rendered":"Bolivia refuerza sus fronteras ante el avance del crimen organizado"},"content":{"rendered":"<p>Bolivia y Brasil activaron el plan \u201cFrontera Segura\u201d con una estrategia que busca reforzar el control de cuatro puntos considerados vulnerables al avance del crimen organizado: Cobija, Guayaramer\u00edn, San Mat\u00edas y Puerto Su\u00e1rez. La iniciativa contempla presencia policial permanente, intercambio de inteligencia y operativos terrestres y fluviales coordinados entre ambos pa\u00edses.<\/p>\n<p>El despliegue parte de un problema que excede los l\u00edmites de una sola ciudad: la extensa frontera entre Bolivia y Brasil ofrece rutas terrestres y fluviales que pueden ser aprovechadas por organizaciones dedicadas al narcotr\u00e1fico, contrabando y otros delitos transfronterizos. Por ello, el plan busca que el control no se limite a los pasos fronterizos habilitados, sino que alcance zonas consideradas de riesgo.<\/p>\n<p>El primer componente es la permanencia de efectivos policiales en puntos estrat\u00e9gicos. La Polic\u00eda Boliviana reforzar\u00e1 su presencia en Cobija, Guayaramer\u00edn, San Mat\u00edas y Puerto Su\u00e1rez, mientras que la cooperaci\u00f3n con la Polic\u00eda Federal de Brasil permitir\u00e1 coordinar operaciones e intercambiar informaci\u00f3n sobre las organizaciones que operan a ambos lados de la frontera.<\/p>\n<p>El segundo frente ser\u00e1 el control de las rutas que atraviesan la frontera. La estrategia incluye vigilancia terrestre y fluvial, con especial atenci\u00f3n en cursos de agua como el r\u00edo Mamor\u00e9, utilizado como una de las principales v\u00edas de conexi\u00f3n de la regi\u00f3n. El despliegue en Guayaramer\u00edn contempla adem\u00e1s la participaci\u00f3n de efectivos policiales y navales para reforzar los controles en esa zona.<\/p>\n<p>FRONTERA DE ESCAPE<\/p>\n<p>La situaci\u00f3n de Guayaramer\u00edn muestra por qu\u00e9 el control fronterizo se convirti\u00f3 en uno de los principales desaf\u00edos del plan. El comandante departamental de la Polic\u00eda de Beni, Iv\u00e1n Bernal, explic\u00f3 que la localidad es un puerto comercial estrat\u00e9gico por su cercan\u00eda con Brasil, pero que la extensi\u00f3n de la frontera dificulta la vigilancia.<\/p>\n<p>Seg\u00fan Bernal, aunque existen controles en el puerto, tambi\u00e9n hay pasos ilegales que pueden ser utilizados por personas vinculadas con actividades criminales. La autoridad se\u00f1al\u00f3 que esa condici\u00f3n permite que delincuentes buscados en Brasil ingresen a territorio boliviano y que quienes cometen delitos en Bolivia puedan utilizar el pa\u00eds vecino como v\u00eda de escape.<\/p>\n<p>Esa din\u00e1mica convierte a la frontera en algo m\u00e1s que una l\u00ednea que divide dos pa\u00edses: tambi\u00e9n puede funcionar como un corredor para el desplazamiento de organizaciones criminales.<\/p>\n<p>La Polic\u00eda de Beni atribuye adem\u00e1s al Primer Comando de la Capital (PCC) y al Comando Vermelho presencia en el departamento y una disputa por espacios en la zona fronteriza.<\/p>\n<p>A esta situaci\u00f3n se suma la preocupaci\u00f3n expresada por el ministro de Gobierno, Marco Antonio Oviedo respecto a la capacidad operativa de las organizaciones criminales. El ministro reconoci\u00f3 que estos grupos cuentan con armamento de mayor capacidad que la Polic\u00eda y atribuy\u00f3 esa diferencia a los recursos econ\u00f3micos que manejan las estructuras vinculadas al narcotr\u00e1fico.<\/p>\n<p>Como parte de la respuesta policial, Oviedo anunci\u00f3 adem\u00e1s la creaci\u00f3n de dos unidades de \u00e9lite para fortalecer la lucha contra el narcotr\u00e1fico y las organizaciones criminales. Una ser\u00e1 instalada entre San Ignacio de Velasco y San Mat\u00edas, en Santa Cruz, y la segunda tendr\u00e1 su base en Santa Ana, Beni.<\/p>\n<p>Los grupos estar\u00e1n integrados por efectivos con formaci\u00f3n especializada. Para formar parte de estas unidades, los polic\u00edas deber\u00e1n haber aprobado el curso Garras del Valor y los seleccionados recibir\u00e1n adem\u00e1s entrenamiento de instructores extranjeros.<\/p>\n<p>Por eso, uno de los objetivos centrales de \u201cFrontera Segura\u201d es que la coordinaci\u00f3n entre las fuerzas de ambos pa\u00edses permita compartir informaci\u00f3n y ejecutar acciones contra estructuras que no operan necesariamente dentro de un solo territorio.<\/p>\n<p>La cooperaci\u00f3n internacional mencionada por Oviedo tambi\u00e9n incluye a otros pa\u00edses y organismos. El ministro confirm\u00f3 que la Administraci\u00f3n para el Control de Drogas de Estados Unidos (DEA) ya se encuentra en Bolivia, aunque no detall\u00f3 cu\u00e1ntos funcionarios est\u00e1n en el pa\u00eds, qu\u00e9 tareas realizan ni cu\u00e1l es el alcance de su presencia.<\/p>\n<p>Adem\u00e1s, se\u00f1al\u00f3 que Bolivia mantiene cooperaci\u00f3n con una unidad policial multinacional de la Uni\u00f3n Europea, junto con relaciones de inteligencia y coordinaci\u00f3n policial con Brasil, Chile y Argentina.<\/p>\n<p>ESTRATEGIA PERMANENTE<\/p>\n<p>El Gobierno plantea que el despliegue fronterizo no sea una operaci\u00f3n temporal. Oviedo se\u00f1al\u00f3 que \u201cFrontera Segura\u201d ser\u00e1 implementado a corto, mediano y largo plazo, con el objetivo de recuperar y reforzar la presencia del Estado en regiones consideradas cr\u00edticas.<\/p>\n<p>Aunque el lanzamiento se concentr\u00f3 en la frontera con Brasil, el ministro indic\u00f3 que la estrategia tambi\u00e9n ser\u00e1 extendida a zonas lim\u00edtrofes con Argentina, Paraguay y otros pa\u00edses vecinos.<\/p>\n<p>El planteamiento ampl\u00eda el alcance de la estrategia: la coordinaci\u00f3n con Brasil constituye el punto de partida, pero el Gobierno pretende replicar este modelo de presencia y control en otros sectores fronterizos.<\/p>\n<p>INFRESTRUCTURA<\/p>\n<p>El plan no se limita al componente policial. El vocero presidencial, Jos\u00e9 Luis G\u00e1lvez, explic\u00f3 que la estrategia estar\u00e1 acompa\u00f1ada por proyectos de infraestructura, electrificaci\u00f3n y conectividad en las regiones fronterizas.<\/p>\n<p>Entre las acciones anunciadas se encuentran obras de electrificaci\u00f3n, la entrega de un puente y de t\u00edtulos, adem\u00e1s de otras medidas destinadas a mejorar las condiciones econ\u00f3micas de las poblaciones fronterizas. G\u00e1lvez cifr\u00f3 la inversi\u00f3n anunciada en alrededor de 204 millones de d\u00f3lares y sostuvo que la mejora de los servicios y la conectividad busca impulsar la producci\u00f3n y la actividad econ\u00f3mica de la regi\u00f3n.<\/p>\n<p>Con la intervenci\u00f3n en Cobija, Guayaramer\u00edn, San Mat\u00edas y Puerto Su\u00e1rez, Bolivia pretende concentrar recursos en los puntos identificados como m\u00e1s vulnerables y combinar vigilancia terrestre y fluvial con inteligencia policial. El desaf\u00edo ser\u00e1 impedir que las rutas fronterizas sigan ofreciendo a las estructuras criminales espacios para ingresar, operar o escapar de un pa\u00eds al otro. (EL DIARIO y agencias)<\/p>\n","protected":false},"excerpt":{"rendered":"<p>Bolivia y Brasil activaron el plan \u201cFrontera Segura\u201d con una estrategia que busca reforzar el control de cuatro puntos considerados vulnerables al avance del crimen organizado: Cobija, Guayaramer\u00edn, San Mat\u00edas y Puerto Su\u00e1rez. La iniciativa contempla presencia policial permanente, intercambio de inteligencia y operativos terrestres y fluviales coordinados entre ambos pa\u00edses. El despliegue parte de [&hellip;]<\/p>\n","protected":false},"author":2,"featured_media":421351,"comment_status":"closed","ping_status":"open","sticky":false,"template":"","format":"standard","meta":{"_acf_changed":false,"footnotes":""},"categories":[39],"tags":[],"class_list":["post-421358","post","type-post","status-publish","format-standard","has-post-thumbnail","category-sociedad"],"acf":{"antetitulo":""},"yoast_head":"<!-- This site is optimized with the Yoast SEO plugin v28.3 - https:\/\/yoast.com\/product\/yoast-seo-wordpress\/ -->\n<title>Bolivia refuerza sus fronteras ante el avance del crimen organizado - El Diario - Bolivia<\/title>\n<meta name=\"robots\" content=\"index, follow, max-snippet:-1, max-image-preview:large, max-video-preview:-1\" \/>\n<link rel=\"canonical\" href=\"https:\/\/www.eldiario.net\/portal\/2026\/08\/14\/bolivia-refuerza-sus-fronteras-ante-el-avance-del-crimen-organizado\/\" \/>\n<meta property=\"og:locale\" content=\"es_ES\" \/>\n<meta property=\"og:type\" content=\"article\" \/>\n<meta property=\"og:title\" content=\"Bolivia refuerza sus fronteras ante el avance del crimen organizado - El Diario - Bolivia\" \/>\n<meta property=\"og:description\" content=\"Bolivia y Brasil activaron el plan \u201cFrontera Segura\u201d con una estrategia que busca reforzar el control de cuatro puntos considerados vulnerables al avance del crimen organizado: Cobija, Guayaramer\u00edn, San Mat\u00edas y Puerto Su\u00e1rez. La iniciativa contempla presencia policial permanente, intercambio de inteligencia y operativos terrestres y fluviales coordinados entre ambos pa\u00edses. El despliegue parte de [&hellip;]\" \/>\n<meta property=\"og:url\" content=\"https:\/\/www.eldiario.net\/portal\/2026\/08\/14\/bolivia-refuerza-sus-fronteras-ante-el-avance-del-crimen-organizado\/\" \/>\n<meta property=\"og:site_name\" content=\"El Diario - Bolivia\" \/>\n<meta property=\"article:publisher\" content=\"https:\/\/www.facebook.com\/eldiario.bolivia\/\" \/>\n<meta property=\"article:published_time\" content=\"2026-08-14T12:15:24+00:00\" \/>\n<meta property=\"og:image\" content=\"https:\/\/www.eldiario.net\/portal\/wp-content\/uploads\/2026\/08\/14-FRONTERA-copia.webp\" \/>\n\t<meta property=\"og:image:width\" content=\"1080\" \/>\n\t<meta property=\"og:image:height\" content=\"720\" \/>\n\t<meta property=\"og:image:type\" content=\"image\/webp\" \/>\n<meta name=\"author\" content=\"luis Camacho\" \/>\n<meta name=\"twitter:card\" content=\"summary_large_image\" \/>\n<meta name=\"twitter:creator\" content=\"@eldiario_net\" \/>\n<meta name=\"twitter:site\" content=\"@eldiario_net\" \/>\n<meta name=\"twitter:label1\" content=\"Escrito por\" \/>\n\t<meta name=\"twitter:data1\" content=\"luis Camacho\" \/>\n\t<meta name=\"twitter:label2\" content=\"Tiempo de lectura\" \/>\n\t<meta name=\"twitter:data2\" content=\"5 minutos\" \/>\n<script type=\"application\/ld+json\" class=\"yoast-schema-graph\">{\"@context\":\"https:\\\/\\\/schema.org\",\"@graph\":[{\"@type\":\"Article\",\"@id\":\"https:\\\/\\\/www.eldiario.net\\\/portal\\\/2026\\\/08\\\/14\\\/bolivia-refuerza-sus-fronteras-ante-el-avance-del-crimen-organizado\\\/#article\",\"isPartOf\":{\"@id\":\"https:\\\/\\\/www.eldiario.net\\\/portal\\\/2026\\\/08\\\/14\\\/bolivia-refuerza-sus-fronteras-ante-el-avance-del-crimen-organizado\\\/\"},\"author\":{\"name\":\"luis Camacho\",\"@id\":\"https:\\\/\\\/www.eldiario.net\\\/portal\\\/#\\\/schema\\\/person\\\/cab1ae4db27e5f008a62cbffb05fbfee\"},\"headline\":\"Bolivia refuerza sus fronteras ante el avance del crimen organizado\",\"datePublished\":\"2026-08-14T12:15:24+00:00\",\"mainEntityOfPage\":{\"@id\":\"https:\\\/\\\/www.eldiario.net\\\/portal\\\/2026\\\/08\\\/14\\\/bolivia-refuerza-sus-fronteras-ante-el-avance-del-crimen-organizado\\\/\"},\"wordCount\":1028,\"publisher\":{\"@id\":\"https:\\\/\\\/www.eldiario.net\\\/portal\\\/#organization\"},\"image\":{\"@id\":\"https:\\\/\\\/www.eldiario.net\\\/portal\\\/2026\\\/08\\\/14\\\/bolivia-refuerza-sus-fronteras-ante-el-avance-del-crimen-organizado\\\/#primaryimage\"},\"thumbnailUrl\":\"https:\\\/\\\/www.eldiario.net\\\/portal\\\/wp-content\\\/uploads\\\/2026\\\/08\\\/14-FRONTERA-copia.webp\",\"articleSection\":[\"Sociedad - Seguridad\"],\"inLanguage\":\"es\"},{\"@type\":\"WebPage\",\"@id\":\"https:\\\/\\\/www.eldiario.net\\\/portal\\\/2026\\\/08\\\/14\\\/bolivia-refuerza-sus-fronteras-ante-el-avance-del-crimen-organizado\\\/\",\"url\":\"https:\\\/\\\/www.eldiario.net\\\/portal\\\/2026\\\/08\\\/14\\\/bolivia-refuerza-sus-fronteras-ante-el-avance-del-crimen-organizado\\\/\",\"name\":\"Bolivia refuerza sus fronteras ante el avance del crimen organizado - El Diario - Bolivia\",\"isPartOf\":{\"@id\":\"https:\\\/\\\/www.eldiario.net\\\/portal\\\/#website\"},\"primaryImageOfPage\":{\"@id\":\"https:\\\/\\\/www.eldiario.net\\\/portal\\\/2026\\\/08\\\/14\\\/bolivia-refuerza-sus-fronteras-ante-el-avance-del-crimen-organizado\\\/#primaryimage\"},\"image\":{\"@id\":\"https:\\\/\\\/www.eldiario.net\\\/portal\\\/2026\\\/08\\\/14\\\/bolivia-refuerza-sus-fronteras-ante-el-avance-del-crimen-organizado\\\/#primaryimage\"},\"thumbnailUrl\":\"https:\\\/\\\/www.eldiario.net\\\/portal\\\/wp-content\\\/uploads\\\/2026\\\/08\\\/14-FRONTERA-copia.webp\",\"datePublished\":\"2026-08-14T12:15:24+00:00\",\"breadcrumb\":{\"@id\":\"https:\\\/\\\/www.eldiario.net\\\/portal\\\/2026\\\/08\\\/14\\\/bolivia-refuerza-sus-fronteras-ante-el-avance-del-crimen-organizado\\\/#breadcrumb\"},\"inLanguage\":\"es\",\"potentialAction\":[{\"@type\":\"ReadAction\",\"target\":[\"https:\\\/\\\/www.eldiario.net\\\/portal\\\/2026\\\/08\\\/14\\\/bolivia-refuerza-sus-fronteras-ante-el-avance-del-crimen-organizado\\\/\"]}]},{\"@type\":\"ImageObject\",\"inLanguage\":\"es\",\"@id\":\"https:\\\/\\\/www.eldiario.net\\\/portal\\\/2026\\\/08\\\/14\\\/bolivia-refuerza-sus-fronteras-ante-el-avance-del-crimen-organizado\\\/#primaryimage\",\"url\":\"https:\\\/\\\/www.eldiario.net\\\/portal\\\/wp-content\\\/uploads\\\/2026\\\/08\\\/14-FRONTERA-copia.webp\",\"contentUrl\":\"https:\\\/\\\/www.eldiario.net\\\/portal\\\/wp-content\\\/uploads\\\/2026\\\/08\\\/14-FRONTERA-copia.webp\",\"width\":1080,\"height\":720,\"caption\":\"El plan \u201cFrontera Segura\u201d contempla el refuerzo del control en zonas fronterizas consideradas vulnerables al crimen organizado. Cr\u00e9dito de foto: PB\"},{\"@type\":\"BreadcrumbList\",\"@id\":\"https:\\\/\\\/www.eldiario.net\\\/portal\\\/2026\\\/08\\\/14\\\/bolivia-refuerza-sus-fronteras-ante-el-avance-del-crimen-organizado\\\/#breadcrumb\",\"itemListElement\":[{\"@type\":\"ListItem\",\"position\":1,\"name\":\"Portada\",\"item\":\"https:\\\/\\\/www.eldiario.net\\\/portal\\\/\"},{\"@type\":\"ListItem\",\"position\":2,\"name\":\"Bolivia refuerza sus fronteras ante el avance del crimen organizado\"}]},{\"@type\":\"WebSite\",\"@id\":\"https:\\\/\\\/www.eldiario.net\\\/portal\\\/#website\",\"url\":\"https:\\\/\\\/www.eldiario.net\\\/portal\\\/\",\"name\":\"El Diario - Decano de la prensa nacional\",\"description\":\"El Diario - Decano de la prensa nacional\",\"publisher\":{\"@id\":\"https:\\\/\\\/www.eldiario.net\\\/portal\\\/#organization\"},\"potentialAction\":[{\"@type\":\"SearchAction\",\"target\":{\"@type\":\"EntryPoint\",\"urlTemplate\":\"https:\\\/\\\/www.eldiario.net\\\/portal\\\/?s={search_term_string}\"},\"query-input\":{\"@type\":\"PropertyValueSpecification\",\"valueRequired\":true,\"valueName\":\"search_term_string\"}}],\"inLanguage\":\"es\"},{\"@type\":\"Organization\",\"@id\":\"https:\\\/\\\/www.eldiario.net\\\/portal\\\/#organization\",\"name\":\"El Diario - Decano de la prensa nacional\",\"url\":\"https:\\\/\\\/www.eldiario.net\\\/portal\\\/\",\"logo\":{\"@type\":\"ImageObject\",\"inLanguage\":\"es\",\"@id\":\"https:\\\/\\\/www.eldiario.net\\\/portal\\\/#\\\/schema\\\/logo\\\/image\\\/\",\"url\":\"https:\\\/\\\/www.eldiario.net\\\/portal\\\/wp-content\\\/uploads\\\/2023\\\/07\\\/logo_ED.jpg\",\"contentUrl\":\"https:\\\/\\\/www.eldiario.net\\\/portal\\\/wp-content\\\/uploads\\\/2023\\\/07\\\/logo_ED.jpg\",\"width\":272,\"height\":52,\"caption\":\"El Diario - Decano de la prensa nacional\"},\"image\":{\"@id\":\"https:\\\/\\\/www.eldiario.net\\\/portal\\\/#\\\/schema\\\/logo\\\/image\\\/\"},\"sameAs\":[\"https:\\\/\\\/www.facebook.com\\\/eldiario.bolivia\\\/\",\"https:\\\/\\\/x.com\\\/eldiario_net\"]},{\"@type\":\"Person\",\"@id\":\"https:\\\/\\\/www.eldiario.net\\\/portal\\\/#\\\/schema\\\/person\\\/cab1ae4db27e5f008a62cbffb05fbfee\",\"name\":\"luis Camacho\",\"image\":{\"@type\":\"ImageObject\",\"inLanguage\":\"es\",\"@id\":\"https:\\\/\\\/secure.gravatar.com\\\/avatar\\\/69ecb836b3826d5a2501bf06ab2a2f2c8ab211cc846758f395df21684cb38313?s=96&d=mm&r=g\",\"url\":\"https:\\\/\\\/secure.gravatar.com\\\/avatar\\\/69ecb836b3826d5a2501bf06ab2a2f2c8ab211cc846758f395df21684cb38313?s=96&d=mm&r=g\",\"contentUrl\":\"https:\\\/\\\/secure.gravatar.com\\\/avatar\\\/69ecb836b3826d5a2501bf06ab2a2f2c8ab211cc846758f395df21684cb38313?s=96&d=mm&r=g\",\"caption\":\"luis Camacho\"},\"url\":\"https:\\\/\\\/www.eldiario.net\\\/portal\\\/author\\\/luis\\\/\"}]}<\/script>\n<!-- \/ Yoast SEO plugin. -->","yoast_head_json":{"title":"Bolivia refuerza sus fronteras ante el avance del crimen organizado - El Diario - Bolivia","robots":{"index":"index","follow":"follow","max-snippet":"max-snippet:-1","max-image-preview":"max-image-preview:large","max-video-preview":"max-video-preview:-1"},"canonical":"https:\/\/www.eldiario.net\/portal\/2026\/08\/14\/bolivia-refuerza-sus-fronteras-ante-el-avance-del-crimen-organizado\/","og_locale":"es_ES","og_type":"article","og_title":"Bolivia refuerza sus fronteras ante el avance del crimen organizado - El Diario - Bolivia","og_description":"Bolivia y Brasil activaron el plan \u201cFrontera Segura\u201d con una estrategia que busca reforzar el control de cuatro puntos considerados vulnerables al avance del crimen organizado: Cobija, Guayaramer\u00edn, San Mat\u00edas y Puerto Su\u00e1rez. La iniciativa contempla presencia policial permanente, intercambio de inteligencia y operativos terrestres y fluviales coordinados entre ambos pa\u00edses. El despliegue parte de [&hellip;]","og_url":"https:\/\/www.eldiario.net\/portal\/2026\/08\/14\/bolivia-refuerza-sus-fronteras-ante-el-avance-del-crimen-organizado\/","og_site_name":"El Diario - Bolivia","article_publisher":"https:\/\/www.facebook.com\/eldiario.bolivia\/","article_published_time":"2026-08-14T12:15:24+00:00","og_image":[{"width":1080,"height":720,"url":"https:\/\/www.eldiario.net\/portal\/wp-content\/uploads\/2026\/08\/14-FRONTERA-copia.webp","type":"image\/webp"}],"author":"luis Camacho","twitter_card":"summary_large_image","twitter_creator":"@eldiario_net","twitter_site":"@eldiario_net","twitter_misc":{"Escrito por":"luis Camacho","Tiempo de lectura":"5 minutos"},"schema":{"@context":"https:\/\/schema.org","@graph":[{"@type":"Article","@id":"https:\/\/www.eldiario.net\/portal\/2026\/08\/14\/bolivia-refuerza-sus-fronteras-ante-el-avance-del-crimen-organizado\/#article","isPartOf":{"@id":"https:\/\/www.eldiario.net\/portal\/2026\/08\/14\/bolivia-refuerza-sus-fronteras-ante-el-avance-del-crimen-organizado\/"},"author":{"name":"luis Camacho","@id":"https:\/\/www.eldiario.net\/portal\/#\/schema\/person\/cab1ae4db27e5f008a62cbffb05fbfee"},"headline":"Bolivia refuerza sus fronteras ante el avance del crimen organizado","datePublished":"2026-08-14T12:15:24+00:00","mainEntityOfPage":{"@id":"https:\/\/www.eldiario.net\/portal\/2026\/08\/14\/bolivia-refuerza-sus-fronteras-ante-el-avance-del-crimen-organizado\/"},"wordCount":1028,"publisher":{"@id":"https:\/\/www.eldiario.net\/portal\/#organization"},"image":{"@id":"https:\/\/www.eldiario.net\/portal\/2026\/08\/14\/bolivia-refuerza-sus-fronteras-ante-el-avance-del-crimen-organizado\/#primaryimage"},"thumbnailUrl":"https:\/\/www.eldiario.net\/portal\/wp-content\/uploads\/2026\/08\/14-FRONTERA-copia.webp","articleSection":["Sociedad - Seguridad"],"inLanguage":"es"},{"@type":"WebPage","@id":"https:\/\/www.eldiario.net\/portal\/2026\/08\/14\/bolivia-refuerza-sus-fronteras-ante-el-avance-del-crimen-organizado\/","url":"https:\/\/www.eldiario.net\/portal\/2026\/08\/14\/bolivia-refuerza-sus-fronteras-ante-el-avance-del-crimen-organizado\/","name":"Bolivia refuerza sus fronteras ante el avance del crimen organizado - El Diario - Bolivia","isPartOf":{"@id":"https:\/\/www.eldiario.net\/portal\/#website"},"primaryImageOfPage":{"@id":"https:\/\/www.eldiario.net\/portal\/2026\/08\/14\/bolivia-refuerza-sus-fronteras-ante-el-avance-del-crimen-organizado\/#primaryimage"},"image":{"@id":"https:\/\/www.eldiario.net\/portal\/2026\/08\/14\/bolivia-refuerza-sus-fronteras-ante-el-avance-del-crimen-organizado\/#primaryimage"},"thumbnailUrl":"https:\/\/www.eldiario.net\/portal\/wp-content\/uploads\/2026\/08\/14-FRONTERA-copia.webp","datePublished":"2026-08-14T12:15:24+00:00","breadcrumb":{"@id":"https:\/\/www.eldiario.net\/portal\/2026\/08\/14\/bolivia-refuerza-sus-fronteras-ante-el-avance-del-crimen-organizado\/#breadcrumb"},"inLanguage":"es","potentialAction":[{"@type":"ReadAction","target":["https:\/\/www.eldiario.net\/portal\/2026\/08\/14\/bolivia-refuerza-sus-fronteras-ante-el-avance-del-crimen-organizado\/"]}]},{"@type":"ImageObject","inLanguage":"es","@id":"https:\/\/www.eldiario.net\/portal\/2026\/08\/14\/bolivia-refuerza-sus-fronteras-ante-el-avance-del-crimen-organizado\/#primaryimage","url":"https:\/\/www.eldiario.net\/portal\/wp-content\/uploads\/2026\/08\/14-FRONTERA-copia.webp","contentUrl":"https:\/\/www.eldiario.net\/portal\/wp-content\/uploads\/2026\/08\/14-FRONTERA-copia.webp","width":1080,"height":720,"caption":"El plan \u201cFrontera Segura\u201d contempla el refuerzo del control en zonas fronterizas consideradas vulnerables al crimen organizado. Cr\u00e9dito de foto: PB"},{"@type":"BreadcrumbList","@id":"https:\/\/www.eldiario.net\/portal\/2026\/08\/14\/bolivia-refuerza-sus-fronteras-ante-el-avance-del-crimen-organizado\/#breadcrumb","itemListElement":[{"@type":"ListItem","position":1,"name":"Portada","item":"https:\/\/www.eldiario.net\/portal\/"},{"@type":"ListItem","position":2,"name":"Bolivia refuerza sus fronteras ante el avance del crimen organizado"}]},{"@type":"WebSite","@id":"https:\/\/www.eldiario.net\/portal\/#website","url":"https:\/\/www.eldiario.net\/portal\/","name":"El Diario - Decano de la prensa nacional","description":"El Diario - Decano de la prensa nacional","publisher":{"@id":"https:\/\/www.eldiario.net\/portal\/#organization"},"potentialAction":[{"@type":"SearchAction","target":{"@type":"EntryPoint","urlTemplate":"https:\/\/www.eldiario.net\/portal\/?s={search_term_string}"},"query-input":{"@type":"PropertyValueSpecification","valueRequired":true,"valueName":"search_term_string"}}],"inLanguage":"es"},{"@type":"Organization","@id":"https:\/\/www.eldiario.net\/portal\/#organization","name":"El Diario - Decano de la prensa nacional","url":"https:\/\/www.eldiario.net\/portal\/","logo":{"@type":"ImageObject","inLanguage":"es","@id":"https:\/\/www.eldiario.net\/portal\/#\/schema\/logo\/image\/","url":"https:\/\/www.eldiario.net\/portal\/wp-content\/uploads\/2023\/07\/logo_ED.jpg","contentUrl":"https:\/\/www.eldiario.net\/portal\/wp-content\/uploads\/2023\/07\/logo_ED.jpg","width":272,"height":52,"caption":"El Diario - Decano de la prensa nacional"},"image":{"@id":"https:\/\/www.eldiario.net\/portal\/#\/schema\/logo\/image\/"},"sameAs":["https:\/\/www.facebook.com\/eldiario.bolivia\/","https:\/\/x.com\/eldiario_net"]},{"@type":"Person","@id":"https:\/\/www.eldiario.net\/portal\/#\/schema\/person\/cab1ae4db27e5f008a62cbffb05fbfee","name":"luis Camacho","image":{"@type":"ImageObject","inLanguage":"es","@id":"https:\/\/secure.gravatar.com\/avatar\/69ecb836b3826d5a2501bf06ab2a2f2c8ab211cc846758f395df21684cb38313?s=96&d=mm&r=g","url":"https:\/\/secure.gravatar.com\/avatar\/69ecb836b3826d5a2501bf06ab2a2f2c8ab211cc846758f395df21684cb38313?s=96&d=mm&r=g","contentUrl":"https:\/\/secure.gravatar.com\/avatar\/69ecb836b3826d5a2501bf06ab2a2f2c8ab211cc846758f395df21684cb38313?s=96&d=mm&r=g","caption":"luis Camacho"},"url":"https:\/\/www.eldiario.net\/portal\/author\/luis\/"}]}},"_links":{"self":[{"href":"https:\/\/www.eldiario.net\/portal\/wp-json\/wp\/v2\/posts\/421358","targetHints":{"allow":["GET"]}}],"collection":[{"href":"https:\/\/www.eldiario.net\/portal\/wp-json\/wp\/v2\/posts"}],"about":[{"href":"https:\/\/www.eldiario.net\/portal\/wp-json\/wp\/v2\/types\/post"}],"author":[{"embeddable":true,"href":"https:\/\/www.eldiario.net\/portal\/wp-json\/wp\/v2\/users\/2"}],"replies":[{"embeddable":true,"href":"https:\/\/www.eldiario.net\/portal\/wp-json\/wp\/v2\/comments?post=421358"}],"version-history":[{"count":1,"href":"https:\/\/www.eldiario.net\/portal\/wp-json\/wp\/v2\/posts\/421358\/revisions"}],"predecessor-version":[{"id":421359,"href":"https:\/\/www.eldiario.net\/portal\/wp-json\/wp\/v2\/posts\/421358\/revisions\/421359"}],"wp:featuredmedia":[{"embeddable":true,"href":"https:\/\/www.eldiario.net\/portal\/wp-json\/wp\/v2\/media\/421351"}],"wp:attachment":[{"href":"https:\/\/www.eldiario.net\/portal\/wp-json\/wp\/v2\/media?parent=421358"}],"wp:term":[{"taxonomy":"category","embeddable":true,"href":"https:\/\/www.eldiario.net\/portal\/wp-json\/wp\/v2\/categories?post=421358"},{"taxonomy":"post_tag","embeddable":true,"href":"https:\/\/www.eldiario.net\/portal\/wp-json\/wp\/v2\/tags?post=421358"}],"curies":[{"name":"wp","href":"https:\/\/api.w.org\/{rel}","templated":true}]}}