{"id":421356,"date":"2026-08-14T08:12:51","date_gmt":"2026-08-14T12:12:51","guid":{"rendered":"https:\/\/www.eldiario.net\/portal\/?p=421356"},"modified":"2026-08-14T08:12:51","modified_gmt":"2026-08-14T12:12:51","slug":"hallan-con-cuatro-disparos-al-agricultor-secuestrado","status":"publish","type":"post","link":"https:\/\/www.eldiario.net\/portal\/2026\/08\/14\/hallan-con-cuatro-disparos-al-agricultor-secuestrado\/","title":{"rendered":"Hallan con cuatro disparos al agricultor secuestrado"},"content":{"rendered":"<p>El agricultor que hab\u00eda sido reportado como secuestrado en la comunidad de Petacas, Santa Cruz, fue localizado con vida en la zona de La Angostura, pero con cuatro impactos de bala. El hallazgo llev\u00f3 a las autoridades a intensificar los operativos, luego de que las investigaciones establecieran que una segunda persona tambi\u00e9n habr\u00eda sido raptada durante el mismo hecho y permanece desaparecida.<\/p>\n<p>El hombre fue encontrado con cuatro heridas provocadas por proyectiles de arma de fuego, una de ellas en la regi\u00f3n facial. Debido a la gravedad de sus lesiones, fue auxiliado y trasladado al Hospital San Juan de Dios, donde recibi\u00f3 atenci\u00f3n m\u00e9dica.<\/p>\n<p>El hallazgo se produjo despu\u00e9s de los operativos desplegados tras la denuncia de secuestro registrada en la comunidad de Petacas, sobre la carretera antigua que conecta Santa Cruz con Cochabamba. La v\u00edctima hab\u00eda sido interceptada y trasladada por sus captores, quienes posteriormente exigieron dinero a cambio de su liberaci\u00f3n.<\/p>\n<p>Ahora, las investigaciones se concentran no solo en establecer las circunstancias en las que el agricultor fue retenido y herido, sino tambi\u00e9n en determinar la identidad y el paradero de la segunda persona que habr\u00eda sido secuestrada en el mismo hecho.<\/p>\n<p>Ante esta nueva l\u00ednea investigativa, los efectivos policiales y fiscales reforzaron los rastreos en La Angostura, Petacas y el municipio de La Guardia, adem\u00e1s de realizar incursiones y patrullajes en la carretera antigua a Cochabamba.<\/p>\n<p>La existencia de una segunda presunta v\u00edctima ampl\u00eda el alcance de la investigaci\u00f3n y obliga a los investigadores a reconstruir c\u00f3mo se produjo la retenci\u00f3n, cu\u00e1ntas personas participaron y qu\u00e9 ocurri\u00f3 despu\u00e9s del traslado de las v\u00edctimas.<\/p>\n<p>De manera extraoficial, una de las hip\u00f3tesis que se manejaba en las primeras etapas del caso vinculaba el hecho con un supuesto ajuste de cuentas derivado de una transacci\u00f3n de sustancias controladas. En esa versi\u00f3n se mencionaba una presunta operaci\u00f3n relacionada con aproximadamente 500 kilogramos de droga.<\/p>\n<p>Sin embargo, esta hip\u00f3tesis no fue confirmada oficialmente y deber\u00e1 ser verificada dentro de la investigaci\u00f3n. Por ahora, las autoridades concentran sus esfuerzos en esclarecer el ataque contra el agricultor, establecer qui\u00e9nes participaron en la retenci\u00f3n y encontrar a la segunda persona cuyo paradero contin\u00faa desconocido.<\/p>\n<p>La Polic\u00eda y el Ministerio P\u00fablico mantienen los operativos en las zonas identificadas mientras avanzan las investigaciones para reconstruir el hecho y determinar las circunstancias en las que el agricultor fue encontrado herido. (Con informaci\u00f3n de Red Uno)<\/p>\n","protected":false},"excerpt":{"rendered":"<p>El agricultor que hab\u00eda sido reportado como secuestrado en la comunidad de Petacas, Santa Cruz, fue localizado con vida en la zona de La Angostura, pero con cuatro impactos de bala. El hallazgo llev\u00f3 a las autoridades a intensificar los operativos, luego de que las investigaciones establecieran que una segunda persona tambi\u00e9n habr\u00eda sido raptada [&hellip;]<\/p>\n","protected":false},"author":2,"featured_media":421352,"comment_status":"closed","ping_status":"open","sticky":false,"template":"","format":"standard","meta":{"_acf_changed":false,"footnotes":""},"categories":[39],"tags":[],"class_list":["post-421356","post","type-post","status-publish","format-standard","has-post-thumbnail","category-sociedad"],"acf":{"antetitulo":""},"yoast_head":"<!-- This site is optimized with the Yoast SEO plugin v28.3 - https:\/\/yoast.com\/product\/yoast-seo-wordpress\/ -->\n<title>Hallan con cuatro disparos al agricultor secuestrado - El Diario - Bolivia<\/title>\n<meta name=\"robots\" content=\"index, follow, max-snippet:-1, max-image-preview:large, max-video-preview:-1\" \/>\n<link rel=\"canonical\" href=\"https:\/\/www.eldiario.net\/portal\/2026\/08\/14\/hallan-con-cuatro-disparos-al-agricultor-secuestrado\/\" \/>\n<meta property=\"og:locale\" content=\"es_ES\" \/>\n<meta property=\"og:type\" content=\"article\" \/>\n<meta property=\"og:title\" content=\"Hallan con cuatro disparos al agricultor secuestrado - El Diario - Bolivia\" \/>\n<meta property=\"og:description\" content=\"El agricultor que hab\u00eda sido reportado como secuestrado en la comunidad de Petacas, Santa Cruz, fue localizado con vida en la zona de La Angostura, pero con cuatro impactos de bala. El hallazgo llev\u00f3 a las autoridades a intensificar los operativos, luego de que las investigaciones establecieran que una segunda persona tambi\u00e9n habr\u00eda sido raptada [&hellip;]\" \/>\n<meta property=\"og:url\" content=\"https:\/\/www.eldiario.net\/portal\/2026\/08\/14\/hallan-con-cuatro-disparos-al-agricultor-secuestrado\/\" \/>\n<meta property=\"og:site_name\" content=\"El Diario - Bolivia\" \/>\n<meta property=\"article:publisher\" content=\"https:\/\/www.facebook.com\/eldiario.bolivia\/\" \/>\n<meta property=\"article:published_time\" content=\"2026-08-14T12:12:51+00:00\" \/>\n<meta property=\"og:image\" content=\"https:\/\/www.eldiario.net\/portal\/wp-content\/uploads\/2026\/08\/14-SECU-copia.webp\" \/>\n\t<meta property=\"og:image:width\" content=\"1080\" \/>\n\t<meta property=\"og:image:height\" content=\"804\" \/>\n\t<meta property=\"og:image:type\" content=\"image\/webp\" \/>\n<meta name=\"author\" content=\"luis Camacho\" \/>\n<meta name=\"twitter:card\" content=\"summary_large_image\" \/>\n<meta name=\"twitter:creator\" content=\"@eldiario_net\" \/>\n<meta name=\"twitter:site\" content=\"@eldiario_net\" \/>\n<meta name=\"twitter:label1\" content=\"Escrito por\" \/>\n\t<meta name=\"twitter:data1\" content=\"luis Camacho\" \/>\n\t<meta name=\"twitter:label2\" content=\"Tiempo de lectura\" \/>\n\t<meta name=\"twitter:data2\" content=\"3 minutos\" \/>\n<script type=\"application\/ld+json\" class=\"yoast-schema-graph\">{\"@context\":\"https:\\\/\\\/schema.org\",\"@graph\":[{\"@type\":\"Article\",\"@id\":\"https:\\\/\\\/www.eldiario.net\\\/portal\\\/2026\\\/08\\\/14\\\/hallan-con-cuatro-disparos-al-agricultor-secuestrado\\\/#article\",\"isPartOf\":{\"@id\":\"https:\\\/\\\/www.eldiario.net\\\/portal\\\/2026\\\/08\\\/14\\\/hallan-con-cuatro-disparos-al-agricultor-secuestrado\\\/\"},\"author\":{\"name\":\"luis Camacho\",\"@id\":\"https:\\\/\\\/www.eldiario.net\\\/portal\\\/#\\\/schema\\\/person\\\/cab1ae4db27e5f008a62cbffb05fbfee\"},\"headline\":\"Hallan con cuatro disparos al agricultor secuestrado\",\"datePublished\":\"2026-08-14T12:12:51+00:00\",\"mainEntityOfPage\":{\"@id\":\"https:\\\/\\\/www.eldiario.net\\\/portal\\\/2026\\\/08\\\/14\\\/hallan-con-cuatro-disparos-al-agricultor-secuestrado\\\/\"},\"wordCount\":437,\"publisher\":{\"@id\":\"https:\\\/\\\/www.eldiario.net\\\/portal\\\/#organization\"},\"image\":{\"@id\":\"https:\\\/\\\/www.eldiario.net\\\/portal\\\/2026\\\/08\\\/14\\\/hallan-con-cuatro-disparos-al-agricultor-secuestrado\\\/#primaryimage\"},\"thumbnailUrl\":\"https:\\\/\\\/www.eldiario.net\\\/portal\\\/wp-content\\\/uploads\\\/2026\\\/08\\\/14-SECU-copia.webp\",\"articleSection\":[\"Sociedad - Seguridad\"],\"inLanguage\":\"es\"},{\"@type\":\"WebPage\",\"@id\":\"https:\\\/\\\/www.eldiario.net\\\/portal\\\/2026\\\/08\\\/14\\\/hallan-con-cuatro-disparos-al-agricultor-secuestrado\\\/\",\"url\":\"https:\\\/\\\/www.eldiario.net\\\/portal\\\/2026\\\/08\\\/14\\\/hallan-con-cuatro-disparos-al-agricultor-secuestrado\\\/\",\"name\":\"Hallan con cuatro disparos al agricultor secuestrado - El Diario - Bolivia\",\"isPartOf\":{\"@id\":\"https:\\\/\\\/www.eldiario.net\\\/portal\\\/#website\"},\"primaryImageOfPage\":{\"@id\":\"https:\\\/\\\/www.eldiario.net\\\/portal\\\/2026\\\/08\\\/14\\\/hallan-con-cuatro-disparos-al-agricultor-secuestrado\\\/#primaryimage\"},\"image\":{\"@id\":\"https:\\\/\\\/www.eldiario.net\\\/portal\\\/2026\\\/08\\\/14\\\/hallan-con-cuatro-disparos-al-agricultor-secuestrado\\\/#primaryimage\"},\"thumbnailUrl\":\"https:\\\/\\\/www.eldiario.net\\\/portal\\\/wp-content\\\/uploads\\\/2026\\\/08\\\/14-SECU-copia.webp\",\"datePublished\":\"2026-08-14T12:12:51+00:00\",\"breadcrumb\":{\"@id\":\"https:\\\/\\\/www.eldiario.net\\\/portal\\\/2026\\\/08\\\/14\\\/hallan-con-cuatro-disparos-al-agricultor-secuestrado\\\/#breadcrumb\"},\"inLanguage\":\"es\",\"potentialAction\":[{\"@type\":\"ReadAction\",\"target\":[\"https:\\\/\\\/www.eldiario.net\\\/portal\\\/2026\\\/08\\\/14\\\/hallan-con-cuatro-disparos-al-agricultor-secuestrado\\\/\"]}]},{\"@type\":\"ImageObject\",\"inLanguage\":\"es\",\"@id\":\"https:\\\/\\\/www.eldiario.net\\\/portal\\\/2026\\\/08\\\/14\\\/hallan-con-cuatro-disparos-al-agricultor-secuestrado\\\/#primaryimage\",\"url\":\"https:\\\/\\\/www.eldiario.net\\\/portal\\\/wp-content\\\/uploads\\\/2026\\\/08\\\/14-SECU-copia.webp\",\"contentUrl\":\"https:\\\/\\\/www.eldiario.net\\\/portal\\\/wp-content\\\/uploads\\\/2026\\\/08\\\/14-SECU-copia.webp\",\"width\":1080,\"height\":804,\"caption\":\"Referencial. Cr\u00e9dito de foto: RRSS\"},{\"@type\":\"BreadcrumbList\",\"@id\":\"https:\\\/\\\/www.eldiario.net\\\/portal\\\/2026\\\/08\\\/14\\\/hallan-con-cuatro-disparos-al-agricultor-secuestrado\\\/#breadcrumb\",\"itemListElement\":[{\"@type\":\"ListItem\",\"position\":1,\"name\":\"Portada\",\"item\":\"https:\\\/\\\/www.eldiario.net\\\/portal\\\/\"},{\"@type\":\"ListItem\",\"position\":2,\"name\":\"Hallan con cuatro disparos al agricultor secuestrado\"}]},{\"@type\":\"WebSite\",\"@id\":\"https:\\\/\\\/www.eldiario.net\\\/portal\\\/#website\",\"url\":\"https:\\\/\\\/www.eldiario.net\\\/portal\\\/\",\"name\":\"El Diario - Decano de la prensa nacional\",\"description\":\"El Diario - Decano de la prensa nacional\",\"publisher\":{\"@id\":\"https:\\\/\\\/www.eldiario.net\\\/portal\\\/#organization\"},\"potentialAction\":[{\"@type\":\"SearchAction\",\"target\":{\"@type\":\"EntryPoint\",\"urlTemplate\":\"https:\\\/\\\/www.eldiario.net\\\/portal\\\/?s={search_term_string}\"},\"query-input\":{\"@type\":\"PropertyValueSpecification\",\"valueRequired\":true,\"valueName\":\"search_term_string\"}}],\"inLanguage\":\"es\"},{\"@type\":\"Organization\",\"@id\":\"https:\\\/\\\/www.eldiario.net\\\/portal\\\/#organization\",\"name\":\"El Diario - Decano de la prensa nacional\",\"url\":\"https:\\\/\\\/www.eldiario.net\\\/portal\\\/\",\"logo\":{\"@type\":\"ImageObject\",\"inLanguage\":\"es\",\"@id\":\"https:\\\/\\\/www.eldiario.net\\\/portal\\\/#\\\/schema\\\/logo\\\/image\\\/\",\"url\":\"https:\\\/\\\/www.eldiario.net\\\/portal\\\/wp-content\\\/uploads\\\/2023\\\/07\\\/logo_ED.jpg\",\"contentUrl\":\"https:\\\/\\\/www.eldiario.net\\\/portal\\\/wp-content\\\/uploads\\\/2023\\\/07\\\/logo_ED.jpg\",\"width\":272,\"height\":52,\"caption\":\"El Diario - Decano de la prensa nacional\"},\"image\":{\"@id\":\"https:\\\/\\\/www.eldiario.net\\\/portal\\\/#\\\/schema\\\/logo\\\/image\\\/\"},\"sameAs\":[\"https:\\\/\\\/www.facebook.com\\\/eldiario.bolivia\\\/\",\"https:\\\/\\\/x.com\\\/eldiario_net\"]},{\"@type\":\"Person\",\"@id\":\"https:\\\/\\\/www.eldiario.net\\\/portal\\\/#\\\/schema\\\/person\\\/cab1ae4db27e5f008a62cbffb05fbfee\",\"name\":\"luis Camacho\",\"image\":{\"@type\":\"ImageObject\",\"inLanguage\":\"es\",\"@id\":\"https:\\\/\\\/secure.gravatar.com\\\/avatar\\\/69ecb836b3826d5a2501bf06ab2a2f2c8ab211cc846758f395df21684cb38313?s=96&d=mm&r=g\",\"url\":\"https:\\\/\\\/secure.gravatar.com\\\/avatar\\\/69ecb836b3826d5a2501bf06ab2a2f2c8ab211cc846758f395df21684cb38313?s=96&d=mm&r=g\",\"contentUrl\":\"https:\\\/\\\/secure.gravatar.com\\\/avatar\\\/69ecb836b3826d5a2501bf06ab2a2f2c8ab211cc846758f395df21684cb38313?s=96&d=mm&r=g\",\"caption\":\"luis Camacho\"},\"url\":\"https:\\\/\\\/www.eldiario.net\\\/portal\\\/author\\\/luis\\\/\"}]}<\/script>\n<!-- \/ Yoast SEO plugin. -->","yoast_head_json":{"title":"Hallan con cuatro disparos al agricultor secuestrado - El Diario - Bolivia","robots":{"index":"index","follow":"follow","max-snippet":"max-snippet:-1","max-image-preview":"max-image-preview:large","max-video-preview":"max-video-preview:-1"},"canonical":"https:\/\/www.eldiario.net\/portal\/2026\/08\/14\/hallan-con-cuatro-disparos-al-agricultor-secuestrado\/","og_locale":"es_ES","og_type":"article","og_title":"Hallan con cuatro disparos al agricultor secuestrado - El Diario - Bolivia","og_description":"El agricultor que hab\u00eda sido reportado como secuestrado en la comunidad de Petacas, Santa Cruz, fue localizado con vida en la zona de La Angostura, pero con cuatro impactos de bala. El hallazgo llev\u00f3 a las autoridades a intensificar los operativos, luego de que las investigaciones establecieran que una segunda persona tambi\u00e9n habr\u00eda sido raptada [&hellip;]","og_url":"https:\/\/www.eldiario.net\/portal\/2026\/08\/14\/hallan-con-cuatro-disparos-al-agricultor-secuestrado\/","og_site_name":"El Diario - Bolivia","article_publisher":"https:\/\/www.facebook.com\/eldiario.bolivia\/","article_published_time":"2026-08-14T12:12:51+00:00","og_image":[{"width":1080,"height":804,"url":"https:\/\/www.eldiario.net\/portal\/wp-content\/uploads\/2026\/08\/14-SECU-copia.webp","type":"image\/webp"}],"author":"luis Camacho","twitter_card":"summary_large_image","twitter_creator":"@eldiario_net","twitter_site":"@eldiario_net","twitter_misc":{"Escrito por":"luis Camacho","Tiempo de lectura":"3 minutos"},"schema":{"@context":"https:\/\/schema.org","@graph":[{"@type":"Article","@id":"https:\/\/www.eldiario.net\/portal\/2026\/08\/14\/hallan-con-cuatro-disparos-al-agricultor-secuestrado\/#article","isPartOf":{"@id":"https:\/\/www.eldiario.net\/portal\/2026\/08\/14\/hallan-con-cuatro-disparos-al-agricultor-secuestrado\/"},"author":{"name":"luis Camacho","@id":"https:\/\/www.eldiario.net\/portal\/#\/schema\/person\/cab1ae4db27e5f008a62cbffb05fbfee"},"headline":"Hallan con cuatro disparos al agricultor secuestrado","datePublished":"2026-08-14T12:12:51+00:00","mainEntityOfPage":{"@id":"https:\/\/www.eldiario.net\/portal\/2026\/08\/14\/hallan-con-cuatro-disparos-al-agricultor-secuestrado\/"},"wordCount":437,"publisher":{"@id":"https:\/\/www.eldiario.net\/portal\/#organization"},"image":{"@id":"https:\/\/www.eldiario.net\/portal\/2026\/08\/14\/hallan-con-cuatro-disparos-al-agricultor-secuestrado\/#primaryimage"},"thumbnailUrl":"https:\/\/www.eldiario.net\/portal\/wp-content\/uploads\/2026\/08\/14-SECU-copia.webp","articleSection":["Sociedad - Seguridad"],"inLanguage":"es"},{"@type":"WebPage","@id":"https:\/\/www.eldiario.net\/portal\/2026\/08\/14\/hallan-con-cuatro-disparos-al-agricultor-secuestrado\/","url":"https:\/\/www.eldiario.net\/portal\/2026\/08\/14\/hallan-con-cuatro-disparos-al-agricultor-secuestrado\/","name":"Hallan con cuatro disparos al agricultor secuestrado - El Diario - Bolivia","isPartOf":{"@id":"https:\/\/www.eldiario.net\/portal\/#website"},"primaryImageOfPage":{"@id":"https:\/\/www.eldiario.net\/portal\/2026\/08\/14\/hallan-con-cuatro-disparos-al-agricultor-secuestrado\/#primaryimage"},"image":{"@id":"https:\/\/www.eldiario.net\/portal\/2026\/08\/14\/hallan-con-cuatro-disparos-al-agricultor-secuestrado\/#primaryimage"},"thumbnailUrl":"https:\/\/www.eldiario.net\/portal\/wp-content\/uploads\/2026\/08\/14-SECU-copia.webp","datePublished":"2026-08-14T12:12:51+00:00","breadcrumb":{"@id":"https:\/\/www.eldiario.net\/portal\/2026\/08\/14\/hallan-con-cuatro-disparos-al-agricultor-secuestrado\/#breadcrumb"},"inLanguage":"es","potentialAction":[{"@type":"ReadAction","target":["https:\/\/www.eldiario.net\/portal\/2026\/08\/14\/hallan-con-cuatro-disparos-al-agricultor-secuestrado\/"]}]},{"@type":"ImageObject","inLanguage":"es","@id":"https:\/\/www.eldiario.net\/portal\/2026\/08\/14\/hallan-con-cuatro-disparos-al-agricultor-secuestrado\/#primaryimage","url":"https:\/\/www.eldiario.net\/portal\/wp-content\/uploads\/2026\/08\/14-SECU-copia.webp","contentUrl":"https:\/\/www.eldiario.net\/portal\/wp-content\/uploads\/2026\/08\/14-SECU-copia.webp","width":1080,"height":804,"caption":"Referencial. Cr\u00e9dito de foto: RRSS"},{"@type":"BreadcrumbList","@id":"https:\/\/www.eldiario.net\/portal\/2026\/08\/14\/hallan-con-cuatro-disparos-al-agricultor-secuestrado\/#breadcrumb","itemListElement":[{"@type":"ListItem","position":1,"name":"Portada","item":"https:\/\/www.eldiario.net\/portal\/"},{"@type":"ListItem","position":2,"name":"Hallan con cuatro disparos al agricultor secuestrado"}]},{"@type":"WebSite","@id":"https:\/\/www.eldiario.net\/portal\/#website","url":"https:\/\/www.eldiario.net\/portal\/","name":"El Diario - Decano de la prensa nacional","description":"El Diario - Decano de la prensa nacional","publisher":{"@id":"https:\/\/www.eldiario.net\/portal\/#organization"},"potentialAction":[{"@type":"SearchAction","target":{"@type":"EntryPoint","urlTemplate":"https:\/\/www.eldiario.net\/portal\/?s={search_term_string}"},"query-input":{"@type":"PropertyValueSpecification","valueRequired":true,"valueName":"search_term_string"}}],"inLanguage":"es"},{"@type":"Organization","@id":"https:\/\/www.eldiario.net\/portal\/#organization","name":"El Diario - Decano de la prensa nacional","url":"https:\/\/www.eldiario.net\/portal\/","logo":{"@type":"ImageObject","inLanguage":"es","@id":"https:\/\/www.eldiario.net\/portal\/#\/schema\/logo\/image\/","url":"https:\/\/www.eldiario.net\/portal\/wp-content\/uploads\/2023\/07\/logo_ED.jpg","contentUrl":"https:\/\/www.eldiario.net\/portal\/wp-content\/uploads\/2023\/07\/logo_ED.jpg","width":272,"height":52,"caption":"El Diario - Decano de la prensa nacional"},"image":{"@id":"https:\/\/www.eldiario.net\/portal\/#\/schema\/logo\/image\/"},"sameAs":["https:\/\/www.facebook.com\/eldiario.bolivia\/","https:\/\/x.com\/eldiario_net"]},{"@type":"Person","@id":"https:\/\/www.eldiario.net\/portal\/#\/schema\/person\/cab1ae4db27e5f008a62cbffb05fbfee","name":"luis Camacho","image":{"@type":"ImageObject","inLanguage":"es","@id":"https:\/\/secure.gravatar.com\/avatar\/69ecb836b3826d5a2501bf06ab2a2f2c8ab211cc846758f395df21684cb38313?s=96&d=mm&r=g","url":"https:\/\/secure.gravatar.com\/avatar\/69ecb836b3826d5a2501bf06ab2a2f2c8ab211cc846758f395df21684cb38313?s=96&d=mm&r=g","contentUrl":"https:\/\/secure.gravatar.com\/avatar\/69ecb836b3826d5a2501bf06ab2a2f2c8ab211cc846758f395df21684cb38313?s=96&d=mm&r=g","caption":"luis Camacho"},"url":"https:\/\/www.eldiario.net\/portal\/author\/luis\/"}]}},"_links":{"self":[{"href":"https:\/\/www.eldiario.net\/portal\/wp-json\/wp\/v2\/posts\/421356","targetHints":{"allow":["GET"]}}],"collection":[{"href":"https:\/\/www.eldiario.net\/portal\/wp-json\/wp\/v2\/posts"}],"about":[{"href":"https:\/\/www.eldiario.net\/portal\/wp-json\/wp\/v2\/types\/post"}],"author":[{"embeddable":true,"href":"https:\/\/www.eldiario.net\/portal\/wp-json\/wp\/v2\/users\/2"}],"replies":[{"embeddable":true,"href":"https:\/\/www.eldiario.net\/portal\/wp-json\/wp\/v2\/comments?post=421356"}],"version-history":[{"count":1,"href":"https:\/\/www.eldiario.net\/portal\/wp-json\/wp\/v2\/posts\/421356\/revisions"}],"predecessor-version":[{"id":421357,"href":"https:\/\/www.eldiario.net\/portal\/wp-json\/wp\/v2\/posts\/421356\/revisions\/421357"}],"wp:featuredmedia":[{"embeddable":true,"href":"https:\/\/www.eldiario.net\/portal\/wp-json\/wp\/v2\/media\/421352"}],"wp:attachment":[{"href":"https:\/\/www.eldiario.net\/portal\/wp-json\/wp\/v2\/media?parent=421356"}],"wp:term":[{"taxonomy":"category","embeddable":true,"href":"https:\/\/www.eldiario.net\/portal\/wp-json\/wp\/v2\/categories?post=421356"},{"taxonomy":"post_tag","embeddable":true,"href":"https:\/\/www.eldiario.net\/portal\/wp-json\/wp\/v2\/tags?post=421356"}],"curies":[{"name":"wp","href":"https:\/\/api.w.org\/{rel}","templated":true}]}}