{"id":421354,"date":"2026-08-14T08:10:10","date_gmt":"2026-08-14T12:10:10","guid":{"rendered":"https:\/\/www.eldiario.net\/portal\/?p=421354"},"modified":"2026-08-14T08:10:10","modified_gmt":"2026-08-14T12:10:10","slug":"justiniano-advierte-que-el-pais-no-sera-tierra-libre-para-mafias","status":"publish","type":"post","link":"https:\/\/www.eldiario.net\/portal\/2026\/08\/14\/justiniano-advierte-que-el-pais-no-sera-tierra-libre-para-mafias\/","title":{"rendered":"Justiniano advierte que el pa\u00eds no ser\u00e1 tierra libre para mafias"},"content":{"rendered":"<p>Tras participar en el Foro A3C, en Panam\u00e1, el ministro de Defensa, Ernesto Justiniano, advirti\u00f3 que Bolivia no permitir\u00e1 que las mafias transnacionales conviertan al pa\u00eds en un espacio para sus operaciones y sostuvo que el Estado debe responder con firmeza frente al narcotr\u00e1fico, el narcoterrorismo y las redes criminales que operan en la regi\u00f3n.<\/p>\n<p>A trav\u00e9s de sus redes sociales, la autoridad expres\u00f3 su preocupaci\u00f3n por la amenaza que representan estas organizaciones y se\u00f1al\u00f3 que su accionar trasciende las fronteras nacionales. Seg\u00fan Justiniano, estas estructuras recurren a distintos mecanismos para sostener sus actividades y ampliar su presencia en otros territorios.<\/p>\n<p>En ese sentido, remarc\u00f3 que el crimen organizado no debe ser entendido como una sucesi\u00f3n de hechos aislados, debido a que las organizaciones criminales articulan rutas, log\u00edstica, financiamiento il\u00edcito, corrupci\u00f3n, tecnolog\u00eda y violencia para mantener y expandir sus operaciones.<\/p>\n<p>\u00abNo estamos frente a hechos aislados, sino ante redes que combinan rutas, log\u00edstica, financiamiento il\u00edcito, corrupci\u00f3n, tecnolog\u00eda, violencia y capacidad de regeneraci\u00f3n\u201d, se\u00f1al\u00f3 la autoridad.<\/p>\n<p>El ministro plante\u00f3 que la respuesta de los Estados tambi\u00e9n debe tener un car\u00e1cter regional y sostenido, con mecanismos de cooperaci\u00f3n que permitan compartir informaci\u00f3n, fortalecer capacidades e identificar las responsabilidades de cada pa\u00eds en \u00e1reas prioritarias.<\/p>\n<p>Justiniano sostuvo que la coordinaci\u00f3n no deber\u00eda limitarse a encuentros o declaraciones conjuntas, sino traducirse en planes de acci\u00f3n con objetivos y plazos definidos, grupos de trabajo y mecanismos para evaluar peri\u00f3dicamente los avances frente a las organizaciones criminales.<\/p>\n<p>Para Bolivia, se\u00f1al\u00f3 que esta agenda debe estar acompa\u00f1ada por un fortalecimiento de las capacidades estatales en distintos \u00e1mbitos. Entre las prioridades mencion\u00f3 el control de las fronteras, el espacio a\u00e9reo, los r\u00edos y la infraestructura cr\u00edtica, adem\u00e1s de una mejora de la inteligencia financiera y la ciberdefensa.<\/p>\n<p>Tambi\u00e9n plante\u00f3 reforzar la supervisi\u00f3n, fiscalizaci\u00f3n y trazabilidad de sustancias controladas y precursores, as\u00ed como revisar el marco normativo para que las instituciones del Estado puedan actuar con mayores capacidades frente a las amenazas del crimen organizado.<\/p>\n<p>El ministro remarc\u00f3 que Bolivia apuesta por una cooperaci\u00f3n pr\u00e1ctica que permita compartir informaci\u00f3n y mejorar la interoperabilidad entre las instituciones de los pa\u00edses de la regi\u00f3n, pero bajo los principios de soberan\u00eda, legalidad e institucionalidad democr\u00e1tica.<\/p>\n<p>En su pronunciamiento, Justiniano tambi\u00e9n dej\u00f3 una advertencia directa a las organizaciones criminales y asegur\u00f3 que el pa\u00eds no ser\u00e1 utilizado como espacio para el desarrollo de sus actividades.<\/p>\n<p>\u00abLos narcos deben saberlo: Bolivia no ser\u00e1 tierra libre para las mafias\u201d, afirm\u00f3.<\/p>\n","protected":false},"excerpt":{"rendered":"<p>Tras participar en el Foro A3C, en Panam\u00e1, el ministro de Defensa, Ernesto Justiniano, advirti\u00f3 que Bolivia no permitir\u00e1 que las mafias transnacionales conviertan al pa\u00eds en un espacio para sus operaciones y sostuvo que el Estado debe responder con firmeza frente al narcotr\u00e1fico, el narcoterrorismo y las redes criminales que operan en la regi\u00f3n. [&hellip;]<\/p>\n","protected":false},"author":2,"featured_media":421350,"comment_status":"closed","ping_status":"open","sticky":false,"template":"","format":"standard","meta":{"_acf_changed":false,"footnotes":""},"categories":[39],"tags":[],"class_list":["post-421354","post","type-post","status-publish","format-standard","has-post-thumbnail","category-sociedad"],"acf":{"antetitulo":""},"yoast_head":"<!-- This site is optimized with the Yoast SEO plugin v28.3 - https:\/\/yoast.com\/product\/yoast-seo-wordpress\/ -->\n<title>Justiniano advierte que el pa\u00eds no ser\u00e1 tierra libre para mafias - El Diario - Bolivia<\/title>\n<meta name=\"robots\" content=\"index, follow, max-snippet:-1, max-image-preview:large, max-video-preview:-1\" \/>\n<link rel=\"canonical\" href=\"https:\/\/www.eldiario.net\/portal\/2026\/08\/14\/justiniano-advierte-que-el-pais-no-sera-tierra-libre-para-mafias\/\" \/>\n<meta property=\"og:locale\" content=\"es_ES\" \/>\n<meta property=\"og:type\" content=\"article\" \/>\n<meta property=\"og:title\" content=\"Justiniano advierte que el pa\u00eds no ser\u00e1 tierra libre para mafias - El Diario - Bolivia\" \/>\n<meta property=\"og:description\" content=\"Tras participar en el Foro A3C, en Panam\u00e1, el ministro de Defensa, Ernesto Justiniano, advirti\u00f3 que Bolivia no permitir\u00e1 que las mafias transnacionales conviertan al pa\u00eds en un espacio para sus operaciones y sostuvo que el Estado debe responder con firmeza frente al narcotr\u00e1fico, el narcoterrorismo y las redes criminales que operan en la regi\u00f3n. [&hellip;]\" \/>\n<meta property=\"og:url\" content=\"https:\/\/www.eldiario.net\/portal\/2026\/08\/14\/justiniano-advierte-que-el-pais-no-sera-tierra-libre-para-mafias\/\" \/>\n<meta property=\"og:site_name\" content=\"El Diario - Bolivia\" \/>\n<meta property=\"article:publisher\" content=\"https:\/\/www.facebook.com\/eldiario.bolivia\/\" \/>\n<meta property=\"article:published_time\" content=\"2026-08-14T12:10:10+00:00\" \/>\n<meta property=\"og:image\" content=\"https:\/\/www.eldiario.net\/portal\/wp-content\/uploads\/2026\/08\/14-FORO-copia.webp\" \/>\n\t<meta property=\"og:image:width\" content=\"800\" \/>\n\t<meta property=\"og:image:height\" content=\"661\" \/>\n\t<meta property=\"og:image:type\" content=\"image\/webp\" \/>\n<meta name=\"author\" content=\"luis Camacho\" \/>\n<meta name=\"twitter:card\" content=\"summary_large_image\" \/>\n<meta name=\"twitter:creator\" content=\"@eldiario_net\" \/>\n<meta name=\"twitter:site\" content=\"@eldiario_net\" \/>\n<meta name=\"twitter:label1\" content=\"Escrito por\" \/>\n\t<meta name=\"twitter:data1\" content=\"luis Camacho\" \/>\n\t<meta name=\"twitter:label2\" content=\"Tiempo de lectura\" \/>\n\t<meta name=\"twitter:data2\" content=\"3 minutos\" \/>\n<script type=\"application\/ld+json\" class=\"yoast-schema-graph\">{\"@context\":\"https:\\\/\\\/schema.org\",\"@graph\":[{\"@type\":\"Article\",\"@id\":\"https:\\\/\\\/www.eldiario.net\\\/portal\\\/2026\\\/08\\\/14\\\/justiniano-advierte-que-el-pais-no-sera-tierra-libre-para-mafias\\\/#article\",\"isPartOf\":{\"@id\":\"https:\\\/\\\/www.eldiario.net\\\/portal\\\/2026\\\/08\\\/14\\\/justiniano-advierte-que-el-pais-no-sera-tierra-libre-para-mafias\\\/\"},\"author\":{\"name\":\"luis Camacho\",\"@id\":\"https:\\\/\\\/www.eldiario.net\\\/portal\\\/#\\\/schema\\\/person\\\/cab1ae4db27e5f008a62cbffb05fbfee\"},\"headline\":\"Justiniano advierte que el pa\u00eds no ser\u00e1 tierra libre para mafias\",\"datePublished\":\"2026-08-14T12:10:10+00:00\",\"mainEntityOfPage\":{\"@id\":\"https:\\\/\\\/www.eldiario.net\\\/portal\\\/2026\\\/08\\\/14\\\/justiniano-advierte-que-el-pais-no-sera-tierra-libre-para-mafias\\\/\"},\"wordCount\":463,\"publisher\":{\"@id\":\"https:\\\/\\\/www.eldiario.net\\\/portal\\\/#organization\"},\"image\":{\"@id\":\"https:\\\/\\\/www.eldiario.net\\\/portal\\\/2026\\\/08\\\/14\\\/justiniano-advierte-que-el-pais-no-sera-tierra-libre-para-mafias\\\/#primaryimage\"},\"thumbnailUrl\":\"https:\\\/\\\/www.eldiario.net\\\/portal\\\/wp-content\\\/uploads\\\/2026\\\/08\\\/14-FORO-copia.webp\",\"articleSection\":[\"Sociedad - Seguridad\"],\"inLanguage\":\"es\"},{\"@type\":\"WebPage\",\"@id\":\"https:\\\/\\\/www.eldiario.net\\\/portal\\\/2026\\\/08\\\/14\\\/justiniano-advierte-que-el-pais-no-sera-tierra-libre-para-mafias\\\/\",\"url\":\"https:\\\/\\\/www.eldiario.net\\\/portal\\\/2026\\\/08\\\/14\\\/justiniano-advierte-que-el-pais-no-sera-tierra-libre-para-mafias\\\/\",\"name\":\"Justiniano advierte que el pa\u00eds no ser\u00e1 tierra libre para mafias - El Diario - Bolivia\",\"isPartOf\":{\"@id\":\"https:\\\/\\\/www.eldiario.net\\\/portal\\\/#website\"},\"primaryImageOfPage\":{\"@id\":\"https:\\\/\\\/www.eldiario.net\\\/portal\\\/2026\\\/08\\\/14\\\/justiniano-advierte-que-el-pais-no-sera-tierra-libre-para-mafias\\\/#primaryimage\"},\"image\":{\"@id\":\"https:\\\/\\\/www.eldiario.net\\\/portal\\\/2026\\\/08\\\/14\\\/justiniano-advierte-que-el-pais-no-sera-tierra-libre-para-mafias\\\/#primaryimage\"},\"thumbnailUrl\":\"https:\\\/\\\/www.eldiario.net\\\/portal\\\/wp-content\\\/uploads\\\/2026\\\/08\\\/14-FORO-copia.webp\",\"datePublished\":\"2026-08-14T12:10:10+00:00\",\"breadcrumb\":{\"@id\":\"https:\\\/\\\/www.eldiario.net\\\/portal\\\/2026\\\/08\\\/14\\\/justiniano-advierte-que-el-pais-no-sera-tierra-libre-para-mafias\\\/#breadcrumb\"},\"inLanguage\":\"es\",\"potentialAction\":[{\"@type\":\"ReadAction\",\"target\":[\"https:\\\/\\\/www.eldiario.net\\\/portal\\\/2026\\\/08\\\/14\\\/justiniano-advierte-que-el-pais-no-sera-tierra-libre-para-mafias\\\/\"]}]},{\"@type\":\"ImageObject\",\"inLanguage\":\"es\",\"@id\":\"https:\\\/\\\/www.eldiario.net\\\/portal\\\/2026\\\/08\\\/14\\\/justiniano-advierte-que-el-pais-no-sera-tierra-libre-para-mafias\\\/#primaryimage\",\"url\":\"https:\\\/\\\/www.eldiario.net\\\/portal\\\/wp-content\\\/uploads\\\/2026\\\/08\\\/14-FORO-copia.webp\",\"contentUrl\":\"https:\\\/\\\/www.eldiario.net\\\/portal\\\/wp-content\\\/uploads\\\/2026\\\/08\\\/14-FORO-copia.webp\",\"width\":800,\"height\":661,\"caption\":\"Justiniano pidi\u00f3 acciones concretas y coordinaci\u00f3n contra el crimen organizado. Cr\u00e9dito de foto: MD\"},{\"@type\":\"BreadcrumbList\",\"@id\":\"https:\\\/\\\/www.eldiario.net\\\/portal\\\/2026\\\/08\\\/14\\\/justiniano-advierte-que-el-pais-no-sera-tierra-libre-para-mafias\\\/#breadcrumb\",\"itemListElement\":[{\"@type\":\"ListItem\",\"position\":1,\"name\":\"Portada\",\"item\":\"https:\\\/\\\/www.eldiario.net\\\/portal\\\/\"},{\"@type\":\"ListItem\",\"position\":2,\"name\":\"Justiniano advierte que el pa\u00eds no ser\u00e1 tierra libre para mafias\"}]},{\"@type\":\"WebSite\",\"@id\":\"https:\\\/\\\/www.eldiario.net\\\/portal\\\/#website\",\"url\":\"https:\\\/\\\/www.eldiario.net\\\/portal\\\/\",\"name\":\"El Diario - Decano de la prensa nacional\",\"description\":\"El Diario - Decano de la prensa nacional\",\"publisher\":{\"@id\":\"https:\\\/\\\/www.eldiario.net\\\/portal\\\/#organization\"},\"potentialAction\":[{\"@type\":\"SearchAction\",\"target\":{\"@type\":\"EntryPoint\",\"urlTemplate\":\"https:\\\/\\\/www.eldiario.net\\\/portal\\\/?s={search_term_string}\"},\"query-input\":{\"@type\":\"PropertyValueSpecification\",\"valueRequired\":true,\"valueName\":\"search_term_string\"}}],\"inLanguage\":\"es\"},{\"@type\":\"Organization\",\"@id\":\"https:\\\/\\\/www.eldiario.net\\\/portal\\\/#organization\",\"name\":\"El Diario - Decano de la prensa nacional\",\"url\":\"https:\\\/\\\/www.eldiario.net\\\/portal\\\/\",\"logo\":{\"@type\":\"ImageObject\",\"inLanguage\":\"es\",\"@id\":\"https:\\\/\\\/www.eldiario.net\\\/portal\\\/#\\\/schema\\\/logo\\\/image\\\/\",\"url\":\"https:\\\/\\\/www.eldiario.net\\\/portal\\\/wp-content\\\/uploads\\\/2023\\\/07\\\/logo_ED.jpg\",\"contentUrl\":\"https:\\\/\\\/www.eldiario.net\\\/portal\\\/wp-content\\\/uploads\\\/2023\\\/07\\\/logo_ED.jpg\",\"width\":272,\"height\":52,\"caption\":\"El Diario - Decano de la prensa nacional\"},\"image\":{\"@id\":\"https:\\\/\\\/www.eldiario.net\\\/portal\\\/#\\\/schema\\\/logo\\\/image\\\/\"},\"sameAs\":[\"https:\\\/\\\/www.facebook.com\\\/eldiario.bolivia\\\/\",\"https:\\\/\\\/x.com\\\/eldiario_net\"]},{\"@type\":\"Person\",\"@id\":\"https:\\\/\\\/www.eldiario.net\\\/portal\\\/#\\\/schema\\\/person\\\/cab1ae4db27e5f008a62cbffb05fbfee\",\"name\":\"luis Camacho\",\"image\":{\"@type\":\"ImageObject\",\"inLanguage\":\"es\",\"@id\":\"https:\\\/\\\/secure.gravatar.com\\\/avatar\\\/69ecb836b3826d5a2501bf06ab2a2f2c8ab211cc846758f395df21684cb38313?s=96&d=mm&r=g\",\"url\":\"https:\\\/\\\/secure.gravatar.com\\\/avatar\\\/69ecb836b3826d5a2501bf06ab2a2f2c8ab211cc846758f395df21684cb38313?s=96&d=mm&r=g\",\"contentUrl\":\"https:\\\/\\\/secure.gravatar.com\\\/avatar\\\/69ecb836b3826d5a2501bf06ab2a2f2c8ab211cc846758f395df21684cb38313?s=96&d=mm&r=g\",\"caption\":\"luis Camacho\"},\"url\":\"https:\\\/\\\/www.eldiario.net\\\/portal\\\/author\\\/luis\\\/\"}]}<\/script>\n<!-- \/ Yoast SEO plugin. -->","yoast_head_json":{"title":"Justiniano advierte que el pa\u00eds no ser\u00e1 tierra libre para mafias - El Diario - Bolivia","robots":{"index":"index","follow":"follow","max-snippet":"max-snippet:-1","max-image-preview":"max-image-preview:large","max-video-preview":"max-video-preview:-1"},"canonical":"https:\/\/www.eldiario.net\/portal\/2026\/08\/14\/justiniano-advierte-que-el-pais-no-sera-tierra-libre-para-mafias\/","og_locale":"es_ES","og_type":"article","og_title":"Justiniano advierte que el pa\u00eds no ser\u00e1 tierra libre para mafias - El Diario - Bolivia","og_description":"Tras participar en el Foro A3C, en Panam\u00e1, el ministro de Defensa, Ernesto Justiniano, advirti\u00f3 que Bolivia no permitir\u00e1 que las mafias transnacionales conviertan al pa\u00eds en un espacio para sus operaciones y sostuvo que el Estado debe responder con firmeza frente al narcotr\u00e1fico, el narcoterrorismo y las redes criminales que operan en la regi\u00f3n. [&hellip;]","og_url":"https:\/\/www.eldiario.net\/portal\/2026\/08\/14\/justiniano-advierte-que-el-pais-no-sera-tierra-libre-para-mafias\/","og_site_name":"El Diario - Bolivia","article_publisher":"https:\/\/www.facebook.com\/eldiario.bolivia\/","article_published_time":"2026-08-14T12:10:10+00:00","og_image":[{"width":800,"height":661,"url":"https:\/\/www.eldiario.net\/portal\/wp-content\/uploads\/2026\/08\/14-FORO-copia.webp","type":"image\/webp"}],"author":"luis Camacho","twitter_card":"summary_large_image","twitter_creator":"@eldiario_net","twitter_site":"@eldiario_net","twitter_misc":{"Escrito por":"luis Camacho","Tiempo de lectura":"3 minutos"},"schema":{"@context":"https:\/\/schema.org","@graph":[{"@type":"Article","@id":"https:\/\/www.eldiario.net\/portal\/2026\/08\/14\/justiniano-advierte-que-el-pais-no-sera-tierra-libre-para-mafias\/#article","isPartOf":{"@id":"https:\/\/www.eldiario.net\/portal\/2026\/08\/14\/justiniano-advierte-que-el-pais-no-sera-tierra-libre-para-mafias\/"},"author":{"name":"luis Camacho","@id":"https:\/\/www.eldiario.net\/portal\/#\/schema\/person\/cab1ae4db27e5f008a62cbffb05fbfee"},"headline":"Justiniano advierte que el pa\u00eds no ser\u00e1 tierra libre para mafias","datePublished":"2026-08-14T12:10:10+00:00","mainEntityOfPage":{"@id":"https:\/\/www.eldiario.net\/portal\/2026\/08\/14\/justiniano-advierte-que-el-pais-no-sera-tierra-libre-para-mafias\/"},"wordCount":463,"publisher":{"@id":"https:\/\/www.eldiario.net\/portal\/#organization"},"image":{"@id":"https:\/\/www.eldiario.net\/portal\/2026\/08\/14\/justiniano-advierte-que-el-pais-no-sera-tierra-libre-para-mafias\/#primaryimage"},"thumbnailUrl":"https:\/\/www.eldiario.net\/portal\/wp-content\/uploads\/2026\/08\/14-FORO-copia.webp","articleSection":["Sociedad - Seguridad"],"inLanguage":"es"},{"@type":"WebPage","@id":"https:\/\/www.eldiario.net\/portal\/2026\/08\/14\/justiniano-advierte-que-el-pais-no-sera-tierra-libre-para-mafias\/","url":"https:\/\/www.eldiario.net\/portal\/2026\/08\/14\/justiniano-advierte-que-el-pais-no-sera-tierra-libre-para-mafias\/","name":"Justiniano advierte que el pa\u00eds no ser\u00e1 tierra libre para mafias - El Diario - Bolivia","isPartOf":{"@id":"https:\/\/www.eldiario.net\/portal\/#website"},"primaryImageOfPage":{"@id":"https:\/\/www.eldiario.net\/portal\/2026\/08\/14\/justiniano-advierte-que-el-pais-no-sera-tierra-libre-para-mafias\/#primaryimage"},"image":{"@id":"https:\/\/www.eldiario.net\/portal\/2026\/08\/14\/justiniano-advierte-que-el-pais-no-sera-tierra-libre-para-mafias\/#primaryimage"},"thumbnailUrl":"https:\/\/www.eldiario.net\/portal\/wp-content\/uploads\/2026\/08\/14-FORO-copia.webp","datePublished":"2026-08-14T12:10:10+00:00","breadcrumb":{"@id":"https:\/\/www.eldiario.net\/portal\/2026\/08\/14\/justiniano-advierte-que-el-pais-no-sera-tierra-libre-para-mafias\/#breadcrumb"},"inLanguage":"es","potentialAction":[{"@type":"ReadAction","target":["https:\/\/www.eldiario.net\/portal\/2026\/08\/14\/justiniano-advierte-que-el-pais-no-sera-tierra-libre-para-mafias\/"]}]},{"@type":"ImageObject","inLanguage":"es","@id":"https:\/\/www.eldiario.net\/portal\/2026\/08\/14\/justiniano-advierte-que-el-pais-no-sera-tierra-libre-para-mafias\/#primaryimage","url":"https:\/\/www.eldiario.net\/portal\/wp-content\/uploads\/2026\/08\/14-FORO-copia.webp","contentUrl":"https:\/\/www.eldiario.net\/portal\/wp-content\/uploads\/2026\/08\/14-FORO-copia.webp","width":800,"height":661,"caption":"Justiniano pidi\u00f3 acciones concretas y coordinaci\u00f3n contra el crimen organizado. Cr\u00e9dito de foto: MD"},{"@type":"BreadcrumbList","@id":"https:\/\/www.eldiario.net\/portal\/2026\/08\/14\/justiniano-advierte-que-el-pais-no-sera-tierra-libre-para-mafias\/#breadcrumb","itemListElement":[{"@type":"ListItem","position":1,"name":"Portada","item":"https:\/\/www.eldiario.net\/portal\/"},{"@type":"ListItem","position":2,"name":"Justiniano advierte que el pa\u00eds no ser\u00e1 tierra libre para mafias"}]},{"@type":"WebSite","@id":"https:\/\/www.eldiario.net\/portal\/#website","url":"https:\/\/www.eldiario.net\/portal\/","name":"El Diario - Decano de la prensa nacional","description":"El Diario - Decano de la prensa nacional","publisher":{"@id":"https:\/\/www.eldiario.net\/portal\/#organization"},"potentialAction":[{"@type":"SearchAction","target":{"@type":"EntryPoint","urlTemplate":"https:\/\/www.eldiario.net\/portal\/?s={search_term_string}"},"query-input":{"@type":"PropertyValueSpecification","valueRequired":true,"valueName":"search_term_string"}}],"inLanguage":"es"},{"@type":"Organization","@id":"https:\/\/www.eldiario.net\/portal\/#organization","name":"El Diario - Decano de la prensa nacional","url":"https:\/\/www.eldiario.net\/portal\/","logo":{"@type":"ImageObject","inLanguage":"es","@id":"https:\/\/www.eldiario.net\/portal\/#\/schema\/logo\/image\/","url":"https:\/\/www.eldiario.net\/portal\/wp-content\/uploads\/2023\/07\/logo_ED.jpg","contentUrl":"https:\/\/www.eldiario.net\/portal\/wp-content\/uploads\/2023\/07\/logo_ED.jpg","width":272,"height":52,"caption":"El Diario - Decano de la prensa nacional"},"image":{"@id":"https:\/\/www.eldiario.net\/portal\/#\/schema\/logo\/image\/"},"sameAs":["https:\/\/www.facebook.com\/eldiario.bolivia\/","https:\/\/x.com\/eldiario_net"]},{"@type":"Person","@id":"https:\/\/www.eldiario.net\/portal\/#\/schema\/person\/cab1ae4db27e5f008a62cbffb05fbfee","name":"luis Camacho","image":{"@type":"ImageObject","inLanguage":"es","@id":"https:\/\/secure.gravatar.com\/avatar\/69ecb836b3826d5a2501bf06ab2a2f2c8ab211cc846758f395df21684cb38313?s=96&d=mm&r=g","url":"https:\/\/secure.gravatar.com\/avatar\/69ecb836b3826d5a2501bf06ab2a2f2c8ab211cc846758f395df21684cb38313?s=96&d=mm&r=g","contentUrl":"https:\/\/secure.gravatar.com\/avatar\/69ecb836b3826d5a2501bf06ab2a2f2c8ab211cc846758f395df21684cb38313?s=96&d=mm&r=g","caption":"luis Camacho"},"url":"https:\/\/www.eldiario.net\/portal\/author\/luis\/"}]}},"_links":{"self":[{"href":"https:\/\/www.eldiario.net\/portal\/wp-json\/wp\/v2\/posts\/421354","targetHints":{"allow":["GET"]}}],"collection":[{"href":"https:\/\/www.eldiario.net\/portal\/wp-json\/wp\/v2\/posts"}],"about":[{"href":"https:\/\/www.eldiario.net\/portal\/wp-json\/wp\/v2\/types\/post"}],"author":[{"embeddable":true,"href":"https:\/\/www.eldiario.net\/portal\/wp-json\/wp\/v2\/users\/2"}],"replies":[{"embeddable":true,"href":"https:\/\/www.eldiario.net\/portal\/wp-json\/wp\/v2\/comments?post=421354"}],"version-history":[{"count":1,"href":"https:\/\/www.eldiario.net\/portal\/wp-json\/wp\/v2\/posts\/421354\/revisions"}],"predecessor-version":[{"id":421355,"href":"https:\/\/www.eldiario.net\/portal\/wp-json\/wp\/v2\/posts\/421354\/revisions\/421355"}],"wp:featuredmedia":[{"embeddable":true,"href":"https:\/\/www.eldiario.net\/portal\/wp-json\/wp\/v2\/media\/421350"}],"wp:attachment":[{"href":"https:\/\/www.eldiario.net\/portal\/wp-json\/wp\/v2\/media?parent=421354"}],"wp:term":[{"taxonomy":"category","embeddable":true,"href":"https:\/\/www.eldiario.net\/portal\/wp-json\/wp\/v2\/categories?post=421354"},{"taxonomy":"post_tag","embeddable":true,"href":"https:\/\/www.eldiario.net\/portal\/wp-json\/wp\/v2\/tags?post=421354"}],"curies":[{"name":"wp","href":"https:\/\/api.w.org\/{rel}","templated":true}]}}