{"id":421348,"date":"2026-08-14T08:08:07","date_gmt":"2026-08-14T12:08:07","guid":{"rendered":"https:\/\/www.eldiario.net\/portal\/?p=421348"},"modified":"2026-08-14T08:08:07","modified_gmt":"2026-08-14T12:08:07","slug":"investigan-el-acribillamiento-de-un-hombre-en-villa-tunari","status":"publish","type":"post","link":"https:\/\/www.eldiario.net\/portal\/2026\/08\/14\/investigan-el-acribillamiento-de-un-hombre-en-villa-tunari\/","title":{"rendered":"Investigan el acribillamiento de un hombre en Villa Tunari"},"content":{"rendered":"<p>La Polic\u00eda investiga el acribillamiento de un hombre de aproximadamente 44 a\u00f1os ocurrido ayer en Villa Tunari, en el Tr\u00f3pico de Cochabamba. La v\u00edctima se encontraba dentro de su veh\u00edculo cuando fue atacada y muri\u00f3 mientras era trasladada a un centro m\u00e9dico.<\/p>\n<p>De acuerdo con los datos preliminares, los agresores llegaron hasta el lugar a bordo de una vagoneta, descendieron y dispararon contra el motorizado. En total, realizaron al menos 16 disparos, de los cuales siete impactaron en el cuerpo de la v\u00edctima.<\/p>\n<p>Tras el ataque, los presuntos autores huyeron del lugar a bordo del veh\u00edculo en el que se desplazaban. Hasta el momento, la Polic\u00eda no inform\u00f3 sobre la identidad de los responsables ni se estableci\u00f3 su paradero.<\/p>\n<p>La investigaci\u00f3n fue activada de oficio para esclarecer las circunstancias del hecho, identificar a los autores y determinar qu\u00e9 motiv\u00f3 el ataque. La familia de la v\u00edctima, seg\u00fan los datos preliminares, todav\u00eda no formaliz\u00f3 una denuncia ni proporcion\u00f3 informaci\u00f3n a los investigadores.<\/p>\n<p>Ante esa situaci\u00f3n, los efectivos realizan las diligencias correspondientes para reunir elementos que permitan reconstruir el ataque y establecer las circunstancias en las que ocurri\u00f3. Tambi\u00e9n se busca obtener informaci\u00f3n que ayude a identificar el veh\u00edculo utilizado por los presuntos autores y determinar la ruta que siguieron despu\u00e9s de abandonar el lugar.<\/p>\n<p>Por el momento, las autoridades no establecieron oficialmente las causas del acribillamiento ni identificaron a los responsables. La investigaci\u00f3n contin\u00faa para esclarecer el crimen ocurrido este jueves en Villa Tunari. (Con informaci\u00f3n de Unitel y Red Uno)<\/p>\n","protected":false},"excerpt":{"rendered":"<p>La Polic\u00eda investiga el acribillamiento de un hombre de aproximadamente 44 a\u00f1os ocurrido ayer en Villa Tunari, en el Tr\u00f3pico de Cochabamba. La v\u00edctima se encontraba dentro de su veh\u00edculo cuando fue atacada y muri\u00f3 mientras era trasladada a un centro m\u00e9dico. De acuerdo con los datos preliminares, los agresores llegaron hasta el lugar a [&hellip;]<\/p>\n","protected":false},"author":2,"featured_media":421349,"comment_status":"closed","ping_status":"open","sticky":false,"template":"","format":"standard","meta":{"_acf_changed":false,"footnotes":""},"categories":[39],"tags":[],"class_list":["post-421348","post","type-post","status-publish","format-standard","has-post-thumbnail","category-sociedad"],"acf":{"antetitulo":"Nuevo hecho violento"},"yoast_head":"<!-- This site is optimized with the Yoast SEO plugin v28.3 - https:\/\/yoast.com\/product\/yoast-seo-wordpress\/ -->\n<title>Investigan el acribillamiento de un hombre en Villa Tunari - El Diario - Bolivia<\/title>\n<meta name=\"robots\" content=\"index, follow, max-snippet:-1, max-image-preview:large, max-video-preview:-1\" \/>\n<link rel=\"canonical\" href=\"https:\/\/www.eldiario.net\/portal\/2026\/08\/14\/investigan-el-acribillamiento-de-un-hombre-en-villa-tunari\/\" \/>\n<meta property=\"og:locale\" content=\"es_ES\" \/>\n<meta property=\"og:type\" content=\"article\" \/>\n<meta property=\"og:title\" content=\"Investigan el acribillamiento de un hombre en Villa Tunari - El Diario - Bolivia\" \/>\n<meta property=\"og:description\" content=\"La Polic\u00eda investiga el acribillamiento de un hombre de aproximadamente 44 a\u00f1os ocurrido ayer en Villa Tunari, en el Tr\u00f3pico de Cochabamba. La v\u00edctima se encontraba dentro de su veh\u00edculo cuando fue atacada y muri\u00f3 mientras era trasladada a un centro m\u00e9dico. De acuerdo con los datos preliminares, los agresores llegaron hasta el lugar a [&hellip;]\" \/>\n<meta property=\"og:url\" content=\"https:\/\/www.eldiario.net\/portal\/2026\/08\/14\/investigan-el-acribillamiento-de-un-hombre-en-villa-tunari\/\" \/>\n<meta property=\"og:site_name\" content=\"El Diario - Bolivia\" \/>\n<meta property=\"article:publisher\" content=\"https:\/\/www.facebook.com\/eldiario.bolivia\/\" \/>\n<meta property=\"article:published_time\" content=\"2026-08-14T12:08:07+00:00\" \/>\n<meta property=\"og:image\" content=\"https:\/\/www.eldiario.net\/portal\/wp-content\/uploads\/2026\/08\/14-ACR-copia.webp\" \/>\n\t<meta property=\"og:image:width\" content=\"1080\" \/>\n\t<meta property=\"og:image:height\" content=\"705\" \/>\n\t<meta property=\"og:image:type\" content=\"image\/webp\" \/>\n<meta name=\"author\" content=\"luis Camacho\" \/>\n<meta name=\"twitter:card\" content=\"summary_large_image\" \/>\n<meta name=\"twitter:creator\" content=\"@eldiario_net\" \/>\n<meta name=\"twitter:site\" content=\"@eldiario_net\" \/>\n<meta name=\"twitter:label1\" content=\"Escrito por\" \/>\n\t<meta name=\"twitter:data1\" content=\"luis Camacho\" \/>\n\t<meta name=\"twitter:label2\" content=\"Tiempo de lectura\" \/>\n\t<meta name=\"twitter:data2\" content=\"2 minutos\" \/>\n<script type=\"application\/ld+json\" class=\"yoast-schema-graph\">{\"@context\":\"https:\\\/\\\/schema.org\",\"@graph\":[{\"@type\":\"Article\",\"@id\":\"https:\\\/\\\/www.eldiario.net\\\/portal\\\/2026\\\/08\\\/14\\\/investigan-el-acribillamiento-de-un-hombre-en-villa-tunari\\\/#article\",\"isPartOf\":{\"@id\":\"https:\\\/\\\/www.eldiario.net\\\/portal\\\/2026\\\/08\\\/14\\\/investigan-el-acribillamiento-de-un-hombre-en-villa-tunari\\\/\"},\"author\":{\"name\":\"luis Camacho\",\"@id\":\"https:\\\/\\\/www.eldiario.net\\\/portal\\\/#\\\/schema\\\/person\\\/cab1ae4db27e5f008a62cbffb05fbfee\"},\"headline\":\"Investigan el acribillamiento de un hombre en Villa Tunari\",\"datePublished\":\"2026-08-14T12:08:07+00:00\",\"mainEntityOfPage\":{\"@id\":\"https:\\\/\\\/www.eldiario.net\\\/portal\\\/2026\\\/08\\\/14\\\/investigan-el-acribillamiento-de-un-hombre-en-villa-tunari\\\/\"},\"wordCount\":279,\"publisher\":{\"@id\":\"https:\\\/\\\/www.eldiario.net\\\/portal\\\/#organization\"},\"image\":{\"@id\":\"https:\\\/\\\/www.eldiario.net\\\/portal\\\/2026\\\/08\\\/14\\\/investigan-el-acribillamiento-de-un-hombre-en-villa-tunari\\\/#primaryimage\"},\"thumbnailUrl\":\"https:\\\/\\\/www.eldiario.net\\\/portal\\\/wp-content\\\/uploads\\\/2026\\\/08\\\/14-ACR-copia.webp\",\"articleSection\":[\"Sociedad - Seguridad\"],\"inLanguage\":\"es\"},{\"@type\":\"WebPage\",\"@id\":\"https:\\\/\\\/www.eldiario.net\\\/portal\\\/2026\\\/08\\\/14\\\/investigan-el-acribillamiento-de-un-hombre-en-villa-tunari\\\/\",\"url\":\"https:\\\/\\\/www.eldiario.net\\\/portal\\\/2026\\\/08\\\/14\\\/investigan-el-acribillamiento-de-un-hombre-en-villa-tunari\\\/\",\"name\":\"Investigan el acribillamiento de un hombre en Villa Tunari - El Diario - Bolivia\",\"isPartOf\":{\"@id\":\"https:\\\/\\\/www.eldiario.net\\\/portal\\\/#website\"},\"primaryImageOfPage\":{\"@id\":\"https:\\\/\\\/www.eldiario.net\\\/portal\\\/2026\\\/08\\\/14\\\/investigan-el-acribillamiento-de-un-hombre-en-villa-tunari\\\/#primaryimage\"},\"image\":{\"@id\":\"https:\\\/\\\/www.eldiario.net\\\/portal\\\/2026\\\/08\\\/14\\\/investigan-el-acribillamiento-de-un-hombre-en-villa-tunari\\\/#primaryimage\"},\"thumbnailUrl\":\"https:\\\/\\\/www.eldiario.net\\\/portal\\\/wp-content\\\/uploads\\\/2026\\\/08\\\/14-ACR-copia.webp\",\"datePublished\":\"2026-08-14T12:08:07+00:00\",\"breadcrumb\":{\"@id\":\"https:\\\/\\\/www.eldiario.net\\\/portal\\\/2026\\\/08\\\/14\\\/investigan-el-acribillamiento-de-un-hombre-en-villa-tunari\\\/#breadcrumb\"},\"inLanguage\":\"es\",\"potentialAction\":[{\"@type\":\"ReadAction\",\"target\":[\"https:\\\/\\\/www.eldiario.net\\\/portal\\\/2026\\\/08\\\/14\\\/investigan-el-acribillamiento-de-un-hombre-en-villa-tunari\\\/\"]}]},{\"@type\":\"ImageObject\",\"inLanguage\":\"es\",\"@id\":\"https:\\\/\\\/www.eldiario.net\\\/portal\\\/2026\\\/08\\\/14\\\/investigan-el-acribillamiento-de-un-hombre-en-villa-tunari\\\/#primaryimage\",\"url\":\"https:\\\/\\\/www.eldiario.net\\\/portal\\\/wp-content\\\/uploads\\\/2026\\\/08\\\/14-ACR-copia.webp\",\"contentUrl\":\"https:\\\/\\\/www.eldiario.net\\\/portal\\\/wp-content\\\/uploads\\\/2026\\\/08\\\/14-ACR-copia.webp\",\"width\":1080,\"height\":705,\"caption\":\"La v\u00edctima fue atacada a tiros cuando se encontraba en su veh\u00edculo. Cr\u00e9dito de foto: RRSS\"},{\"@type\":\"BreadcrumbList\",\"@id\":\"https:\\\/\\\/www.eldiario.net\\\/portal\\\/2026\\\/08\\\/14\\\/investigan-el-acribillamiento-de-un-hombre-en-villa-tunari\\\/#breadcrumb\",\"itemListElement\":[{\"@type\":\"ListItem\",\"position\":1,\"name\":\"Portada\",\"item\":\"https:\\\/\\\/www.eldiario.net\\\/portal\\\/\"},{\"@type\":\"ListItem\",\"position\":2,\"name\":\"Investigan el acribillamiento de un hombre en Villa Tunari\"}]},{\"@type\":\"WebSite\",\"@id\":\"https:\\\/\\\/www.eldiario.net\\\/portal\\\/#website\",\"url\":\"https:\\\/\\\/www.eldiario.net\\\/portal\\\/\",\"name\":\"El Diario - Decano de la prensa nacional\",\"description\":\"El Diario - Decano de la prensa nacional\",\"publisher\":{\"@id\":\"https:\\\/\\\/www.eldiario.net\\\/portal\\\/#organization\"},\"potentialAction\":[{\"@type\":\"SearchAction\",\"target\":{\"@type\":\"EntryPoint\",\"urlTemplate\":\"https:\\\/\\\/www.eldiario.net\\\/portal\\\/?s={search_term_string}\"},\"query-input\":{\"@type\":\"PropertyValueSpecification\",\"valueRequired\":true,\"valueName\":\"search_term_string\"}}],\"inLanguage\":\"es\"},{\"@type\":\"Organization\",\"@id\":\"https:\\\/\\\/www.eldiario.net\\\/portal\\\/#organization\",\"name\":\"El Diario - Decano de la prensa nacional\",\"url\":\"https:\\\/\\\/www.eldiario.net\\\/portal\\\/\",\"logo\":{\"@type\":\"ImageObject\",\"inLanguage\":\"es\",\"@id\":\"https:\\\/\\\/www.eldiario.net\\\/portal\\\/#\\\/schema\\\/logo\\\/image\\\/\",\"url\":\"https:\\\/\\\/www.eldiario.net\\\/portal\\\/wp-content\\\/uploads\\\/2023\\\/07\\\/logo_ED.jpg\",\"contentUrl\":\"https:\\\/\\\/www.eldiario.net\\\/portal\\\/wp-content\\\/uploads\\\/2023\\\/07\\\/logo_ED.jpg\",\"width\":272,\"height\":52,\"caption\":\"El Diario - Decano de la prensa nacional\"},\"image\":{\"@id\":\"https:\\\/\\\/www.eldiario.net\\\/portal\\\/#\\\/schema\\\/logo\\\/image\\\/\"},\"sameAs\":[\"https:\\\/\\\/www.facebook.com\\\/eldiario.bolivia\\\/\",\"https:\\\/\\\/x.com\\\/eldiario_net\"]},{\"@type\":\"Person\",\"@id\":\"https:\\\/\\\/www.eldiario.net\\\/portal\\\/#\\\/schema\\\/person\\\/cab1ae4db27e5f008a62cbffb05fbfee\",\"name\":\"luis Camacho\",\"image\":{\"@type\":\"ImageObject\",\"inLanguage\":\"es\",\"@id\":\"https:\\\/\\\/secure.gravatar.com\\\/avatar\\\/69ecb836b3826d5a2501bf06ab2a2f2c8ab211cc846758f395df21684cb38313?s=96&d=mm&r=g\",\"url\":\"https:\\\/\\\/secure.gravatar.com\\\/avatar\\\/69ecb836b3826d5a2501bf06ab2a2f2c8ab211cc846758f395df21684cb38313?s=96&d=mm&r=g\",\"contentUrl\":\"https:\\\/\\\/secure.gravatar.com\\\/avatar\\\/69ecb836b3826d5a2501bf06ab2a2f2c8ab211cc846758f395df21684cb38313?s=96&d=mm&r=g\",\"caption\":\"luis Camacho\"},\"url\":\"https:\\\/\\\/www.eldiario.net\\\/portal\\\/author\\\/luis\\\/\"}]}<\/script>\n<!-- \/ Yoast SEO plugin. -->","yoast_head_json":{"title":"Investigan el acribillamiento de un hombre en Villa Tunari - El Diario - Bolivia","robots":{"index":"index","follow":"follow","max-snippet":"max-snippet:-1","max-image-preview":"max-image-preview:large","max-video-preview":"max-video-preview:-1"},"canonical":"https:\/\/www.eldiario.net\/portal\/2026\/08\/14\/investigan-el-acribillamiento-de-un-hombre-en-villa-tunari\/","og_locale":"es_ES","og_type":"article","og_title":"Investigan el acribillamiento de un hombre en Villa Tunari - El Diario - Bolivia","og_description":"La Polic\u00eda investiga el acribillamiento de un hombre de aproximadamente 44 a\u00f1os ocurrido ayer en Villa Tunari, en el Tr\u00f3pico de Cochabamba. La v\u00edctima se encontraba dentro de su veh\u00edculo cuando fue atacada y muri\u00f3 mientras era trasladada a un centro m\u00e9dico. De acuerdo con los datos preliminares, los agresores llegaron hasta el lugar a [&hellip;]","og_url":"https:\/\/www.eldiario.net\/portal\/2026\/08\/14\/investigan-el-acribillamiento-de-un-hombre-en-villa-tunari\/","og_site_name":"El Diario - Bolivia","article_publisher":"https:\/\/www.facebook.com\/eldiario.bolivia\/","article_published_time":"2026-08-14T12:08:07+00:00","og_image":[{"width":1080,"height":705,"url":"https:\/\/www.eldiario.net\/portal\/wp-content\/uploads\/2026\/08\/14-ACR-copia.webp","type":"image\/webp"}],"author":"luis Camacho","twitter_card":"summary_large_image","twitter_creator":"@eldiario_net","twitter_site":"@eldiario_net","twitter_misc":{"Escrito por":"luis Camacho","Tiempo de lectura":"2 minutos"},"schema":{"@context":"https:\/\/schema.org","@graph":[{"@type":"Article","@id":"https:\/\/www.eldiario.net\/portal\/2026\/08\/14\/investigan-el-acribillamiento-de-un-hombre-en-villa-tunari\/#article","isPartOf":{"@id":"https:\/\/www.eldiario.net\/portal\/2026\/08\/14\/investigan-el-acribillamiento-de-un-hombre-en-villa-tunari\/"},"author":{"name":"luis Camacho","@id":"https:\/\/www.eldiario.net\/portal\/#\/schema\/person\/cab1ae4db27e5f008a62cbffb05fbfee"},"headline":"Investigan el acribillamiento de un hombre en Villa Tunari","datePublished":"2026-08-14T12:08:07+00:00","mainEntityOfPage":{"@id":"https:\/\/www.eldiario.net\/portal\/2026\/08\/14\/investigan-el-acribillamiento-de-un-hombre-en-villa-tunari\/"},"wordCount":279,"publisher":{"@id":"https:\/\/www.eldiario.net\/portal\/#organization"},"image":{"@id":"https:\/\/www.eldiario.net\/portal\/2026\/08\/14\/investigan-el-acribillamiento-de-un-hombre-en-villa-tunari\/#primaryimage"},"thumbnailUrl":"https:\/\/www.eldiario.net\/portal\/wp-content\/uploads\/2026\/08\/14-ACR-copia.webp","articleSection":["Sociedad - Seguridad"],"inLanguage":"es"},{"@type":"WebPage","@id":"https:\/\/www.eldiario.net\/portal\/2026\/08\/14\/investigan-el-acribillamiento-de-un-hombre-en-villa-tunari\/","url":"https:\/\/www.eldiario.net\/portal\/2026\/08\/14\/investigan-el-acribillamiento-de-un-hombre-en-villa-tunari\/","name":"Investigan el acribillamiento de un hombre en Villa Tunari - El Diario - Bolivia","isPartOf":{"@id":"https:\/\/www.eldiario.net\/portal\/#website"},"primaryImageOfPage":{"@id":"https:\/\/www.eldiario.net\/portal\/2026\/08\/14\/investigan-el-acribillamiento-de-un-hombre-en-villa-tunari\/#primaryimage"},"image":{"@id":"https:\/\/www.eldiario.net\/portal\/2026\/08\/14\/investigan-el-acribillamiento-de-un-hombre-en-villa-tunari\/#primaryimage"},"thumbnailUrl":"https:\/\/www.eldiario.net\/portal\/wp-content\/uploads\/2026\/08\/14-ACR-copia.webp","datePublished":"2026-08-14T12:08:07+00:00","breadcrumb":{"@id":"https:\/\/www.eldiario.net\/portal\/2026\/08\/14\/investigan-el-acribillamiento-de-un-hombre-en-villa-tunari\/#breadcrumb"},"inLanguage":"es","potentialAction":[{"@type":"ReadAction","target":["https:\/\/www.eldiario.net\/portal\/2026\/08\/14\/investigan-el-acribillamiento-de-un-hombre-en-villa-tunari\/"]}]},{"@type":"ImageObject","inLanguage":"es","@id":"https:\/\/www.eldiario.net\/portal\/2026\/08\/14\/investigan-el-acribillamiento-de-un-hombre-en-villa-tunari\/#primaryimage","url":"https:\/\/www.eldiario.net\/portal\/wp-content\/uploads\/2026\/08\/14-ACR-copia.webp","contentUrl":"https:\/\/www.eldiario.net\/portal\/wp-content\/uploads\/2026\/08\/14-ACR-copia.webp","width":1080,"height":705,"caption":"La v\u00edctima fue atacada a tiros cuando se encontraba en su veh\u00edculo. Cr\u00e9dito de foto: RRSS"},{"@type":"BreadcrumbList","@id":"https:\/\/www.eldiario.net\/portal\/2026\/08\/14\/investigan-el-acribillamiento-de-un-hombre-en-villa-tunari\/#breadcrumb","itemListElement":[{"@type":"ListItem","position":1,"name":"Portada","item":"https:\/\/www.eldiario.net\/portal\/"},{"@type":"ListItem","position":2,"name":"Investigan el acribillamiento de un hombre en Villa Tunari"}]},{"@type":"WebSite","@id":"https:\/\/www.eldiario.net\/portal\/#website","url":"https:\/\/www.eldiario.net\/portal\/","name":"El Diario - Decano de la prensa nacional","description":"El Diario - Decano de la prensa nacional","publisher":{"@id":"https:\/\/www.eldiario.net\/portal\/#organization"},"potentialAction":[{"@type":"SearchAction","target":{"@type":"EntryPoint","urlTemplate":"https:\/\/www.eldiario.net\/portal\/?s={search_term_string}"},"query-input":{"@type":"PropertyValueSpecification","valueRequired":true,"valueName":"search_term_string"}}],"inLanguage":"es"},{"@type":"Organization","@id":"https:\/\/www.eldiario.net\/portal\/#organization","name":"El Diario - Decano de la prensa nacional","url":"https:\/\/www.eldiario.net\/portal\/","logo":{"@type":"ImageObject","inLanguage":"es","@id":"https:\/\/www.eldiario.net\/portal\/#\/schema\/logo\/image\/","url":"https:\/\/www.eldiario.net\/portal\/wp-content\/uploads\/2023\/07\/logo_ED.jpg","contentUrl":"https:\/\/www.eldiario.net\/portal\/wp-content\/uploads\/2023\/07\/logo_ED.jpg","width":272,"height":52,"caption":"El Diario - Decano de la prensa nacional"},"image":{"@id":"https:\/\/www.eldiario.net\/portal\/#\/schema\/logo\/image\/"},"sameAs":["https:\/\/www.facebook.com\/eldiario.bolivia\/","https:\/\/x.com\/eldiario_net"]},{"@type":"Person","@id":"https:\/\/www.eldiario.net\/portal\/#\/schema\/person\/cab1ae4db27e5f008a62cbffb05fbfee","name":"luis Camacho","image":{"@type":"ImageObject","inLanguage":"es","@id":"https:\/\/secure.gravatar.com\/avatar\/69ecb836b3826d5a2501bf06ab2a2f2c8ab211cc846758f395df21684cb38313?s=96&d=mm&r=g","url":"https:\/\/secure.gravatar.com\/avatar\/69ecb836b3826d5a2501bf06ab2a2f2c8ab211cc846758f395df21684cb38313?s=96&d=mm&r=g","contentUrl":"https:\/\/secure.gravatar.com\/avatar\/69ecb836b3826d5a2501bf06ab2a2f2c8ab211cc846758f395df21684cb38313?s=96&d=mm&r=g","caption":"luis Camacho"},"url":"https:\/\/www.eldiario.net\/portal\/author\/luis\/"}]}},"_links":{"self":[{"href":"https:\/\/www.eldiario.net\/portal\/wp-json\/wp\/v2\/posts\/421348","targetHints":{"allow":["GET"]}}],"collection":[{"href":"https:\/\/www.eldiario.net\/portal\/wp-json\/wp\/v2\/posts"}],"about":[{"href":"https:\/\/www.eldiario.net\/portal\/wp-json\/wp\/v2\/types\/post"}],"author":[{"embeddable":true,"href":"https:\/\/www.eldiario.net\/portal\/wp-json\/wp\/v2\/users\/2"}],"replies":[{"embeddable":true,"href":"https:\/\/www.eldiario.net\/portal\/wp-json\/wp\/v2\/comments?post=421348"}],"version-history":[{"count":1,"href":"https:\/\/www.eldiario.net\/portal\/wp-json\/wp\/v2\/posts\/421348\/revisions"}],"predecessor-version":[{"id":421353,"href":"https:\/\/www.eldiario.net\/portal\/wp-json\/wp\/v2\/posts\/421348\/revisions\/421353"}],"wp:featuredmedia":[{"embeddable":true,"href":"https:\/\/www.eldiario.net\/portal\/wp-json\/wp\/v2\/media\/421349"}],"wp:attachment":[{"href":"https:\/\/www.eldiario.net\/portal\/wp-json\/wp\/v2\/media?parent=421348"}],"wp:term":[{"taxonomy":"category","embeddable":true,"href":"https:\/\/www.eldiario.net\/portal\/wp-json\/wp\/v2\/categories?post=421348"},{"taxonomy":"post_tag","embeddable":true,"href":"https:\/\/www.eldiario.net\/portal\/wp-json\/wp\/v2\/tags?post=421348"}],"curies":[{"name":"wp","href":"https:\/\/api.w.org\/{rel}","templated":true}]}}