{"id":42129,"date":"2021-11-10T05:40:25","date_gmt":"2021-11-10T09:40:25","guid":{"rendered":"https:\/\/www.eldiario.net\/portal\/?p=42129"},"modified":"2021-11-10T05:40:25","modified_gmt":"2021-11-10T09:40:25","slug":"ruiz-gobierno-ratifica-predisposicion-al-dialogo","status":"publish","type":"post","link":"https:\/\/www.eldiario.net\/portal\/2021\/11\/10\/ruiz-gobierno-ratifica-predisposicion-al-dialogo\/","title":{"rendered":"Ruiz: Gobierno ratifica  predisposici\u00f3n al di\u00e1logo"},"content":{"rendered":"<p>Ante el paro indefinido convocado por c\u00edvicos cruce\u00f1os y pol\u00edticos de oposici\u00f3n, el Gobierno ratifica su predisposici\u00f3n de di\u00e1logo con sectores que se sienten afectados por la Ley 1386, sostuvo ayer el viceministro de Autonom\u00edas, \u00c1lvaro Ruiz.<br \/>\n\u201cEl Gobierno ha manifestado todo el esp\u00edritu de di\u00e1logo, y esperamos que as\u00ed sea, para aclarar sobre la Ley 1386, que la verdad no le afecta a ning\u00fan gremial y a ning\u00fan transportista\u201d, sostuvo el viceministro \u00c1lvaro Ruiz al cumplirse el segundo d\u00eda de paro indefinido.<br \/>\nResalt\u00f3 la importancia de generar espacios de di\u00e1logo, en este caso, para aclarar la Ley 1386 de Estrategia Nacional de Lucha contra la Legitimaci\u00f3n de Ganancias Il\u00edcitas y el Financiamiento del Terrorismo.<br \/>\n\u201cEntonces, es importante encontrar el di\u00e1logo y el debate, pero es dif\u00edcil encontrar el di\u00e1logo y el debate con una oposici\u00f3n que no escucha, que solo grita, que no propone, que ayer (lunes) de \u2018pititas\u2019 se han pasado a ser \u2018pititos\u2019, no tienen propuesta y nosotros estamos abiertos a dialogar y a debatir y a encarar los desaf\u00edos que tiene el pa\u00eds\u201d, ratific\u00f3.<br \/>\nSobre el paro c\u00edvico, afirm\u00f3 que, tras la primera jornada de la protesta, el mensaje de la poblaci\u00f3n fue claro y contundente, porque quiere trabajar.<br \/>\n\u201cPor eso es que el paro c\u00edvico, o el paro convocado, es de muy bajo impacto, yo creo que m\u00e1s del 85 por ciento de los bolivianos est\u00e1n trabajando\u201d, subray\u00f3. (ABI)<\/p>\n","protected":false},"excerpt":{"rendered":"<p>Ante el paro indefinido convocado por c\u00edvicos cruce\u00f1os y pol\u00edticos de oposici\u00f3n, el Gobierno ratifica su predisposici\u00f3n de di\u00e1logo con sectores que se sienten afectados por la Ley 1386, sostuvo ayer el viceministro de Autonom\u00edas, \u00c1lvaro Ruiz. \u201cEl Gobierno ha manifestado todo el esp\u00edritu de di\u00e1logo, y esperamos que as\u00ed sea, para aclarar sobre la [&hellip;]<\/p>\n","protected":false},"author":1,"featured_media":42130,"comment_status":"closed","ping_status":"closed","sticky":false,"template":"","format":"standard","meta":{"_acf_changed":false,"footnotes":""},"categories":[14],"tags":[],"class_list":["post-42129","post","type-post","status-publish","format-standard","has-post-thumbnail","category-politica"],"acf":{"antetitulo":""},"yoast_head":"<!-- This site is optimized with the Yoast SEO plugin v28.3 - https:\/\/yoast.com\/product\/yoast-seo-wordpress\/ -->\n<title>Ruiz: Gobierno ratifica predisposici\u00f3n al di\u00e1logo - El Diario - Bolivia<\/title>\n<meta name=\"robots\" content=\"index, follow, max-snippet:-1, max-image-preview:large, max-video-preview:-1\" \/>\n<link rel=\"canonical\" href=\"https:\/\/www.eldiario.net\/portal\/2021\/11\/10\/ruiz-gobierno-ratifica-predisposicion-al-dialogo\/\" \/>\n<meta property=\"og:locale\" content=\"es_ES\" \/>\n<meta property=\"og:type\" content=\"article\" \/>\n<meta property=\"og:title\" content=\"Ruiz: Gobierno ratifica predisposici\u00f3n al di\u00e1logo - El Diario - Bolivia\" \/>\n<meta property=\"og:description\" content=\"Ante el paro indefinido convocado por c\u00edvicos cruce\u00f1os y pol\u00edticos de oposici\u00f3n, el Gobierno ratifica su predisposici\u00f3n de di\u00e1logo con sectores que se sienten afectados por la Ley 1386, sostuvo ayer el viceministro de Autonom\u00edas, \u00c1lvaro Ruiz. \u201cEl Gobierno ha manifestado todo el esp\u00edritu de di\u00e1logo, y esperamos que as\u00ed sea, para aclarar sobre la [&hellip;]\" \/>\n<meta property=\"og:url\" content=\"https:\/\/www.eldiario.net\/portal\/2021\/11\/10\/ruiz-gobierno-ratifica-predisposicion-al-dialogo\/\" \/>\n<meta property=\"og:site_name\" content=\"El Diario - Bolivia\" \/>\n<meta property=\"article:publisher\" content=\"https:\/\/www.facebook.com\/eldiario.bolivia\/\" \/>\n<meta property=\"article:published_time\" content=\"2021-11-10T09:40:25+00:00\" \/>\n<meta name=\"author\" content=\"Jeanette\" \/>\n<meta name=\"twitter:card\" content=\"summary_large_image\" \/>\n<meta name=\"twitter:creator\" content=\"@eldiario_net\" \/>\n<meta name=\"twitter:site\" content=\"@eldiario_net\" \/>\n<meta name=\"twitter:label1\" content=\"Escrito por\" \/>\n\t<meta name=\"twitter:data1\" content=\"Jeanette\" \/>\n\t<meta name=\"twitter:label2\" content=\"Tiempo de lectura\" \/>\n\t<meta name=\"twitter:data2\" content=\"2 minutos\" \/>\n<script type=\"application\/ld+json\" class=\"yoast-schema-graph\">{\"@context\":\"https:\\\/\\\/schema.org\",\"@graph\":[{\"@type\":\"Article\",\"@id\":\"https:\\\/\\\/www.eldiario.net\\\/portal\\\/2021\\\/11\\\/10\\\/ruiz-gobierno-ratifica-predisposicion-al-dialogo\\\/#article\",\"isPartOf\":{\"@id\":\"https:\\\/\\\/www.eldiario.net\\\/portal\\\/2021\\\/11\\\/10\\\/ruiz-gobierno-ratifica-predisposicion-al-dialogo\\\/\"},\"author\":{\"name\":\"Jeanette\",\"@id\":\"https:\\\/\\\/www.eldiario.net\\\/portal\\\/#\\\/schema\\\/person\\\/f46445640444750d7d753ccd04ae01b7\"},\"headline\":\"Ruiz: Gobierno ratifica predisposici\u00f3n al di\u00e1logo\",\"datePublished\":\"2021-11-10T09:40:25+00:00\",\"mainEntityOfPage\":{\"@id\":\"https:\\\/\\\/www.eldiario.net\\\/portal\\\/2021\\\/11\\\/10\\\/ruiz-gobierno-ratifica-predisposicion-al-dialogo\\\/\"},\"wordCount\":264,\"publisher\":{\"@id\":\"https:\\\/\\\/www.eldiario.net\\\/portal\\\/#organization\"},\"image\":{\"@id\":\"https:\\\/\\\/www.eldiario.net\\\/portal\\\/2021\\\/11\\\/10\\\/ruiz-gobierno-ratifica-predisposicion-al-dialogo\\\/#primaryimage\"},\"thumbnailUrl\":\"\",\"articleSection\":[\"Pol\u00edtica\"],\"inLanguage\":\"es\"},{\"@type\":\"WebPage\",\"@id\":\"https:\\\/\\\/www.eldiario.net\\\/portal\\\/2021\\\/11\\\/10\\\/ruiz-gobierno-ratifica-predisposicion-al-dialogo\\\/\",\"url\":\"https:\\\/\\\/www.eldiario.net\\\/portal\\\/2021\\\/11\\\/10\\\/ruiz-gobierno-ratifica-predisposicion-al-dialogo\\\/\",\"name\":\"Ruiz: Gobierno ratifica predisposici\u00f3n al di\u00e1logo - El Diario - Bolivia\",\"isPartOf\":{\"@id\":\"https:\\\/\\\/www.eldiario.net\\\/portal\\\/#website\"},\"primaryImageOfPage\":{\"@id\":\"https:\\\/\\\/www.eldiario.net\\\/portal\\\/2021\\\/11\\\/10\\\/ruiz-gobierno-ratifica-predisposicion-al-dialogo\\\/#primaryimage\"},\"image\":{\"@id\":\"https:\\\/\\\/www.eldiario.net\\\/portal\\\/2021\\\/11\\\/10\\\/ruiz-gobierno-ratifica-predisposicion-al-dialogo\\\/#primaryimage\"},\"thumbnailUrl\":\"\",\"datePublished\":\"2021-11-10T09:40:25+00:00\",\"breadcrumb\":{\"@id\":\"https:\\\/\\\/www.eldiario.net\\\/portal\\\/2021\\\/11\\\/10\\\/ruiz-gobierno-ratifica-predisposicion-al-dialogo\\\/#breadcrumb\"},\"inLanguage\":\"es\",\"potentialAction\":[{\"@type\":\"ReadAction\",\"target\":[\"https:\\\/\\\/www.eldiario.net\\\/portal\\\/2021\\\/11\\\/10\\\/ruiz-gobierno-ratifica-predisposicion-al-dialogo\\\/\"]}]},{\"@type\":\"ImageObject\",\"inLanguage\":\"es\",\"@id\":\"https:\\\/\\\/www.eldiario.net\\\/portal\\\/2021\\\/11\\\/10\\\/ruiz-gobierno-ratifica-predisposicion-al-dialogo\\\/#primaryimage\",\"url\":\"\",\"contentUrl\":\"\"},{\"@type\":\"BreadcrumbList\",\"@id\":\"https:\\\/\\\/www.eldiario.net\\\/portal\\\/2021\\\/11\\\/10\\\/ruiz-gobierno-ratifica-predisposicion-al-dialogo\\\/#breadcrumb\",\"itemListElement\":[{\"@type\":\"ListItem\",\"position\":1,\"name\":\"Portada\",\"item\":\"https:\\\/\\\/www.eldiario.net\\\/portal\\\/\"},{\"@type\":\"ListItem\",\"position\":2,\"name\":\"Ruiz: Gobierno ratifica predisposici\u00f3n al di\u00e1logo\"}]},{\"@type\":\"WebSite\",\"@id\":\"https:\\\/\\\/www.eldiario.net\\\/portal\\\/#website\",\"url\":\"https:\\\/\\\/www.eldiario.net\\\/portal\\\/\",\"name\":\"El Diario - Decano de la prensa nacional\",\"description\":\"El Diario - Decano de la prensa nacional\",\"publisher\":{\"@id\":\"https:\\\/\\\/www.eldiario.net\\\/portal\\\/#organization\"},\"potentialAction\":[{\"@type\":\"SearchAction\",\"target\":{\"@type\":\"EntryPoint\",\"urlTemplate\":\"https:\\\/\\\/www.eldiario.net\\\/portal\\\/?s={search_term_string}\"},\"query-input\":{\"@type\":\"PropertyValueSpecification\",\"valueRequired\":true,\"valueName\":\"search_term_string\"}}],\"inLanguage\":\"es\"},{\"@type\":\"Organization\",\"@id\":\"https:\\\/\\\/www.eldiario.net\\\/portal\\\/#organization\",\"name\":\"El Diario - Decano de la prensa nacional\",\"url\":\"https:\\\/\\\/www.eldiario.net\\\/portal\\\/\",\"logo\":{\"@type\":\"ImageObject\",\"inLanguage\":\"es\",\"@id\":\"https:\\\/\\\/www.eldiario.net\\\/portal\\\/#\\\/schema\\\/logo\\\/image\\\/\",\"url\":\"https:\\\/\\\/www.eldiario.net\\\/portal\\\/wp-content\\\/uploads\\\/2023\\\/07\\\/logo_ED.jpg\",\"contentUrl\":\"https:\\\/\\\/www.eldiario.net\\\/portal\\\/wp-content\\\/uploads\\\/2023\\\/07\\\/logo_ED.jpg\",\"width\":272,\"height\":52,\"caption\":\"El Diario - Decano de la prensa nacional\"},\"image\":{\"@id\":\"https:\\\/\\\/www.eldiario.net\\\/portal\\\/#\\\/schema\\\/logo\\\/image\\\/\"},\"sameAs\":[\"https:\\\/\\\/www.facebook.com\\\/eldiario.bolivia\\\/\",\"https:\\\/\\\/x.com\\\/eldiario_net\"]},{\"@type\":\"Person\",\"@id\":\"https:\\\/\\\/www.eldiario.net\\\/portal\\\/#\\\/schema\\\/person\\\/f46445640444750d7d753ccd04ae01b7\",\"name\":\"Jeanette\",\"image\":{\"@type\":\"ImageObject\",\"inLanguage\":\"es\",\"@id\":\"https:\\\/\\\/secure.gravatar.com\\\/avatar\\\/3ea2118a5f7dad2b7138b1187a6b7ee55f160b9968b66013c3a3ef39dd7e5798?s=96&d=mm&r=g\",\"url\":\"https:\\\/\\\/secure.gravatar.com\\\/avatar\\\/3ea2118a5f7dad2b7138b1187a6b7ee55f160b9968b66013c3a3ef39dd7e5798?s=96&d=mm&r=g\",\"contentUrl\":\"https:\\\/\\\/secure.gravatar.com\\\/avatar\\\/3ea2118a5f7dad2b7138b1187a6b7ee55f160b9968b66013c3a3ef39dd7e5798?s=96&d=mm&r=g\",\"caption\":\"Jeanette\"},\"sameAs\":[\"https:\\\/\\\/www.eldiario.net\\\/portal\"],\"url\":\"https:\\\/\\\/www.eldiario.net\\\/portal\\\/author\\\/jeanette\\\/\"}]}<\/script>\n<!-- \/ Yoast SEO plugin. -->","yoast_head_json":{"title":"Ruiz: Gobierno ratifica predisposici\u00f3n al di\u00e1logo - El Diario - Bolivia","robots":{"index":"index","follow":"follow","max-snippet":"max-snippet:-1","max-image-preview":"max-image-preview:large","max-video-preview":"max-video-preview:-1"},"canonical":"https:\/\/www.eldiario.net\/portal\/2021\/11\/10\/ruiz-gobierno-ratifica-predisposicion-al-dialogo\/","og_locale":"es_ES","og_type":"article","og_title":"Ruiz: Gobierno ratifica predisposici\u00f3n al di\u00e1logo - El Diario - Bolivia","og_description":"Ante el paro indefinido convocado por c\u00edvicos cruce\u00f1os y pol\u00edticos de oposici\u00f3n, el Gobierno ratifica su predisposici\u00f3n de di\u00e1logo con sectores que se sienten afectados por la Ley 1386, sostuvo ayer el viceministro de Autonom\u00edas, \u00c1lvaro Ruiz. \u201cEl Gobierno ha manifestado todo el esp\u00edritu de di\u00e1logo, y esperamos que as\u00ed sea, para aclarar sobre la [&hellip;]","og_url":"https:\/\/www.eldiario.net\/portal\/2021\/11\/10\/ruiz-gobierno-ratifica-predisposicion-al-dialogo\/","og_site_name":"El Diario - Bolivia","article_publisher":"https:\/\/www.facebook.com\/eldiario.bolivia\/","article_published_time":"2021-11-10T09:40:25+00:00","author":"Jeanette","twitter_card":"summary_large_image","twitter_creator":"@eldiario_net","twitter_site":"@eldiario_net","twitter_misc":{"Escrito por":"Jeanette","Tiempo de lectura":"2 minutos"},"schema":{"@context":"https:\/\/schema.org","@graph":[{"@type":"Article","@id":"https:\/\/www.eldiario.net\/portal\/2021\/11\/10\/ruiz-gobierno-ratifica-predisposicion-al-dialogo\/#article","isPartOf":{"@id":"https:\/\/www.eldiario.net\/portal\/2021\/11\/10\/ruiz-gobierno-ratifica-predisposicion-al-dialogo\/"},"author":{"name":"Jeanette","@id":"https:\/\/www.eldiario.net\/portal\/#\/schema\/person\/f46445640444750d7d753ccd04ae01b7"},"headline":"Ruiz: Gobierno ratifica predisposici\u00f3n al di\u00e1logo","datePublished":"2021-11-10T09:40:25+00:00","mainEntityOfPage":{"@id":"https:\/\/www.eldiario.net\/portal\/2021\/11\/10\/ruiz-gobierno-ratifica-predisposicion-al-dialogo\/"},"wordCount":264,"publisher":{"@id":"https:\/\/www.eldiario.net\/portal\/#organization"},"image":{"@id":"https:\/\/www.eldiario.net\/portal\/2021\/11\/10\/ruiz-gobierno-ratifica-predisposicion-al-dialogo\/#primaryimage"},"thumbnailUrl":"","articleSection":["Pol\u00edtica"],"inLanguage":"es"},{"@type":"WebPage","@id":"https:\/\/www.eldiario.net\/portal\/2021\/11\/10\/ruiz-gobierno-ratifica-predisposicion-al-dialogo\/","url":"https:\/\/www.eldiario.net\/portal\/2021\/11\/10\/ruiz-gobierno-ratifica-predisposicion-al-dialogo\/","name":"Ruiz: Gobierno ratifica predisposici\u00f3n al di\u00e1logo - El Diario - Bolivia","isPartOf":{"@id":"https:\/\/www.eldiario.net\/portal\/#website"},"primaryImageOfPage":{"@id":"https:\/\/www.eldiario.net\/portal\/2021\/11\/10\/ruiz-gobierno-ratifica-predisposicion-al-dialogo\/#primaryimage"},"image":{"@id":"https:\/\/www.eldiario.net\/portal\/2021\/11\/10\/ruiz-gobierno-ratifica-predisposicion-al-dialogo\/#primaryimage"},"thumbnailUrl":"","datePublished":"2021-11-10T09:40:25+00:00","breadcrumb":{"@id":"https:\/\/www.eldiario.net\/portal\/2021\/11\/10\/ruiz-gobierno-ratifica-predisposicion-al-dialogo\/#breadcrumb"},"inLanguage":"es","potentialAction":[{"@type":"ReadAction","target":["https:\/\/www.eldiario.net\/portal\/2021\/11\/10\/ruiz-gobierno-ratifica-predisposicion-al-dialogo\/"]}]},{"@type":"ImageObject","inLanguage":"es","@id":"https:\/\/www.eldiario.net\/portal\/2021\/11\/10\/ruiz-gobierno-ratifica-predisposicion-al-dialogo\/#primaryimage","url":"","contentUrl":""},{"@type":"BreadcrumbList","@id":"https:\/\/www.eldiario.net\/portal\/2021\/11\/10\/ruiz-gobierno-ratifica-predisposicion-al-dialogo\/#breadcrumb","itemListElement":[{"@type":"ListItem","position":1,"name":"Portada","item":"https:\/\/www.eldiario.net\/portal\/"},{"@type":"ListItem","position":2,"name":"Ruiz: Gobierno ratifica predisposici\u00f3n al di\u00e1logo"}]},{"@type":"WebSite","@id":"https:\/\/www.eldiario.net\/portal\/#website","url":"https:\/\/www.eldiario.net\/portal\/","name":"El Diario - Decano de la prensa nacional","description":"El Diario - Decano de la prensa nacional","publisher":{"@id":"https:\/\/www.eldiario.net\/portal\/#organization"},"potentialAction":[{"@type":"SearchAction","target":{"@type":"EntryPoint","urlTemplate":"https:\/\/www.eldiario.net\/portal\/?s={search_term_string}"},"query-input":{"@type":"PropertyValueSpecification","valueRequired":true,"valueName":"search_term_string"}}],"inLanguage":"es"},{"@type":"Organization","@id":"https:\/\/www.eldiario.net\/portal\/#organization","name":"El Diario - Decano de la prensa nacional","url":"https:\/\/www.eldiario.net\/portal\/","logo":{"@type":"ImageObject","inLanguage":"es","@id":"https:\/\/www.eldiario.net\/portal\/#\/schema\/logo\/image\/","url":"https:\/\/www.eldiario.net\/portal\/wp-content\/uploads\/2023\/07\/logo_ED.jpg","contentUrl":"https:\/\/www.eldiario.net\/portal\/wp-content\/uploads\/2023\/07\/logo_ED.jpg","width":272,"height":52,"caption":"El Diario - Decano de la prensa nacional"},"image":{"@id":"https:\/\/www.eldiario.net\/portal\/#\/schema\/logo\/image\/"},"sameAs":["https:\/\/www.facebook.com\/eldiario.bolivia\/","https:\/\/x.com\/eldiario_net"]},{"@type":"Person","@id":"https:\/\/www.eldiario.net\/portal\/#\/schema\/person\/f46445640444750d7d753ccd04ae01b7","name":"Jeanette","image":{"@type":"ImageObject","inLanguage":"es","@id":"https:\/\/secure.gravatar.com\/avatar\/3ea2118a5f7dad2b7138b1187a6b7ee55f160b9968b66013c3a3ef39dd7e5798?s=96&d=mm&r=g","url":"https:\/\/secure.gravatar.com\/avatar\/3ea2118a5f7dad2b7138b1187a6b7ee55f160b9968b66013c3a3ef39dd7e5798?s=96&d=mm&r=g","contentUrl":"https:\/\/secure.gravatar.com\/avatar\/3ea2118a5f7dad2b7138b1187a6b7ee55f160b9968b66013c3a3ef39dd7e5798?s=96&d=mm&r=g","caption":"Jeanette"},"sameAs":["https:\/\/www.eldiario.net\/portal"],"url":"https:\/\/www.eldiario.net\/portal\/author\/jeanette\/"}]}},"_links":{"self":[{"href":"https:\/\/www.eldiario.net\/portal\/wp-json\/wp\/v2\/posts\/42129","targetHints":{"allow":["GET"]}}],"collection":[{"href":"https:\/\/www.eldiario.net\/portal\/wp-json\/wp\/v2\/posts"}],"about":[{"href":"https:\/\/www.eldiario.net\/portal\/wp-json\/wp\/v2\/types\/post"}],"author":[{"embeddable":true,"href":"https:\/\/www.eldiario.net\/portal\/wp-json\/wp\/v2\/users\/1"}],"replies":[{"embeddable":true,"href":"https:\/\/www.eldiario.net\/portal\/wp-json\/wp\/v2\/comments?post=42129"}],"version-history":[{"count":0,"href":"https:\/\/www.eldiario.net\/portal\/wp-json\/wp\/v2\/posts\/42129\/revisions"}],"wp:attachment":[{"href":"https:\/\/www.eldiario.net\/portal\/wp-json\/wp\/v2\/media?parent=42129"}],"wp:term":[{"taxonomy":"category","embeddable":true,"href":"https:\/\/www.eldiario.net\/portal\/wp-json\/wp\/v2\/categories?post=42129"},{"taxonomy":"post_tag","embeddable":true,"href":"https:\/\/www.eldiario.net\/portal\/wp-json\/wp\/v2\/tags?post=42129"}],"curies":[{"name":"wp","href":"https:\/\/api.w.org\/{rel}","templated":true}]}}