{"id":42123,"date":"2021-11-10T05:38:39","date_gmt":"2021-11-10T09:38:39","guid":{"rendered":"https:\/\/www.eldiario.net\/portal\/?p=42123"},"modified":"2021-11-10T05:38:39","modified_gmt":"2021-11-10T09:38:39","slug":"diputado-arce-conmina-a-su-colega-anez-a-disculparse-publicamente","status":"publish","type":"post","link":"https:\/\/www.eldiario.net\/portal\/2021\/11\/10\/diputado-arce-conmina-a-su-colega-anez-a-disculparse-publicamente\/","title":{"rendered":"Diputado Arce conmina a su colega  A\u00f1ez a disculparse p\u00fablicamente"},"content":{"rendered":"<p>Despu\u00e9s de los roces verbales y f\u00edsicos entre legisladores durante el mensaje presidencial, el diputado por el Movimiento al Socialismo (MAS), H\u00e9ctor Arce, dio un plazo de 24 horas a su colega, Tatiana A\u00f1ez, para emitir disculpas p\u00fablicas a su persona, antes de iniciar procesos penales en su contra. La aludida previamente anunci\u00f3 denunciar el hecho por violencia de g\u00e9nero.<br \/>\nLa jornada pasada, Arce manifest\u00f3 que ha tomado la determinaci\u00f3n de presentar una denuncia ante el Comit\u00e9 de \u00c9tica del Legislativo, adem\u00e1s de iniciar procesos ante el Ministerio P\u00fablico en caso de que A\u00f1ez no presente disculpas p\u00fablicas por sus agresiones.<br \/>\nSostuvo que al momento de la agresi\u00f3n, su intenci\u00f3n fue evitar que legisladores opositores tomen la testera durante el informe de gesti\u00f3n del presidente Luis Arce, como se les fue informado minutos antes.<br \/>\n\u201cDebe realizar una conferencia de prensa en la que pida disculpas sobre su conducta violenta y agresiva. Debe publicar en cinco peri\u00f3dicos de circulaci\u00f3n nacional esa disculpa p\u00fablica y tambi\u00e9n hacer llegar a la bancada del MAS un compromiso para evitar repetir esas conductas agresivas en el futuro\u201d, sostuvo.<br \/>\nEl parlamentario agreg\u00f3 que solo de ser as\u00ed se detendr\u00e1 el avance en la presentaci\u00f3n de procesos penales en contra de la parlamentaria de la alianza Creemos.<br \/>\nTras esta conminatoria, la diputada Tatiana A\u00f1ez, mediante videos difundidos en redes sociales, adelant\u00f3 que no se someter\u00e1 a los plazos se\u00f1alados por su colega y que est\u00e1 dispuesta a enfrentar procesos ante cualquier instancia.<br \/>\n\u201cEst\u00e1 muy equivocado si piensa que voy a presentar una retractaci\u00f3n publica, en primer lugar; y de que voy a someterme a sus plazos que usted me est\u00e1 dando diputado poco hombre\u201d, manifest\u00f3 la parlamentaria.<br \/>\nInform\u00f3 que por su parte tambi\u00e9n se encuentra realizando las respectivas acciones legales para presentar denuncias en contra de Arce, pese a que de momento atraviesa dificultades para obtener certificados forenses y otras trabas en instancias como la Fuerza Contra la Violencia.<\/p>\n","protected":false},"excerpt":{"rendered":"<p>Despu\u00e9s de los roces verbales y f\u00edsicos entre legisladores durante el mensaje presidencial, el diputado por el Movimiento al Socialismo (MAS), H\u00e9ctor Arce, dio un plazo de 24 horas a su colega, Tatiana A\u00f1ez, para emitir disculpas p\u00fablicas a su persona, antes de iniciar procesos penales en su contra. La aludida previamente anunci\u00f3 denunciar el [&hellip;]<\/p>\n","protected":false},"author":1,"featured_media":42124,"comment_status":"closed","ping_status":"closed","sticky":false,"template":"","format":"standard","meta":{"_acf_changed":false,"footnotes":""},"categories":[14],"tags":[],"class_list":["post-42123","post","type-post","status-publish","format-standard","has-post-thumbnail","category-politica"],"acf":{"antetitulo":""},"yoast_head":"<!-- This site is optimized with the Yoast SEO plugin v28.4 - https:\/\/yoast.com\/product\/yoast-seo-wordpress\/ -->\n<title>Diputado Arce conmina a su colega A\u00f1ez a disculparse p\u00fablicamente - El Diario - Bolivia<\/title>\n<meta name=\"robots\" content=\"index, follow, max-snippet:-1, max-image-preview:large, max-video-preview:-1\" \/>\n<link rel=\"canonical\" href=\"https:\/\/www.eldiario.net\/portal\/2021\/11\/10\/diputado-arce-conmina-a-su-colega-anez-a-disculparse-publicamente\/\" \/>\n<meta property=\"og:locale\" content=\"es_ES\" \/>\n<meta property=\"og:type\" content=\"article\" \/>\n<meta property=\"og:title\" content=\"Diputado Arce conmina a su colega A\u00f1ez a disculparse p\u00fablicamente - El Diario - Bolivia\" \/>\n<meta property=\"og:description\" content=\"Despu\u00e9s de los roces verbales y f\u00edsicos entre legisladores durante el mensaje presidencial, el diputado por el Movimiento al Socialismo (MAS), H\u00e9ctor Arce, dio un plazo de 24 horas a su colega, Tatiana A\u00f1ez, para emitir disculpas p\u00fablicas a su persona, antes de iniciar procesos penales en su contra. La aludida previamente anunci\u00f3 denunciar el [&hellip;]\" \/>\n<meta property=\"og:url\" content=\"https:\/\/www.eldiario.net\/portal\/2021\/11\/10\/diputado-arce-conmina-a-su-colega-anez-a-disculparse-publicamente\/\" \/>\n<meta property=\"og:site_name\" content=\"El Diario - Bolivia\" \/>\n<meta property=\"article:publisher\" content=\"https:\/\/www.facebook.com\/eldiario.bolivia\/\" \/>\n<meta property=\"article:published_time\" content=\"2021-11-10T09:38:39+00:00\" \/>\n<meta name=\"author\" content=\"Jeanette\" \/>\n<meta name=\"twitter:card\" content=\"summary_large_image\" \/>\n<meta name=\"twitter:creator\" content=\"@eldiario_net\" \/>\n<meta name=\"twitter:site\" content=\"@eldiario_net\" \/>\n<meta name=\"twitter:label1\" content=\"Escrito por\" \/>\n\t<meta name=\"twitter:data1\" content=\"Jeanette\" \/>\n\t<meta name=\"twitter:label2\" content=\"Tiempo de lectura\" \/>\n\t<meta name=\"twitter:data2\" content=\"2 minutos\" \/>\n<script type=\"application\/ld+json\" class=\"yoast-schema-graph\">{\"@context\":\"https:\\\/\\\/schema.org\",\"@graph\":[{\"@type\":\"Article\",\"@id\":\"https:\\\/\\\/www.eldiario.net\\\/portal\\\/2021\\\/11\\\/10\\\/diputado-arce-conmina-a-su-colega-anez-a-disculparse-publicamente\\\/#article\",\"isPartOf\":{\"@id\":\"https:\\\/\\\/www.eldiario.net\\\/portal\\\/2021\\\/11\\\/10\\\/diputado-arce-conmina-a-su-colega-anez-a-disculparse-publicamente\\\/\"},\"author\":{\"name\":\"Jeanette\",\"@id\":\"https:\\\/\\\/www.eldiario.net\\\/portal\\\/#\\\/schema\\\/person\\\/f46445640444750d7d753ccd04ae01b7\"},\"headline\":\"Diputado Arce conmina a su colega A\u00f1ez a disculparse p\u00fablicamente\",\"datePublished\":\"2021-11-10T09:38:39+00:00\",\"mainEntityOfPage\":{\"@id\":\"https:\\\/\\\/www.eldiario.net\\\/portal\\\/2021\\\/11\\\/10\\\/diputado-arce-conmina-a-su-colega-anez-a-disculparse-publicamente\\\/\"},\"wordCount\":356,\"publisher\":{\"@id\":\"https:\\\/\\\/www.eldiario.net\\\/portal\\\/#organization\"},\"image\":{\"@id\":\"https:\\\/\\\/www.eldiario.net\\\/portal\\\/2021\\\/11\\\/10\\\/diputado-arce-conmina-a-su-colega-anez-a-disculparse-publicamente\\\/#primaryimage\"},\"thumbnailUrl\":\"\",\"articleSection\":[\"Pol\u00edtica\"],\"inLanguage\":\"es\"},{\"@type\":\"WebPage\",\"@id\":\"https:\\\/\\\/www.eldiario.net\\\/portal\\\/2021\\\/11\\\/10\\\/diputado-arce-conmina-a-su-colega-anez-a-disculparse-publicamente\\\/\",\"url\":\"https:\\\/\\\/www.eldiario.net\\\/portal\\\/2021\\\/11\\\/10\\\/diputado-arce-conmina-a-su-colega-anez-a-disculparse-publicamente\\\/\",\"name\":\"Diputado Arce conmina a su colega A\u00f1ez a disculparse p\u00fablicamente - El Diario - Bolivia\",\"isPartOf\":{\"@id\":\"https:\\\/\\\/www.eldiario.net\\\/portal\\\/#website\"},\"primaryImageOfPage\":{\"@id\":\"https:\\\/\\\/www.eldiario.net\\\/portal\\\/2021\\\/11\\\/10\\\/diputado-arce-conmina-a-su-colega-anez-a-disculparse-publicamente\\\/#primaryimage\"},\"image\":{\"@id\":\"https:\\\/\\\/www.eldiario.net\\\/portal\\\/2021\\\/11\\\/10\\\/diputado-arce-conmina-a-su-colega-anez-a-disculparse-publicamente\\\/#primaryimage\"},\"thumbnailUrl\":\"\",\"datePublished\":\"2021-11-10T09:38:39+00:00\",\"breadcrumb\":{\"@id\":\"https:\\\/\\\/www.eldiario.net\\\/portal\\\/2021\\\/11\\\/10\\\/diputado-arce-conmina-a-su-colega-anez-a-disculparse-publicamente\\\/#breadcrumb\"},\"inLanguage\":\"es\",\"potentialAction\":[{\"@type\":\"ReadAction\",\"target\":[\"https:\\\/\\\/www.eldiario.net\\\/portal\\\/2021\\\/11\\\/10\\\/diputado-arce-conmina-a-su-colega-anez-a-disculparse-publicamente\\\/\"]}]},{\"@type\":\"ImageObject\",\"inLanguage\":\"es\",\"@id\":\"https:\\\/\\\/www.eldiario.net\\\/portal\\\/2021\\\/11\\\/10\\\/diputado-arce-conmina-a-su-colega-anez-a-disculparse-publicamente\\\/#primaryimage\",\"url\":\"\",\"contentUrl\":\"\"},{\"@type\":\"BreadcrumbList\",\"@id\":\"https:\\\/\\\/www.eldiario.net\\\/portal\\\/2021\\\/11\\\/10\\\/diputado-arce-conmina-a-su-colega-anez-a-disculparse-publicamente\\\/#breadcrumb\",\"itemListElement\":[{\"@type\":\"ListItem\",\"position\":1,\"name\":\"Portada\",\"item\":\"https:\\\/\\\/www.eldiario.net\\\/portal\\\/\"},{\"@type\":\"ListItem\",\"position\":2,\"name\":\"Diputado Arce conmina a su colega A\u00f1ez a disculparse p\u00fablicamente\"}]},{\"@type\":\"WebSite\",\"@id\":\"https:\\\/\\\/www.eldiario.net\\\/portal\\\/#website\",\"url\":\"https:\\\/\\\/www.eldiario.net\\\/portal\\\/\",\"name\":\"El Diario - Decano de la prensa nacional\",\"description\":\"El Diario - Decano de la prensa nacional\",\"publisher\":{\"@id\":\"https:\\\/\\\/www.eldiario.net\\\/portal\\\/#organization\"},\"potentialAction\":[{\"@type\":\"SearchAction\",\"target\":{\"@type\":\"EntryPoint\",\"urlTemplate\":\"https:\\\/\\\/www.eldiario.net\\\/portal\\\/?s={search_term_string}\"},\"query-input\":{\"@type\":\"PropertyValueSpecification\",\"valueRequired\":true,\"valueName\":\"search_term_string\"}}],\"inLanguage\":\"es\"},{\"@type\":\"Organization\",\"@id\":\"https:\\\/\\\/www.eldiario.net\\\/portal\\\/#organization\",\"name\":\"El Diario - Decano de la prensa nacional\",\"url\":\"https:\\\/\\\/www.eldiario.net\\\/portal\\\/\",\"logo\":{\"@type\":\"ImageObject\",\"inLanguage\":\"es\",\"@id\":\"https:\\\/\\\/www.eldiario.net\\\/portal\\\/#\\\/schema\\\/logo\\\/image\\\/\",\"url\":\"https:\\\/\\\/www.eldiario.net\\\/portal\\\/wp-content\\\/uploads\\\/2023\\\/07\\\/logo_ED.jpg\",\"contentUrl\":\"https:\\\/\\\/www.eldiario.net\\\/portal\\\/wp-content\\\/uploads\\\/2023\\\/07\\\/logo_ED.jpg\",\"width\":272,\"height\":52,\"caption\":\"El Diario - Decano de la prensa nacional\"},\"image\":{\"@id\":\"https:\\\/\\\/www.eldiario.net\\\/portal\\\/#\\\/schema\\\/logo\\\/image\\\/\"},\"sameAs\":[\"https:\\\/\\\/www.facebook.com\\\/eldiario.bolivia\\\/\",\"https:\\\/\\\/x.com\\\/eldiario_net\"]},{\"@type\":\"Person\",\"@id\":\"https:\\\/\\\/www.eldiario.net\\\/portal\\\/#\\\/schema\\\/person\\\/f46445640444750d7d753ccd04ae01b7\",\"name\":\"Jeanette\",\"image\":{\"@type\":\"ImageObject\",\"inLanguage\":\"es\",\"@id\":\"https:\\\/\\\/secure.gravatar.com\\\/avatar\\\/3ea2118a5f7dad2b7138b1187a6b7ee55f160b9968b66013c3a3ef39dd7e5798?s=96&d=mm&r=g\",\"url\":\"https:\\\/\\\/secure.gravatar.com\\\/avatar\\\/3ea2118a5f7dad2b7138b1187a6b7ee55f160b9968b66013c3a3ef39dd7e5798?s=96&d=mm&r=g\",\"contentUrl\":\"https:\\\/\\\/secure.gravatar.com\\\/avatar\\\/3ea2118a5f7dad2b7138b1187a6b7ee55f160b9968b66013c3a3ef39dd7e5798?s=96&d=mm&r=g\",\"caption\":\"Jeanette\"},\"sameAs\":[\"https:\\\/\\\/www.eldiario.net\\\/portal\"],\"url\":\"https:\\\/\\\/www.eldiario.net\\\/portal\\\/author\\\/jeanette\\\/\"}]}<\/script>\n<!-- \/ Yoast SEO plugin. -->","yoast_head_json":{"title":"Diputado Arce conmina a su colega A\u00f1ez a disculparse p\u00fablicamente - El Diario - Bolivia","robots":{"index":"index","follow":"follow","max-snippet":"max-snippet:-1","max-image-preview":"max-image-preview:large","max-video-preview":"max-video-preview:-1"},"canonical":"https:\/\/www.eldiario.net\/portal\/2021\/11\/10\/diputado-arce-conmina-a-su-colega-anez-a-disculparse-publicamente\/","og_locale":"es_ES","og_type":"article","og_title":"Diputado Arce conmina a su colega A\u00f1ez a disculparse p\u00fablicamente - El Diario - Bolivia","og_description":"Despu\u00e9s de los roces verbales y f\u00edsicos entre legisladores durante el mensaje presidencial, el diputado por el Movimiento al Socialismo (MAS), H\u00e9ctor Arce, dio un plazo de 24 horas a su colega, Tatiana A\u00f1ez, para emitir disculpas p\u00fablicas a su persona, antes de iniciar procesos penales en su contra. La aludida previamente anunci\u00f3 denunciar el [&hellip;]","og_url":"https:\/\/www.eldiario.net\/portal\/2021\/11\/10\/diputado-arce-conmina-a-su-colega-anez-a-disculparse-publicamente\/","og_site_name":"El Diario - Bolivia","article_publisher":"https:\/\/www.facebook.com\/eldiario.bolivia\/","article_published_time":"2021-11-10T09:38:39+00:00","author":"Jeanette","twitter_card":"summary_large_image","twitter_creator":"@eldiario_net","twitter_site":"@eldiario_net","twitter_misc":{"Escrito por":"Jeanette","Tiempo de lectura":"2 minutos"},"schema":{"@context":"https:\/\/schema.org","@graph":[{"@type":"Article","@id":"https:\/\/www.eldiario.net\/portal\/2021\/11\/10\/diputado-arce-conmina-a-su-colega-anez-a-disculparse-publicamente\/#article","isPartOf":{"@id":"https:\/\/www.eldiario.net\/portal\/2021\/11\/10\/diputado-arce-conmina-a-su-colega-anez-a-disculparse-publicamente\/"},"author":{"name":"Jeanette","@id":"https:\/\/www.eldiario.net\/portal\/#\/schema\/person\/f46445640444750d7d753ccd04ae01b7"},"headline":"Diputado Arce conmina a su colega A\u00f1ez a disculparse p\u00fablicamente","datePublished":"2021-11-10T09:38:39+00:00","mainEntityOfPage":{"@id":"https:\/\/www.eldiario.net\/portal\/2021\/11\/10\/diputado-arce-conmina-a-su-colega-anez-a-disculparse-publicamente\/"},"wordCount":356,"publisher":{"@id":"https:\/\/www.eldiario.net\/portal\/#organization"},"image":{"@id":"https:\/\/www.eldiario.net\/portal\/2021\/11\/10\/diputado-arce-conmina-a-su-colega-anez-a-disculparse-publicamente\/#primaryimage"},"thumbnailUrl":"","articleSection":["Pol\u00edtica"],"inLanguage":"es"},{"@type":"WebPage","@id":"https:\/\/www.eldiario.net\/portal\/2021\/11\/10\/diputado-arce-conmina-a-su-colega-anez-a-disculparse-publicamente\/","url":"https:\/\/www.eldiario.net\/portal\/2021\/11\/10\/diputado-arce-conmina-a-su-colega-anez-a-disculparse-publicamente\/","name":"Diputado Arce conmina a su colega A\u00f1ez a disculparse p\u00fablicamente - El Diario - Bolivia","isPartOf":{"@id":"https:\/\/www.eldiario.net\/portal\/#website"},"primaryImageOfPage":{"@id":"https:\/\/www.eldiario.net\/portal\/2021\/11\/10\/diputado-arce-conmina-a-su-colega-anez-a-disculparse-publicamente\/#primaryimage"},"image":{"@id":"https:\/\/www.eldiario.net\/portal\/2021\/11\/10\/diputado-arce-conmina-a-su-colega-anez-a-disculparse-publicamente\/#primaryimage"},"thumbnailUrl":"","datePublished":"2021-11-10T09:38:39+00:00","breadcrumb":{"@id":"https:\/\/www.eldiario.net\/portal\/2021\/11\/10\/diputado-arce-conmina-a-su-colega-anez-a-disculparse-publicamente\/#breadcrumb"},"inLanguage":"es","potentialAction":[{"@type":"ReadAction","target":["https:\/\/www.eldiario.net\/portal\/2021\/11\/10\/diputado-arce-conmina-a-su-colega-anez-a-disculparse-publicamente\/"]}]},{"@type":"ImageObject","inLanguage":"es","@id":"https:\/\/www.eldiario.net\/portal\/2021\/11\/10\/diputado-arce-conmina-a-su-colega-anez-a-disculparse-publicamente\/#primaryimage","url":"","contentUrl":""},{"@type":"BreadcrumbList","@id":"https:\/\/www.eldiario.net\/portal\/2021\/11\/10\/diputado-arce-conmina-a-su-colega-anez-a-disculparse-publicamente\/#breadcrumb","itemListElement":[{"@type":"ListItem","position":1,"name":"Portada","item":"https:\/\/www.eldiario.net\/portal\/"},{"@type":"ListItem","position":2,"name":"Diputado Arce conmina a su colega A\u00f1ez a disculparse p\u00fablicamente"}]},{"@type":"WebSite","@id":"https:\/\/www.eldiario.net\/portal\/#website","url":"https:\/\/www.eldiario.net\/portal\/","name":"El Diario - Decano de la prensa nacional","description":"El Diario - Decano de la prensa nacional","publisher":{"@id":"https:\/\/www.eldiario.net\/portal\/#organization"},"potentialAction":[{"@type":"SearchAction","target":{"@type":"EntryPoint","urlTemplate":"https:\/\/www.eldiario.net\/portal\/?s={search_term_string}"},"query-input":{"@type":"PropertyValueSpecification","valueRequired":true,"valueName":"search_term_string"}}],"inLanguage":"es"},{"@type":"Organization","@id":"https:\/\/www.eldiario.net\/portal\/#organization","name":"El Diario - Decano de la prensa nacional","url":"https:\/\/www.eldiario.net\/portal\/","logo":{"@type":"ImageObject","inLanguage":"es","@id":"https:\/\/www.eldiario.net\/portal\/#\/schema\/logo\/image\/","url":"https:\/\/www.eldiario.net\/portal\/wp-content\/uploads\/2023\/07\/logo_ED.jpg","contentUrl":"https:\/\/www.eldiario.net\/portal\/wp-content\/uploads\/2023\/07\/logo_ED.jpg","width":272,"height":52,"caption":"El Diario - Decano de la prensa nacional"},"image":{"@id":"https:\/\/www.eldiario.net\/portal\/#\/schema\/logo\/image\/"},"sameAs":["https:\/\/www.facebook.com\/eldiario.bolivia\/","https:\/\/x.com\/eldiario_net"]},{"@type":"Person","@id":"https:\/\/www.eldiario.net\/portal\/#\/schema\/person\/f46445640444750d7d753ccd04ae01b7","name":"Jeanette","image":{"@type":"ImageObject","inLanguage":"es","@id":"https:\/\/secure.gravatar.com\/avatar\/3ea2118a5f7dad2b7138b1187a6b7ee55f160b9968b66013c3a3ef39dd7e5798?s=96&d=mm&r=g","url":"https:\/\/secure.gravatar.com\/avatar\/3ea2118a5f7dad2b7138b1187a6b7ee55f160b9968b66013c3a3ef39dd7e5798?s=96&d=mm&r=g","contentUrl":"https:\/\/secure.gravatar.com\/avatar\/3ea2118a5f7dad2b7138b1187a6b7ee55f160b9968b66013c3a3ef39dd7e5798?s=96&d=mm&r=g","caption":"Jeanette"},"sameAs":["https:\/\/www.eldiario.net\/portal"],"url":"https:\/\/www.eldiario.net\/portal\/author\/jeanette\/"}]}},"_links":{"self":[{"href":"https:\/\/www.eldiario.net\/portal\/wp-json\/wp\/v2\/posts\/42123","targetHints":{"allow":["GET"]}}],"collection":[{"href":"https:\/\/www.eldiario.net\/portal\/wp-json\/wp\/v2\/posts"}],"about":[{"href":"https:\/\/www.eldiario.net\/portal\/wp-json\/wp\/v2\/types\/post"}],"author":[{"embeddable":true,"href":"https:\/\/www.eldiario.net\/portal\/wp-json\/wp\/v2\/users\/1"}],"replies":[{"embeddable":true,"href":"https:\/\/www.eldiario.net\/portal\/wp-json\/wp\/v2\/comments?post=42123"}],"version-history":[{"count":0,"href":"https:\/\/www.eldiario.net\/portal\/wp-json\/wp\/v2\/posts\/42123\/revisions"}],"wp:attachment":[{"href":"https:\/\/www.eldiario.net\/portal\/wp-json\/wp\/v2\/media?parent=42123"}],"wp:term":[{"taxonomy":"category","embeddable":true,"href":"https:\/\/www.eldiario.net\/portal\/wp-json\/wp\/v2\/categories?post=42123"},{"taxonomy":"post_tag","embeddable":true,"href":"https:\/\/www.eldiario.net\/portal\/wp-json\/wp\/v2\/tags?post=42123"}],"curies":[{"name":"wp","href":"https:\/\/api.w.org\/{rel}","templated":true}]}}