{"id":42121,"date":"2021-11-10T05:37:47","date_gmt":"2021-11-10T09:37:47","guid":{"rendered":"https:\/\/www.eldiario.net\/portal\/?p=42121"},"modified":"2021-11-10T05:37:47","modified_gmt":"2021-11-10T09:37:47","slug":"gobierno-busca-destruir-relacion-de-la-policia-con-la-poblacion","status":"publish","type":"post","link":"https:\/\/www.eldiario.net\/portal\/2021\/11\/10\/gobierno-busca-destruir-relacion-de-la-policia-con-la-poblacion\/","title":{"rendered":"Gobierno busca destruir relaci\u00f3n  de la Polic\u00eda con la poblaci\u00f3n"},"content":{"rendered":"<p>Luego de la primera jornada de paro indefinido en la que se presentaron bloqueos y acciones policiales para despejar v\u00edas, el diputado por Comunidad Ciudadana (CC), Alejandro Reyes, manifest\u00f3 que el gobierno del Movimiento al Socialismo (MAS) intenta destruir la buena relaci\u00f3n de la Polic\u00eda Boliviana con su pueblo.<br \/>\nAnte la represi\u00f3n y el excesivo uso de la fuerza por parte de efectivos policiales, el parlamentario opositor manifest\u00f3 que se intenta romper las buenas relaciones entre esta instituci\u00f3n y poblaci\u00f3n que en su momento defendi\u00f3 la democracia tras el fraude electoral.<br \/>\nReyes, adem\u00e1s, expres\u00f3 su preocupaci\u00f3n ante las recientes denuncias de la poblaci\u00f3n sobre la presencia de grupos afines al MAS, que operan en ciudades como Santa Cruz, desbloqueando v\u00edas en coordinaci\u00f3n con miembros de la Polic\u00eda Boliviana.<br \/>\n\u201cEl 2019 han estado del lado de su pueblo y de la democracia, por lo tanto este Gobierno tiene tambi\u00e9n la intensi\u00f3n de destruir esta relaci\u00f3n que hoy por hoy todav\u00eda se mantiene. La Polic\u00eda no puede equivocarse en el accionar y ellos son los primeros que tienen que denunciar a estos grupo irregulares\u201d, manifest\u00f3 el parlamentario.<br \/>\nSobre los grupos dedicados al despeje de v\u00edas en distintos puntos del pa\u00eds, Reyes se\u00f1al\u00f3 que las denuncias y videos compartidos por usuarios de redes indican que se trata de militantes del partido de gobierno y se trata de operativos coordinados con las fuerzas del orden.<br \/>\n\u201cSon grupos irregulares algunos de ellos armados y hay que denunciar, por ello llamamos a la cordura a la Polic\u00eda y al uso de la raz\u00f3n y a medirse en el uso de la fuerza y no ser instrumento de este gobierno que trata de destruir la imagen de la polic\u00eda y arruinar la relaci\u00f3n que tiene con su pueblo\u201d, dijo.<br \/>\nAl respecto, el diputado oficialista, Daniel Rojas, calific\u00f3 como falacias las declaraciones de diputados opositores sobre intentos de atentar en contra de la ciudadan\u00eda y pidi\u00f3 a la poblaci\u00f3n que no se deje enga\u00f1ar con palabras que buscan tergiversar los hechos para tratar de ocultar el fracaso de las medidas de presi\u00f3n convocadas por sectores.<br \/>\n\u201cNo caigamos en estas mentiras y declaraciones de asamble\u00edstas que con falacias est\u00e1n tratando de hacer creer que el Gobierno nacional no va atentar contra nuestros gremialistas y transportistas y vamos a seguir trabajando en pos de la reactivaci\u00f3n econ\u00f3mica y de la salud\u201d, manifest\u00f3.<\/p>\n","protected":false},"excerpt":{"rendered":"<p>Luego de la primera jornada de paro indefinido en la que se presentaron bloqueos y acciones policiales para despejar v\u00edas, el diputado por Comunidad Ciudadana (CC), Alejandro Reyes, manifest\u00f3 que el gobierno del Movimiento al Socialismo (MAS) intenta destruir la buena relaci\u00f3n de la Polic\u00eda Boliviana con su pueblo. Ante la represi\u00f3n y el excesivo [&hellip;]<\/p>\n","protected":false},"author":1,"featured_media":0,"comment_status":"closed","ping_status":"closed","sticky":false,"template":"","format":"standard","meta":{"_acf_changed":false,"footnotes":""},"categories":[14],"tags":[],"class_list":["post-42121","post","type-post","status-publish","format-standard","category-politica"],"acf":{"antetitulo":""},"yoast_head":"<!-- This site is optimized with the Yoast SEO plugin v28.4 - https:\/\/yoast.com\/product\/yoast-seo-wordpress\/ -->\n<title>Gobierno busca destruir relaci\u00f3n de la Polic\u00eda con la poblaci\u00f3n - El Diario - Bolivia<\/title>\n<meta name=\"robots\" content=\"index, follow, max-snippet:-1, max-image-preview:large, max-video-preview:-1\" \/>\n<link rel=\"canonical\" href=\"https:\/\/www.eldiario.net\/portal\/2021\/11\/10\/gobierno-busca-destruir-relacion-de-la-policia-con-la-poblacion\/\" \/>\n<meta property=\"og:locale\" content=\"es_ES\" \/>\n<meta property=\"og:type\" content=\"article\" \/>\n<meta property=\"og:title\" content=\"Gobierno busca destruir relaci\u00f3n de la Polic\u00eda con la poblaci\u00f3n - El Diario - Bolivia\" \/>\n<meta property=\"og:description\" content=\"Luego de la primera jornada de paro indefinido en la que se presentaron bloqueos y acciones policiales para despejar v\u00edas, el diputado por Comunidad Ciudadana (CC), Alejandro Reyes, manifest\u00f3 que el gobierno del Movimiento al Socialismo (MAS) intenta destruir la buena relaci\u00f3n de la Polic\u00eda Boliviana con su pueblo. Ante la represi\u00f3n y el excesivo [&hellip;]\" \/>\n<meta property=\"og:url\" content=\"https:\/\/www.eldiario.net\/portal\/2021\/11\/10\/gobierno-busca-destruir-relacion-de-la-policia-con-la-poblacion\/\" \/>\n<meta property=\"og:site_name\" content=\"El Diario - Bolivia\" \/>\n<meta property=\"article:publisher\" content=\"https:\/\/www.facebook.com\/eldiario.bolivia\/\" \/>\n<meta property=\"article:published_time\" content=\"2021-11-10T09:37:47+00:00\" \/>\n<meta name=\"author\" content=\"Jeanette\" \/>\n<meta name=\"twitter:card\" content=\"summary_large_image\" \/>\n<meta name=\"twitter:creator\" content=\"@eldiario_net\" \/>\n<meta name=\"twitter:site\" content=\"@eldiario_net\" \/>\n<meta name=\"twitter:label1\" content=\"Escrito por\" \/>\n\t<meta name=\"twitter:data1\" content=\"Jeanette\" \/>\n\t<meta name=\"twitter:label2\" content=\"Tiempo de lectura\" \/>\n\t<meta name=\"twitter:data2\" content=\"2 minutos\" \/>\n<script type=\"application\/ld+json\" class=\"yoast-schema-graph\">{\"@context\":\"https:\\\/\\\/schema.org\",\"@graph\":[{\"@type\":\"Article\",\"@id\":\"https:\\\/\\\/www.eldiario.net\\\/portal\\\/2021\\\/11\\\/10\\\/gobierno-busca-destruir-relacion-de-la-policia-con-la-poblacion\\\/#article\",\"isPartOf\":{\"@id\":\"https:\\\/\\\/www.eldiario.net\\\/portal\\\/2021\\\/11\\\/10\\\/gobierno-busca-destruir-relacion-de-la-policia-con-la-poblacion\\\/\"},\"author\":{\"name\":\"Jeanette\",\"@id\":\"https:\\\/\\\/www.eldiario.net\\\/portal\\\/#\\\/schema\\\/person\\\/f46445640444750d7d753ccd04ae01b7\"},\"headline\":\"Gobierno busca destruir relaci\u00f3n de la Polic\u00eda con la poblaci\u00f3n\",\"datePublished\":\"2021-11-10T09:37:47+00:00\",\"mainEntityOfPage\":{\"@id\":\"https:\\\/\\\/www.eldiario.net\\\/portal\\\/2021\\\/11\\\/10\\\/gobierno-busca-destruir-relacion-de-la-policia-con-la-poblacion\\\/\"},\"wordCount\":436,\"publisher\":{\"@id\":\"https:\\\/\\\/www.eldiario.net\\\/portal\\\/#organization\"},\"articleSection\":[\"Pol\u00edtica\"],\"inLanguage\":\"es\"},{\"@type\":\"WebPage\",\"@id\":\"https:\\\/\\\/www.eldiario.net\\\/portal\\\/2021\\\/11\\\/10\\\/gobierno-busca-destruir-relacion-de-la-policia-con-la-poblacion\\\/\",\"url\":\"https:\\\/\\\/www.eldiario.net\\\/portal\\\/2021\\\/11\\\/10\\\/gobierno-busca-destruir-relacion-de-la-policia-con-la-poblacion\\\/\",\"name\":\"Gobierno busca destruir relaci\u00f3n de la Polic\u00eda con la poblaci\u00f3n - El Diario - Bolivia\",\"isPartOf\":{\"@id\":\"https:\\\/\\\/www.eldiario.net\\\/portal\\\/#website\"},\"datePublished\":\"2021-11-10T09:37:47+00:00\",\"breadcrumb\":{\"@id\":\"https:\\\/\\\/www.eldiario.net\\\/portal\\\/2021\\\/11\\\/10\\\/gobierno-busca-destruir-relacion-de-la-policia-con-la-poblacion\\\/#breadcrumb\"},\"inLanguage\":\"es\",\"potentialAction\":[{\"@type\":\"ReadAction\",\"target\":[\"https:\\\/\\\/www.eldiario.net\\\/portal\\\/2021\\\/11\\\/10\\\/gobierno-busca-destruir-relacion-de-la-policia-con-la-poblacion\\\/\"]}]},{\"@type\":\"BreadcrumbList\",\"@id\":\"https:\\\/\\\/www.eldiario.net\\\/portal\\\/2021\\\/11\\\/10\\\/gobierno-busca-destruir-relacion-de-la-policia-con-la-poblacion\\\/#breadcrumb\",\"itemListElement\":[{\"@type\":\"ListItem\",\"position\":1,\"name\":\"Portada\",\"item\":\"https:\\\/\\\/www.eldiario.net\\\/portal\\\/\"},{\"@type\":\"ListItem\",\"position\":2,\"name\":\"Gobierno busca destruir relaci\u00f3n de la Polic\u00eda con la poblaci\u00f3n\"}]},{\"@type\":\"WebSite\",\"@id\":\"https:\\\/\\\/www.eldiario.net\\\/portal\\\/#website\",\"url\":\"https:\\\/\\\/www.eldiario.net\\\/portal\\\/\",\"name\":\"El Diario - Decano de la prensa nacional\",\"description\":\"El Diario - Decano de la prensa nacional\",\"publisher\":{\"@id\":\"https:\\\/\\\/www.eldiario.net\\\/portal\\\/#organization\"},\"potentialAction\":[{\"@type\":\"SearchAction\",\"target\":{\"@type\":\"EntryPoint\",\"urlTemplate\":\"https:\\\/\\\/www.eldiario.net\\\/portal\\\/?s={search_term_string}\"},\"query-input\":{\"@type\":\"PropertyValueSpecification\",\"valueRequired\":true,\"valueName\":\"search_term_string\"}}],\"inLanguage\":\"es\"},{\"@type\":\"Organization\",\"@id\":\"https:\\\/\\\/www.eldiario.net\\\/portal\\\/#organization\",\"name\":\"El Diario - Decano de la prensa nacional\",\"url\":\"https:\\\/\\\/www.eldiario.net\\\/portal\\\/\",\"logo\":{\"@type\":\"ImageObject\",\"inLanguage\":\"es\",\"@id\":\"https:\\\/\\\/www.eldiario.net\\\/portal\\\/#\\\/schema\\\/logo\\\/image\\\/\",\"url\":\"https:\\\/\\\/www.eldiario.net\\\/portal\\\/wp-content\\\/uploads\\\/2023\\\/07\\\/logo_ED.jpg\",\"contentUrl\":\"https:\\\/\\\/www.eldiario.net\\\/portal\\\/wp-content\\\/uploads\\\/2023\\\/07\\\/logo_ED.jpg\",\"width\":272,\"height\":52,\"caption\":\"El Diario - Decano de la prensa nacional\"},\"image\":{\"@id\":\"https:\\\/\\\/www.eldiario.net\\\/portal\\\/#\\\/schema\\\/logo\\\/image\\\/\"},\"sameAs\":[\"https:\\\/\\\/www.facebook.com\\\/eldiario.bolivia\\\/\",\"https:\\\/\\\/x.com\\\/eldiario_net\"]},{\"@type\":\"Person\",\"@id\":\"https:\\\/\\\/www.eldiario.net\\\/portal\\\/#\\\/schema\\\/person\\\/f46445640444750d7d753ccd04ae01b7\",\"name\":\"Jeanette\",\"image\":{\"@type\":\"ImageObject\",\"inLanguage\":\"es\",\"@id\":\"https:\\\/\\\/secure.gravatar.com\\\/avatar\\\/3ea2118a5f7dad2b7138b1187a6b7ee55f160b9968b66013c3a3ef39dd7e5798?s=96&d=mm&r=g\",\"url\":\"https:\\\/\\\/secure.gravatar.com\\\/avatar\\\/3ea2118a5f7dad2b7138b1187a6b7ee55f160b9968b66013c3a3ef39dd7e5798?s=96&d=mm&r=g\",\"contentUrl\":\"https:\\\/\\\/secure.gravatar.com\\\/avatar\\\/3ea2118a5f7dad2b7138b1187a6b7ee55f160b9968b66013c3a3ef39dd7e5798?s=96&d=mm&r=g\",\"caption\":\"Jeanette\"},\"sameAs\":[\"https:\\\/\\\/www.eldiario.net\\\/portal\"],\"url\":\"https:\\\/\\\/www.eldiario.net\\\/portal\\\/author\\\/jeanette\\\/\"}]}<\/script>\n<!-- \/ Yoast SEO plugin. -->","yoast_head_json":{"title":"Gobierno busca destruir relaci\u00f3n de la Polic\u00eda con la poblaci\u00f3n - El Diario - Bolivia","robots":{"index":"index","follow":"follow","max-snippet":"max-snippet:-1","max-image-preview":"max-image-preview:large","max-video-preview":"max-video-preview:-1"},"canonical":"https:\/\/www.eldiario.net\/portal\/2021\/11\/10\/gobierno-busca-destruir-relacion-de-la-policia-con-la-poblacion\/","og_locale":"es_ES","og_type":"article","og_title":"Gobierno busca destruir relaci\u00f3n de la Polic\u00eda con la poblaci\u00f3n - El Diario - Bolivia","og_description":"Luego de la primera jornada de paro indefinido en la que se presentaron bloqueos y acciones policiales para despejar v\u00edas, el diputado por Comunidad Ciudadana (CC), Alejandro Reyes, manifest\u00f3 que el gobierno del Movimiento al Socialismo (MAS) intenta destruir la buena relaci\u00f3n de la Polic\u00eda Boliviana con su pueblo. Ante la represi\u00f3n y el excesivo [&hellip;]","og_url":"https:\/\/www.eldiario.net\/portal\/2021\/11\/10\/gobierno-busca-destruir-relacion-de-la-policia-con-la-poblacion\/","og_site_name":"El Diario - Bolivia","article_publisher":"https:\/\/www.facebook.com\/eldiario.bolivia\/","article_published_time":"2021-11-10T09:37:47+00:00","author":"Jeanette","twitter_card":"summary_large_image","twitter_creator":"@eldiario_net","twitter_site":"@eldiario_net","twitter_misc":{"Escrito por":"Jeanette","Tiempo de lectura":"2 minutos"},"schema":{"@context":"https:\/\/schema.org","@graph":[{"@type":"Article","@id":"https:\/\/www.eldiario.net\/portal\/2021\/11\/10\/gobierno-busca-destruir-relacion-de-la-policia-con-la-poblacion\/#article","isPartOf":{"@id":"https:\/\/www.eldiario.net\/portal\/2021\/11\/10\/gobierno-busca-destruir-relacion-de-la-policia-con-la-poblacion\/"},"author":{"name":"Jeanette","@id":"https:\/\/www.eldiario.net\/portal\/#\/schema\/person\/f46445640444750d7d753ccd04ae01b7"},"headline":"Gobierno busca destruir relaci\u00f3n de la Polic\u00eda con la poblaci\u00f3n","datePublished":"2021-11-10T09:37:47+00:00","mainEntityOfPage":{"@id":"https:\/\/www.eldiario.net\/portal\/2021\/11\/10\/gobierno-busca-destruir-relacion-de-la-policia-con-la-poblacion\/"},"wordCount":436,"publisher":{"@id":"https:\/\/www.eldiario.net\/portal\/#organization"},"articleSection":["Pol\u00edtica"],"inLanguage":"es"},{"@type":"WebPage","@id":"https:\/\/www.eldiario.net\/portal\/2021\/11\/10\/gobierno-busca-destruir-relacion-de-la-policia-con-la-poblacion\/","url":"https:\/\/www.eldiario.net\/portal\/2021\/11\/10\/gobierno-busca-destruir-relacion-de-la-policia-con-la-poblacion\/","name":"Gobierno busca destruir relaci\u00f3n de la Polic\u00eda con la poblaci\u00f3n - El Diario - Bolivia","isPartOf":{"@id":"https:\/\/www.eldiario.net\/portal\/#website"},"datePublished":"2021-11-10T09:37:47+00:00","breadcrumb":{"@id":"https:\/\/www.eldiario.net\/portal\/2021\/11\/10\/gobierno-busca-destruir-relacion-de-la-policia-con-la-poblacion\/#breadcrumb"},"inLanguage":"es","potentialAction":[{"@type":"ReadAction","target":["https:\/\/www.eldiario.net\/portal\/2021\/11\/10\/gobierno-busca-destruir-relacion-de-la-policia-con-la-poblacion\/"]}]},{"@type":"BreadcrumbList","@id":"https:\/\/www.eldiario.net\/portal\/2021\/11\/10\/gobierno-busca-destruir-relacion-de-la-policia-con-la-poblacion\/#breadcrumb","itemListElement":[{"@type":"ListItem","position":1,"name":"Portada","item":"https:\/\/www.eldiario.net\/portal\/"},{"@type":"ListItem","position":2,"name":"Gobierno busca destruir relaci\u00f3n de la Polic\u00eda con la poblaci\u00f3n"}]},{"@type":"WebSite","@id":"https:\/\/www.eldiario.net\/portal\/#website","url":"https:\/\/www.eldiario.net\/portal\/","name":"El Diario - Decano de la prensa nacional","description":"El Diario - Decano de la prensa nacional","publisher":{"@id":"https:\/\/www.eldiario.net\/portal\/#organization"},"potentialAction":[{"@type":"SearchAction","target":{"@type":"EntryPoint","urlTemplate":"https:\/\/www.eldiario.net\/portal\/?s={search_term_string}"},"query-input":{"@type":"PropertyValueSpecification","valueRequired":true,"valueName":"search_term_string"}}],"inLanguage":"es"},{"@type":"Organization","@id":"https:\/\/www.eldiario.net\/portal\/#organization","name":"El Diario - Decano de la prensa nacional","url":"https:\/\/www.eldiario.net\/portal\/","logo":{"@type":"ImageObject","inLanguage":"es","@id":"https:\/\/www.eldiario.net\/portal\/#\/schema\/logo\/image\/","url":"https:\/\/www.eldiario.net\/portal\/wp-content\/uploads\/2023\/07\/logo_ED.jpg","contentUrl":"https:\/\/www.eldiario.net\/portal\/wp-content\/uploads\/2023\/07\/logo_ED.jpg","width":272,"height":52,"caption":"El Diario - Decano de la prensa nacional"},"image":{"@id":"https:\/\/www.eldiario.net\/portal\/#\/schema\/logo\/image\/"},"sameAs":["https:\/\/www.facebook.com\/eldiario.bolivia\/","https:\/\/x.com\/eldiario_net"]},{"@type":"Person","@id":"https:\/\/www.eldiario.net\/portal\/#\/schema\/person\/f46445640444750d7d753ccd04ae01b7","name":"Jeanette","image":{"@type":"ImageObject","inLanguage":"es","@id":"https:\/\/secure.gravatar.com\/avatar\/3ea2118a5f7dad2b7138b1187a6b7ee55f160b9968b66013c3a3ef39dd7e5798?s=96&d=mm&r=g","url":"https:\/\/secure.gravatar.com\/avatar\/3ea2118a5f7dad2b7138b1187a6b7ee55f160b9968b66013c3a3ef39dd7e5798?s=96&d=mm&r=g","contentUrl":"https:\/\/secure.gravatar.com\/avatar\/3ea2118a5f7dad2b7138b1187a6b7ee55f160b9968b66013c3a3ef39dd7e5798?s=96&d=mm&r=g","caption":"Jeanette"},"sameAs":["https:\/\/www.eldiario.net\/portal"],"url":"https:\/\/www.eldiario.net\/portal\/author\/jeanette\/"}]}},"_links":{"self":[{"href":"https:\/\/www.eldiario.net\/portal\/wp-json\/wp\/v2\/posts\/42121","targetHints":{"allow":["GET"]}}],"collection":[{"href":"https:\/\/www.eldiario.net\/portal\/wp-json\/wp\/v2\/posts"}],"about":[{"href":"https:\/\/www.eldiario.net\/portal\/wp-json\/wp\/v2\/types\/post"}],"author":[{"embeddable":true,"href":"https:\/\/www.eldiario.net\/portal\/wp-json\/wp\/v2\/users\/1"}],"replies":[{"embeddable":true,"href":"https:\/\/www.eldiario.net\/portal\/wp-json\/wp\/v2\/comments?post=42121"}],"version-history":[{"count":0,"href":"https:\/\/www.eldiario.net\/portal\/wp-json\/wp\/v2\/posts\/42121\/revisions"}],"wp:attachment":[{"href":"https:\/\/www.eldiario.net\/portal\/wp-json\/wp\/v2\/media?parent=42121"}],"wp:term":[{"taxonomy":"category","embeddable":true,"href":"https:\/\/www.eldiario.net\/portal\/wp-json\/wp\/v2\/categories?post=42121"},{"taxonomy":"post_tag","embeddable":true,"href":"https:\/\/www.eldiario.net\/portal\/wp-json\/wp\/v2\/tags?post=42121"}],"curies":[{"name":"wp","href":"https:\/\/api.w.org\/{rel}","templated":true}]}}