{"id":42115,"date":"2021-11-10T05:36:41","date_gmt":"2021-11-10T09:36:41","guid":{"rendered":"https:\/\/www.eldiario.net\/portal\/?p=42115"},"modified":"2021-11-10T05:36:41","modified_gmt":"2021-11-10T09:36:41","slug":"comienza-entrega-de-canasta-escolar-en-unidades-educativas","status":"publish","type":"post","link":"https:\/\/www.eldiario.net\/portal\/2021\/11\/10\/comienza-entrega-de-canasta-escolar-en-unidades-educativas\/","title":{"rendered":"Comienza entrega de canasta  escolar en unidades educativas"},"content":{"rendered":"<p>Desde hoy comienza la distribuci\u00f3n de la canasta escolar 2021 en las unidades educativas Ayacucho, Naciones Unidas, Rep\u00fablica Federativa del Brasil y Liceo La Paz, a partir de las 08.30, inform\u00f3 la comuna pace\u00f1a.<br \/>\nSeg\u00fan el cronograma establecido por la Alcald\u00eda de La Paz, del 10 al 14 de noviembre, en el Colegio Ayacucho se entregar\u00e1 la canasta escolar a los beneficiarios de los colegios Ayacucho, turnos \u201cA\u201d y \u201cB\u201d, Vicenta Juariste Eguino y Jos\u00e9 Manuel Indaburo. En la unidad educativa Naciones Unidas, la distribuci\u00f3n ser\u00e1 para Naciones Unidas, Carlos Beltr\u00e1n y Alfredo Guill\u00e9n Pinto; en el punto de la escuela Rep\u00fablica Federativa del Brasil, para Rep\u00fablica Federativa del Brasil, Eduardo Idiaquez, \u00d3scar Alfaro y L\u00eda Chopitea; y, en el Liceo La Paz podr\u00e1n recoger los beneficiarios del Liceo La Paz turno \u201cA\u201d y Carlos Salinas Aramayo, seg\u00fan el rol publicado por la Agencia Municipal de Noticias (amn.bo), para mayor informaci\u00f3n los beneficiarios pueden consultar esta p\u00e1gina en la red internet.<br \/>\nLa canasta escolar 2021, que demand\u00f3 una inversi\u00f3n de 39.840.448 de bolivianos, ser\u00e1 entregada a 137.381 estudiantes de los niveles inicial, primaria y secundaria de unidades educativas fiscales y de convenio del municipio pace\u00f1o.<br \/>\nHoy, mi\u00e9rcoles, en el ingreso al Colegio Ayacucho, los padres de familia, despu\u00e9s de presentar documentaci\u00f3n, recibir\u00e1n un v\u00e1ucher en dos ejemplares que los habilitar\u00e1 para recoger los 10 alimentos.<br \/>\nEl alcalde de La Paz explic\u00f3 que esta modalidad de distribuci\u00f3n de alimentos se replicar\u00e1 en los otros tres puntos del macrodistrito Centro, entre este mi\u00e9rcoles y el domingo, cuando concluya la entrega de alimentos. Los rezagados o quienes no retiren las canastas en los cinco d\u00edas establecidos, podr\u00e1n recogerlas entre el 3 y 6 de diciembre de 2021.<br \/>\nLa modalidad de distribuci\u00f3n tiene al menos tres caracter\u00edsticas que la diferencian de la gesti\u00f3n anterior. Primero, este a\u00f1o se distribuir\u00e1 10 alimentos en lugar de cuatro; segundo, se habilitar\u00e1 entre dos y cuatro puntos de distribuci\u00f3n por macrodistrito, a diferencia de los dos que hubo el a\u00f1o pasado. Y, tercero, habr\u00e1 40 personas por punto de distribuci\u00f3n en lugar de seis.<br \/>\nLa canasta tiene 10 productos que suman 290 bolivianos. Cada una contiene una arroba de arroz, otra de az\u00facar y otra de harina blanca, cuatro botellas de casi un litro (900 mililitros) de aceite, una bolsa de 760 gramos de leche en polvo, una botella de un litro de yogur probi\u00f3tico, una bolsa de medio kilo de cereal, 10 peque\u00f1as bolsas de leche saborizada, una bolsa de medio kilo de galletas y tres bolsas de leche fluida de un litro, inform\u00f3 AMN.<br \/>\nEl primer requisito para recoger las canastas escolares es el registro de estudiantes de colegios fiscales y de convenio en las listas remitidas por las direcciones distritales de educaci\u00f3n, a junio de 2021, como establece el primer par\u00e1grafo del Art. 4 del Reglamento a la Ley Municipal Auton\u00f3mica 468, Programa de Alimentaci\u00f3n Complementaria Escolar Canasta Estudiantil 2021.<br \/>\nEl segundo requisito refiere a la presentaci\u00f3n de alguna de las libretas escolares, ya sea de la gesti\u00f3n 2018, 2019, 2020 o libreta electr\u00f3nica trimestral de la gesti\u00f3n 2021, en original y fotocopia. El tercer requisito es la c\u00e9dula de identidad o certificado de nacimiento del beneficiario; y cuarto, el carnet del padre, madre, tutor o familiar directo. Todos los documentos deben presentarse en original y fotocopia.<\/p>\n<figure id=\"attachment_42116\" aria-describedby=\"caption-attachment-42116\" style=\"width: 978px\" class=\"wp-caption alignleft\"><a href=\"https:\/\/www.eldiario.net\/portal\/wp-content\/uploads\/2021\/11\/1LP-4-scaled.jpg\"><img loading=\"lazy\" decoding=\"async\" class=\"wp-image-42116 size-large\" src=\"https:\/\/www.eldiario.net\/portal\/wp-content\/uploads\/2021\/11\/1LP-4-978x1024.jpg\" alt=\"\" width=\"978\" height=\"1024\" \/><\/a><figcaption id=\"caption-attachment-42116\" class=\"wp-caption-text\">Macrodistrito Centro.<\/figcaption><\/figure>\n","protected":false},"excerpt":{"rendered":"<p>Desde hoy comienza la distribuci\u00f3n de la canasta escolar 2021 en las unidades educativas Ayacucho, Naciones Unidas, Rep\u00fablica Federativa del Brasil y Liceo La Paz, a partir de las 08.30, inform\u00f3 la comuna pace\u00f1a. Seg\u00fan el cronograma establecido por la Alcald\u00eda de La Paz, del 10 al 14 de noviembre, en el Colegio Ayacucho se [&hellip;]<\/p>\n","protected":false},"author":1,"featured_media":42116,"comment_status":"closed","ping_status":"closed","sticky":false,"template":"","format":"standard","meta":{"_acf_changed":false,"footnotes":""},"categories":[12],"tags":[],"class_list":["post-42115","post","type-post","status-publish","format-standard","has-post-thumbnail","category-nacional"],"acf":{"antetitulo":""},"yoast_head":"<!-- This site is optimized with the Yoast SEO plugin v28.4 - https:\/\/yoast.com\/product\/yoast-seo-wordpress\/ -->\n<title>Comienza entrega de canasta escolar en unidades educativas - El Diario - Bolivia<\/title>\n<meta name=\"robots\" content=\"index, follow, max-snippet:-1, max-image-preview:large, max-video-preview:-1\" \/>\n<link rel=\"canonical\" href=\"https:\/\/www.eldiario.net\/portal\/2021\/11\/10\/comienza-entrega-de-canasta-escolar-en-unidades-educativas\/\" \/>\n<meta property=\"og:locale\" content=\"es_ES\" \/>\n<meta property=\"og:type\" content=\"article\" \/>\n<meta property=\"og:title\" content=\"Comienza entrega de canasta escolar en unidades educativas - El Diario - Bolivia\" \/>\n<meta property=\"og:description\" content=\"Desde hoy comienza la distribuci\u00f3n de la canasta escolar 2021 en las unidades educativas Ayacucho, Naciones Unidas, Rep\u00fablica Federativa del Brasil y Liceo La Paz, a partir de las 08.30, inform\u00f3 la comuna pace\u00f1a. Seg\u00fan el cronograma establecido por la Alcald\u00eda de La Paz, del 10 al 14 de noviembre, en el Colegio Ayacucho se [&hellip;]\" \/>\n<meta property=\"og:url\" content=\"https:\/\/www.eldiario.net\/portal\/2021\/11\/10\/comienza-entrega-de-canasta-escolar-en-unidades-educativas\/\" \/>\n<meta property=\"og:site_name\" content=\"El Diario - Bolivia\" \/>\n<meta property=\"article:publisher\" content=\"https:\/\/www.facebook.com\/eldiario.bolivia\/\" \/>\n<meta property=\"article:published_time\" content=\"2021-11-10T09:36:41+00:00\" \/>\n<meta name=\"author\" content=\"Jeanette\" \/>\n<meta name=\"twitter:card\" content=\"summary_large_image\" \/>\n<meta name=\"twitter:creator\" content=\"@eldiario_net\" \/>\n<meta name=\"twitter:site\" content=\"@eldiario_net\" \/>\n<meta name=\"twitter:label1\" content=\"Escrito por\" \/>\n\t<meta name=\"twitter:data1\" content=\"Jeanette\" \/>\n\t<meta name=\"twitter:label2\" content=\"Tiempo de lectura\" \/>\n\t<meta name=\"twitter:data2\" content=\"3 minutos\" \/>\n<script type=\"application\/ld+json\" class=\"yoast-schema-graph\">{\"@context\":\"https:\\\/\\\/schema.org\",\"@graph\":[{\"@type\":\"Article\",\"@id\":\"https:\\\/\\\/www.eldiario.net\\\/portal\\\/2021\\\/11\\\/10\\\/comienza-entrega-de-canasta-escolar-en-unidades-educativas\\\/#article\",\"isPartOf\":{\"@id\":\"https:\\\/\\\/www.eldiario.net\\\/portal\\\/2021\\\/11\\\/10\\\/comienza-entrega-de-canasta-escolar-en-unidades-educativas\\\/\"},\"author\":{\"name\":\"Jeanette\",\"@id\":\"https:\\\/\\\/www.eldiario.net\\\/portal\\\/#\\\/schema\\\/person\\\/f46445640444750d7d753ccd04ae01b7\"},\"headline\":\"Comienza entrega de canasta escolar en unidades educativas\",\"datePublished\":\"2021-11-10T09:36:41+00:00\",\"mainEntityOfPage\":{\"@id\":\"https:\\\/\\\/www.eldiario.net\\\/portal\\\/2021\\\/11\\\/10\\\/comienza-entrega-de-canasta-escolar-en-unidades-educativas\\\/\"},\"wordCount\":589,\"publisher\":{\"@id\":\"https:\\\/\\\/www.eldiario.net\\\/portal\\\/#organization\"},\"image\":{\"@id\":\"https:\\\/\\\/www.eldiario.net\\\/portal\\\/2021\\\/11\\\/10\\\/comienza-entrega-de-canasta-escolar-en-unidades-educativas\\\/#primaryimage\"},\"thumbnailUrl\":\"\",\"articleSection\":[\"Nacional\"],\"inLanguage\":\"es\"},{\"@type\":\"WebPage\",\"@id\":\"https:\\\/\\\/www.eldiario.net\\\/portal\\\/2021\\\/11\\\/10\\\/comienza-entrega-de-canasta-escolar-en-unidades-educativas\\\/\",\"url\":\"https:\\\/\\\/www.eldiario.net\\\/portal\\\/2021\\\/11\\\/10\\\/comienza-entrega-de-canasta-escolar-en-unidades-educativas\\\/\",\"name\":\"Comienza entrega de canasta escolar en unidades educativas - El Diario - Bolivia\",\"isPartOf\":{\"@id\":\"https:\\\/\\\/www.eldiario.net\\\/portal\\\/#website\"},\"primaryImageOfPage\":{\"@id\":\"https:\\\/\\\/www.eldiario.net\\\/portal\\\/2021\\\/11\\\/10\\\/comienza-entrega-de-canasta-escolar-en-unidades-educativas\\\/#primaryimage\"},\"image\":{\"@id\":\"https:\\\/\\\/www.eldiario.net\\\/portal\\\/2021\\\/11\\\/10\\\/comienza-entrega-de-canasta-escolar-en-unidades-educativas\\\/#primaryimage\"},\"thumbnailUrl\":\"\",\"datePublished\":\"2021-11-10T09:36:41+00:00\",\"breadcrumb\":{\"@id\":\"https:\\\/\\\/www.eldiario.net\\\/portal\\\/2021\\\/11\\\/10\\\/comienza-entrega-de-canasta-escolar-en-unidades-educativas\\\/#breadcrumb\"},\"inLanguage\":\"es\",\"potentialAction\":[{\"@type\":\"ReadAction\",\"target\":[\"https:\\\/\\\/www.eldiario.net\\\/portal\\\/2021\\\/11\\\/10\\\/comienza-entrega-de-canasta-escolar-en-unidades-educativas\\\/\"]}]},{\"@type\":\"ImageObject\",\"inLanguage\":\"es\",\"@id\":\"https:\\\/\\\/www.eldiario.net\\\/portal\\\/2021\\\/11\\\/10\\\/comienza-entrega-de-canasta-escolar-en-unidades-educativas\\\/#primaryimage\",\"url\":\"\",\"contentUrl\":\"\"},{\"@type\":\"BreadcrumbList\",\"@id\":\"https:\\\/\\\/www.eldiario.net\\\/portal\\\/2021\\\/11\\\/10\\\/comienza-entrega-de-canasta-escolar-en-unidades-educativas\\\/#breadcrumb\",\"itemListElement\":[{\"@type\":\"ListItem\",\"position\":1,\"name\":\"Portada\",\"item\":\"https:\\\/\\\/www.eldiario.net\\\/portal\\\/\"},{\"@type\":\"ListItem\",\"position\":2,\"name\":\"Comienza entrega de canasta escolar en unidades educativas\"}]},{\"@type\":\"WebSite\",\"@id\":\"https:\\\/\\\/www.eldiario.net\\\/portal\\\/#website\",\"url\":\"https:\\\/\\\/www.eldiario.net\\\/portal\\\/\",\"name\":\"El Diario - Decano de la prensa nacional\",\"description\":\"El Diario - Decano de la prensa nacional\",\"publisher\":{\"@id\":\"https:\\\/\\\/www.eldiario.net\\\/portal\\\/#organization\"},\"potentialAction\":[{\"@type\":\"SearchAction\",\"target\":{\"@type\":\"EntryPoint\",\"urlTemplate\":\"https:\\\/\\\/www.eldiario.net\\\/portal\\\/?s={search_term_string}\"},\"query-input\":{\"@type\":\"PropertyValueSpecification\",\"valueRequired\":true,\"valueName\":\"search_term_string\"}}],\"inLanguage\":\"es\"},{\"@type\":\"Organization\",\"@id\":\"https:\\\/\\\/www.eldiario.net\\\/portal\\\/#organization\",\"name\":\"El Diario - Decano de la prensa nacional\",\"url\":\"https:\\\/\\\/www.eldiario.net\\\/portal\\\/\",\"logo\":{\"@type\":\"ImageObject\",\"inLanguage\":\"es\",\"@id\":\"https:\\\/\\\/www.eldiario.net\\\/portal\\\/#\\\/schema\\\/logo\\\/image\\\/\",\"url\":\"https:\\\/\\\/www.eldiario.net\\\/portal\\\/wp-content\\\/uploads\\\/2023\\\/07\\\/logo_ED.jpg\",\"contentUrl\":\"https:\\\/\\\/www.eldiario.net\\\/portal\\\/wp-content\\\/uploads\\\/2023\\\/07\\\/logo_ED.jpg\",\"width\":272,\"height\":52,\"caption\":\"El Diario - Decano de la prensa nacional\"},\"image\":{\"@id\":\"https:\\\/\\\/www.eldiario.net\\\/portal\\\/#\\\/schema\\\/logo\\\/image\\\/\"},\"sameAs\":[\"https:\\\/\\\/www.facebook.com\\\/eldiario.bolivia\\\/\",\"https:\\\/\\\/x.com\\\/eldiario_net\"]},{\"@type\":\"Person\",\"@id\":\"https:\\\/\\\/www.eldiario.net\\\/portal\\\/#\\\/schema\\\/person\\\/f46445640444750d7d753ccd04ae01b7\",\"name\":\"Jeanette\",\"image\":{\"@type\":\"ImageObject\",\"inLanguage\":\"es\",\"@id\":\"https:\\\/\\\/secure.gravatar.com\\\/avatar\\\/3ea2118a5f7dad2b7138b1187a6b7ee55f160b9968b66013c3a3ef39dd7e5798?s=96&d=mm&r=g\",\"url\":\"https:\\\/\\\/secure.gravatar.com\\\/avatar\\\/3ea2118a5f7dad2b7138b1187a6b7ee55f160b9968b66013c3a3ef39dd7e5798?s=96&d=mm&r=g\",\"contentUrl\":\"https:\\\/\\\/secure.gravatar.com\\\/avatar\\\/3ea2118a5f7dad2b7138b1187a6b7ee55f160b9968b66013c3a3ef39dd7e5798?s=96&d=mm&r=g\",\"caption\":\"Jeanette\"},\"sameAs\":[\"https:\\\/\\\/www.eldiario.net\\\/portal\"],\"url\":\"https:\\\/\\\/www.eldiario.net\\\/portal\\\/author\\\/jeanette\\\/\"}]}<\/script>\n<!-- \/ Yoast SEO plugin. -->","yoast_head_json":{"title":"Comienza entrega de canasta escolar en unidades educativas - El Diario - Bolivia","robots":{"index":"index","follow":"follow","max-snippet":"max-snippet:-1","max-image-preview":"max-image-preview:large","max-video-preview":"max-video-preview:-1"},"canonical":"https:\/\/www.eldiario.net\/portal\/2021\/11\/10\/comienza-entrega-de-canasta-escolar-en-unidades-educativas\/","og_locale":"es_ES","og_type":"article","og_title":"Comienza entrega de canasta escolar en unidades educativas - El Diario - Bolivia","og_description":"Desde hoy comienza la distribuci\u00f3n de la canasta escolar 2021 en las unidades educativas Ayacucho, Naciones Unidas, Rep\u00fablica Federativa del Brasil y Liceo La Paz, a partir de las 08.30, inform\u00f3 la comuna pace\u00f1a. Seg\u00fan el cronograma establecido por la Alcald\u00eda de La Paz, del 10 al 14 de noviembre, en el Colegio Ayacucho se [&hellip;]","og_url":"https:\/\/www.eldiario.net\/portal\/2021\/11\/10\/comienza-entrega-de-canasta-escolar-en-unidades-educativas\/","og_site_name":"El Diario - Bolivia","article_publisher":"https:\/\/www.facebook.com\/eldiario.bolivia\/","article_published_time":"2021-11-10T09:36:41+00:00","author":"Jeanette","twitter_card":"summary_large_image","twitter_creator":"@eldiario_net","twitter_site":"@eldiario_net","twitter_misc":{"Escrito por":"Jeanette","Tiempo de lectura":"3 minutos"},"schema":{"@context":"https:\/\/schema.org","@graph":[{"@type":"Article","@id":"https:\/\/www.eldiario.net\/portal\/2021\/11\/10\/comienza-entrega-de-canasta-escolar-en-unidades-educativas\/#article","isPartOf":{"@id":"https:\/\/www.eldiario.net\/portal\/2021\/11\/10\/comienza-entrega-de-canasta-escolar-en-unidades-educativas\/"},"author":{"name":"Jeanette","@id":"https:\/\/www.eldiario.net\/portal\/#\/schema\/person\/f46445640444750d7d753ccd04ae01b7"},"headline":"Comienza entrega de canasta escolar en unidades educativas","datePublished":"2021-11-10T09:36:41+00:00","mainEntityOfPage":{"@id":"https:\/\/www.eldiario.net\/portal\/2021\/11\/10\/comienza-entrega-de-canasta-escolar-en-unidades-educativas\/"},"wordCount":589,"publisher":{"@id":"https:\/\/www.eldiario.net\/portal\/#organization"},"image":{"@id":"https:\/\/www.eldiario.net\/portal\/2021\/11\/10\/comienza-entrega-de-canasta-escolar-en-unidades-educativas\/#primaryimage"},"thumbnailUrl":"","articleSection":["Nacional"],"inLanguage":"es"},{"@type":"WebPage","@id":"https:\/\/www.eldiario.net\/portal\/2021\/11\/10\/comienza-entrega-de-canasta-escolar-en-unidades-educativas\/","url":"https:\/\/www.eldiario.net\/portal\/2021\/11\/10\/comienza-entrega-de-canasta-escolar-en-unidades-educativas\/","name":"Comienza entrega de canasta escolar en unidades educativas - El Diario - Bolivia","isPartOf":{"@id":"https:\/\/www.eldiario.net\/portal\/#website"},"primaryImageOfPage":{"@id":"https:\/\/www.eldiario.net\/portal\/2021\/11\/10\/comienza-entrega-de-canasta-escolar-en-unidades-educativas\/#primaryimage"},"image":{"@id":"https:\/\/www.eldiario.net\/portal\/2021\/11\/10\/comienza-entrega-de-canasta-escolar-en-unidades-educativas\/#primaryimage"},"thumbnailUrl":"","datePublished":"2021-11-10T09:36:41+00:00","breadcrumb":{"@id":"https:\/\/www.eldiario.net\/portal\/2021\/11\/10\/comienza-entrega-de-canasta-escolar-en-unidades-educativas\/#breadcrumb"},"inLanguage":"es","potentialAction":[{"@type":"ReadAction","target":["https:\/\/www.eldiario.net\/portal\/2021\/11\/10\/comienza-entrega-de-canasta-escolar-en-unidades-educativas\/"]}]},{"@type":"ImageObject","inLanguage":"es","@id":"https:\/\/www.eldiario.net\/portal\/2021\/11\/10\/comienza-entrega-de-canasta-escolar-en-unidades-educativas\/#primaryimage","url":"","contentUrl":""},{"@type":"BreadcrumbList","@id":"https:\/\/www.eldiario.net\/portal\/2021\/11\/10\/comienza-entrega-de-canasta-escolar-en-unidades-educativas\/#breadcrumb","itemListElement":[{"@type":"ListItem","position":1,"name":"Portada","item":"https:\/\/www.eldiario.net\/portal\/"},{"@type":"ListItem","position":2,"name":"Comienza entrega de canasta escolar en unidades educativas"}]},{"@type":"WebSite","@id":"https:\/\/www.eldiario.net\/portal\/#website","url":"https:\/\/www.eldiario.net\/portal\/","name":"El Diario - Decano de la prensa nacional","description":"El Diario - Decano de la prensa nacional","publisher":{"@id":"https:\/\/www.eldiario.net\/portal\/#organization"},"potentialAction":[{"@type":"SearchAction","target":{"@type":"EntryPoint","urlTemplate":"https:\/\/www.eldiario.net\/portal\/?s={search_term_string}"},"query-input":{"@type":"PropertyValueSpecification","valueRequired":true,"valueName":"search_term_string"}}],"inLanguage":"es"},{"@type":"Organization","@id":"https:\/\/www.eldiario.net\/portal\/#organization","name":"El Diario - Decano de la prensa nacional","url":"https:\/\/www.eldiario.net\/portal\/","logo":{"@type":"ImageObject","inLanguage":"es","@id":"https:\/\/www.eldiario.net\/portal\/#\/schema\/logo\/image\/","url":"https:\/\/www.eldiario.net\/portal\/wp-content\/uploads\/2023\/07\/logo_ED.jpg","contentUrl":"https:\/\/www.eldiario.net\/portal\/wp-content\/uploads\/2023\/07\/logo_ED.jpg","width":272,"height":52,"caption":"El Diario - Decano de la prensa nacional"},"image":{"@id":"https:\/\/www.eldiario.net\/portal\/#\/schema\/logo\/image\/"},"sameAs":["https:\/\/www.facebook.com\/eldiario.bolivia\/","https:\/\/x.com\/eldiario_net"]},{"@type":"Person","@id":"https:\/\/www.eldiario.net\/portal\/#\/schema\/person\/f46445640444750d7d753ccd04ae01b7","name":"Jeanette","image":{"@type":"ImageObject","inLanguage":"es","@id":"https:\/\/secure.gravatar.com\/avatar\/3ea2118a5f7dad2b7138b1187a6b7ee55f160b9968b66013c3a3ef39dd7e5798?s=96&d=mm&r=g","url":"https:\/\/secure.gravatar.com\/avatar\/3ea2118a5f7dad2b7138b1187a6b7ee55f160b9968b66013c3a3ef39dd7e5798?s=96&d=mm&r=g","contentUrl":"https:\/\/secure.gravatar.com\/avatar\/3ea2118a5f7dad2b7138b1187a6b7ee55f160b9968b66013c3a3ef39dd7e5798?s=96&d=mm&r=g","caption":"Jeanette"},"sameAs":["https:\/\/www.eldiario.net\/portal"],"url":"https:\/\/www.eldiario.net\/portal\/author\/jeanette\/"}]}},"_links":{"self":[{"href":"https:\/\/www.eldiario.net\/portal\/wp-json\/wp\/v2\/posts\/42115","targetHints":{"allow":["GET"]}}],"collection":[{"href":"https:\/\/www.eldiario.net\/portal\/wp-json\/wp\/v2\/posts"}],"about":[{"href":"https:\/\/www.eldiario.net\/portal\/wp-json\/wp\/v2\/types\/post"}],"author":[{"embeddable":true,"href":"https:\/\/www.eldiario.net\/portal\/wp-json\/wp\/v2\/users\/1"}],"replies":[{"embeddable":true,"href":"https:\/\/www.eldiario.net\/portal\/wp-json\/wp\/v2\/comments?post=42115"}],"version-history":[{"count":0,"href":"https:\/\/www.eldiario.net\/portal\/wp-json\/wp\/v2\/posts\/42115\/revisions"}],"wp:attachment":[{"href":"https:\/\/www.eldiario.net\/portal\/wp-json\/wp\/v2\/media?parent=42115"}],"wp:term":[{"taxonomy":"category","embeddable":true,"href":"https:\/\/www.eldiario.net\/portal\/wp-json\/wp\/v2\/categories?post=42115"},{"taxonomy":"post_tag","embeddable":true,"href":"https:\/\/www.eldiario.net\/portal\/wp-json\/wp\/v2\/tags?post=42115"}],"curies":[{"name":"wp","href":"https:\/\/api.w.org\/{rel}","templated":true}]}}