{"id":42112,"date":"2021-11-10T05:35:29","date_gmt":"2021-11-10T09:35:29","guid":{"rendered":"https:\/\/www.eldiario.net\/portal\/?p=42112"},"modified":"2021-11-10T05:35:29","modified_gmt":"2021-11-10T09:35:29","slug":"disponen-vacunacion-para-menores-entre-12-y-17-anos","status":"publish","type":"post","link":"https:\/\/www.eldiario.net\/portal\/2021\/11\/10\/disponen-vacunacion-para-menores-entre-12-y-17-anos\/","title":{"rendered":"Disponen vacunaci\u00f3n para menores entre 12 y 17 a\u00f1os"},"content":{"rendered":"<p>Mediante un instructivo enviado ayer a los nueve servicios departamentales de Salud (Sedes) del pa\u00eds, el Ministerio de Salud y Deportes habilit\u00f3 la vacunaci\u00f3n contra el covid-19 para menores de entre 12 y 17 a\u00f1os de edad con el f\u00e1rmaco Pfizer.<br \/>\nEn el instructivo, el titular de esa cartera de Estado, Jeyson Auza, expone que en cumplimiento al Plan Nacional de Vacunaci\u00f3n y las posibles consecuencias de la cuarta ola que ingres\u00f3 levemente al pa\u00eds, es que, junto al Comit\u00e9 Nacional de Inmunizaci\u00f3n, se recomienda la incorporaci\u00f3n a los grupos de 12 a 17 a\u00f1os de edad en la inmunizaci\u00f3n. Con ese fin, se utilizar\u00e1 la vacuna Pfizer siendo esta de \u201cuso exclusivo para ese grupo de edad\u201d, indica un informe institucional.<br \/>\nEn el documento se establecen normas t\u00e9cnicas de uso de los inmunizantes como su distribuci\u00f3n y utilizaci\u00f3n bajo el principio PEPS (Primeros en expirar, primeros en salir) considerando que las vacunas tienen un plazo de expiraci\u00f3n variable, y estas deben ser utilizadas en funci\u00f3n a sus fechas de caducidad.<br \/>\n\u201cAplicar las estrategias necesarias para el aprovechamiento de oportunidades de vacunaci\u00f3n, debiendo privilegiar la vida de nuestros compatriotas (la vida de un boliviano vale m\u00e1s que una dosis de vacuna)\u201d, se\u00f1ala la parte central del instructivo firmado por el Ministro de Salud y Deportes.<br \/>\nAsimismo, y con el objetivo de concienciar y agilizar la inmunizaci\u00f3n de este grupo etario, se sugiere a los sedes coordinar con las juntas escolares de padres de familia, servicios departamentales de educaci\u00f3n (Seduca), direcciones distritales y Fuerzas Armadas.<br \/>\nPor otro lado, la viceministra de Promoci\u00f3n, Vigilancia Epidemiol\u00f3gica y Medicina Tradicional, Mar\u00eda Renee Castro, inform\u00f3 que al haber habilitado la inmunizaci\u00f3n a la poblaci\u00f3n menor de edad, de entre 12 a 17 a\u00f1os con la vacuna Pfizer, se prev\u00e9 inmunizar a un mill\u00f3n de personas de ese grupo etario en Bolivia.<br \/>\n\u201cNosotros sabemos que tenemos cerca de un mill\u00f3n que cubrir ahora, sabiendo que no todos van a acudir, hemos hecho el c\u00e1lculo para vacunar a un mill\u00f3n de los menores de 12 a 17 a\u00f1os\u201d, dijo en entrevista en radio \u00c9xito.<br \/>\nExplic\u00f3 que los requisitos para los menores de edad es tener el consentimiento informado y firmado por los padres de familia, tutor, o en caso especial por un familiar de primer grado, report\u00f3 ABI.<br \/>\n\u201cHoy, (ayer) hemos emito el Instructivo 33, en el cual estamos ampliando el rango de vacunaci\u00f3n, incorporando al grupo etario de 12 a 17 a\u00f1os, ten\u00edamos inicialmente de 16 y 17 a\u00f1os, instruyendo a los servicios departamentales de salud el uso exclusivo de la vacuna Pfizer para este grupo de edad\u201d, asever\u00f3.<\/p>\n","protected":false},"excerpt":{"rendered":"<p>Mediante un instructivo enviado ayer a los nueve servicios departamentales de Salud (Sedes) del pa\u00eds, el Ministerio de Salud y Deportes habilit\u00f3 la vacunaci\u00f3n contra el covid-19 para menores de entre 12 y 17 a\u00f1os de edad con el f\u00e1rmaco Pfizer. En el instructivo, el titular de esa cartera de Estado, Jeyson Auza, expone que [&hellip;]<\/p>\n","protected":false},"author":1,"featured_media":42113,"comment_status":"closed","ping_status":"closed","sticky":false,"template":"","format":"standard","meta":{"_acf_changed":false,"footnotes":""},"categories":[12],"tags":[],"class_list":["post-42112","post","type-post","status-publish","format-standard","has-post-thumbnail","category-nacional"],"acf":{"antetitulo":""},"yoast_head":"<!-- This site is optimized with the Yoast SEO plugin v28.4 - https:\/\/yoast.com\/product\/yoast-seo-wordpress\/ -->\n<title>Disponen vacunaci\u00f3n para menores entre 12 y 17 a\u00f1os - El Diario - Bolivia<\/title>\n<meta name=\"robots\" content=\"index, follow, max-snippet:-1, max-image-preview:large, max-video-preview:-1\" \/>\n<link rel=\"canonical\" href=\"https:\/\/www.eldiario.net\/portal\/2021\/11\/10\/disponen-vacunacion-para-menores-entre-12-y-17-anos\/\" \/>\n<meta property=\"og:locale\" content=\"es_ES\" \/>\n<meta property=\"og:type\" content=\"article\" \/>\n<meta property=\"og:title\" content=\"Disponen vacunaci\u00f3n para menores entre 12 y 17 a\u00f1os - El Diario - Bolivia\" \/>\n<meta property=\"og:description\" content=\"Mediante un instructivo enviado ayer a los nueve servicios departamentales de Salud (Sedes) del pa\u00eds, el Ministerio de Salud y Deportes habilit\u00f3 la vacunaci\u00f3n contra el covid-19 para menores de entre 12 y 17 a\u00f1os de edad con el f\u00e1rmaco Pfizer. En el instructivo, el titular de esa cartera de Estado, Jeyson Auza, expone que [&hellip;]\" \/>\n<meta property=\"og:url\" content=\"https:\/\/www.eldiario.net\/portal\/2021\/11\/10\/disponen-vacunacion-para-menores-entre-12-y-17-anos\/\" \/>\n<meta property=\"og:site_name\" content=\"El Diario - Bolivia\" \/>\n<meta property=\"article:publisher\" content=\"https:\/\/www.facebook.com\/eldiario.bolivia\/\" \/>\n<meta property=\"article:published_time\" content=\"2021-11-10T09:35:29+00:00\" \/>\n<meta property=\"og:image\" content=\"https:\/\/www.eldiario.net\/portal\/wp-content\/uploads\/2021\/11\/2LP-6.jpg\" \/>\n\t<meta property=\"og:image:width\" content=\"1800\" \/>\n\t<meta property=\"og:image:height\" content=\"1350\" \/>\n\t<meta property=\"og:image:type\" content=\"image\/jpeg\" \/>\n<meta name=\"author\" content=\"Jeanette\" \/>\n<meta name=\"twitter:card\" content=\"summary_large_image\" \/>\n<meta name=\"twitter:creator\" content=\"@eldiario_net\" \/>\n<meta name=\"twitter:site\" content=\"@eldiario_net\" \/>\n<meta name=\"twitter:label1\" content=\"Escrito por\" \/>\n\t<meta name=\"twitter:data1\" content=\"Jeanette\" \/>\n\t<meta name=\"twitter:label2\" content=\"Tiempo de lectura\" \/>\n\t<meta name=\"twitter:data2\" content=\"2 minutos\" \/>\n<script type=\"application\/ld+json\" class=\"yoast-schema-graph\">{\"@context\":\"https:\\\/\\\/schema.org\",\"@graph\":[{\"@type\":\"Article\",\"@id\":\"https:\\\/\\\/www.eldiario.net\\\/portal\\\/2021\\\/11\\\/10\\\/disponen-vacunacion-para-menores-entre-12-y-17-anos\\\/#article\",\"isPartOf\":{\"@id\":\"https:\\\/\\\/www.eldiario.net\\\/portal\\\/2021\\\/11\\\/10\\\/disponen-vacunacion-para-menores-entre-12-y-17-anos\\\/\"},\"author\":{\"name\":\"Jeanette\",\"@id\":\"https:\\\/\\\/www.eldiario.net\\\/portal\\\/#\\\/schema\\\/person\\\/f46445640444750d7d753ccd04ae01b7\"},\"headline\":\"Disponen vacunaci\u00f3n para menores entre 12 y 17 a\u00f1os\",\"datePublished\":\"2021-11-10T09:35:29+00:00\",\"mainEntityOfPage\":{\"@id\":\"https:\\\/\\\/www.eldiario.net\\\/portal\\\/2021\\\/11\\\/10\\\/disponen-vacunacion-para-menores-entre-12-y-17-anos\\\/\"},\"wordCount\":464,\"publisher\":{\"@id\":\"https:\\\/\\\/www.eldiario.net\\\/portal\\\/#organization\"},\"image\":{\"@id\":\"https:\\\/\\\/www.eldiario.net\\\/portal\\\/2021\\\/11\\\/10\\\/disponen-vacunacion-para-menores-entre-12-y-17-anos\\\/#primaryimage\"},\"thumbnailUrl\":\"https:\\\/\\\/www.eldiario.net\\\/portal\\\/wp-content\\\/uploads\\\/2021\\\/11\\\/2LP-6.jpg\",\"articleSection\":[\"Nacional\"],\"inLanguage\":\"es\"},{\"@type\":\"WebPage\",\"@id\":\"https:\\\/\\\/www.eldiario.net\\\/portal\\\/2021\\\/11\\\/10\\\/disponen-vacunacion-para-menores-entre-12-y-17-anos\\\/\",\"url\":\"https:\\\/\\\/www.eldiario.net\\\/portal\\\/2021\\\/11\\\/10\\\/disponen-vacunacion-para-menores-entre-12-y-17-anos\\\/\",\"name\":\"Disponen vacunaci\u00f3n para menores entre 12 y 17 a\u00f1os - El Diario - Bolivia\",\"isPartOf\":{\"@id\":\"https:\\\/\\\/www.eldiario.net\\\/portal\\\/#website\"},\"primaryImageOfPage\":{\"@id\":\"https:\\\/\\\/www.eldiario.net\\\/portal\\\/2021\\\/11\\\/10\\\/disponen-vacunacion-para-menores-entre-12-y-17-anos\\\/#primaryimage\"},\"image\":{\"@id\":\"https:\\\/\\\/www.eldiario.net\\\/portal\\\/2021\\\/11\\\/10\\\/disponen-vacunacion-para-menores-entre-12-y-17-anos\\\/#primaryimage\"},\"thumbnailUrl\":\"https:\\\/\\\/www.eldiario.net\\\/portal\\\/wp-content\\\/uploads\\\/2021\\\/11\\\/2LP-6.jpg\",\"datePublished\":\"2021-11-10T09:35:29+00:00\",\"breadcrumb\":{\"@id\":\"https:\\\/\\\/www.eldiario.net\\\/portal\\\/2021\\\/11\\\/10\\\/disponen-vacunacion-para-menores-entre-12-y-17-anos\\\/#breadcrumb\"},\"inLanguage\":\"es\",\"potentialAction\":[{\"@type\":\"ReadAction\",\"target\":[\"https:\\\/\\\/www.eldiario.net\\\/portal\\\/2021\\\/11\\\/10\\\/disponen-vacunacion-para-menores-entre-12-y-17-anos\\\/\"]}]},{\"@type\":\"ImageObject\",\"inLanguage\":\"es\",\"@id\":\"https:\\\/\\\/www.eldiario.net\\\/portal\\\/2021\\\/11\\\/10\\\/disponen-vacunacion-para-menores-entre-12-y-17-anos\\\/#primaryimage\",\"url\":\"https:\\\/\\\/www.eldiario.net\\\/portal\\\/wp-content\\\/uploads\\\/2021\\\/11\\\/2LP-6.jpg\",\"contentUrl\":\"https:\\\/\\\/www.eldiario.net\\\/portal\\\/wp-content\\\/uploads\\\/2021\\\/11\\\/2LP-6.jpg\",\"width\":1800,\"height\":1350,\"caption\":\"Las autoridades de salud prev\u00e9n vacunar a un mill\u00f3n de personas de ese grupo etario en Bolivia. Andina-Referencial\"},{\"@type\":\"BreadcrumbList\",\"@id\":\"https:\\\/\\\/www.eldiario.net\\\/portal\\\/2021\\\/11\\\/10\\\/disponen-vacunacion-para-menores-entre-12-y-17-anos\\\/#breadcrumb\",\"itemListElement\":[{\"@type\":\"ListItem\",\"position\":1,\"name\":\"Portada\",\"item\":\"https:\\\/\\\/www.eldiario.net\\\/portal\\\/\"},{\"@type\":\"ListItem\",\"position\":2,\"name\":\"Disponen vacunaci\u00f3n para menores entre 12 y 17 a\u00f1os\"}]},{\"@type\":\"WebSite\",\"@id\":\"https:\\\/\\\/www.eldiario.net\\\/portal\\\/#website\",\"url\":\"https:\\\/\\\/www.eldiario.net\\\/portal\\\/\",\"name\":\"El Diario - Decano de la prensa nacional\",\"description\":\"El Diario - Decano de la prensa nacional\",\"publisher\":{\"@id\":\"https:\\\/\\\/www.eldiario.net\\\/portal\\\/#organization\"},\"potentialAction\":[{\"@type\":\"SearchAction\",\"target\":{\"@type\":\"EntryPoint\",\"urlTemplate\":\"https:\\\/\\\/www.eldiario.net\\\/portal\\\/?s={search_term_string}\"},\"query-input\":{\"@type\":\"PropertyValueSpecification\",\"valueRequired\":true,\"valueName\":\"search_term_string\"}}],\"inLanguage\":\"es\"},{\"@type\":\"Organization\",\"@id\":\"https:\\\/\\\/www.eldiario.net\\\/portal\\\/#organization\",\"name\":\"El Diario - Decano de la prensa nacional\",\"url\":\"https:\\\/\\\/www.eldiario.net\\\/portal\\\/\",\"logo\":{\"@type\":\"ImageObject\",\"inLanguage\":\"es\",\"@id\":\"https:\\\/\\\/www.eldiario.net\\\/portal\\\/#\\\/schema\\\/logo\\\/image\\\/\",\"url\":\"https:\\\/\\\/www.eldiario.net\\\/portal\\\/wp-content\\\/uploads\\\/2023\\\/07\\\/logo_ED.jpg\",\"contentUrl\":\"https:\\\/\\\/www.eldiario.net\\\/portal\\\/wp-content\\\/uploads\\\/2023\\\/07\\\/logo_ED.jpg\",\"width\":272,\"height\":52,\"caption\":\"El Diario - Decano de la prensa nacional\"},\"image\":{\"@id\":\"https:\\\/\\\/www.eldiario.net\\\/portal\\\/#\\\/schema\\\/logo\\\/image\\\/\"},\"sameAs\":[\"https:\\\/\\\/www.facebook.com\\\/eldiario.bolivia\\\/\",\"https:\\\/\\\/x.com\\\/eldiario_net\"]},{\"@type\":\"Person\",\"@id\":\"https:\\\/\\\/www.eldiario.net\\\/portal\\\/#\\\/schema\\\/person\\\/f46445640444750d7d753ccd04ae01b7\",\"name\":\"Jeanette\",\"image\":{\"@type\":\"ImageObject\",\"inLanguage\":\"es\",\"@id\":\"https:\\\/\\\/secure.gravatar.com\\\/avatar\\\/3ea2118a5f7dad2b7138b1187a6b7ee55f160b9968b66013c3a3ef39dd7e5798?s=96&d=mm&r=g\",\"url\":\"https:\\\/\\\/secure.gravatar.com\\\/avatar\\\/3ea2118a5f7dad2b7138b1187a6b7ee55f160b9968b66013c3a3ef39dd7e5798?s=96&d=mm&r=g\",\"contentUrl\":\"https:\\\/\\\/secure.gravatar.com\\\/avatar\\\/3ea2118a5f7dad2b7138b1187a6b7ee55f160b9968b66013c3a3ef39dd7e5798?s=96&d=mm&r=g\",\"caption\":\"Jeanette\"},\"sameAs\":[\"https:\\\/\\\/www.eldiario.net\\\/portal\"],\"url\":\"https:\\\/\\\/www.eldiario.net\\\/portal\\\/author\\\/jeanette\\\/\"}]}<\/script>\n<!-- \/ Yoast SEO plugin. -->","yoast_head_json":{"title":"Disponen vacunaci\u00f3n para menores entre 12 y 17 a\u00f1os - El Diario - Bolivia","robots":{"index":"index","follow":"follow","max-snippet":"max-snippet:-1","max-image-preview":"max-image-preview:large","max-video-preview":"max-video-preview:-1"},"canonical":"https:\/\/www.eldiario.net\/portal\/2021\/11\/10\/disponen-vacunacion-para-menores-entre-12-y-17-anos\/","og_locale":"es_ES","og_type":"article","og_title":"Disponen vacunaci\u00f3n para menores entre 12 y 17 a\u00f1os - El Diario - Bolivia","og_description":"Mediante un instructivo enviado ayer a los nueve servicios departamentales de Salud (Sedes) del pa\u00eds, el Ministerio de Salud y Deportes habilit\u00f3 la vacunaci\u00f3n contra el covid-19 para menores de entre 12 y 17 a\u00f1os de edad con el f\u00e1rmaco Pfizer. En el instructivo, el titular de esa cartera de Estado, Jeyson Auza, expone que [&hellip;]","og_url":"https:\/\/www.eldiario.net\/portal\/2021\/11\/10\/disponen-vacunacion-para-menores-entre-12-y-17-anos\/","og_site_name":"El Diario - Bolivia","article_publisher":"https:\/\/www.facebook.com\/eldiario.bolivia\/","article_published_time":"2021-11-10T09:35:29+00:00","og_image":[{"width":1800,"height":1350,"url":"https:\/\/www.eldiario.net\/portal\/wp-content\/uploads\/2021\/11\/2LP-6.jpg","type":"image\/jpeg"}],"author":"Jeanette","twitter_card":"summary_large_image","twitter_creator":"@eldiario_net","twitter_site":"@eldiario_net","twitter_misc":{"Escrito por":"Jeanette","Tiempo de lectura":"2 minutos"},"schema":{"@context":"https:\/\/schema.org","@graph":[{"@type":"Article","@id":"https:\/\/www.eldiario.net\/portal\/2021\/11\/10\/disponen-vacunacion-para-menores-entre-12-y-17-anos\/#article","isPartOf":{"@id":"https:\/\/www.eldiario.net\/portal\/2021\/11\/10\/disponen-vacunacion-para-menores-entre-12-y-17-anos\/"},"author":{"name":"Jeanette","@id":"https:\/\/www.eldiario.net\/portal\/#\/schema\/person\/f46445640444750d7d753ccd04ae01b7"},"headline":"Disponen vacunaci\u00f3n para menores entre 12 y 17 a\u00f1os","datePublished":"2021-11-10T09:35:29+00:00","mainEntityOfPage":{"@id":"https:\/\/www.eldiario.net\/portal\/2021\/11\/10\/disponen-vacunacion-para-menores-entre-12-y-17-anos\/"},"wordCount":464,"publisher":{"@id":"https:\/\/www.eldiario.net\/portal\/#organization"},"image":{"@id":"https:\/\/www.eldiario.net\/portal\/2021\/11\/10\/disponen-vacunacion-para-menores-entre-12-y-17-anos\/#primaryimage"},"thumbnailUrl":"https:\/\/www.eldiario.net\/portal\/wp-content\/uploads\/2021\/11\/2LP-6.jpg","articleSection":["Nacional"],"inLanguage":"es"},{"@type":"WebPage","@id":"https:\/\/www.eldiario.net\/portal\/2021\/11\/10\/disponen-vacunacion-para-menores-entre-12-y-17-anos\/","url":"https:\/\/www.eldiario.net\/portal\/2021\/11\/10\/disponen-vacunacion-para-menores-entre-12-y-17-anos\/","name":"Disponen vacunaci\u00f3n para menores entre 12 y 17 a\u00f1os - El Diario - Bolivia","isPartOf":{"@id":"https:\/\/www.eldiario.net\/portal\/#website"},"primaryImageOfPage":{"@id":"https:\/\/www.eldiario.net\/portal\/2021\/11\/10\/disponen-vacunacion-para-menores-entre-12-y-17-anos\/#primaryimage"},"image":{"@id":"https:\/\/www.eldiario.net\/portal\/2021\/11\/10\/disponen-vacunacion-para-menores-entre-12-y-17-anos\/#primaryimage"},"thumbnailUrl":"https:\/\/www.eldiario.net\/portal\/wp-content\/uploads\/2021\/11\/2LP-6.jpg","datePublished":"2021-11-10T09:35:29+00:00","breadcrumb":{"@id":"https:\/\/www.eldiario.net\/portal\/2021\/11\/10\/disponen-vacunacion-para-menores-entre-12-y-17-anos\/#breadcrumb"},"inLanguage":"es","potentialAction":[{"@type":"ReadAction","target":["https:\/\/www.eldiario.net\/portal\/2021\/11\/10\/disponen-vacunacion-para-menores-entre-12-y-17-anos\/"]}]},{"@type":"ImageObject","inLanguage":"es","@id":"https:\/\/www.eldiario.net\/portal\/2021\/11\/10\/disponen-vacunacion-para-menores-entre-12-y-17-anos\/#primaryimage","url":"https:\/\/www.eldiario.net\/portal\/wp-content\/uploads\/2021\/11\/2LP-6.jpg","contentUrl":"https:\/\/www.eldiario.net\/portal\/wp-content\/uploads\/2021\/11\/2LP-6.jpg","width":1800,"height":1350,"caption":"Las autoridades de salud prev\u00e9n vacunar a un mill\u00f3n de personas de ese grupo etario en Bolivia. Andina-Referencial"},{"@type":"BreadcrumbList","@id":"https:\/\/www.eldiario.net\/portal\/2021\/11\/10\/disponen-vacunacion-para-menores-entre-12-y-17-anos\/#breadcrumb","itemListElement":[{"@type":"ListItem","position":1,"name":"Portada","item":"https:\/\/www.eldiario.net\/portal\/"},{"@type":"ListItem","position":2,"name":"Disponen vacunaci\u00f3n para menores entre 12 y 17 a\u00f1os"}]},{"@type":"WebSite","@id":"https:\/\/www.eldiario.net\/portal\/#website","url":"https:\/\/www.eldiario.net\/portal\/","name":"El Diario - Decano de la prensa nacional","description":"El Diario - Decano de la prensa nacional","publisher":{"@id":"https:\/\/www.eldiario.net\/portal\/#organization"},"potentialAction":[{"@type":"SearchAction","target":{"@type":"EntryPoint","urlTemplate":"https:\/\/www.eldiario.net\/portal\/?s={search_term_string}"},"query-input":{"@type":"PropertyValueSpecification","valueRequired":true,"valueName":"search_term_string"}}],"inLanguage":"es"},{"@type":"Organization","@id":"https:\/\/www.eldiario.net\/portal\/#organization","name":"El Diario - Decano de la prensa nacional","url":"https:\/\/www.eldiario.net\/portal\/","logo":{"@type":"ImageObject","inLanguage":"es","@id":"https:\/\/www.eldiario.net\/portal\/#\/schema\/logo\/image\/","url":"https:\/\/www.eldiario.net\/portal\/wp-content\/uploads\/2023\/07\/logo_ED.jpg","contentUrl":"https:\/\/www.eldiario.net\/portal\/wp-content\/uploads\/2023\/07\/logo_ED.jpg","width":272,"height":52,"caption":"El Diario - Decano de la prensa nacional"},"image":{"@id":"https:\/\/www.eldiario.net\/portal\/#\/schema\/logo\/image\/"},"sameAs":["https:\/\/www.facebook.com\/eldiario.bolivia\/","https:\/\/x.com\/eldiario_net"]},{"@type":"Person","@id":"https:\/\/www.eldiario.net\/portal\/#\/schema\/person\/f46445640444750d7d753ccd04ae01b7","name":"Jeanette","image":{"@type":"ImageObject","inLanguage":"es","@id":"https:\/\/secure.gravatar.com\/avatar\/3ea2118a5f7dad2b7138b1187a6b7ee55f160b9968b66013c3a3ef39dd7e5798?s=96&d=mm&r=g","url":"https:\/\/secure.gravatar.com\/avatar\/3ea2118a5f7dad2b7138b1187a6b7ee55f160b9968b66013c3a3ef39dd7e5798?s=96&d=mm&r=g","contentUrl":"https:\/\/secure.gravatar.com\/avatar\/3ea2118a5f7dad2b7138b1187a6b7ee55f160b9968b66013c3a3ef39dd7e5798?s=96&d=mm&r=g","caption":"Jeanette"},"sameAs":["https:\/\/www.eldiario.net\/portal"],"url":"https:\/\/www.eldiario.net\/portal\/author\/jeanette\/"}]}},"_links":{"self":[{"href":"https:\/\/www.eldiario.net\/portal\/wp-json\/wp\/v2\/posts\/42112","targetHints":{"allow":["GET"]}}],"collection":[{"href":"https:\/\/www.eldiario.net\/portal\/wp-json\/wp\/v2\/posts"}],"about":[{"href":"https:\/\/www.eldiario.net\/portal\/wp-json\/wp\/v2\/types\/post"}],"author":[{"embeddable":true,"href":"https:\/\/www.eldiario.net\/portal\/wp-json\/wp\/v2\/users\/1"}],"replies":[{"embeddable":true,"href":"https:\/\/www.eldiario.net\/portal\/wp-json\/wp\/v2\/comments?post=42112"}],"version-history":[{"count":0,"href":"https:\/\/www.eldiario.net\/portal\/wp-json\/wp\/v2\/posts\/42112\/revisions"}],"wp:featuredmedia":[{"embeddable":true,"href":"https:\/\/www.eldiario.net\/portal\/wp-json\/wp\/v2\/media\/42113"}],"wp:attachment":[{"href":"https:\/\/www.eldiario.net\/portal\/wp-json\/wp\/v2\/media?parent=42112"}],"wp:term":[{"taxonomy":"category","embeddable":true,"href":"https:\/\/www.eldiario.net\/portal\/wp-json\/wp\/v2\/categories?post=42112"},{"taxonomy":"post_tag","embeddable":true,"href":"https:\/\/www.eldiario.net\/portal\/wp-json\/wp\/v2\/tags?post=42112"}],"curies":[{"name":"wp","href":"https:\/\/api.w.org\/{rel}","templated":true}]}}