{"id":42105,"date":"2021-11-10T05:32:50","date_gmt":"2021-11-10T09:32:50","guid":{"rendered":"https:\/\/www.eldiario.net\/portal\/?p=42105"},"modified":"2021-11-10T05:32:50","modified_gmt":"2021-11-10T09:32:50","slug":"residentes-italianos-eligen-a-representantes","status":"publish","type":"post","link":"https:\/\/www.eldiario.net\/portal\/2021\/11\/10\/residentes-italianos-eligen-a-representantes\/","title":{"rendered":"Residentes italianos eligen a representantes"},"content":{"rendered":"<p>Los residentes italianos en Bolivia elegir\u00e1n, entre dos f\u00f3rmulas, a su entidad representativa (Com.It.Es) mediante voto que ser\u00e1 emitido v\u00eda postal hasta el pr\u00f3ximo 3 de diciembre.<br \/>\nLos elegidos que ejercer\u00e1n funciones de manera voluntaria estar\u00e1n en actividad durante los pr\u00f3ximos cinco a\u00f1os.<br \/>\nUn \u201cCom.It.Es\u201d (Comitato degli Italiani al Estero), que traducido significa Comit\u00e9 de Italianos en el extranjero, es un \u00f3rgano representativo de la colectividad elegido directamente en elecciones organizadas por el Estado italiano.<br \/>\nEl consejero elegido como presidente es el representante legal ante el Estado italiano y cada \u201cCom.It.Es\u201d promueve iniciativas id\u00f3neas en materias relacionadas a la vida social y cultural, la asistencia social y escolar, formaci\u00f3n profesional, a la recreaci\u00f3n de la comunidad italiana residente en su circunscripci\u00f3n. Adem\u00e1s emite opiniones, propuestas y sugerencias sobre las iniciativas que la autoridad consular emprende a favor de la comunidad.<br \/>\nEn el mundo, un total de 107 \u201cCom.It.Es\u201d ser\u00e1n elegidos, y en Bolivia terciar\u00e1n las f\u00f3rmulas \u201cSiamo Tutti Italiani-Collettivit\u00e1 Unita\u201d (Todos somos italianos) y \u201cF\u00f3rmula Uniti In Un Solo Nome Italia\u201d (Unidos en un solo nombre: Italia).<br \/>\nLos candidatos que postulan figuran en el Registro de Italianos en el Exterior (AIRE) que conformar\u00e1n los \u00f3rganos de representatividad compuestos por 12 o 18 miembros, seg\u00fan la cantidad de integrantes de la colectividad residente en la circunscripci\u00f3n.<br \/>\nAdem\u00e1s de desempe\u00f1ar una funci\u00f3n de conexi\u00f3n entre las instituciones consulares, buscan el favorecimiento a la integraci\u00f3n en el contexto local de los nuevos flujos migratorios y crear las condiciones para facilitar relaciones m\u00e1s articuladas con los \u00f3rganos representativos de la sociedad civil local.<br \/>\nLos candidatos de la lista 1 \u201cSiamo Tutti Italiani-Collettivit\u00e1 Unita\u201d son: Ronny Colanzi, Mabel Antezana, Giovanna Gismondi, Susana Martinez, Rosa Mar\u00eda Colamarino, Bianca Allena, Gabriela Rosazza, Valeria Calabi, Maria Noel Baglivo, Favio Manicone, Lucio Rosati, Maria Elva Giancaglini, Kriss Zanella, Raul Bottega, B\u00e1rbara Nosiglia y Jhonny Nicola La Fuente.<br \/>\nLos postulantes de la \u201cF\u00f3rmula Uniti In Un Solo Nome Italia\u201d son: Willma Quinteros, Jenny Bonuccelli, Renato Pucci, Antonio L\u00f3pez y Royo, Marco Francois, Sim\u00f3n Aloisio, Vittorio Jos\u00e9 Aloisio, Massio Gianinni, Gino Catacora, Constantino Bortolini, Giuseppe Ridolfi, Stefano Castiglio y Demetrio Calabi.<\/p>\n","protected":false},"excerpt":{"rendered":"<p>Los residentes italianos en Bolivia elegir\u00e1n, entre dos f\u00f3rmulas, a su entidad representativa (Com.It.Es) mediante voto que ser\u00e1 emitido v\u00eda postal hasta el pr\u00f3ximo 3 de diciembre. Los elegidos que ejercer\u00e1n funciones de manera voluntaria estar\u00e1n en actividad durante los pr\u00f3ximos cinco a\u00f1os. Un \u201cCom.It.Es\u201d (Comitato degli Italiani al Estero), que traducido significa Comit\u00e9 de [&hellip;]<\/p>\n","protected":false},"author":1,"featured_media":0,"comment_status":"closed","ping_status":"closed","sticky":false,"template":"","format":"standard","meta":{"_acf_changed":false,"footnotes":""},"categories":[12],"tags":[],"class_list":["post-42105","post","type-post","status-publish","format-standard","category-nacional"],"acf":{"antetitulo":""},"yoast_head":"<!-- This site is optimized with the Yoast SEO plugin v28.4 - https:\/\/yoast.com\/product\/yoast-seo-wordpress\/ -->\n<title>Residentes italianos eligen a representantes - El Diario - Bolivia<\/title>\n<meta name=\"robots\" content=\"index, follow, max-snippet:-1, max-image-preview:large, max-video-preview:-1\" \/>\n<link rel=\"canonical\" href=\"https:\/\/www.eldiario.net\/portal\/2021\/11\/10\/residentes-italianos-eligen-a-representantes\/\" \/>\n<meta property=\"og:locale\" content=\"es_ES\" \/>\n<meta property=\"og:type\" content=\"article\" \/>\n<meta property=\"og:title\" content=\"Residentes italianos eligen a representantes - El Diario - Bolivia\" \/>\n<meta property=\"og:description\" content=\"Los residentes italianos en Bolivia elegir\u00e1n, entre dos f\u00f3rmulas, a su entidad representativa (Com.It.Es) mediante voto que ser\u00e1 emitido v\u00eda postal hasta el pr\u00f3ximo 3 de diciembre. Los elegidos que ejercer\u00e1n funciones de manera voluntaria estar\u00e1n en actividad durante los pr\u00f3ximos cinco a\u00f1os. Un \u201cCom.It.Es\u201d (Comitato degli Italiani al Estero), que traducido significa Comit\u00e9 de [&hellip;]\" \/>\n<meta property=\"og:url\" content=\"https:\/\/www.eldiario.net\/portal\/2021\/11\/10\/residentes-italianos-eligen-a-representantes\/\" \/>\n<meta property=\"og:site_name\" content=\"El Diario - Bolivia\" \/>\n<meta property=\"article:publisher\" content=\"https:\/\/www.facebook.com\/eldiario.bolivia\/\" \/>\n<meta property=\"article:published_time\" content=\"2021-11-10T09:32:50+00:00\" \/>\n<meta name=\"author\" content=\"Jeanette\" \/>\n<meta name=\"twitter:card\" content=\"summary_large_image\" \/>\n<meta name=\"twitter:creator\" content=\"@eldiario_net\" \/>\n<meta name=\"twitter:site\" content=\"@eldiario_net\" \/>\n<meta name=\"twitter:label1\" content=\"Escrito por\" \/>\n\t<meta name=\"twitter:data1\" content=\"Jeanette\" \/>\n\t<meta name=\"twitter:label2\" content=\"Tiempo de lectura\" \/>\n\t<meta name=\"twitter:data2\" content=\"2 minutos\" \/>\n<script type=\"application\/ld+json\" class=\"yoast-schema-graph\">{\"@context\":\"https:\\\/\\\/schema.org\",\"@graph\":[{\"@type\":\"Article\",\"@id\":\"https:\\\/\\\/www.eldiario.net\\\/portal\\\/2021\\\/11\\\/10\\\/residentes-italianos-eligen-a-representantes\\\/#article\",\"isPartOf\":{\"@id\":\"https:\\\/\\\/www.eldiario.net\\\/portal\\\/2021\\\/11\\\/10\\\/residentes-italianos-eligen-a-representantes\\\/\"},\"author\":{\"name\":\"Jeanette\",\"@id\":\"https:\\\/\\\/www.eldiario.net\\\/portal\\\/#\\\/schema\\\/person\\\/f46445640444750d7d753ccd04ae01b7\"},\"headline\":\"Residentes italianos eligen a representantes\",\"datePublished\":\"2021-11-10T09:32:50+00:00\",\"mainEntityOfPage\":{\"@id\":\"https:\\\/\\\/www.eldiario.net\\\/portal\\\/2021\\\/11\\\/10\\\/residentes-italianos-eligen-a-representantes\\\/\"},\"wordCount\":389,\"publisher\":{\"@id\":\"https:\\\/\\\/www.eldiario.net\\\/portal\\\/#organization\"},\"articleSection\":[\"Nacional\"],\"inLanguage\":\"es\"},{\"@type\":\"WebPage\",\"@id\":\"https:\\\/\\\/www.eldiario.net\\\/portal\\\/2021\\\/11\\\/10\\\/residentes-italianos-eligen-a-representantes\\\/\",\"url\":\"https:\\\/\\\/www.eldiario.net\\\/portal\\\/2021\\\/11\\\/10\\\/residentes-italianos-eligen-a-representantes\\\/\",\"name\":\"Residentes italianos eligen a representantes - El Diario - Bolivia\",\"isPartOf\":{\"@id\":\"https:\\\/\\\/www.eldiario.net\\\/portal\\\/#website\"},\"datePublished\":\"2021-11-10T09:32:50+00:00\",\"breadcrumb\":{\"@id\":\"https:\\\/\\\/www.eldiario.net\\\/portal\\\/2021\\\/11\\\/10\\\/residentes-italianos-eligen-a-representantes\\\/#breadcrumb\"},\"inLanguage\":\"es\",\"potentialAction\":[{\"@type\":\"ReadAction\",\"target\":[\"https:\\\/\\\/www.eldiario.net\\\/portal\\\/2021\\\/11\\\/10\\\/residentes-italianos-eligen-a-representantes\\\/\"]}]},{\"@type\":\"BreadcrumbList\",\"@id\":\"https:\\\/\\\/www.eldiario.net\\\/portal\\\/2021\\\/11\\\/10\\\/residentes-italianos-eligen-a-representantes\\\/#breadcrumb\",\"itemListElement\":[{\"@type\":\"ListItem\",\"position\":1,\"name\":\"Portada\",\"item\":\"https:\\\/\\\/www.eldiario.net\\\/portal\\\/\"},{\"@type\":\"ListItem\",\"position\":2,\"name\":\"Residentes italianos eligen a representantes\"}]},{\"@type\":\"WebSite\",\"@id\":\"https:\\\/\\\/www.eldiario.net\\\/portal\\\/#website\",\"url\":\"https:\\\/\\\/www.eldiario.net\\\/portal\\\/\",\"name\":\"El Diario - Decano de la prensa nacional\",\"description\":\"El Diario - Decano de la prensa nacional\",\"publisher\":{\"@id\":\"https:\\\/\\\/www.eldiario.net\\\/portal\\\/#organization\"},\"potentialAction\":[{\"@type\":\"SearchAction\",\"target\":{\"@type\":\"EntryPoint\",\"urlTemplate\":\"https:\\\/\\\/www.eldiario.net\\\/portal\\\/?s={search_term_string}\"},\"query-input\":{\"@type\":\"PropertyValueSpecification\",\"valueRequired\":true,\"valueName\":\"search_term_string\"}}],\"inLanguage\":\"es\"},{\"@type\":\"Organization\",\"@id\":\"https:\\\/\\\/www.eldiario.net\\\/portal\\\/#organization\",\"name\":\"El Diario - Decano de la prensa nacional\",\"url\":\"https:\\\/\\\/www.eldiario.net\\\/portal\\\/\",\"logo\":{\"@type\":\"ImageObject\",\"inLanguage\":\"es\",\"@id\":\"https:\\\/\\\/www.eldiario.net\\\/portal\\\/#\\\/schema\\\/logo\\\/image\\\/\",\"url\":\"https:\\\/\\\/www.eldiario.net\\\/portal\\\/wp-content\\\/uploads\\\/2023\\\/07\\\/logo_ED.jpg\",\"contentUrl\":\"https:\\\/\\\/www.eldiario.net\\\/portal\\\/wp-content\\\/uploads\\\/2023\\\/07\\\/logo_ED.jpg\",\"width\":272,\"height\":52,\"caption\":\"El Diario - Decano de la prensa nacional\"},\"image\":{\"@id\":\"https:\\\/\\\/www.eldiario.net\\\/portal\\\/#\\\/schema\\\/logo\\\/image\\\/\"},\"sameAs\":[\"https:\\\/\\\/www.facebook.com\\\/eldiario.bolivia\\\/\",\"https:\\\/\\\/x.com\\\/eldiario_net\"]},{\"@type\":\"Person\",\"@id\":\"https:\\\/\\\/www.eldiario.net\\\/portal\\\/#\\\/schema\\\/person\\\/f46445640444750d7d753ccd04ae01b7\",\"name\":\"Jeanette\",\"image\":{\"@type\":\"ImageObject\",\"inLanguage\":\"es\",\"@id\":\"https:\\\/\\\/secure.gravatar.com\\\/avatar\\\/3ea2118a5f7dad2b7138b1187a6b7ee55f160b9968b66013c3a3ef39dd7e5798?s=96&d=mm&r=g\",\"url\":\"https:\\\/\\\/secure.gravatar.com\\\/avatar\\\/3ea2118a5f7dad2b7138b1187a6b7ee55f160b9968b66013c3a3ef39dd7e5798?s=96&d=mm&r=g\",\"contentUrl\":\"https:\\\/\\\/secure.gravatar.com\\\/avatar\\\/3ea2118a5f7dad2b7138b1187a6b7ee55f160b9968b66013c3a3ef39dd7e5798?s=96&d=mm&r=g\",\"caption\":\"Jeanette\"},\"sameAs\":[\"https:\\\/\\\/www.eldiario.net\\\/portal\"],\"url\":\"https:\\\/\\\/www.eldiario.net\\\/portal\\\/author\\\/jeanette\\\/\"}]}<\/script>\n<!-- \/ Yoast SEO plugin. -->","yoast_head_json":{"title":"Residentes italianos eligen a representantes - El Diario - Bolivia","robots":{"index":"index","follow":"follow","max-snippet":"max-snippet:-1","max-image-preview":"max-image-preview:large","max-video-preview":"max-video-preview:-1"},"canonical":"https:\/\/www.eldiario.net\/portal\/2021\/11\/10\/residentes-italianos-eligen-a-representantes\/","og_locale":"es_ES","og_type":"article","og_title":"Residentes italianos eligen a representantes - El Diario - Bolivia","og_description":"Los residentes italianos en Bolivia elegir\u00e1n, entre dos f\u00f3rmulas, a su entidad representativa (Com.It.Es) mediante voto que ser\u00e1 emitido v\u00eda postal hasta el pr\u00f3ximo 3 de diciembre. Los elegidos que ejercer\u00e1n funciones de manera voluntaria estar\u00e1n en actividad durante los pr\u00f3ximos cinco a\u00f1os. Un \u201cCom.It.Es\u201d (Comitato degli Italiani al Estero), que traducido significa Comit\u00e9 de [&hellip;]","og_url":"https:\/\/www.eldiario.net\/portal\/2021\/11\/10\/residentes-italianos-eligen-a-representantes\/","og_site_name":"El Diario - Bolivia","article_publisher":"https:\/\/www.facebook.com\/eldiario.bolivia\/","article_published_time":"2021-11-10T09:32:50+00:00","author":"Jeanette","twitter_card":"summary_large_image","twitter_creator":"@eldiario_net","twitter_site":"@eldiario_net","twitter_misc":{"Escrito por":"Jeanette","Tiempo de lectura":"2 minutos"},"schema":{"@context":"https:\/\/schema.org","@graph":[{"@type":"Article","@id":"https:\/\/www.eldiario.net\/portal\/2021\/11\/10\/residentes-italianos-eligen-a-representantes\/#article","isPartOf":{"@id":"https:\/\/www.eldiario.net\/portal\/2021\/11\/10\/residentes-italianos-eligen-a-representantes\/"},"author":{"name":"Jeanette","@id":"https:\/\/www.eldiario.net\/portal\/#\/schema\/person\/f46445640444750d7d753ccd04ae01b7"},"headline":"Residentes italianos eligen a representantes","datePublished":"2021-11-10T09:32:50+00:00","mainEntityOfPage":{"@id":"https:\/\/www.eldiario.net\/portal\/2021\/11\/10\/residentes-italianos-eligen-a-representantes\/"},"wordCount":389,"publisher":{"@id":"https:\/\/www.eldiario.net\/portal\/#organization"},"articleSection":["Nacional"],"inLanguage":"es"},{"@type":"WebPage","@id":"https:\/\/www.eldiario.net\/portal\/2021\/11\/10\/residentes-italianos-eligen-a-representantes\/","url":"https:\/\/www.eldiario.net\/portal\/2021\/11\/10\/residentes-italianos-eligen-a-representantes\/","name":"Residentes italianos eligen a representantes - El Diario - Bolivia","isPartOf":{"@id":"https:\/\/www.eldiario.net\/portal\/#website"},"datePublished":"2021-11-10T09:32:50+00:00","breadcrumb":{"@id":"https:\/\/www.eldiario.net\/portal\/2021\/11\/10\/residentes-italianos-eligen-a-representantes\/#breadcrumb"},"inLanguage":"es","potentialAction":[{"@type":"ReadAction","target":["https:\/\/www.eldiario.net\/portal\/2021\/11\/10\/residentes-italianos-eligen-a-representantes\/"]}]},{"@type":"BreadcrumbList","@id":"https:\/\/www.eldiario.net\/portal\/2021\/11\/10\/residentes-italianos-eligen-a-representantes\/#breadcrumb","itemListElement":[{"@type":"ListItem","position":1,"name":"Portada","item":"https:\/\/www.eldiario.net\/portal\/"},{"@type":"ListItem","position":2,"name":"Residentes italianos eligen a representantes"}]},{"@type":"WebSite","@id":"https:\/\/www.eldiario.net\/portal\/#website","url":"https:\/\/www.eldiario.net\/portal\/","name":"El Diario - Decano de la prensa nacional","description":"El Diario - Decano de la prensa nacional","publisher":{"@id":"https:\/\/www.eldiario.net\/portal\/#organization"},"potentialAction":[{"@type":"SearchAction","target":{"@type":"EntryPoint","urlTemplate":"https:\/\/www.eldiario.net\/portal\/?s={search_term_string}"},"query-input":{"@type":"PropertyValueSpecification","valueRequired":true,"valueName":"search_term_string"}}],"inLanguage":"es"},{"@type":"Organization","@id":"https:\/\/www.eldiario.net\/portal\/#organization","name":"El Diario - Decano de la prensa nacional","url":"https:\/\/www.eldiario.net\/portal\/","logo":{"@type":"ImageObject","inLanguage":"es","@id":"https:\/\/www.eldiario.net\/portal\/#\/schema\/logo\/image\/","url":"https:\/\/www.eldiario.net\/portal\/wp-content\/uploads\/2023\/07\/logo_ED.jpg","contentUrl":"https:\/\/www.eldiario.net\/portal\/wp-content\/uploads\/2023\/07\/logo_ED.jpg","width":272,"height":52,"caption":"El Diario - Decano de la prensa nacional"},"image":{"@id":"https:\/\/www.eldiario.net\/portal\/#\/schema\/logo\/image\/"},"sameAs":["https:\/\/www.facebook.com\/eldiario.bolivia\/","https:\/\/x.com\/eldiario_net"]},{"@type":"Person","@id":"https:\/\/www.eldiario.net\/portal\/#\/schema\/person\/f46445640444750d7d753ccd04ae01b7","name":"Jeanette","image":{"@type":"ImageObject","inLanguage":"es","@id":"https:\/\/secure.gravatar.com\/avatar\/3ea2118a5f7dad2b7138b1187a6b7ee55f160b9968b66013c3a3ef39dd7e5798?s=96&d=mm&r=g","url":"https:\/\/secure.gravatar.com\/avatar\/3ea2118a5f7dad2b7138b1187a6b7ee55f160b9968b66013c3a3ef39dd7e5798?s=96&d=mm&r=g","contentUrl":"https:\/\/secure.gravatar.com\/avatar\/3ea2118a5f7dad2b7138b1187a6b7ee55f160b9968b66013c3a3ef39dd7e5798?s=96&d=mm&r=g","caption":"Jeanette"},"sameAs":["https:\/\/www.eldiario.net\/portal"],"url":"https:\/\/www.eldiario.net\/portal\/author\/jeanette\/"}]}},"_links":{"self":[{"href":"https:\/\/www.eldiario.net\/portal\/wp-json\/wp\/v2\/posts\/42105","targetHints":{"allow":["GET"]}}],"collection":[{"href":"https:\/\/www.eldiario.net\/portal\/wp-json\/wp\/v2\/posts"}],"about":[{"href":"https:\/\/www.eldiario.net\/portal\/wp-json\/wp\/v2\/types\/post"}],"author":[{"embeddable":true,"href":"https:\/\/www.eldiario.net\/portal\/wp-json\/wp\/v2\/users\/1"}],"replies":[{"embeddable":true,"href":"https:\/\/www.eldiario.net\/portal\/wp-json\/wp\/v2\/comments?post=42105"}],"version-history":[{"count":0,"href":"https:\/\/www.eldiario.net\/portal\/wp-json\/wp\/v2\/posts\/42105\/revisions"}],"wp:attachment":[{"href":"https:\/\/www.eldiario.net\/portal\/wp-json\/wp\/v2\/media?parent=42105"}],"wp:term":[{"taxonomy":"category","embeddable":true,"href":"https:\/\/www.eldiario.net\/portal\/wp-json\/wp\/v2\/categories?post=42105"},{"taxonomy":"post_tag","embeddable":true,"href":"https:\/\/www.eldiario.net\/portal\/wp-json\/wp\/v2\/tags?post=42105"}],"curies":[{"name":"wp","href":"https:\/\/api.w.org\/{rel}","templated":true}]}}