{"id":42100,"date":"2021-11-10T05:31:41","date_gmt":"2021-11-10T09:31:41","guid":{"rendered":"https:\/\/www.eldiario.net\/portal\/?p=42100"},"modified":"2021-11-10T05:31:41","modified_gmt":"2021-11-10T09:31:41","slug":"gremiales-altenos-retoman-protestas-contra-ley-1386","status":"publish","type":"post","link":"https:\/\/www.eldiario.net\/portal\/2021\/11\/10\/gremiales-altenos-retoman-protestas-contra-ley-1386\/","title":{"rendered":"Gremiales alte\u00f1os retoman   protestas contra Ley 1386"},"content":{"rendered":"<p>El dirigente de los gremiales de la ciudad de El Alto, To\u00f1o Si\u00f1ani, asegur\u00f3 ayer que luego del cuarto intermedio de su sector en las movilizaciones del paro indefinido contra la Ley 1386 ser\u00e1n retomadas hoy nuevamente con otras estrategias de lucha.<br \/>\nLuego del primer d\u00eda de movilizaci\u00f3n de uno de los sectores m\u00e1s representativos como es la familia gremial de la urbe alte\u00f1a, el martes decidieron un alto a estas medidas de protesta, debido a que en esta ciudad como todos los martes se lleva una de las ferias m\u00e1s grandes como es el Saj\u2019ra katu, en la zona de Alto Lima, por lo que sus afiliados decidieron asistir a sus puestos de venta.<br \/>\nSin embargo, a trav\u00e9s de su dirigente To\u00f1o Si\u00f1ani, aseguraron que hoy mi\u00e9rcoles las medidas de presi\u00f3n ser\u00e1n retomadas y sumarse a las movilizaciones del paro indefinido junto a otras organizaciones que luchan por la abrogaci\u00f3n de la Ley 1386.<br \/>\n\u201cComo todos sabemos, este martes se realiza una de las ferias m\u00e1s grandes en la zona de Alto Lima, como es el Saj\u2019ra katu, al cual nuestras afiliadas pidieron asistir, por eso hemos entrado en este cuarto intermedio, pero ahora estamos retomando nuestra movilizaciones con m\u00e1s fuerza y otras estrategia de lucha, contra esta ley\u201d, explic\u00f3 el dirigente Si\u00f1ani.<br \/>\nPara el efecto, seg\u00fan el cronograma de marchas, se ha establecido que nuevamente, como el primer d\u00eda, la concentraci\u00f3n ser\u00e1 a las 8.00 de la ma\u00f1ana en inmediaciones del Cementerio General de La Paz para bajar hasta el centro de la sede de Gobierno y sumarse al resto de las organizaciones sociales.<br \/>\nDe la misma manera, se anunci\u00f3 otras estrategias de lucha, porque si bien el primer d\u00eda de movilizaciones solo se han realizado marchas y sin bloqueos, en esta segunda oportunidad los gremiales de El Alto advirtieron que retornar\u00e1n con m\u00e1s fuerza para luchar contra la ley vigente de ganancias il\u00edcitas que, seg\u00fan el dirigente, atenta a la propiedad privada y las libertades democr\u00e1ticas.<br \/>\nPor otro lado, se analizan en coordinaci\u00f3n con las otras organizaciones sociales para que estas medidas asumidas sean con mayor contundencia, para lo cual se tiene programado una reuni\u00f3n de coordinaci\u00f3n, en la cual ser\u00e1n determinadas las mismas con el objetivo de reforzar las medidas que cumplen las otras organizaciones sociales y c\u00edvicas en Santa Cruz, Cochabamba, Tarija, Potos\u00ed y otros departamentos.<br \/>\n\u201cNo hemos fracasado tal como el Gobierno pretende hacer creer a la poblaci\u00f3n, como todos saben nosotros vivimos al d\u00eda, es por eso que nuestras bases han determinado este cuarto intermedio, pero como hemos anunciado estamos volviendo con m\u00e1s fuerza, desde hoy\u201d, dijo el dirigente Si\u00f1ani.<br \/>\nCon relaci\u00f3n a la supuesta divisi\u00f3n del sector que se est\u00e1 intentando hacer ver por parte de algunos dirigentes pertenecientes al Movimiento al Socialismo (MAS), se ha hecho conocer que la familia gremial de El Alto, est\u00e1 m\u00e1s unida que nunca, donde solo un grupo a la cabeza de Rodolfo Mancilla viene tergiversando la informaci\u00f3n, seg\u00fan el dirigente To\u00f1o Si\u00f1ani.<\/p>\n","protected":false},"excerpt":{"rendered":"<p>El dirigente de los gremiales de la ciudad de El Alto, To\u00f1o Si\u00f1ani, asegur\u00f3 ayer que luego del cuarto intermedio de su sector en las movilizaciones del paro indefinido contra la Ley 1386 ser\u00e1n retomadas hoy nuevamente con otras estrategias de lucha. Luego del primer d\u00eda de movilizaci\u00f3n de uno de los sectores m\u00e1s representativos [&hellip;]<\/p>\n","protected":false},"author":1,"featured_media":42101,"comment_status":"closed","ping_status":"closed","sticky":false,"template":"","format":"standard","meta":{"_acf_changed":false,"footnotes":""},"categories":[12],"tags":[],"class_list":["post-42100","post","type-post","status-publish","format-standard","has-post-thumbnail","category-nacional"],"acf":{"antetitulo":""},"yoast_head":"<!-- This site is optimized with the Yoast SEO plugin v28.4 - https:\/\/yoast.com\/product\/yoast-seo-wordpress\/ -->\n<title>Gremiales alte\u00f1os retoman  protestas contra Ley 1386 - El Diario - Bolivia<\/title>\n<meta name=\"robots\" content=\"index, follow, max-snippet:-1, max-image-preview:large, max-video-preview:-1\" \/>\n<link rel=\"canonical\" href=\"https:\/\/www.eldiario.net\/portal\/2021\/11\/10\/gremiales-altenos-retoman-protestas-contra-ley-1386\/\" \/>\n<meta property=\"og:locale\" content=\"es_ES\" \/>\n<meta property=\"og:type\" content=\"article\" \/>\n<meta property=\"og:title\" content=\"Gremiales alte\u00f1os retoman  protestas contra Ley 1386 - El Diario - Bolivia\" \/>\n<meta property=\"og:description\" content=\"El dirigente de los gremiales de la ciudad de El Alto, To\u00f1o Si\u00f1ani, asegur\u00f3 ayer que luego del cuarto intermedio de su sector en las movilizaciones del paro indefinido contra la Ley 1386 ser\u00e1n retomadas hoy nuevamente con otras estrategias de lucha. Luego del primer d\u00eda de movilizaci\u00f3n de uno de los sectores m\u00e1s representativos [&hellip;]\" \/>\n<meta property=\"og:url\" content=\"https:\/\/www.eldiario.net\/portal\/2021\/11\/10\/gremiales-altenos-retoman-protestas-contra-ley-1386\/\" \/>\n<meta property=\"og:site_name\" content=\"El Diario - Bolivia\" \/>\n<meta property=\"article:publisher\" content=\"https:\/\/www.facebook.com\/eldiario.bolivia\/\" \/>\n<meta property=\"article:published_time\" content=\"2021-11-10T09:31:41+00:00\" \/>\n<meta name=\"author\" content=\"Jeanette\" \/>\n<meta name=\"twitter:card\" content=\"summary_large_image\" \/>\n<meta name=\"twitter:creator\" content=\"@eldiario_net\" \/>\n<meta name=\"twitter:site\" content=\"@eldiario_net\" \/>\n<meta name=\"twitter:label1\" content=\"Escrito por\" \/>\n\t<meta name=\"twitter:data1\" content=\"Jeanette\" \/>\n\t<meta name=\"twitter:label2\" content=\"Tiempo de lectura\" \/>\n\t<meta name=\"twitter:data2\" content=\"3 minutos\" \/>\n<script type=\"application\/ld+json\" class=\"yoast-schema-graph\">{\"@context\":\"https:\\\/\\\/schema.org\",\"@graph\":[{\"@type\":\"Article\",\"@id\":\"https:\\\/\\\/www.eldiario.net\\\/portal\\\/2021\\\/11\\\/10\\\/gremiales-altenos-retoman-protestas-contra-ley-1386\\\/#article\",\"isPartOf\":{\"@id\":\"https:\\\/\\\/www.eldiario.net\\\/portal\\\/2021\\\/11\\\/10\\\/gremiales-altenos-retoman-protestas-contra-ley-1386\\\/\"},\"author\":{\"name\":\"Jeanette\",\"@id\":\"https:\\\/\\\/www.eldiario.net\\\/portal\\\/#\\\/schema\\\/person\\\/f46445640444750d7d753ccd04ae01b7\"},\"headline\":\"Gremiales alte\u00f1os retoman protestas contra Ley 1386\",\"datePublished\":\"2021-11-10T09:31:41+00:00\",\"mainEntityOfPage\":{\"@id\":\"https:\\\/\\\/www.eldiario.net\\\/portal\\\/2021\\\/11\\\/10\\\/gremiales-altenos-retoman-protestas-contra-ley-1386\\\/\"},\"wordCount\":547,\"publisher\":{\"@id\":\"https:\\\/\\\/www.eldiario.net\\\/portal\\\/#organization\"},\"image\":{\"@id\":\"https:\\\/\\\/www.eldiario.net\\\/portal\\\/2021\\\/11\\\/10\\\/gremiales-altenos-retoman-protestas-contra-ley-1386\\\/#primaryimage\"},\"thumbnailUrl\":\"\",\"articleSection\":[\"Nacional\"],\"inLanguage\":\"es\"},{\"@type\":\"WebPage\",\"@id\":\"https:\\\/\\\/www.eldiario.net\\\/portal\\\/2021\\\/11\\\/10\\\/gremiales-altenos-retoman-protestas-contra-ley-1386\\\/\",\"url\":\"https:\\\/\\\/www.eldiario.net\\\/portal\\\/2021\\\/11\\\/10\\\/gremiales-altenos-retoman-protestas-contra-ley-1386\\\/\",\"name\":\"Gremiales alte\u00f1os retoman protestas contra Ley 1386 - El Diario - Bolivia\",\"isPartOf\":{\"@id\":\"https:\\\/\\\/www.eldiario.net\\\/portal\\\/#website\"},\"primaryImageOfPage\":{\"@id\":\"https:\\\/\\\/www.eldiario.net\\\/portal\\\/2021\\\/11\\\/10\\\/gremiales-altenos-retoman-protestas-contra-ley-1386\\\/#primaryimage\"},\"image\":{\"@id\":\"https:\\\/\\\/www.eldiario.net\\\/portal\\\/2021\\\/11\\\/10\\\/gremiales-altenos-retoman-protestas-contra-ley-1386\\\/#primaryimage\"},\"thumbnailUrl\":\"\",\"datePublished\":\"2021-11-10T09:31:41+00:00\",\"breadcrumb\":{\"@id\":\"https:\\\/\\\/www.eldiario.net\\\/portal\\\/2021\\\/11\\\/10\\\/gremiales-altenos-retoman-protestas-contra-ley-1386\\\/#breadcrumb\"},\"inLanguage\":\"es\",\"potentialAction\":[{\"@type\":\"ReadAction\",\"target\":[\"https:\\\/\\\/www.eldiario.net\\\/portal\\\/2021\\\/11\\\/10\\\/gremiales-altenos-retoman-protestas-contra-ley-1386\\\/\"]}]},{\"@type\":\"ImageObject\",\"inLanguage\":\"es\",\"@id\":\"https:\\\/\\\/www.eldiario.net\\\/portal\\\/2021\\\/11\\\/10\\\/gremiales-altenos-retoman-protestas-contra-ley-1386\\\/#primaryimage\",\"url\":\"\",\"contentUrl\":\"\"},{\"@type\":\"BreadcrumbList\",\"@id\":\"https:\\\/\\\/www.eldiario.net\\\/portal\\\/2021\\\/11\\\/10\\\/gremiales-altenos-retoman-protestas-contra-ley-1386\\\/#breadcrumb\",\"itemListElement\":[{\"@type\":\"ListItem\",\"position\":1,\"name\":\"Portada\",\"item\":\"https:\\\/\\\/www.eldiario.net\\\/portal\\\/\"},{\"@type\":\"ListItem\",\"position\":2,\"name\":\"Gremiales alte\u00f1os retoman protestas contra Ley 1386\"}]},{\"@type\":\"WebSite\",\"@id\":\"https:\\\/\\\/www.eldiario.net\\\/portal\\\/#website\",\"url\":\"https:\\\/\\\/www.eldiario.net\\\/portal\\\/\",\"name\":\"El Diario - Decano de la prensa nacional\",\"description\":\"El Diario - Decano de la prensa nacional\",\"publisher\":{\"@id\":\"https:\\\/\\\/www.eldiario.net\\\/portal\\\/#organization\"},\"potentialAction\":[{\"@type\":\"SearchAction\",\"target\":{\"@type\":\"EntryPoint\",\"urlTemplate\":\"https:\\\/\\\/www.eldiario.net\\\/portal\\\/?s={search_term_string}\"},\"query-input\":{\"@type\":\"PropertyValueSpecification\",\"valueRequired\":true,\"valueName\":\"search_term_string\"}}],\"inLanguage\":\"es\"},{\"@type\":\"Organization\",\"@id\":\"https:\\\/\\\/www.eldiario.net\\\/portal\\\/#organization\",\"name\":\"El Diario - Decano de la prensa nacional\",\"url\":\"https:\\\/\\\/www.eldiario.net\\\/portal\\\/\",\"logo\":{\"@type\":\"ImageObject\",\"inLanguage\":\"es\",\"@id\":\"https:\\\/\\\/www.eldiario.net\\\/portal\\\/#\\\/schema\\\/logo\\\/image\\\/\",\"url\":\"https:\\\/\\\/www.eldiario.net\\\/portal\\\/wp-content\\\/uploads\\\/2023\\\/07\\\/logo_ED.jpg\",\"contentUrl\":\"https:\\\/\\\/www.eldiario.net\\\/portal\\\/wp-content\\\/uploads\\\/2023\\\/07\\\/logo_ED.jpg\",\"width\":272,\"height\":52,\"caption\":\"El Diario - Decano de la prensa nacional\"},\"image\":{\"@id\":\"https:\\\/\\\/www.eldiario.net\\\/portal\\\/#\\\/schema\\\/logo\\\/image\\\/\"},\"sameAs\":[\"https:\\\/\\\/www.facebook.com\\\/eldiario.bolivia\\\/\",\"https:\\\/\\\/x.com\\\/eldiario_net\"]},{\"@type\":\"Person\",\"@id\":\"https:\\\/\\\/www.eldiario.net\\\/portal\\\/#\\\/schema\\\/person\\\/f46445640444750d7d753ccd04ae01b7\",\"name\":\"Jeanette\",\"image\":{\"@type\":\"ImageObject\",\"inLanguage\":\"es\",\"@id\":\"https:\\\/\\\/secure.gravatar.com\\\/avatar\\\/3ea2118a5f7dad2b7138b1187a6b7ee55f160b9968b66013c3a3ef39dd7e5798?s=96&d=mm&r=g\",\"url\":\"https:\\\/\\\/secure.gravatar.com\\\/avatar\\\/3ea2118a5f7dad2b7138b1187a6b7ee55f160b9968b66013c3a3ef39dd7e5798?s=96&d=mm&r=g\",\"contentUrl\":\"https:\\\/\\\/secure.gravatar.com\\\/avatar\\\/3ea2118a5f7dad2b7138b1187a6b7ee55f160b9968b66013c3a3ef39dd7e5798?s=96&d=mm&r=g\",\"caption\":\"Jeanette\"},\"sameAs\":[\"https:\\\/\\\/www.eldiario.net\\\/portal\"],\"url\":\"https:\\\/\\\/www.eldiario.net\\\/portal\\\/author\\\/jeanette\\\/\"}]}<\/script>\n<!-- \/ Yoast SEO plugin. -->","yoast_head_json":{"title":"Gremiales alte\u00f1os retoman  protestas contra Ley 1386 - El Diario - Bolivia","robots":{"index":"index","follow":"follow","max-snippet":"max-snippet:-1","max-image-preview":"max-image-preview:large","max-video-preview":"max-video-preview:-1"},"canonical":"https:\/\/www.eldiario.net\/portal\/2021\/11\/10\/gremiales-altenos-retoman-protestas-contra-ley-1386\/","og_locale":"es_ES","og_type":"article","og_title":"Gremiales alte\u00f1os retoman  protestas contra Ley 1386 - El Diario - Bolivia","og_description":"El dirigente de los gremiales de la ciudad de El Alto, To\u00f1o Si\u00f1ani, asegur\u00f3 ayer que luego del cuarto intermedio de su sector en las movilizaciones del paro indefinido contra la Ley 1386 ser\u00e1n retomadas hoy nuevamente con otras estrategias de lucha. Luego del primer d\u00eda de movilizaci\u00f3n de uno de los sectores m\u00e1s representativos [&hellip;]","og_url":"https:\/\/www.eldiario.net\/portal\/2021\/11\/10\/gremiales-altenos-retoman-protestas-contra-ley-1386\/","og_site_name":"El Diario - Bolivia","article_publisher":"https:\/\/www.facebook.com\/eldiario.bolivia\/","article_published_time":"2021-11-10T09:31:41+00:00","author":"Jeanette","twitter_card":"summary_large_image","twitter_creator":"@eldiario_net","twitter_site":"@eldiario_net","twitter_misc":{"Escrito por":"Jeanette","Tiempo de lectura":"3 minutos"},"schema":{"@context":"https:\/\/schema.org","@graph":[{"@type":"Article","@id":"https:\/\/www.eldiario.net\/portal\/2021\/11\/10\/gremiales-altenos-retoman-protestas-contra-ley-1386\/#article","isPartOf":{"@id":"https:\/\/www.eldiario.net\/portal\/2021\/11\/10\/gremiales-altenos-retoman-protestas-contra-ley-1386\/"},"author":{"name":"Jeanette","@id":"https:\/\/www.eldiario.net\/portal\/#\/schema\/person\/f46445640444750d7d753ccd04ae01b7"},"headline":"Gremiales alte\u00f1os retoman protestas contra Ley 1386","datePublished":"2021-11-10T09:31:41+00:00","mainEntityOfPage":{"@id":"https:\/\/www.eldiario.net\/portal\/2021\/11\/10\/gremiales-altenos-retoman-protestas-contra-ley-1386\/"},"wordCount":547,"publisher":{"@id":"https:\/\/www.eldiario.net\/portal\/#organization"},"image":{"@id":"https:\/\/www.eldiario.net\/portal\/2021\/11\/10\/gremiales-altenos-retoman-protestas-contra-ley-1386\/#primaryimage"},"thumbnailUrl":"","articleSection":["Nacional"],"inLanguage":"es"},{"@type":"WebPage","@id":"https:\/\/www.eldiario.net\/portal\/2021\/11\/10\/gremiales-altenos-retoman-protestas-contra-ley-1386\/","url":"https:\/\/www.eldiario.net\/portal\/2021\/11\/10\/gremiales-altenos-retoman-protestas-contra-ley-1386\/","name":"Gremiales alte\u00f1os retoman protestas contra Ley 1386 - El Diario - Bolivia","isPartOf":{"@id":"https:\/\/www.eldiario.net\/portal\/#website"},"primaryImageOfPage":{"@id":"https:\/\/www.eldiario.net\/portal\/2021\/11\/10\/gremiales-altenos-retoman-protestas-contra-ley-1386\/#primaryimage"},"image":{"@id":"https:\/\/www.eldiario.net\/portal\/2021\/11\/10\/gremiales-altenos-retoman-protestas-contra-ley-1386\/#primaryimage"},"thumbnailUrl":"","datePublished":"2021-11-10T09:31:41+00:00","breadcrumb":{"@id":"https:\/\/www.eldiario.net\/portal\/2021\/11\/10\/gremiales-altenos-retoman-protestas-contra-ley-1386\/#breadcrumb"},"inLanguage":"es","potentialAction":[{"@type":"ReadAction","target":["https:\/\/www.eldiario.net\/portal\/2021\/11\/10\/gremiales-altenos-retoman-protestas-contra-ley-1386\/"]}]},{"@type":"ImageObject","inLanguage":"es","@id":"https:\/\/www.eldiario.net\/portal\/2021\/11\/10\/gremiales-altenos-retoman-protestas-contra-ley-1386\/#primaryimage","url":"","contentUrl":""},{"@type":"BreadcrumbList","@id":"https:\/\/www.eldiario.net\/portal\/2021\/11\/10\/gremiales-altenos-retoman-protestas-contra-ley-1386\/#breadcrumb","itemListElement":[{"@type":"ListItem","position":1,"name":"Portada","item":"https:\/\/www.eldiario.net\/portal\/"},{"@type":"ListItem","position":2,"name":"Gremiales alte\u00f1os retoman protestas contra Ley 1386"}]},{"@type":"WebSite","@id":"https:\/\/www.eldiario.net\/portal\/#website","url":"https:\/\/www.eldiario.net\/portal\/","name":"El Diario - Decano de la prensa nacional","description":"El Diario - Decano de la prensa nacional","publisher":{"@id":"https:\/\/www.eldiario.net\/portal\/#organization"},"potentialAction":[{"@type":"SearchAction","target":{"@type":"EntryPoint","urlTemplate":"https:\/\/www.eldiario.net\/portal\/?s={search_term_string}"},"query-input":{"@type":"PropertyValueSpecification","valueRequired":true,"valueName":"search_term_string"}}],"inLanguage":"es"},{"@type":"Organization","@id":"https:\/\/www.eldiario.net\/portal\/#organization","name":"El Diario - Decano de la prensa nacional","url":"https:\/\/www.eldiario.net\/portal\/","logo":{"@type":"ImageObject","inLanguage":"es","@id":"https:\/\/www.eldiario.net\/portal\/#\/schema\/logo\/image\/","url":"https:\/\/www.eldiario.net\/portal\/wp-content\/uploads\/2023\/07\/logo_ED.jpg","contentUrl":"https:\/\/www.eldiario.net\/portal\/wp-content\/uploads\/2023\/07\/logo_ED.jpg","width":272,"height":52,"caption":"El Diario - Decano de la prensa nacional"},"image":{"@id":"https:\/\/www.eldiario.net\/portal\/#\/schema\/logo\/image\/"},"sameAs":["https:\/\/www.facebook.com\/eldiario.bolivia\/","https:\/\/x.com\/eldiario_net"]},{"@type":"Person","@id":"https:\/\/www.eldiario.net\/portal\/#\/schema\/person\/f46445640444750d7d753ccd04ae01b7","name":"Jeanette","image":{"@type":"ImageObject","inLanguage":"es","@id":"https:\/\/secure.gravatar.com\/avatar\/3ea2118a5f7dad2b7138b1187a6b7ee55f160b9968b66013c3a3ef39dd7e5798?s=96&d=mm&r=g","url":"https:\/\/secure.gravatar.com\/avatar\/3ea2118a5f7dad2b7138b1187a6b7ee55f160b9968b66013c3a3ef39dd7e5798?s=96&d=mm&r=g","contentUrl":"https:\/\/secure.gravatar.com\/avatar\/3ea2118a5f7dad2b7138b1187a6b7ee55f160b9968b66013c3a3ef39dd7e5798?s=96&d=mm&r=g","caption":"Jeanette"},"sameAs":["https:\/\/www.eldiario.net\/portal"],"url":"https:\/\/www.eldiario.net\/portal\/author\/jeanette\/"}]}},"_links":{"self":[{"href":"https:\/\/www.eldiario.net\/portal\/wp-json\/wp\/v2\/posts\/42100","targetHints":{"allow":["GET"]}}],"collection":[{"href":"https:\/\/www.eldiario.net\/portal\/wp-json\/wp\/v2\/posts"}],"about":[{"href":"https:\/\/www.eldiario.net\/portal\/wp-json\/wp\/v2\/types\/post"}],"author":[{"embeddable":true,"href":"https:\/\/www.eldiario.net\/portal\/wp-json\/wp\/v2\/users\/1"}],"replies":[{"embeddable":true,"href":"https:\/\/www.eldiario.net\/portal\/wp-json\/wp\/v2\/comments?post=42100"}],"version-history":[{"count":0,"href":"https:\/\/www.eldiario.net\/portal\/wp-json\/wp\/v2\/posts\/42100\/revisions"}],"wp:attachment":[{"href":"https:\/\/www.eldiario.net\/portal\/wp-json\/wp\/v2\/media?parent=42100"}],"wp:term":[{"taxonomy":"category","embeddable":true,"href":"https:\/\/www.eldiario.net\/portal\/wp-json\/wp\/v2\/categories?post=42100"},{"taxonomy":"post_tag","embeddable":true,"href":"https:\/\/www.eldiario.net\/portal\/wp-json\/wp\/v2\/tags?post=42100"}],"curies":[{"name":"wp","href":"https:\/\/api.w.org\/{rel}","templated":true}]}}