{"id":42096,"date":"2021-11-10T05:30:16","date_gmt":"2021-11-10T09:30:16","guid":{"rendered":"https:\/\/www.eldiario.net\/portal\/?p=42096"},"modified":"2021-11-10T05:30:16","modified_gmt":"2021-11-10T09:30:16","slug":"existe-temor-de-que-estudiantes-vuelvan-a-clases-presenciales","status":"publish","type":"post","link":"https:\/\/www.eldiario.net\/portal\/2021\/11\/10\/existe-temor-de-que-estudiantes-vuelvan-a-clases-presenciales\/","title":{"rendered":"Existe temor de que estudiantes  vuelvan a clases presenciales"},"content":{"rendered":"<p>Los padres de familia en la ciudad de El Alto tienen temor de que sus hijos vuelvan a clases presenciales, ante la falta de equipamiento de bioseguridad en colegios y la posible presencia de la cuarta ola del covid-19, seg\u00fan la dirigente del sector, Jhenny Arce.<br \/>\nA pesar de que algunas unidades educativas de varios distritos, decidieron retornar a las clases presenciales, muchos padres de familia optaron por no enviar a sus hijos al colegio por el temor al contagio del covid-19, debido a que no existen las suficientes garant\u00edas en la implementaci\u00f3n de material de bioseguridad.<br \/>\n\u201cNosotros ya hemos manifestado p\u00fablicamente nuestra posici\u00f3n de no enviar a nuestros hijos a las clases presenciales a pesar de que sali\u00f3 el instructivo por parte del Ministerio de Educaci\u00f3n, de manera obligatoria, pero lo que hemos observado es que la mayor\u00eda de las unidades educativas no cuentan con las garant\u00edas de bioseguridad necesaria\u201d, manifest\u00f3 la representante de los padres de familia, Jhenny Arce.<br \/>\nLa molestia de los progenitores es que denunciaron que existe una total desinformaci\u00f3n y falta de responsabilidad por parte de las autoridades de educaci\u00f3n por un lado del Ministerio de Educaci\u00f3n que se\u00f1ala el retorno a las clases presenciales de forma obligatoria y por otro lado la direcci\u00f3n departamental contradice la decisi\u00f3n donde se\u00f1ala que es opcional, donde el padre puede decidir.<br \/>\nUn recorrido por diferentes unidades educativas de la urbe alte\u00f1a, por parte de la dirigente, pudo constatar que no existe mucha afluencia de estudiantes, precisamente por estos motivos de salud, que deber\u00eda haber sido previsto con anterioridad por parte de las autoridades del Ministerio de Educaci\u00f3n, para el retorno a clases presenciales.<\/p>\n","protected":false},"excerpt":{"rendered":"<p>Los padres de familia en la ciudad de El Alto tienen temor de que sus hijos vuelvan a clases presenciales, ante la falta de equipamiento de bioseguridad en colegios y la posible presencia de la cuarta ola del covid-19, seg\u00fan la dirigente del sector, Jhenny Arce. A pesar de que algunas unidades educativas de varios [&hellip;]<\/p>\n","protected":false},"author":1,"featured_media":42097,"comment_status":"closed","ping_status":"closed","sticky":false,"template":"","format":"standard","meta":{"_acf_changed":false,"footnotes":""},"categories":[12],"tags":[],"class_list":["post-42096","post","type-post","status-publish","format-standard","has-post-thumbnail","category-nacional"],"acf":{"antetitulo":""},"yoast_head":"<!-- This site is optimized with the Yoast SEO plugin v28.4 - https:\/\/yoast.com\/product\/yoast-seo-wordpress\/ -->\n<title>Existe temor de que estudiantes vuelvan a clases presenciales - El Diario - Bolivia<\/title>\n<meta name=\"robots\" content=\"index, follow, max-snippet:-1, max-image-preview:large, max-video-preview:-1\" \/>\n<link rel=\"canonical\" href=\"https:\/\/www.eldiario.net\/portal\/2021\/11\/10\/existe-temor-de-que-estudiantes-vuelvan-a-clases-presenciales\/\" \/>\n<meta property=\"og:locale\" content=\"es_ES\" \/>\n<meta property=\"og:type\" content=\"article\" \/>\n<meta property=\"og:title\" content=\"Existe temor de que estudiantes vuelvan a clases presenciales - El Diario - Bolivia\" \/>\n<meta property=\"og:description\" content=\"Los padres de familia en la ciudad de El Alto tienen temor de que sus hijos vuelvan a clases presenciales, ante la falta de equipamiento de bioseguridad en colegios y la posible presencia de la cuarta ola del covid-19, seg\u00fan la dirigente del sector, Jhenny Arce. A pesar de que algunas unidades educativas de varios [&hellip;]\" \/>\n<meta property=\"og:url\" content=\"https:\/\/www.eldiario.net\/portal\/2021\/11\/10\/existe-temor-de-que-estudiantes-vuelvan-a-clases-presenciales\/\" \/>\n<meta property=\"og:site_name\" content=\"El Diario - Bolivia\" \/>\n<meta property=\"article:publisher\" content=\"https:\/\/www.facebook.com\/eldiario.bolivia\/\" \/>\n<meta property=\"article:published_time\" content=\"2021-11-10T09:30:16+00:00\" \/>\n<meta name=\"author\" content=\"Jeanette\" \/>\n<meta name=\"twitter:card\" content=\"summary_large_image\" \/>\n<meta name=\"twitter:creator\" content=\"@eldiario_net\" \/>\n<meta name=\"twitter:site\" content=\"@eldiario_net\" \/>\n<meta name=\"twitter:label1\" content=\"Escrito por\" \/>\n\t<meta name=\"twitter:data1\" content=\"Jeanette\" \/>\n\t<meta name=\"twitter:label2\" content=\"Tiempo de lectura\" \/>\n\t<meta name=\"twitter:data2\" content=\"2 minutos\" \/>\n<script type=\"application\/ld+json\" class=\"yoast-schema-graph\">{\"@context\":\"https:\\\/\\\/schema.org\",\"@graph\":[{\"@type\":\"Article\",\"@id\":\"https:\\\/\\\/www.eldiario.net\\\/portal\\\/2021\\\/11\\\/10\\\/existe-temor-de-que-estudiantes-vuelvan-a-clases-presenciales\\\/#article\",\"isPartOf\":{\"@id\":\"https:\\\/\\\/www.eldiario.net\\\/portal\\\/2021\\\/11\\\/10\\\/existe-temor-de-que-estudiantes-vuelvan-a-clases-presenciales\\\/\"},\"author\":{\"name\":\"Jeanette\",\"@id\":\"https:\\\/\\\/www.eldiario.net\\\/portal\\\/#\\\/schema\\\/person\\\/f46445640444750d7d753ccd04ae01b7\"},\"headline\":\"Existe temor de que estudiantes vuelvan a clases presenciales\",\"datePublished\":\"2021-11-10T09:30:16+00:00\",\"mainEntityOfPage\":{\"@id\":\"https:\\\/\\\/www.eldiario.net\\\/portal\\\/2021\\\/11\\\/10\\\/existe-temor-de-que-estudiantes-vuelvan-a-clases-presenciales\\\/\"},\"wordCount\":302,\"publisher\":{\"@id\":\"https:\\\/\\\/www.eldiario.net\\\/portal\\\/#organization\"},\"image\":{\"@id\":\"https:\\\/\\\/www.eldiario.net\\\/portal\\\/2021\\\/11\\\/10\\\/existe-temor-de-que-estudiantes-vuelvan-a-clases-presenciales\\\/#primaryimage\"},\"thumbnailUrl\":\"\",\"articleSection\":[\"Nacional\"],\"inLanguage\":\"es\"},{\"@type\":\"WebPage\",\"@id\":\"https:\\\/\\\/www.eldiario.net\\\/portal\\\/2021\\\/11\\\/10\\\/existe-temor-de-que-estudiantes-vuelvan-a-clases-presenciales\\\/\",\"url\":\"https:\\\/\\\/www.eldiario.net\\\/portal\\\/2021\\\/11\\\/10\\\/existe-temor-de-que-estudiantes-vuelvan-a-clases-presenciales\\\/\",\"name\":\"Existe temor de que estudiantes vuelvan a clases presenciales - El Diario - Bolivia\",\"isPartOf\":{\"@id\":\"https:\\\/\\\/www.eldiario.net\\\/portal\\\/#website\"},\"primaryImageOfPage\":{\"@id\":\"https:\\\/\\\/www.eldiario.net\\\/portal\\\/2021\\\/11\\\/10\\\/existe-temor-de-que-estudiantes-vuelvan-a-clases-presenciales\\\/#primaryimage\"},\"image\":{\"@id\":\"https:\\\/\\\/www.eldiario.net\\\/portal\\\/2021\\\/11\\\/10\\\/existe-temor-de-que-estudiantes-vuelvan-a-clases-presenciales\\\/#primaryimage\"},\"thumbnailUrl\":\"\",\"datePublished\":\"2021-11-10T09:30:16+00:00\",\"breadcrumb\":{\"@id\":\"https:\\\/\\\/www.eldiario.net\\\/portal\\\/2021\\\/11\\\/10\\\/existe-temor-de-que-estudiantes-vuelvan-a-clases-presenciales\\\/#breadcrumb\"},\"inLanguage\":\"es\",\"potentialAction\":[{\"@type\":\"ReadAction\",\"target\":[\"https:\\\/\\\/www.eldiario.net\\\/portal\\\/2021\\\/11\\\/10\\\/existe-temor-de-que-estudiantes-vuelvan-a-clases-presenciales\\\/\"]}]},{\"@type\":\"ImageObject\",\"inLanguage\":\"es\",\"@id\":\"https:\\\/\\\/www.eldiario.net\\\/portal\\\/2021\\\/11\\\/10\\\/existe-temor-de-que-estudiantes-vuelvan-a-clases-presenciales\\\/#primaryimage\",\"url\":\"\",\"contentUrl\":\"\"},{\"@type\":\"BreadcrumbList\",\"@id\":\"https:\\\/\\\/www.eldiario.net\\\/portal\\\/2021\\\/11\\\/10\\\/existe-temor-de-que-estudiantes-vuelvan-a-clases-presenciales\\\/#breadcrumb\",\"itemListElement\":[{\"@type\":\"ListItem\",\"position\":1,\"name\":\"Portada\",\"item\":\"https:\\\/\\\/www.eldiario.net\\\/portal\\\/\"},{\"@type\":\"ListItem\",\"position\":2,\"name\":\"Existe temor de que estudiantes vuelvan a clases presenciales\"}]},{\"@type\":\"WebSite\",\"@id\":\"https:\\\/\\\/www.eldiario.net\\\/portal\\\/#website\",\"url\":\"https:\\\/\\\/www.eldiario.net\\\/portal\\\/\",\"name\":\"El Diario - Decano de la prensa nacional\",\"description\":\"El Diario - Decano de la prensa nacional\",\"publisher\":{\"@id\":\"https:\\\/\\\/www.eldiario.net\\\/portal\\\/#organization\"},\"potentialAction\":[{\"@type\":\"SearchAction\",\"target\":{\"@type\":\"EntryPoint\",\"urlTemplate\":\"https:\\\/\\\/www.eldiario.net\\\/portal\\\/?s={search_term_string}\"},\"query-input\":{\"@type\":\"PropertyValueSpecification\",\"valueRequired\":true,\"valueName\":\"search_term_string\"}}],\"inLanguage\":\"es\"},{\"@type\":\"Organization\",\"@id\":\"https:\\\/\\\/www.eldiario.net\\\/portal\\\/#organization\",\"name\":\"El Diario - Decano de la prensa nacional\",\"url\":\"https:\\\/\\\/www.eldiario.net\\\/portal\\\/\",\"logo\":{\"@type\":\"ImageObject\",\"inLanguage\":\"es\",\"@id\":\"https:\\\/\\\/www.eldiario.net\\\/portal\\\/#\\\/schema\\\/logo\\\/image\\\/\",\"url\":\"https:\\\/\\\/www.eldiario.net\\\/portal\\\/wp-content\\\/uploads\\\/2023\\\/07\\\/logo_ED.jpg\",\"contentUrl\":\"https:\\\/\\\/www.eldiario.net\\\/portal\\\/wp-content\\\/uploads\\\/2023\\\/07\\\/logo_ED.jpg\",\"width\":272,\"height\":52,\"caption\":\"El Diario - Decano de la prensa nacional\"},\"image\":{\"@id\":\"https:\\\/\\\/www.eldiario.net\\\/portal\\\/#\\\/schema\\\/logo\\\/image\\\/\"},\"sameAs\":[\"https:\\\/\\\/www.facebook.com\\\/eldiario.bolivia\\\/\",\"https:\\\/\\\/x.com\\\/eldiario_net\"]},{\"@type\":\"Person\",\"@id\":\"https:\\\/\\\/www.eldiario.net\\\/portal\\\/#\\\/schema\\\/person\\\/f46445640444750d7d753ccd04ae01b7\",\"name\":\"Jeanette\",\"image\":{\"@type\":\"ImageObject\",\"inLanguage\":\"es\",\"@id\":\"https:\\\/\\\/secure.gravatar.com\\\/avatar\\\/3ea2118a5f7dad2b7138b1187a6b7ee55f160b9968b66013c3a3ef39dd7e5798?s=96&d=mm&r=g\",\"url\":\"https:\\\/\\\/secure.gravatar.com\\\/avatar\\\/3ea2118a5f7dad2b7138b1187a6b7ee55f160b9968b66013c3a3ef39dd7e5798?s=96&d=mm&r=g\",\"contentUrl\":\"https:\\\/\\\/secure.gravatar.com\\\/avatar\\\/3ea2118a5f7dad2b7138b1187a6b7ee55f160b9968b66013c3a3ef39dd7e5798?s=96&d=mm&r=g\",\"caption\":\"Jeanette\"},\"sameAs\":[\"https:\\\/\\\/www.eldiario.net\\\/portal\"],\"url\":\"https:\\\/\\\/www.eldiario.net\\\/portal\\\/author\\\/jeanette\\\/\"}]}<\/script>\n<!-- \/ Yoast SEO plugin. -->","yoast_head_json":{"title":"Existe temor de que estudiantes vuelvan a clases presenciales - El Diario - Bolivia","robots":{"index":"index","follow":"follow","max-snippet":"max-snippet:-1","max-image-preview":"max-image-preview:large","max-video-preview":"max-video-preview:-1"},"canonical":"https:\/\/www.eldiario.net\/portal\/2021\/11\/10\/existe-temor-de-que-estudiantes-vuelvan-a-clases-presenciales\/","og_locale":"es_ES","og_type":"article","og_title":"Existe temor de que estudiantes vuelvan a clases presenciales - El Diario - Bolivia","og_description":"Los padres de familia en la ciudad de El Alto tienen temor de que sus hijos vuelvan a clases presenciales, ante la falta de equipamiento de bioseguridad en colegios y la posible presencia de la cuarta ola del covid-19, seg\u00fan la dirigente del sector, Jhenny Arce. A pesar de que algunas unidades educativas de varios [&hellip;]","og_url":"https:\/\/www.eldiario.net\/portal\/2021\/11\/10\/existe-temor-de-que-estudiantes-vuelvan-a-clases-presenciales\/","og_site_name":"El Diario - Bolivia","article_publisher":"https:\/\/www.facebook.com\/eldiario.bolivia\/","article_published_time":"2021-11-10T09:30:16+00:00","author":"Jeanette","twitter_card":"summary_large_image","twitter_creator":"@eldiario_net","twitter_site":"@eldiario_net","twitter_misc":{"Escrito por":"Jeanette","Tiempo de lectura":"2 minutos"},"schema":{"@context":"https:\/\/schema.org","@graph":[{"@type":"Article","@id":"https:\/\/www.eldiario.net\/portal\/2021\/11\/10\/existe-temor-de-que-estudiantes-vuelvan-a-clases-presenciales\/#article","isPartOf":{"@id":"https:\/\/www.eldiario.net\/portal\/2021\/11\/10\/existe-temor-de-que-estudiantes-vuelvan-a-clases-presenciales\/"},"author":{"name":"Jeanette","@id":"https:\/\/www.eldiario.net\/portal\/#\/schema\/person\/f46445640444750d7d753ccd04ae01b7"},"headline":"Existe temor de que estudiantes vuelvan a clases presenciales","datePublished":"2021-11-10T09:30:16+00:00","mainEntityOfPage":{"@id":"https:\/\/www.eldiario.net\/portal\/2021\/11\/10\/existe-temor-de-que-estudiantes-vuelvan-a-clases-presenciales\/"},"wordCount":302,"publisher":{"@id":"https:\/\/www.eldiario.net\/portal\/#organization"},"image":{"@id":"https:\/\/www.eldiario.net\/portal\/2021\/11\/10\/existe-temor-de-que-estudiantes-vuelvan-a-clases-presenciales\/#primaryimage"},"thumbnailUrl":"","articleSection":["Nacional"],"inLanguage":"es"},{"@type":"WebPage","@id":"https:\/\/www.eldiario.net\/portal\/2021\/11\/10\/existe-temor-de-que-estudiantes-vuelvan-a-clases-presenciales\/","url":"https:\/\/www.eldiario.net\/portal\/2021\/11\/10\/existe-temor-de-que-estudiantes-vuelvan-a-clases-presenciales\/","name":"Existe temor de que estudiantes vuelvan a clases presenciales - El Diario - Bolivia","isPartOf":{"@id":"https:\/\/www.eldiario.net\/portal\/#website"},"primaryImageOfPage":{"@id":"https:\/\/www.eldiario.net\/portal\/2021\/11\/10\/existe-temor-de-que-estudiantes-vuelvan-a-clases-presenciales\/#primaryimage"},"image":{"@id":"https:\/\/www.eldiario.net\/portal\/2021\/11\/10\/existe-temor-de-que-estudiantes-vuelvan-a-clases-presenciales\/#primaryimage"},"thumbnailUrl":"","datePublished":"2021-11-10T09:30:16+00:00","breadcrumb":{"@id":"https:\/\/www.eldiario.net\/portal\/2021\/11\/10\/existe-temor-de-que-estudiantes-vuelvan-a-clases-presenciales\/#breadcrumb"},"inLanguage":"es","potentialAction":[{"@type":"ReadAction","target":["https:\/\/www.eldiario.net\/portal\/2021\/11\/10\/existe-temor-de-que-estudiantes-vuelvan-a-clases-presenciales\/"]}]},{"@type":"ImageObject","inLanguage":"es","@id":"https:\/\/www.eldiario.net\/portal\/2021\/11\/10\/existe-temor-de-que-estudiantes-vuelvan-a-clases-presenciales\/#primaryimage","url":"","contentUrl":""},{"@type":"BreadcrumbList","@id":"https:\/\/www.eldiario.net\/portal\/2021\/11\/10\/existe-temor-de-que-estudiantes-vuelvan-a-clases-presenciales\/#breadcrumb","itemListElement":[{"@type":"ListItem","position":1,"name":"Portada","item":"https:\/\/www.eldiario.net\/portal\/"},{"@type":"ListItem","position":2,"name":"Existe temor de que estudiantes vuelvan a clases presenciales"}]},{"@type":"WebSite","@id":"https:\/\/www.eldiario.net\/portal\/#website","url":"https:\/\/www.eldiario.net\/portal\/","name":"El Diario - Decano de la prensa nacional","description":"El Diario - Decano de la prensa nacional","publisher":{"@id":"https:\/\/www.eldiario.net\/portal\/#organization"},"potentialAction":[{"@type":"SearchAction","target":{"@type":"EntryPoint","urlTemplate":"https:\/\/www.eldiario.net\/portal\/?s={search_term_string}"},"query-input":{"@type":"PropertyValueSpecification","valueRequired":true,"valueName":"search_term_string"}}],"inLanguage":"es"},{"@type":"Organization","@id":"https:\/\/www.eldiario.net\/portal\/#organization","name":"El Diario - Decano de la prensa nacional","url":"https:\/\/www.eldiario.net\/portal\/","logo":{"@type":"ImageObject","inLanguage":"es","@id":"https:\/\/www.eldiario.net\/portal\/#\/schema\/logo\/image\/","url":"https:\/\/www.eldiario.net\/portal\/wp-content\/uploads\/2023\/07\/logo_ED.jpg","contentUrl":"https:\/\/www.eldiario.net\/portal\/wp-content\/uploads\/2023\/07\/logo_ED.jpg","width":272,"height":52,"caption":"El Diario - Decano de la prensa nacional"},"image":{"@id":"https:\/\/www.eldiario.net\/portal\/#\/schema\/logo\/image\/"},"sameAs":["https:\/\/www.facebook.com\/eldiario.bolivia\/","https:\/\/x.com\/eldiario_net"]},{"@type":"Person","@id":"https:\/\/www.eldiario.net\/portal\/#\/schema\/person\/f46445640444750d7d753ccd04ae01b7","name":"Jeanette","image":{"@type":"ImageObject","inLanguage":"es","@id":"https:\/\/secure.gravatar.com\/avatar\/3ea2118a5f7dad2b7138b1187a6b7ee55f160b9968b66013c3a3ef39dd7e5798?s=96&d=mm&r=g","url":"https:\/\/secure.gravatar.com\/avatar\/3ea2118a5f7dad2b7138b1187a6b7ee55f160b9968b66013c3a3ef39dd7e5798?s=96&d=mm&r=g","contentUrl":"https:\/\/secure.gravatar.com\/avatar\/3ea2118a5f7dad2b7138b1187a6b7ee55f160b9968b66013c3a3ef39dd7e5798?s=96&d=mm&r=g","caption":"Jeanette"},"sameAs":["https:\/\/www.eldiario.net\/portal"],"url":"https:\/\/www.eldiario.net\/portal\/author\/jeanette\/"}]}},"_links":{"self":[{"href":"https:\/\/www.eldiario.net\/portal\/wp-json\/wp\/v2\/posts\/42096","targetHints":{"allow":["GET"]}}],"collection":[{"href":"https:\/\/www.eldiario.net\/portal\/wp-json\/wp\/v2\/posts"}],"about":[{"href":"https:\/\/www.eldiario.net\/portal\/wp-json\/wp\/v2\/types\/post"}],"author":[{"embeddable":true,"href":"https:\/\/www.eldiario.net\/portal\/wp-json\/wp\/v2\/users\/1"}],"replies":[{"embeddable":true,"href":"https:\/\/www.eldiario.net\/portal\/wp-json\/wp\/v2\/comments?post=42096"}],"version-history":[{"count":0,"href":"https:\/\/www.eldiario.net\/portal\/wp-json\/wp\/v2\/posts\/42096\/revisions"}],"wp:attachment":[{"href":"https:\/\/www.eldiario.net\/portal\/wp-json\/wp\/v2\/media?parent=42096"}],"wp:term":[{"taxonomy":"category","embeddable":true,"href":"https:\/\/www.eldiario.net\/portal\/wp-json\/wp\/v2\/categories?post=42096"},{"taxonomy":"post_tag","embeddable":true,"href":"https:\/\/www.eldiario.net\/portal\/wp-json\/wp\/v2\/tags?post=42096"}],"curies":[{"name":"wp","href":"https:\/\/api.w.org\/{rel}","templated":true}]}}