{"id":42091,"date":"2021-11-10T05:29:27","date_gmt":"2021-11-10T09:29:27","guid":{"rendered":"https:\/\/www.eldiario.net\/portal\/?p=42091"},"modified":"2021-11-10T05:29:27","modified_gmt":"2021-11-10T09:29:27","slug":"periodistas-golpeados-por-policias-y-atacados-con-juegos-de-pirotecnia","status":"publish","type":"post","link":"https:\/\/www.eldiario.net\/portal\/2021\/11\/10\/periodistas-golpeados-por-policias-y-atacados-con-juegos-de-pirotecnia\/","title":{"rendered":"Periodistas golpeados por polic\u00edas y atacados con juegos de pirotecnia"},"content":{"rendered":"<p>La ANPB destaca el Principio 9 de la Declaraci\u00f3n de Principios sobre la Libre Expresi\u00f3n, que es vinculante para el Estado boliviano, que afirma taxativamente que \u201cel asesinato, secuestro, intimidaci\u00f3n, amenaza a los comunicadores sociales, as\u00ed como la destrucci\u00f3n material de los medios de comunicaci\u00f3n, violan los derechos fundamentales de las personas y coartan severamente la libertad de expresi\u00f3n\u201d.<br \/>\nPolic\u00edas antimotines golpearon a periodistas de la ciudad de Oruro que protestaban contra las agresiones de manifestantes que, entre lunes 8 y martes 9, impidieron el trabajo de reporteros; mientras que en la ciudad de Potos\u00ed, desconocidos atacaron con juegos de pirotecnia a los trabajadores de la prensa.<br \/>\nEl diario La Patria de Oruro report\u00f3 a trav\u00e9s de una transmisi\u00f3n en Facebook que el secretario ejecutivo del Sindicato de Trabajadores de la Prensa de Oruro, Juan Carlos Yapari, fue golpeado en el rostro por un polic\u00eda cubierto de casco y chaleco antibalas, en la plaza 10 de Febrero de esa ciudad.<br \/>\nYapari encabezaba una marcha de reporteros que entre el lunes y martes sufrieron varias agresiones y cuando pidi\u00f3 el acceso a la Plaza 10 de Febrero, un polic\u00eda lanz\u00f3 golpes de pu\u00f1o contra el dirigente y provoc\u00f3 una hemorragia nasal.<br \/>\nLos hechos de violencia se registraron en el segundo d\u00eda de protestas organizado por comit\u00e9s c\u00edvicos y organizaciones defensoras de la democracia contra un conjunto de leyes del Gobierno.<br \/>\nUnos 20 periodistas, todos identificados con chalecos, credenciales y la leyenda de \u201cPrensa\u201d, expresaron protesta a gritos por la violencia y un jefe policial justific\u00f3 la agresi\u00f3n al se\u00f1alar que los agresores confundieron a los periodistas con sindicalistas del comercio informal.<br \/>\nMinutos m\u00e1s tarde, los polic\u00edas se retiraron del lugar y Yapari afirm\u00f3 en improvisada asamblea que los periodistas no son part\u00edcipes de ninguno de los sectores en conflicto, y defendi\u00f3 la tarea informativa protegida por la Constituci\u00f3n Pol\u00edtica del Estado (CPE).<br \/>\nOtro representante denunci\u00f3 que el lunes 8, manifestantes intentaron despojar de c\u00e1maras de video a periodistas que reportaban desde diferentes puntos de la ciudad, donde manifestantes bloqueaban v\u00edas p\u00fablicas.<\/p>\n<p>ATAQUE A PERIODISTAS<br \/>\nEn la ciudad de Potos\u00ed, el diario local, El Potos\u00ed, report\u00f3 que desconocidos lanzaron juegos de pirotecnia contra un grupo de reporteros, el lunes 8 de noviembre, e hirieron al periodista de Radio Pio XII, Dilver Soria.<br \/>\nEl artefacto estall\u00f3 entre la mochila y el chaleco de trabajo de Soria, y provoc\u00f3 una laceraci\u00f3n a la altura de la cintura.<br \/>\nEl Potos\u00ed report\u00f3 que el lunes, los periodistas se convirtieron en el blanco de las personas que ingresaron hasta la plaza 10 de Noviembre y los que se les pusieron en frente. Algunos, incluso intentaron echar al suelo la c\u00e1mara de un equipo de prensa, seg\u00fan denunci\u00f3 el presidente de la Asociaci\u00f3n de Periodistas, Manuel Soux.<br \/>\nTanto la Asociaci\u00f3n como la Federaci\u00f3n de Trabajadores de la Prensa pidieron garant\u00edas para el trabajo de sus afiliados.<\/p>\n<p>AMENAZAS<br \/>\nEn la ciudad de Santa Cruz, el diario El Deber report\u00f3 que un grupo de personas contrarias al paro nacional agredi\u00f3 a periodistas que cubr\u00edan incidentes en la zona del Plan 3.000.<br \/>\nPersonas con aliento alcoh\u00f3lico se dirigieron contra los periodistas que realizaban la cobertura informativa, los empujaron y amenazaron.<br \/>\nReclamaron por la cobertura de los hechos, se\u00f1ala el matutino de la ciudad de Santa Cruz.<\/p>\n<p>REPUDIO<br \/>\nPor otro lado, la Asociaci\u00f3n Nacional de Periodistas de Bolivia (ANPB) expres\u00f3 ayer su repudio por las agresiones f\u00edsicas, verbales y psicol\u00f3gicas sufridas por periodistas que cubr\u00edan el lunes el inicio del paro indefinido en las nueve capitales del pa\u00eds, en especial en Potos\u00ed, Santa Cruz y Oruro, por grupos radicales afines al oficialismo, entre ellos un funcionario departamental.<br \/>\nComo si esas agresiones f\u00edsicas no fueran suficientes, se\u00f1ala la ANPB, el presidente de la Asamblea Departamental de Potos\u00ed, Marcial Ayali, quien encabezaba y azuzaba a sus partidarios contra los bloqueos, responsabiliz\u00f3 a los periodistas por la crisis de noviembre de 2019 y los calific\u00f3 como \u201cvendidos, golpistas y pititas\u201d.<br \/>\nEn Santa Cruz y Oruro tambi\u00e9n se registraron agresiones f\u00edsicas y verbales, La Asociaci\u00f3n \u201cexpresa su m\u00e1s en\u00e9rgico repudio contra estas agresiones e intimidaciones y remarca que en el pa\u00eds rigen los derechos a la libre expresi\u00f3n, a la comunicaci\u00f3n y a la informaci\u00f3n, que est\u00e1n protegidos por la Constituci\u00f3n Pol\u00edtica del Estado, la Convenci\u00f3n Americana sobre Derechos Humanos, la Ley de Imprenta y el C\u00f3digo Nacional de \u00c9tica Period\u00edstica\u201d.<br \/>\nSobre el marco legal, la ANPB destaca el Principio 9 de la Declaraci\u00f3n de Principios sobre la Libre Expresi\u00f3n, que es vinculante para el Estado boliviano, que afirma taxativamente que \u201cel asesinato, secuestro, intimidaci\u00f3n, amenaza a los comunicadores sociales, as\u00ed como la destrucci\u00f3n material de los medios de comunicaci\u00f3n, violan los derechos fundamentales de las personas y coartan severamente la libertad de expresi\u00f3n\u201d, por lo que \u201cEs deber de los Estados prevenir e investigar estos hechos, sancionar a sus autores y asegurar a las v\u00edctimas una reparaci\u00f3n adecuada\u201d.<br \/>\nEn consecuencia, la ANPB exige al Gobierno: \u201cOtorgar las garant\u00edas m\u00ednimamente necesarias para realizar nuestro trabajo period\u00edstico y tambi\u00e9n una urgente investigaci\u00f3n para dar con los responsables de estas agresiones\u201d.<\/p>\n<p>GARANT\u00cdAS<br \/>\nLa defensora del Pueblo, Nadia Cruz, conden\u00f3 las agresiones y la obstaculizaci\u00f3n al trabajo de los periodistas durante las movilizaciones convocadas contra la Ley 1386 de Estrategia contra la Legitimaci\u00f3n de Ganancias Il\u00edcitas. Exhort\u00f3 al Estado a brindar garant\u00edas a los trabajadores de la prensa en el marco del derecho a la libertad de expresi\u00f3n y de informaci\u00f3n.<br \/>\nLa autoridad defensorial inform\u00f3 que entre ayer y hoy se conoci\u00f3 de la afectaci\u00f3n de al menos 16 trabajadores de la prensa cuando realizaban su labor period\u00edstica.<br \/>\nEn la ciudad de Potos\u00ed, una delegaci\u00f3n de trabajadores de la prensa denunci\u00f3 ante la oficina defensorial que el Presidente de la Asamblea Legislativa Departamental obstruy\u00f3 el trabajo de los periodistas, a quienes habr\u00eda acusado de haber provocado la crisis de 2019.<br \/>\nLa Defensora inform\u00f3 y conden\u00f3 que tambi\u00e9n en la ciudad de Oruro otro periodista del Programa en Vivo Tv fue agredido por los sectores movilizados, quienes adem\u00e1s le habr\u00edan arrebatado su c\u00e1mara filmadora. Mencion\u00f3 que las organizaciones de trabajadores de la prensa de esa regi\u00f3n denunciaron que al menos una decena de periodistas fueron amedrentados gasificados por efectivos policiales que imped\u00edan su ingreso a la plaza 10 de Febrero.<br \/>\nAsimismo, dijo que ayer en la ciudad de Santa Cruz se denunci\u00f3 una discusi\u00f3n entre vecinos que estaban en contra del paro y periodistas de El Deber, en el Plan 3.000, altercado que habr\u00eda sido disuelto con intervenci\u00f3n policial. Dijo, adem\u00e1s, que en la misma ciudad, el lunes se conoci\u00f3 la denuncia del periodista de la Red Bolivisi\u00f3n, Edmundo Guti\u00e9rrez, quien habr\u00eda sido agredido con gas pimienta por efectivos policiales en un disturbio ocurrido en el 4to. Anillo y Doble V\u00eda la Guardia.<br \/>\nLa Defensora del Pueblo indic\u00f3 que las delegaciones departamentales remitir\u00e1n requerimientos de informaci\u00f3n escritos a las autoridades correspondientes y record\u00f3 al Estado su obligaci\u00f3n de garantizar el trabajo de los medios de comunicaci\u00f3n que son uno de los pilares del Estado de Derecho y de la democracia.<br \/>\n\u201cEs deber del Estado brindar garant\u00edas a los trabajadores de la prensa para que realicen su labor de forma libre, segura e independiente, para mantener informada a la sociedad y fortalecer la democracia\u201d, remarc\u00f3 la autoridad defensorial. (EL DIARIO y ANP)<\/p>\n<figure id=\"attachment_42093\" aria-describedby=\"caption-attachment-42093\" style=\"width: 300px\" class=\"wp-caption aligncenter\"><a href=\"https:\/\/www.eldiario.net\/portal\/wp-content\/uploads\/2021\/11\/PERIO.jpg\"><img loading=\"lazy\" decoding=\"async\" class=\"size-medium wp-image-42093\" src=\"https:\/\/www.eldiario.net\/portal\/wp-content\/uploads\/2021\/11\/PERIO-300x161.jpg\" alt=\"\" width=\"300\" height=\"161\" \/><\/a><figcaption id=\"caption-attachment-42093\" class=\"wp-caption-text\">POLIC\u00cdA AGREDI\u00d3 AL EJECUTIVO DEL SINDICATO DE TRABAJADORES DE LA PRENSA DE ORURO (STPO), JUAN CARLOS YAPARI.<\/figcaption><\/figure>\n","protected":false},"excerpt":{"rendered":"<p>La ANPB destaca el Principio 9 de la Declaraci\u00f3n de Principios sobre la Libre Expresi\u00f3n, que es vinculante para el Estado boliviano, que afirma taxativamente que \u201cel asesinato, secuestro, intimidaci\u00f3n, amenaza a los comunicadores sociales, as\u00ed como la destrucci\u00f3n material de los medios de comunicaci\u00f3n, violan los derechos fundamentales de las personas y coartan severamente [&hellip;]<\/p>\n","protected":false},"author":1,"featured_media":42092,"comment_status":"closed","ping_status":"closed","sticky":false,"template":"","format":"standard","meta":{"_acf_changed":false,"footnotes":""},"categories":[39],"tags":[],"class_list":["post-42091","post","type-post","status-publish","format-standard","has-post-thumbnail","category-sociedad"],"acf":{"antetitulo":""},"yoast_head":"<!-- This site is optimized with the Yoast SEO plugin v28.4 - https:\/\/yoast.com\/product\/yoast-seo-wordpress\/ -->\n<title>Periodistas golpeados por polic\u00edas y atacados con juegos de pirotecnia - El Diario - Bolivia<\/title>\n<meta name=\"robots\" content=\"index, follow, max-snippet:-1, max-image-preview:large, max-video-preview:-1\" \/>\n<link rel=\"canonical\" href=\"https:\/\/www.eldiario.net\/portal\/2021\/11\/10\/periodistas-golpeados-por-policias-y-atacados-con-juegos-de-pirotecnia\/\" \/>\n<meta property=\"og:locale\" content=\"es_ES\" \/>\n<meta property=\"og:type\" content=\"article\" \/>\n<meta property=\"og:title\" content=\"Periodistas golpeados por polic\u00edas y atacados con juegos de pirotecnia - El Diario - Bolivia\" \/>\n<meta property=\"og:description\" content=\"La ANPB destaca el Principio 9 de la Declaraci\u00f3n de Principios sobre la Libre Expresi\u00f3n, que es vinculante para el Estado boliviano, que afirma taxativamente que \u201cel asesinato, secuestro, intimidaci\u00f3n, amenaza a los comunicadores sociales, as\u00ed como la destrucci\u00f3n material de los medios de comunicaci\u00f3n, violan los derechos fundamentales de las personas y coartan severamente [&hellip;]\" \/>\n<meta property=\"og:url\" content=\"https:\/\/www.eldiario.net\/portal\/2021\/11\/10\/periodistas-golpeados-por-policias-y-atacados-con-juegos-de-pirotecnia\/\" \/>\n<meta property=\"og:site_name\" content=\"El Diario - Bolivia\" \/>\n<meta property=\"article:publisher\" content=\"https:\/\/www.facebook.com\/eldiario.bolivia\/\" \/>\n<meta property=\"article:published_time\" content=\"2021-11-10T09:29:27+00:00\" \/>\n<meta name=\"author\" content=\"Jeanette\" \/>\n<meta name=\"twitter:card\" content=\"summary_large_image\" \/>\n<meta name=\"twitter:creator\" content=\"@eldiario_net\" \/>\n<meta name=\"twitter:site\" content=\"@eldiario_net\" \/>\n<meta name=\"twitter:label1\" content=\"Escrito por\" \/>\n\t<meta name=\"twitter:data1\" content=\"Jeanette\" \/>\n\t<meta name=\"twitter:label2\" content=\"Tiempo de lectura\" \/>\n\t<meta name=\"twitter:data2\" content=\"6 minutos\" \/>\n<script type=\"application\/ld+json\" class=\"yoast-schema-graph\">{\"@context\":\"https:\\\/\\\/schema.org\",\"@graph\":[{\"@type\":\"Article\",\"@id\":\"https:\\\/\\\/www.eldiario.net\\\/portal\\\/2021\\\/11\\\/10\\\/periodistas-golpeados-por-policias-y-atacados-con-juegos-de-pirotecnia\\\/#article\",\"isPartOf\":{\"@id\":\"https:\\\/\\\/www.eldiario.net\\\/portal\\\/2021\\\/11\\\/10\\\/periodistas-golpeados-por-policias-y-atacados-con-juegos-de-pirotecnia\\\/\"},\"author\":{\"name\":\"Jeanette\",\"@id\":\"https:\\\/\\\/www.eldiario.net\\\/portal\\\/#\\\/schema\\\/person\\\/f46445640444750d7d753ccd04ae01b7\"},\"headline\":\"Periodistas golpeados por polic\u00edas y atacados con juegos de pirotecnia\",\"datePublished\":\"2021-11-10T09:29:27+00:00\",\"mainEntityOfPage\":{\"@id\":\"https:\\\/\\\/www.eldiario.net\\\/portal\\\/2021\\\/11\\\/10\\\/periodistas-golpeados-por-policias-y-atacados-con-juegos-de-pirotecnia\\\/\"},\"wordCount\":1330,\"publisher\":{\"@id\":\"https:\\\/\\\/www.eldiario.net\\\/portal\\\/#organization\"},\"image\":{\"@id\":\"https:\\\/\\\/www.eldiario.net\\\/portal\\\/2021\\\/11\\\/10\\\/periodistas-golpeados-por-policias-y-atacados-con-juegos-de-pirotecnia\\\/#primaryimage\"},\"thumbnailUrl\":\"\",\"articleSection\":[\"Sociedad - Seguridad\"],\"inLanguage\":\"es\"},{\"@type\":\"WebPage\",\"@id\":\"https:\\\/\\\/www.eldiario.net\\\/portal\\\/2021\\\/11\\\/10\\\/periodistas-golpeados-por-policias-y-atacados-con-juegos-de-pirotecnia\\\/\",\"url\":\"https:\\\/\\\/www.eldiario.net\\\/portal\\\/2021\\\/11\\\/10\\\/periodistas-golpeados-por-policias-y-atacados-con-juegos-de-pirotecnia\\\/\",\"name\":\"Periodistas golpeados por polic\u00edas y atacados con juegos de pirotecnia - El Diario - Bolivia\",\"isPartOf\":{\"@id\":\"https:\\\/\\\/www.eldiario.net\\\/portal\\\/#website\"},\"primaryImageOfPage\":{\"@id\":\"https:\\\/\\\/www.eldiario.net\\\/portal\\\/2021\\\/11\\\/10\\\/periodistas-golpeados-por-policias-y-atacados-con-juegos-de-pirotecnia\\\/#primaryimage\"},\"image\":{\"@id\":\"https:\\\/\\\/www.eldiario.net\\\/portal\\\/2021\\\/11\\\/10\\\/periodistas-golpeados-por-policias-y-atacados-con-juegos-de-pirotecnia\\\/#primaryimage\"},\"thumbnailUrl\":\"\",\"datePublished\":\"2021-11-10T09:29:27+00:00\",\"breadcrumb\":{\"@id\":\"https:\\\/\\\/www.eldiario.net\\\/portal\\\/2021\\\/11\\\/10\\\/periodistas-golpeados-por-policias-y-atacados-con-juegos-de-pirotecnia\\\/#breadcrumb\"},\"inLanguage\":\"es\",\"potentialAction\":[{\"@type\":\"ReadAction\",\"target\":[\"https:\\\/\\\/www.eldiario.net\\\/portal\\\/2021\\\/11\\\/10\\\/periodistas-golpeados-por-policias-y-atacados-con-juegos-de-pirotecnia\\\/\"]}]},{\"@type\":\"ImageObject\",\"inLanguage\":\"es\",\"@id\":\"https:\\\/\\\/www.eldiario.net\\\/portal\\\/2021\\\/11\\\/10\\\/periodistas-golpeados-por-policias-y-atacados-con-juegos-de-pirotecnia\\\/#primaryimage\",\"url\":\"\",\"contentUrl\":\"\"},{\"@type\":\"BreadcrumbList\",\"@id\":\"https:\\\/\\\/www.eldiario.net\\\/portal\\\/2021\\\/11\\\/10\\\/periodistas-golpeados-por-policias-y-atacados-con-juegos-de-pirotecnia\\\/#breadcrumb\",\"itemListElement\":[{\"@type\":\"ListItem\",\"position\":1,\"name\":\"Portada\",\"item\":\"https:\\\/\\\/www.eldiario.net\\\/portal\\\/\"},{\"@type\":\"ListItem\",\"position\":2,\"name\":\"Periodistas golpeados por polic\u00edas y atacados con juegos de pirotecnia\"}]},{\"@type\":\"WebSite\",\"@id\":\"https:\\\/\\\/www.eldiario.net\\\/portal\\\/#website\",\"url\":\"https:\\\/\\\/www.eldiario.net\\\/portal\\\/\",\"name\":\"El Diario - Decano de la prensa nacional\",\"description\":\"El Diario - Decano de la prensa nacional\",\"publisher\":{\"@id\":\"https:\\\/\\\/www.eldiario.net\\\/portal\\\/#organization\"},\"potentialAction\":[{\"@type\":\"SearchAction\",\"target\":{\"@type\":\"EntryPoint\",\"urlTemplate\":\"https:\\\/\\\/www.eldiario.net\\\/portal\\\/?s={search_term_string}\"},\"query-input\":{\"@type\":\"PropertyValueSpecification\",\"valueRequired\":true,\"valueName\":\"search_term_string\"}}],\"inLanguage\":\"es\"},{\"@type\":\"Organization\",\"@id\":\"https:\\\/\\\/www.eldiario.net\\\/portal\\\/#organization\",\"name\":\"El Diario - Decano de la prensa nacional\",\"url\":\"https:\\\/\\\/www.eldiario.net\\\/portal\\\/\",\"logo\":{\"@type\":\"ImageObject\",\"inLanguage\":\"es\",\"@id\":\"https:\\\/\\\/www.eldiario.net\\\/portal\\\/#\\\/schema\\\/logo\\\/image\\\/\",\"url\":\"https:\\\/\\\/www.eldiario.net\\\/portal\\\/wp-content\\\/uploads\\\/2023\\\/07\\\/logo_ED.jpg\",\"contentUrl\":\"https:\\\/\\\/www.eldiario.net\\\/portal\\\/wp-content\\\/uploads\\\/2023\\\/07\\\/logo_ED.jpg\",\"width\":272,\"height\":52,\"caption\":\"El Diario - Decano de la prensa nacional\"},\"image\":{\"@id\":\"https:\\\/\\\/www.eldiario.net\\\/portal\\\/#\\\/schema\\\/logo\\\/image\\\/\"},\"sameAs\":[\"https:\\\/\\\/www.facebook.com\\\/eldiario.bolivia\\\/\",\"https:\\\/\\\/x.com\\\/eldiario_net\"]},{\"@type\":\"Person\",\"@id\":\"https:\\\/\\\/www.eldiario.net\\\/portal\\\/#\\\/schema\\\/person\\\/f46445640444750d7d753ccd04ae01b7\",\"name\":\"Jeanette\",\"image\":{\"@type\":\"ImageObject\",\"inLanguage\":\"es\",\"@id\":\"https:\\\/\\\/secure.gravatar.com\\\/avatar\\\/3ea2118a5f7dad2b7138b1187a6b7ee55f160b9968b66013c3a3ef39dd7e5798?s=96&d=mm&r=g\",\"url\":\"https:\\\/\\\/secure.gravatar.com\\\/avatar\\\/3ea2118a5f7dad2b7138b1187a6b7ee55f160b9968b66013c3a3ef39dd7e5798?s=96&d=mm&r=g\",\"contentUrl\":\"https:\\\/\\\/secure.gravatar.com\\\/avatar\\\/3ea2118a5f7dad2b7138b1187a6b7ee55f160b9968b66013c3a3ef39dd7e5798?s=96&d=mm&r=g\",\"caption\":\"Jeanette\"},\"sameAs\":[\"https:\\\/\\\/www.eldiario.net\\\/portal\"],\"url\":\"https:\\\/\\\/www.eldiario.net\\\/portal\\\/author\\\/jeanette\\\/\"}]}<\/script>\n<!-- \/ Yoast SEO plugin. -->","yoast_head_json":{"title":"Periodistas golpeados por polic\u00edas y atacados con juegos de pirotecnia - El Diario - Bolivia","robots":{"index":"index","follow":"follow","max-snippet":"max-snippet:-1","max-image-preview":"max-image-preview:large","max-video-preview":"max-video-preview:-1"},"canonical":"https:\/\/www.eldiario.net\/portal\/2021\/11\/10\/periodistas-golpeados-por-policias-y-atacados-con-juegos-de-pirotecnia\/","og_locale":"es_ES","og_type":"article","og_title":"Periodistas golpeados por polic\u00edas y atacados con juegos de pirotecnia - El Diario - Bolivia","og_description":"La ANPB destaca el Principio 9 de la Declaraci\u00f3n de Principios sobre la Libre Expresi\u00f3n, que es vinculante para el Estado boliviano, que afirma taxativamente que \u201cel asesinato, secuestro, intimidaci\u00f3n, amenaza a los comunicadores sociales, as\u00ed como la destrucci\u00f3n material de los medios de comunicaci\u00f3n, violan los derechos fundamentales de las personas y coartan severamente [&hellip;]","og_url":"https:\/\/www.eldiario.net\/portal\/2021\/11\/10\/periodistas-golpeados-por-policias-y-atacados-con-juegos-de-pirotecnia\/","og_site_name":"El Diario - Bolivia","article_publisher":"https:\/\/www.facebook.com\/eldiario.bolivia\/","article_published_time":"2021-11-10T09:29:27+00:00","author":"Jeanette","twitter_card":"summary_large_image","twitter_creator":"@eldiario_net","twitter_site":"@eldiario_net","twitter_misc":{"Escrito por":"Jeanette","Tiempo de lectura":"6 minutos"},"schema":{"@context":"https:\/\/schema.org","@graph":[{"@type":"Article","@id":"https:\/\/www.eldiario.net\/portal\/2021\/11\/10\/periodistas-golpeados-por-policias-y-atacados-con-juegos-de-pirotecnia\/#article","isPartOf":{"@id":"https:\/\/www.eldiario.net\/portal\/2021\/11\/10\/periodistas-golpeados-por-policias-y-atacados-con-juegos-de-pirotecnia\/"},"author":{"name":"Jeanette","@id":"https:\/\/www.eldiario.net\/portal\/#\/schema\/person\/f46445640444750d7d753ccd04ae01b7"},"headline":"Periodistas golpeados por polic\u00edas y atacados con juegos de pirotecnia","datePublished":"2021-11-10T09:29:27+00:00","mainEntityOfPage":{"@id":"https:\/\/www.eldiario.net\/portal\/2021\/11\/10\/periodistas-golpeados-por-policias-y-atacados-con-juegos-de-pirotecnia\/"},"wordCount":1330,"publisher":{"@id":"https:\/\/www.eldiario.net\/portal\/#organization"},"image":{"@id":"https:\/\/www.eldiario.net\/portal\/2021\/11\/10\/periodistas-golpeados-por-policias-y-atacados-con-juegos-de-pirotecnia\/#primaryimage"},"thumbnailUrl":"","articleSection":["Sociedad - Seguridad"],"inLanguage":"es"},{"@type":"WebPage","@id":"https:\/\/www.eldiario.net\/portal\/2021\/11\/10\/periodistas-golpeados-por-policias-y-atacados-con-juegos-de-pirotecnia\/","url":"https:\/\/www.eldiario.net\/portal\/2021\/11\/10\/periodistas-golpeados-por-policias-y-atacados-con-juegos-de-pirotecnia\/","name":"Periodistas golpeados por polic\u00edas y atacados con juegos de pirotecnia - El Diario - Bolivia","isPartOf":{"@id":"https:\/\/www.eldiario.net\/portal\/#website"},"primaryImageOfPage":{"@id":"https:\/\/www.eldiario.net\/portal\/2021\/11\/10\/periodistas-golpeados-por-policias-y-atacados-con-juegos-de-pirotecnia\/#primaryimage"},"image":{"@id":"https:\/\/www.eldiario.net\/portal\/2021\/11\/10\/periodistas-golpeados-por-policias-y-atacados-con-juegos-de-pirotecnia\/#primaryimage"},"thumbnailUrl":"","datePublished":"2021-11-10T09:29:27+00:00","breadcrumb":{"@id":"https:\/\/www.eldiario.net\/portal\/2021\/11\/10\/periodistas-golpeados-por-policias-y-atacados-con-juegos-de-pirotecnia\/#breadcrumb"},"inLanguage":"es","potentialAction":[{"@type":"ReadAction","target":["https:\/\/www.eldiario.net\/portal\/2021\/11\/10\/periodistas-golpeados-por-policias-y-atacados-con-juegos-de-pirotecnia\/"]}]},{"@type":"ImageObject","inLanguage":"es","@id":"https:\/\/www.eldiario.net\/portal\/2021\/11\/10\/periodistas-golpeados-por-policias-y-atacados-con-juegos-de-pirotecnia\/#primaryimage","url":"","contentUrl":""},{"@type":"BreadcrumbList","@id":"https:\/\/www.eldiario.net\/portal\/2021\/11\/10\/periodistas-golpeados-por-policias-y-atacados-con-juegos-de-pirotecnia\/#breadcrumb","itemListElement":[{"@type":"ListItem","position":1,"name":"Portada","item":"https:\/\/www.eldiario.net\/portal\/"},{"@type":"ListItem","position":2,"name":"Periodistas golpeados por polic\u00edas y atacados con juegos de pirotecnia"}]},{"@type":"WebSite","@id":"https:\/\/www.eldiario.net\/portal\/#website","url":"https:\/\/www.eldiario.net\/portal\/","name":"El Diario - Decano de la prensa nacional","description":"El Diario - Decano de la prensa nacional","publisher":{"@id":"https:\/\/www.eldiario.net\/portal\/#organization"},"potentialAction":[{"@type":"SearchAction","target":{"@type":"EntryPoint","urlTemplate":"https:\/\/www.eldiario.net\/portal\/?s={search_term_string}"},"query-input":{"@type":"PropertyValueSpecification","valueRequired":true,"valueName":"search_term_string"}}],"inLanguage":"es"},{"@type":"Organization","@id":"https:\/\/www.eldiario.net\/portal\/#organization","name":"El Diario - Decano de la prensa nacional","url":"https:\/\/www.eldiario.net\/portal\/","logo":{"@type":"ImageObject","inLanguage":"es","@id":"https:\/\/www.eldiario.net\/portal\/#\/schema\/logo\/image\/","url":"https:\/\/www.eldiario.net\/portal\/wp-content\/uploads\/2023\/07\/logo_ED.jpg","contentUrl":"https:\/\/www.eldiario.net\/portal\/wp-content\/uploads\/2023\/07\/logo_ED.jpg","width":272,"height":52,"caption":"El Diario - Decano de la prensa nacional"},"image":{"@id":"https:\/\/www.eldiario.net\/portal\/#\/schema\/logo\/image\/"},"sameAs":["https:\/\/www.facebook.com\/eldiario.bolivia\/","https:\/\/x.com\/eldiario_net"]},{"@type":"Person","@id":"https:\/\/www.eldiario.net\/portal\/#\/schema\/person\/f46445640444750d7d753ccd04ae01b7","name":"Jeanette","image":{"@type":"ImageObject","inLanguage":"es","@id":"https:\/\/secure.gravatar.com\/avatar\/3ea2118a5f7dad2b7138b1187a6b7ee55f160b9968b66013c3a3ef39dd7e5798?s=96&d=mm&r=g","url":"https:\/\/secure.gravatar.com\/avatar\/3ea2118a5f7dad2b7138b1187a6b7ee55f160b9968b66013c3a3ef39dd7e5798?s=96&d=mm&r=g","contentUrl":"https:\/\/secure.gravatar.com\/avatar\/3ea2118a5f7dad2b7138b1187a6b7ee55f160b9968b66013c3a3ef39dd7e5798?s=96&d=mm&r=g","caption":"Jeanette"},"sameAs":["https:\/\/www.eldiario.net\/portal"],"url":"https:\/\/www.eldiario.net\/portal\/author\/jeanette\/"}]}},"_links":{"self":[{"href":"https:\/\/www.eldiario.net\/portal\/wp-json\/wp\/v2\/posts\/42091","targetHints":{"allow":["GET"]}}],"collection":[{"href":"https:\/\/www.eldiario.net\/portal\/wp-json\/wp\/v2\/posts"}],"about":[{"href":"https:\/\/www.eldiario.net\/portal\/wp-json\/wp\/v2\/types\/post"}],"author":[{"embeddable":true,"href":"https:\/\/www.eldiario.net\/portal\/wp-json\/wp\/v2\/users\/1"}],"replies":[{"embeddable":true,"href":"https:\/\/www.eldiario.net\/portal\/wp-json\/wp\/v2\/comments?post=42091"}],"version-history":[{"count":0,"href":"https:\/\/www.eldiario.net\/portal\/wp-json\/wp\/v2\/posts\/42091\/revisions"}],"wp:attachment":[{"href":"https:\/\/www.eldiario.net\/portal\/wp-json\/wp\/v2\/media?parent=42091"}],"wp:term":[{"taxonomy":"category","embeddable":true,"href":"https:\/\/www.eldiario.net\/portal\/wp-json\/wp\/v2\/categories?post=42091"},{"taxonomy":"post_tag","embeddable":true,"href":"https:\/\/www.eldiario.net\/portal\/wp-json\/wp\/v2\/tags?post=42091"}],"curies":[{"name":"wp","href":"https:\/\/api.w.org\/{rel}","templated":true}]}}