{"id":420909,"date":"2026-08-13T06:23:07","date_gmt":"2026-08-13T10:23:07","guid":{"rendered":"https:\/\/www.eldiario.net\/portal\/?p=420909"},"modified":"2026-08-13T06:23:07","modified_gmt":"2026-08-13T10:23:07","slug":"tarija-estrena-obras-entrega-titulos-y-proyecta-viviendas","status":"publish","type":"post","link":"https:\/\/www.eldiario.net\/portal\/2026\/08\/13\/tarija-estrena-obras-entrega-titulos-y-proyecta-viviendas\/","title":{"rendered":"Tarija estrena obras, entrega  t\u00edtulos y proyecta viviendas"},"content":{"rendered":"<p>El presidente del Estado, Rodrigo Paz Pereira, entreg\u00f3 ayer una moderna terminal de buses y t\u00edtulos ejecutoriales en Tarija, adem\u00e1s estuvo presente en la firma de un convenio para la construcci\u00f3n de viviendas sociales para familias vulnerables que habitan en el departamento.<\/p>\n<p>\u201cEsta es una de las grandes terminales y felicito el esfuerzo que se hace con la UPRE (Unidad de Proyectos Especiales) y con el gobierno regional para sacar este proyecto adelante y a todas las empresas y a todos los que han sido part\u00edcipes\u201d, expres\u00f3 el mandatario durante el acto de entrega de la Terminal de Buses Yacuiba.<\/p>\n<p>Seg\u00fan datos del Ministerio de Obras P\u00fablicas, la Terminal de Buses Yacuiba, ubicada en la provincia Gran Chaco, tiene un financiamiento que alcanza a Bs 50.190.078 y beneficiar\u00e1 a 97.296 habitantes.<\/p>\n<p>En la parte baja cuenta con 44 boleter\u00edas, 24 andenes, tres bater\u00edas ba\u00f1os, siete locales comerciales, siete ambientes administrativos, seis de informaci\u00f3n y una Oficina de Defensa del Consumidor.<\/p>\n<p>Adem\u00e1s, tiene espacios para gendarmer\u00eda; seguridad y monitoreo; guarda equipajes, enfermer\u00eda, cobro de uso sanitario, dep\u00f3sito de basura y de limpieza; y para la Fuerza Especial de Lucha Contra el Crimen.<\/p>\n<p>En la oportunidad, el mandatario tambi\u00e9n entreg\u00f3 t\u00edtulos ejecutoriales y estuvo presente en la firma del convenio entre el director de la Agencia Estatal de Vivienda, Jorge Vaca, y el ejecutivo regional del Gran Chaco, David Rojas, para nuevos proyectos habitacionales.<\/p>\n<p>\u201cAcaban de iniciar este proyecto de vivienda por m\u00e1s de 5 millones (de bolivianos)\u201d, indic\u00f3 el Presidente.<\/p>\n<p>En el marco del aniversario de la Regi\u00f3n Aut\u00f3noma del Gran Chaco, Paz cumpli\u00f3 este mi\u00e9rcoles una agenda de entrega de obras, en la ma\u00f1ana fue el tramo Acheral\u2013Choere y a mediod\u00eda el equipamiento m\u00e9dico en el Hospital Fray Quebracho. (ABI)<\/p>\n<p>M\u00e1s informaci\u00f3n: Nacional<\/p>\n","protected":false},"excerpt":{"rendered":"<p>El presidente del Estado, Rodrigo Paz Pereira, entreg\u00f3 ayer una moderna terminal de buses y t\u00edtulos ejecutoriales en Tarija, adem\u00e1s estuvo presente en la firma de un convenio para la construcci\u00f3n de viviendas sociales para familias vulnerables que habitan en el departamento. \u201cEsta es una de las grandes terminales y felicito el esfuerzo que se [&hellip;]<\/p>\n","protected":false},"author":1,"featured_media":420910,"comment_status":"closed","ping_status":"open","sticky":false,"template":"","format":"standard","meta":{"_acf_changed":false,"footnotes":""},"categories":[15],"tags":[],"class_list":["post-420909","post","type-post","status-publish","format-standard","has-post-thumbnail","category-portada"],"acf":{"antetitulo":""},"yoast_head":"<!-- This site is optimized with the Yoast SEO plugin v28.3 - https:\/\/yoast.com\/product\/yoast-seo-wordpress\/ -->\n<title>Tarija estrena obras, entrega t\u00edtulos y proyecta viviendas - El Diario - Bolivia<\/title>\n<meta name=\"robots\" content=\"index, follow, max-snippet:-1, max-image-preview:large, max-video-preview:-1\" \/>\n<link rel=\"canonical\" href=\"https:\/\/www.eldiario.net\/portal\/2026\/08\/13\/tarija-estrena-obras-entrega-titulos-y-proyecta-viviendas\/\" \/>\n<meta property=\"og:locale\" content=\"es_ES\" \/>\n<meta property=\"og:type\" content=\"article\" \/>\n<meta property=\"og:title\" content=\"Tarija estrena obras, entrega t\u00edtulos y proyecta viviendas - El Diario - Bolivia\" \/>\n<meta property=\"og:description\" content=\"El presidente del Estado, Rodrigo Paz Pereira, entreg\u00f3 ayer una moderna terminal de buses y t\u00edtulos ejecutoriales en Tarija, adem\u00e1s estuvo presente en la firma de un convenio para la construcci\u00f3n de viviendas sociales para familias vulnerables que habitan en el departamento. \u201cEsta es una de las grandes terminales y felicito el esfuerzo que se [&hellip;]\" \/>\n<meta property=\"og:url\" content=\"https:\/\/www.eldiario.net\/portal\/2026\/08\/13\/tarija-estrena-obras-entrega-titulos-y-proyecta-viviendas\/\" \/>\n<meta property=\"og:site_name\" content=\"El Diario - Bolivia\" \/>\n<meta property=\"article:publisher\" content=\"https:\/\/www.facebook.com\/eldiario.bolivia\/\" \/>\n<meta property=\"article:published_time\" content=\"2026-08-13T10:23:07+00:00\" \/>\n<meta property=\"og:image\" content=\"https:\/\/www.eldiario.net\/portal\/wp-content\/uploads\/2026\/08\/OBRAS-FOTO.webp\" \/>\n\t<meta property=\"og:image:width\" content=\"1280\" \/>\n\t<meta property=\"og:image:height\" content=\"854\" \/>\n\t<meta property=\"og:image:type\" content=\"image\/webp\" \/>\n<meta name=\"author\" content=\"Jeanette\" \/>\n<meta name=\"twitter:card\" content=\"summary_large_image\" \/>\n<meta name=\"twitter:creator\" content=\"@eldiario_net\" \/>\n<meta name=\"twitter:site\" content=\"@eldiario_net\" \/>\n<meta name=\"twitter:label1\" content=\"Escrito por\" \/>\n\t<meta name=\"twitter:data1\" content=\"Jeanette\" \/>\n\t<meta name=\"twitter:label2\" content=\"Tiempo de lectura\" \/>\n\t<meta name=\"twitter:data2\" content=\"2 minutos\" \/>\n<script type=\"application\/ld+json\" class=\"yoast-schema-graph\">{\"@context\":\"https:\\\/\\\/schema.org\",\"@graph\":[{\"@type\":\"Article\",\"@id\":\"https:\\\/\\\/www.eldiario.net\\\/portal\\\/2026\\\/08\\\/13\\\/tarija-estrena-obras-entrega-titulos-y-proyecta-viviendas\\\/#article\",\"isPartOf\":{\"@id\":\"https:\\\/\\\/www.eldiario.net\\\/portal\\\/2026\\\/08\\\/13\\\/tarija-estrena-obras-entrega-titulos-y-proyecta-viviendas\\\/\"},\"author\":{\"name\":\"Jeanette\",\"@id\":\"https:\\\/\\\/www.eldiario.net\\\/portal\\\/#\\\/schema\\\/person\\\/f46445640444750d7d753ccd04ae01b7\"},\"headline\":\"Tarija estrena obras, entrega t\u00edtulos y proyecta viviendas\",\"datePublished\":\"2026-08-13T10:23:07+00:00\",\"mainEntityOfPage\":{\"@id\":\"https:\\\/\\\/www.eldiario.net\\\/portal\\\/2026\\\/08\\\/13\\\/tarija-estrena-obras-entrega-titulos-y-proyecta-viviendas\\\/\"},\"wordCount\":323,\"publisher\":{\"@id\":\"https:\\\/\\\/www.eldiario.net\\\/portal\\\/#organization\"},\"image\":{\"@id\":\"https:\\\/\\\/www.eldiario.net\\\/portal\\\/2026\\\/08\\\/13\\\/tarija-estrena-obras-entrega-titulos-y-proyecta-viviendas\\\/#primaryimage\"},\"thumbnailUrl\":\"https:\\\/\\\/www.eldiario.net\\\/portal\\\/wp-content\\\/uploads\\\/2026\\\/08\\\/OBRAS-FOTO.webp\",\"articleSection\":[\"Portada\"],\"inLanguage\":\"es\"},{\"@type\":\"WebPage\",\"@id\":\"https:\\\/\\\/www.eldiario.net\\\/portal\\\/2026\\\/08\\\/13\\\/tarija-estrena-obras-entrega-titulos-y-proyecta-viviendas\\\/\",\"url\":\"https:\\\/\\\/www.eldiario.net\\\/portal\\\/2026\\\/08\\\/13\\\/tarija-estrena-obras-entrega-titulos-y-proyecta-viviendas\\\/\",\"name\":\"Tarija estrena obras, entrega t\u00edtulos y proyecta viviendas - El Diario - Bolivia\",\"isPartOf\":{\"@id\":\"https:\\\/\\\/www.eldiario.net\\\/portal\\\/#website\"},\"primaryImageOfPage\":{\"@id\":\"https:\\\/\\\/www.eldiario.net\\\/portal\\\/2026\\\/08\\\/13\\\/tarija-estrena-obras-entrega-titulos-y-proyecta-viviendas\\\/#primaryimage\"},\"image\":{\"@id\":\"https:\\\/\\\/www.eldiario.net\\\/portal\\\/2026\\\/08\\\/13\\\/tarija-estrena-obras-entrega-titulos-y-proyecta-viviendas\\\/#primaryimage\"},\"thumbnailUrl\":\"https:\\\/\\\/www.eldiario.net\\\/portal\\\/wp-content\\\/uploads\\\/2026\\\/08\\\/OBRAS-FOTO.webp\",\"datePublished\":\"2026-08-13T10:23:07+00:00\",\"breadcrumb\":{\"@id\":\"https:\\\/\\\/www.eldiario.net\\\/portal\\\/2026\\\/08\\\/13\\\/tarija-estrena-obras-entrega-titulos-y-proyecta-viviendas\\\/#breadcrumb\"},\"inLanguage\":\"es\",\"potentialAction\":[{\"@type\":\"ReadAction\",\"target\":[\"https:\\\/\\\/www.eldiario.net\\\/portal\\\/2026\\\/08\\\/13\\\/tarija-estrena-obras-entrega-titulos-y-proyecta-viviendas\\\/\"]}]},{\"@type\":\"ImageObject\",\"inLanguage\":\"es\",\"@id\":\"https:\\\/\\\/www.eldiario.net\\\/portal\\\/2026\\\/08\\\/13\\\/tarija-estrena-obras-entrega-titulos-y-proyecta-viviendas\\\/#primaryimage\",\"url\":\"https:\\\/\\\/www.eldiario.net\\\/portal\\\/wp-content\\\/uploads\\\/2026\\\/08\\\/OBRAS-FOTO.webp\",\"contentUrl\":\"https:\\\/\\\/www.eldiario.net\\\/portal\\\/wp-content\\\/uploads\\\/2026\\\/08\\\/OBRAS-FOTO.webp\",\"width\":1280,\"height\":854,\"caption\":\"Autoridades nacionales y locales acompa\u00f1aron la entrega de la nueva Terminal de Buses en Yacuiba. Foto: Mopsv\"},{\"@type\":\"BreadcrumbList\",\"@id\":\"https:\\\/\\\/www.eldiario.net\\\/portal\\\/2026\\\/08\\\/13\\\/tarija-estrena-obras-entrega-titulos-y-proyecta-viviendas\\\/#breadcrumb\",\"itemListElement\":[{\"@type\":\"ListItem\",\"position\":1,\"name\":\"Portada\",\"item\":\"https:\\\/\\\/www.eldiario.net\\\/portal\\\/\"},{\"@type\":\"ListItem\",\"position\":2,\"name\":\"Tarija estrena obras, entrega t\u00edtulos y proyecta viviendas\"}]},{\"@type\":\"WebSite\",\"@id\":\"https:\\\/\\\/www.eldiario.net\\\/portal\\\/#website\",\"url\":\"https:\\\/\\\/www.eldiario.net\\\/portal\\\/\",\"name\":\"El Diario - Decano de la prensa nacional\",\"description\":\"El Diario - Decano de la prensa nacional\",\"publisher\":{\"@id\":\"https:\\\/\\\/www.eldiario.net\\\/portal\\\/#organization\"},\"potentialAction\":[{\"@type\":\"SearchAction\",\"target\":{\"@type\":\"EntryPoint\",\"urlTemplate\":\"https:\\\/\\\/www.eldiario.net\\\/portal\\\/?s={search_term_string}\"},\"query-input\":{\"@type\":\"PropertyValueSpecification\",\"valueRequired\":true,\"valueName\":\"search_term_string\"}}],\"inLanguage\":\"es\"},{\"@type\":\"Organization\",\"@id\":\"https:\\\/\\\/www.eldiario.net\\\/portal\\\/#organization\",\"name\":\"El Diario - Decano de la prensa nacional\",\"url\":\"https:\\\/\\\/www.eldiario.net\\\/portal\\\/\",\"logo\":{\"@type\":\"ImageObject\",\"inLanguage\":\"es\",\"@id\":\"https:\\\/\\\/www.eldiario.net\\\/portal\\\/#\\\/schema\\\/logo\\\/image\\\/\",\"url\":\"https:\\\/\\\/www.eldiario.net\\\/portal\\\/wp-content\\\/uploads\\\/2023\\\/07\\\/logo_ED.jpg\",\"contentUrl\":\"https:\\\/\\\/www.eldiario.net\\\/portal\\\/wp-content\\\/uploads\\\/2023\\\/07\\\/logo_ED.jpg\",\"width\":272,\"height\":52,\"caption\":\"El Diario - Decano de la prensa nacional\"},\"image\":{\"@id\":\"https:\\\/\\\/www.eldiario.net\\\/portal\\\/#\\\/schema\\\/logo\\\/image\\\/\"},\"sameAs\":[\"https:\\\/\\\/www.facebook.com\\\/eldiario.bolivia\\\/\",\"https:\\\/\\\/x.com\\\/eldiario_net\"]},{\"@type\":\"Person\",\"@id\":\"https:\\\/\\\/www.eldiario.net\\\/portal\\\/#\\\/schema\\\/person\\\/f46445640444750d7d753ccd04ae01b7\",\"name\":\"Jeanette\",\"image\":{\"@type\":\"ImageObject\",\"inLanguage\":\"es\",\"@id\":\"https:\\\/\\\/secure.gravatar.com\\\/avatar\\\/3ea2118a5f7dad2b7138b1187a6b7ee55f160b9968b66013c3a3ef39dd7e5798?s=96&d=mm&r=g\",\"url\":\"https:\\\/\\\/secure.gravatar.com\\\/avatar\\\/3ea2118a5f7dad2b7138b1187a6b7ee55f160b9968b66013c3a3ef39dd7e5798?s=96&d=mm&r=g\",\"contentUrl\":\"https:\\\/\\\/secure.gravatar.com\\\/avatar\\\/3ea2118a5f7dad2b7138b1187a6b7ee55f160b9968b66013c3a3ef39dd7e5798?s=96&d=mm&r=g\",\"caption\":\"Jeanette\"},\"sameAs\":[\"https:\\\/\\\/www.eldiario.net\\\/portal\"],\"url\":\"https:\\\/\\\/www.eldiario.net\\\/portal\\\/author\\\/jeanette\\\/\"}]}<\/script>\n<!-- \/ Yoast SEO plugin. -->","yoast_head_json":{"title":"Tarija estrena obras, entrega t\u00edtulos y proyecta viviendas - El Diario - Bolivia","robots":{"index":"index","follow":"follow","max-snippet":"max-snippet:-1","max-image-preview":"max-image-preview:large","max-video-preview":"max-video-preview:-1"},"canonical":"https:\/\/www.eldiario.net\/portal\/2026\/08\/13\/tarija-estrena-obras-entrega-titulos-y-proyecta-viviendas\/","og_locale":"es_ES","og_type":"article","og_title":"Tarija estrena obras, entrega t\u00edtulos y proyecta viviendas - El Diario - Bolivia","og_description":"El presidente del Estado, Rodrigo Paz Pereira, entreg\u00f3 ayer una moderna terminal de buses y t\u00edtulos ejecutoriales en Tarija, adem\u00e1s estuvo presente en la firma de un convenio para la construcci\u00f3n de viviendas sociales para familias vulnerables que habitan en el departamento. \u201cEsta es una de las grandes terminales y felicito el esfuerzo que se [&hellip;]","og_url":"https:\/\/www.eldiario.net\/portal\/2026\/08\/13\/tarija-estrena-obras-entrega-titulos-y-proyecta-viviendas\/","og_site_name":"El Diario - Bolivia","article_publisher":"https:\/\/www.facebook.com\/eldiario.bolivia\/","article_published_time":"2026-08-13T10:23:07+00:00","og_image":[{"width":1280,"height":854,"url":"https:\/\/www.eldiario.net\/portal\/wp-content\/uploads\/2026\/08\/OBRAS-FOTO.webp","type":"image\/webp"}],"author":"Jeanette","twitter_card":"summary_large_image","twitter_creator":"@eldiario_net","twitter_site":"@eldiario_net","twitter_misc":{"Escrito por":"Jeanette","Tiempo de lectura":"2 minutos"},"schema":{"@context":"https:\/\/schema.org","@graph":[{"@type":"Article","@id":"https:\/\/www.eldiario.net\/portal\/2026\/08\/13\/tarija-estrena-obras-entrega-titulos-y-proyecta-viviendas\/#article","isPartOf":{"@id":"https:\/\/www.eldiario.net\/portal\/2026\/08\/13\/tarija-estrena-obras-entrega-titulos-y-proyecta-viviendas\/"},"author":{"name":"Jeanette","@id":"https:\/\/www.eldiario.net\/portal\/#\/schema\/person\/f46445640444750d7d753ccd04ae01b7"},"headline":"Tarija estrena obras, entrega t\u00edtulos y proyecta viviendas","datePublished":"2026-08-13T10:23:07+00:00","mainEntityOfPage":{"@id":"https:\/\/www.eldiario.net\/portal\/2026\/08\/13\/tarija-estrena-obras-entrega-titulos-y-proyecta-viviendas\/"},"wordCount":323,"publisher":{"@id":"https:\/\/www.eldiario.net\/portal\/#organization"},"image":{"@id":"https:\/\/www.eldiario.net\/portal\/2026\/08\/13\/tarija-estrena-obras-entrega-titulos-y-proyecta-viviendas\/#primaryimage"},"thumbnailUrl":"https:\/\/www.eldiario.net\/portal\/wp-content\/uploads\/2026\/08\/OBRAS-FOTO.webp","articleSection":["Portada"],"inLanguage":"es"},{"@type":"WebPage","@id":"https:\/\/www.eldiario.net\/portal\/2026\/08\/13\/tarija-estrena-obras-entrega-titulos-y-proyecta-viviendas\/","url":"https:\/\/www.eldiario.net\/portal\/2026\/08\/13\/tarija-estrena-obras-entrega-titulos-y-proyecta-viviendas\/","name":"Tarija estrena obras, entrega t\u00edtulos y proyecta viviendas - El Diario - Bolivia","isPartOf":{"@id":"https:\/\/www.eldiario.net\/portal\/#website"},"primaryImageOfPage":{"@id":"https:\/\/www.eldiario.net\/portal\/2026\/08\/13\/tarija-estrena-obras-entrega-titulos-y-proyecta-viviendas\/#primaryimage"},"image":{"@id":"https:\/\/www.eldiario.net\/portal\/2026\/08\/13\/tarija-estrena-obras-entrega-titulos-y-proyecta-viviendas\/#primaryimage"},"thumbnailUrl":"https:\/\/www.eldiario.net\/portal\/wp-content\/uploads\/2026\/08\/OBRAS-FOTO.webp","datePublished":"2026-08-13T10:23:07+00:00","breadcrumb":{"@id":"https:\/\/www.eldiario.net\/portal\/2026\/08\/13\/tarija-estrena-obras-entrega-titulos-y-proyecta-viviendas\/#breadcrumb"},"inLanguage":"es","potentialAction":[{"@type":"ReadAction","target":["https:\/\/www.eldiario.net\/portal\/2026\/08\/13\/tarija-estrena-obras-entrega-titulos-y-proyecta-viviendas\/"]}]},{"@type":"ImageObject","inLanguage":"es","@id":"https:\/\/www.eldiario.net\/portal\/2026\/08\/13\/tarija-estrena-obras-entrega-titulos-y-proyecta-viviendas\/#primaryimage","url":"https:\/\/www.eldiario.net\/portal\/wp-content\/uploads\/2026\/08\/OBRAS-FOTO.webp","contentUrl":"https:\/\/www.eldiario.net\/portal\/wp-content\/uploads\/2026\/08\/OBRAS-FOTO.webp","width":1280,"height":854,"caption":"Autoridades nacionales y locales acompa\u00f1aron la entrega de la nueva Terminal de Buses en Yacuiba. Foto: Mopsv"},{"@type":"BreadcrumbList","@id":"https:\/\/www.eldiario.net\/portal\/2026\/08\/13\/tarija-estrena-obras-entrega-titulos-y-proyecta-viviendas\/#breadcrumb","itemListElement":[{"@type":"ListItem","position":1,"name":"Portada","item":"https:\/\/www.eldiario.net\/portal\/"},{"@type":"ListItem","position":2,"name":"Tarija estrena obras, entrega t\u00edtulos y proyecta viviendas"}]},{"@type":"WebSite","@id":"https:\/\/www.eldiario.net\/portal\/#website","url":"https:\/\/www.eldiario.net\/portal\/","name":"El Diario - Decano de la prensa nacional","description":"El Diario - Decano de la prensa nacional","publisher":{"@id":"https:\/\/www.eldiario.net\/portal\/#organization"},"potentialAction":[{"@type":"SearchAction","target":{"@type":"EntryPoint","urlTemplate":"https:\/\/www.eldiario.net\/portal\/?s={search_term_string}"},"query-input":{"@type":"PropertyValueSpecification","valueRequired":true,"valueName":"search_term_string"}}],"inLanguage":"es"},{"@type":"Organization","@id":"https:\/\/www.eldiario.net\/portal\/#organization","name":"El Diario - Decano de la prensa nacional","url":"https:\/\/www.eldiario.net\/portal\/","logo":{"@type":"ImageObject","inLanguage":"es","@id":"https:\/\/www.eldiario.net\/portal\/#\/schema\/logo\/image\/","url":"https:\/\/www.eldiario.net\/portal\/wp-content\/uploads\/2023\/07\/logo_ED.jpg","contentUrl":"https:\/\/www.eldiario.net\/portal\/wp-content\/uploads\/2023\/07\/logo_ED.jpg","width":272,"height":52,"caption":"El Diario - Decano de la prensa nacional"},"image":{"@id":"https:\/\/www.eldiario.net\/portal\/#\/schema\/logo\/image\/"},"sameAs":["https:\/\/www.facebook.com\/eldiario.bolivia\/","https:\/\/x.com\/eldiario_net"]},{"@type":"Person","@id":"https:\/\/www.eldiario.net\/portal\/#\/schema\/person\/f46445640444750d7d753ccd04ae01b7","name":"Jeanette","image":{"@type":"ImageObject","inLanguage":"es","@id":"https:\/\/secure.gravatar.com\/avatar\/3ea2118a5f7dad2b7138b1187a6b7ee55f160b9968b66013c3a3ef39dd7e5798?s=96&d=mm&r=g","url":"https:\/\/secure.gravatar.com\/avatar\/3ea2118a5f7dad2b7138b1187a6b7ee55f160b9968b66013c3a3ef39dd7e5798?s=96&d=mm&r=g","contentUrl":"https:\/\/secure.gravatar.com\/avatar\/3ea2118a5f7dad2b7138b1187a6b7ee55f160b9968b66013c3a3ef39dd7e5798?s=96&d=mm&r=g","caption":"Jeanette"},"sameAs":["https:\/\/www.eldiario.net\/portal"],"url":"https:\/\/www.eldiario.net\/portal\/author\/jeanette\/"}]}},"_links":{"self":[{"href":"https:\/\/www.eldiario.net\/portal\/wp-json\/wp\/v2\/posts\/420909","targetHints":{"allow":["GET"]}}],"collection":[{"href":"https:\/\/www.eldiario.net\/portal\/wp-json\/wp\/v2\/posts"}],"about":[{"href":"https:\/\/www.eldiario.net\/portal\/wp-json\/wp\/v2\/types\/post"}],"author":[{"embeddable":true,"href":"https:\/\/www.eldiario.net\/portal\/wp-json\/wp\/v2\/users\/1"}],"replies":[{"embeddable":true,"href":"https:\/\/www.eldiario.net\/portal\/wp-json\/wp\/v2\/comments?post=420909"}],"version-history":[{"count":1,"href":"https:\/\/www.eldiario.net\/portal\/wp-json\/wp\/v2\/posts\/420909\/revisions"}],"predecessor-version":[{"id":420911,"href":"https:\/\/www.eldiario.net\/portal\/wp-json\/wp\/v2\/posts\/420909\/revisions\/420911"}],"wp:featuredmedia":[{"embeddable":true,"href":"https:\/\/www.eldiario.net\/portal\/wp-json\/wp\/v2\/media\/420910"}],"wp:attachment":[{"href":"https:\/\/www.eldiario.net\/portal\/wp-json\/wp\/v2\/media?parent=420909"}],"wp:term":[{"taxonomy":"category","embeddable":true,"href":"https:\/\/www.eldiario.net\/portal\/wp-json\/wp\/v2\/categories?post=420909"},{"taxonomy":"post_tag","embeddable":true,"href":"https:\/\/www.eldiario.net\/portal\/wp-json\/wp\/v2\/tags?post=420909"}],"curies":[{"name":"wp","href":"https:\/\/api.w.org\/{rel}","templated":true}]}}