{"id":42088,"date":"2021-11-10T05:26:59","date_gmt":"2021-11-10T09:26:59","guid":{"rendered":"https:\/\/www.eldiario.net\/portal\/?p=42088"},"modified":"2021-11-10T05:26:59","modified_gmt":"2021-11-10T09:26:59","slug":"policias-trasladados-en-avion-hercules-para-desbloquear-santa-cruz","status":"publish","type":"post","link":"https:\/\/www.eldiario.net\/portal\/2021\/11\/10\/policias-trasladados-en-avion-hercules-para-desbloquear-santa-cruz\/","title":{"rendered":"Polic\u00edas trasladados en avi\u00f3n H\u00e9rcules para desbloquear Santa Cruz"},"content":{"rendered":"<p>Un avi\u00f3n H\u00e9rcules lleg\u00f3 ayer al aeropuerto de El Trompillo con un contingente de efectivos policiales que fueron a reforzar las tareas de las fuerzas del orden por el paro indefinido que se lleva adelante en la ciudad de Santa Cruz de la Sierra.<br \/>\nDe acuerdo al portal de noticias \u201cAsuntos Centrales\u201d, al menos 70 uniformados llegaron hasta la capital oriental y se espera que el contingente se complete con 200 efectivos policiales destinados a contener las medidas de presi\u00f3n y reforzar los operativos.<br \/>\n\u201cTenemos entre 250 y 300 en personal policial en Cochabamba, Santa Cruz, en el eje, para niveles de rotaci\u00f3n\u201d, confirm\u00f3 Cox al programa.<br \/>\nLa autoridad explic\u00f3 que con el env\u00edo de ese personal de seguridad se busca \u201cprecautelar el derecho al trabajo\u201d.<br \/>\n\u201cEstamos precautelando que no existan puntos de bloqueo, vamos a disuadir que no lo hagan. Cuando hay niveles de tensi\u00f3n, la polic\u00eda va a ver los criterios, pero vamos a desbloquear. Vamos a precautelar el derecho al trabajo\u201d, declar\u00f3 Cox.<br \/>\nEl lunes, los efectivos intervinieron varios puntos de bloqueo bajo el argumento de garantizar el tr\u00e1fico vehicular.<br \/>\nAl promediar las 8.05 aterriz\u00f3 el H\u00e9rcules en suelo cruce\u00f1o de donde descendieron los efectivos policiales con pertrechos, chalecos y escudos. La red Unitel se\u00f1al\u00f3 que se trata de efectivos de los \u201cDiablos Rojos\u201d.<\/p>\n<p>C\u00cdVICOS<br \/>\nPor otro lado, el vicepresidente del Comit\u00e9 C\u00edvico pro Santa Cruz, Fernando Larach, confirm\u00f3 ayer que el departamento cruce\u00f1o entra a su tercer d\u00eda de paro e inst\u00f3 a la poblaci\u00f3n a abastecerse a pie en los mercados en horas de la ma\u00f1ana.<br \/>\n\u201cPedirle a la poblaci\u00f3n que salga a ejercer su derecho a la protesta, que no caiga en provocaciones de matones vestidos de polic\u00edas o civiles. Vamos al tercer d\u00eda de paro y hag\u00e1moslo de manera pac\u00edfica\u201d, se\u00f1al\u00f3 en entrevista con la red Unitel.<\/p>\n","protected":false},"excerpt":{"rendered":"<p>Un avi\u00f3n H\u00e9rcules lleg\u00f3 ayer al aeropuerto de El Trompillo con un contingente de efectivos policiales que fueron a reforzar las tareas de las fuerzas del orden por el paro indefinido que se lleva adelante en la ciudad de Santa Cruz de la Sierra. De acuerdo al portal de noticias \u201cAsuntos Centrales\u201d, al menos 70 [&hellip;]<\/p>\n","protected":false},"author":1,"featured_media":42089,"comment_status":"closed","ping_status":"closed","sticky":false,"template":"","format":"standard","meta":{"_acf_changed":false,"footnotes":""},"categories":[39],"tags":[],"class_list":["post-42088","post","type-post","status-publish","format-standard","has-post-thumbnail","category-sociedad"],"acf":{"antetitulo":""},"yoast_head":"<!-- This site is optimized with the Yoast SEO plugin v28.4 - https:\/\/yoast.com\/product\/yoast-seo-wordpress\/ -->\n<title>Polic\u00edas trasladados en avi\u00f3n H\u00e9rcules para desbloquear Santa Cruz - El Diario - Bolivia<\/title>\n<meta name=\"robots\" content=\"index, follow, max-snippet:-1, max-image-preview:large, max-video-preview:-1\" \/>\n<link rel=\"canonical\" href=\"https:\/\/www.eldiario.net\/portal\/2021\/11\/10\/policias-trasladados-en-avion-hercules-para-desbloquear-santa-cruz\/\" \/>\n<meta property=\"og:locale\" content=\"es_ES\" \/>\n<meta property=\"og:type\" content=\"article\" \/>\n<meta property=\"og:title\" content=\"Polic\u00edas trasladados en avi\u00f3n H\u00e9rcules para desbloquear Santa Cruz - El Diario - Bolivia\" \/>\n<meta property=\"og:description\" content=\"Un avi\u00f3n H\u00e9rcules lleg\u00f3 ayer al aeropuerto de El Trompillo con un contingente de efectivos policiales que fueron a reforzar las tareas de las fuerzas del orden por el paro indefinido que se lleva adelante en la ciudad de Santa Cruz de la Sierra. De acuerdo al portal de noticias \u201cAsuntos Centrales\u201d, al menos 70 [&hellip;]\" \/>\n<meta property=\"og:url\" content=\"https:\/\/www.eldiario.net\/portal\/2021\/11\/10\/policias-trasladados-en-avion-hercules-para-desbloquear-santa-cruz\/\" \/>\n<meta property=\"og:site_name\" content=\"El Diario - Bolivia\" \/>\n<meta property=\"article:publisher\" content=\"https:\/\/www.facebook.com\/eldiario.bolivia\/\" \/>\n<meta property=\"article:published_time\" content=\"2021-11-10T09:26:59+00:00\" \/>\n<meta name=\"author\" content=\"Jeanette\" \/>\n<meta name=\"twitter:card\" content=\"summary_large_image\" \/>\n<meta name=\"twitter:creator\" content=\"@eldiario_net\" \/>\n<meta name=\"twitter:site\" content=\"@eldiario_net\" \/>\n<meta name=\"twitter:label1\" content=\"Escrito por\" \/>\n\t<meta name=\"twitter:data1\" content=\"Jeanette\" \/>\n\t<meta name=\"twitter:label2\" content=\"Tiempo de lectura\" \/>\n\t<meta name=\"twitter:data2\" content=\"2 minutos\" \/>\n<script type=\"application\/ld+json\" class=\"yoast-schema-graph\">{\"@context\":\"https:\\\/\\\/schema.org\",\"@graph\":[{\"@type\":\"Article\",\"@id\":\"https:\\\/\\\/www.eldiario.net\\\/portal\\\/2021\\\/11\\\/10\\\/policias-trasladados-en-avion-hercules-para-desbloquear-santa-cruz\\\/#article\",\"isPartOf\":{\"@id\":\"https:\\\/\\\/www.eldiario.net\\\/portal\\\/2021\\\/11\\\/10\\\/policias-trasladados-en-avion-hercules-para-desbloquear-santa-cruz\\\/\"},\"author\":{\"name\":\"Jeanette\",\"@id\":\"https:\\\/\\\/www.eldiario.net\\\/portal\\\/#\\\/schema\\\/person\\\/f46445640444750d7d753ccd04ae01b7\"},\"headline\":\"Polic\u00edas trasladados en avi\u00f3n H\u00e9rcules para desbloquear Santa Cruz\",\"datePublished\":\"2021-11-10T09:26:59+00:00\",\"mainEntityOfPage\":{\"@id\":\"https:\\\/\\\/www.eldiario.net\\\/portal\\\/2021\\\/11\\\/10\\\/policias-trasladados-en-avion-hercules-para-desbloquear-santa-cruz\\\/\"},\"wordCount\":334,\"publisher\":{\"@id\":\"https:\\\/\\\/www.eldiario.net\\\/portal\\\/#organization\"},\"image\":{\"@id\":\"https:\\\/\\\/www.eldiario.net\\\/portal\\\/2021\\\/11\\\/10\\\/policias-trasladados-en-avion-hercules-para-desbloquear-santa-cruz\\\/#primaryimage\"},\"thumbnailUrl\":\"\",\"articleSection\":[\"Sociedad - Seguridad\"],\"inLanguage\":\"es\"},{\"@type\":\"WebPage\",\"@id\":\"https:\\\/\\\/www.eldiario.net\\\/portal\\\/2021\\\/11\\\/10\\\/policias-trasladados-en-avion-hercules-para-desbloquear-santa-cruz\\\/\",\"url\":\"https:\\\/\\\/www.eldiario.net\\\/portal\\\/2021\\\/11\\\/10\\\/policias-trasladados-en-avion-hercules-para-desbloquear-santa-cruz\\\/\",\"name\":\"Polic\u00edas trasladados en avi\u00f3n H\u00e9rcules para desbloquear Santa Cruz - El Diario - Bolivia\",\"isPartOf\":{\"@id\":\"https:\\\/\\\/www.eldiario.net\\\/portal\\\/#website\"},\"primaryImageOfPage\":{\"@id\":\"https:\\\/\\\/www.eldiario.net\\\/portal\\\/2021\\\/11\\\/10\\\/policias-trasladados-en-avion-hercules-para-desbloquear-santa-cruz\\\/#primaryimage\"},\"image\":{\"@id\":\"https:\\\/\\\/www.eldiario.net\\\/portal\\\/2021\\\/11\\\/10\\\/policias-trasladados-en-avion-hercules-para-desbloquear-santa-cruz\\\/#primaryimage\"},\"thumbnailUrl\":\"\",\"datePublished\":\"2021-11-10T09:26:59+00:00\",\"breadcrumb\":{\"@id\":\"https:\\\/\\\/www.eldiario.net\\\/portal\\\/2021\\\/11\\\/10\\\/policias-trasladados-en-avion-hercules-para-desbloquear-santa-cruz\\\/#breadcrumb\"},\"inLanguage\":\"es\",\"potentialAction\":[{\"@type\":\"ReadAction\",\"target\":[\"https:\\\/\\\/www.eldiario.net\\\/portal\\\/2021\\\/11\\\/10\\\/policias-trasladados-en-avion-hercules-para-desbloquear-santa-cruz\\\/\"]}]},{\"@type\":\"ImageObject\",\"inLanguage\":\"es\",\"@id\":\"https:\\\/\\\/www.eldiario.net\\\/portal\\\/2021\\\/11\\\/10\\\/policias-trasladados-en-avion-hercules-para-desbloquear-santa-cruz\\\/#primaryimage\",\"url\":\"\",\"contentUrl\":\"\"},{\"@type\":\"BreadcrumbList\",\"@id\":\"https:\\\/\\\/www.eldiario.net\\\/portal\\\/2021\\\/11\\\/10\\\/policias-trasladados-en-avion-hercules-para-desbloquear-santa-cruz\\\/#breadcrumb\",\"itemListElement\":[{\"@type\":\"ListItem\",\"position\":1,\"name\":\"Portada\",\"item\":\"https:\\\/\\\/www.eldiario.net\\\/portal\\\/\"},{\"@type\":\"ListItem\",\"position\":2,\"name\":\"Polic\u00edas trasladados en avi\u00f3n H\u00e9rcules para desbloquear Santa Cruz\"}]},{\"@type\":\"WebSite\",\"@id\":\"https:\\\/\\\/www.eldiario.net\\\/portal\\\/#website\",\"url\":\"https:\\\/\\\/www.eldiario.net\\\/portal\\\/\",\"name\":\"El Diario - Decano de la prensa nacional\",\"description\":\"El Diario - Decano de la prensa nacional\",\"publisher\":{\"@id\":\"https:\\\/\\\/www.eldiario.net\\\/portal\\\/#organization\"},\"potentialAction\":[{\"@type\":\"SearchAction\",\"target\":{\"@type\":\"EntryPoint\",\"urlTemplate\":\"https:\\\/\\\/www.eldiario.net\\\/portal\\\/?s={search_term_string}\"},\"query-input\":{\"@type\":\"PropertyValueSpecification\",\"valueRequired\":true,\"valueName\":\"search_term_string\"}}],\"inLanguage\":\"es\"},{\"@type\":\"Organization\",\"@id\":\"https:\\\/\\\/www.eldiario.net\\\/portal\\\/#organization\",\"name\":\"El Diario - Decano de la prensa nacional\",\"url\":\"https:\\\/\\\/www.eldiario.net\\\/portal\\\/\",\"logo\":{\"@type\":\"ImageObject\",\"inLanguage\":\"es\",\"@id\":\"https:\\\/\\\/www.eldiario.net\\\/portal\\\/#\\\/schema\\\/logo\\\/image\\\/\",\"url\":\"https:\\\/\\\/www.eldiario.net\\\/portal\\\/wp-content\\\/uploads\\\/2023\\\/07\\\/logo_ED.jpg\",\"contentUrl\":\"https:\\\/\\\/www.eldiario.net\\\/portal\\\/wp-content\\\/uploads\\\/2023\\\/07\\\/logo_ED.jpg\",\"width\":272,\"height\":52,\"caption\":\"El Diario - Decano de la prensa nacional\"},\"image\":{\"@id\":\"https:\\\/\\\/www.eldiario.net\\\/portal\\\/#\\\/schema\\\/logo\\\/image\\\/\"},\"sameAs\":[\"https:\\\/\\\/www.facebook.com\\\/eldiario.bolivia\\\/\",\"https:\\\/\\\/x.com\\\/eldiario_net\"]},{\"@type\":\"Person\",\"@id\":\"https:\\\/\\\/www.eldiario.net\\\/portal\\\/#\\\/schema\\\/person\\\/f46445640444750d7d753ccd04ae01b7\",\"name\":\"Jeanette\",\"image\":{\"@type\":\"ImageObject\",\"inLanguage\":\"es\",\"@id\":\"https:\\\/\\\/secure.gravatar.com\\\/avatar\\\/3ea2118a5f7dad2b7138b1187a6b7ee55f160b9968b66013c3a3ef39dd7e5798?s=96&d=mm&r=g\",\"url\":\"https:\\\/\\\/secure.gravatar.com\\\/avatar\\\/3ea2118a5f7dad2b7138b1187a6b7ee55f160b9968b66013c3a3ef39dd7e5798?s=96&d=mm&r=g\",\"contentUrl\":\"https:\\\/\\\/secure.gravatar.com\\\/avatar\\\/3ea2118a5f7dad2b7138b1187a6b7ee55f160b9968b66013c3a3ef39dd7e5798?s=96&d=mm&r=g\",\"caption\":\"Jeanette\"},\"sameAs\":[\"https:\\\/\\\/www.eldiario.net\\\/portal\"],\"url\":\"https:\\\/\\\/www.eldiario.net\\\/portal\\\/author\\\/jeanette\\\/\"}]}<\/script>\n<!-- \/ Yoast SEO plugin. -->","yoast_head_json":{"title":"Polic\u00edas trasladados en avi\u00f3n H\u00e9rcules para desbloquear Santa Cruz - El Diario - Bolivia","robots":{"index":"index","follow":"follow","max-snippet":"max-snippet:-1","max-image-preview":"max-image-preview:large","max-video-preview":"max-video-preview:-1"},"canonical":"https:\/\/www.eldiario.net\/portal\/2021\/11\/10\/policias-trasladados-en-avion-hercules-para-desbloquear-santa-cruz\/","og_locale":"es_ES","og_type":"article","og_title":"Polic\u00edas trasladados en avi\u00f3n H\u00e9rcules para desbloquear Santa Cruz - El Diario - Bolivia","og_description":"Un avi\u00f3n H\u00e9rcules lleg\u00f3 ayer al aeropuerto de El Trompillo con un contingente de efectivos policiales que fueron a reforzar las tareas de las fuerzas del orden por el paro indefinido que se lleva adelante en la ciudad de Santa Cruz de la Sierra. De acuerdo al portal de noticias \u201cAsuntos Centrales\u201d, al menos 70 [&hellip;]","og_url":"https:\/\/www.eldiario.net\/portal\/2021\/11\/10\/policias-trasladados-en-avion-hercules-para-desbloquear-santa-cruz\/","og_site_name":"El Diario - Bolivia","article_publisher":"https:\/\/www.facebook.com\/eldiario.bolivia\/","article_published_time":"2021-11-10T09:26:59+00:00","author":"Jeanette","twitter_card":"summary_large_image","twitter_creator":"@eldiario_net","twitter_site":"@eldiario_net","twitter_misc":{"Escrito por":"Jeanette","Tiempo de lectura":"2 minutos"},"schema":{"@context":"https:\/\/schema.org","@graph":[{"@type":"Article","@id":"https:\/\/www.eldiario.net\/portal\/2021\/11\/10\/policias-trasladados-en-avion-hercules-para-desbloquear-santa-cruz\/#article","isPartOf":{"@id":"https:\/\/www.eldiario.net\/portal\/2021\/11\/10\/policias-trasladados-en-avion-hercules-para-desbloquear-santa-cruz\/"},"author":{"name":"Jeanette","@id":"https:\/\/www.eldiario.net\/portal\/#\/schema\/person\/f46445640444750d7d753ccd04ae01b7"},"headline":"Polic\u00edas trasladados en avi\u00f3n H\u00e9rcules para desbloquear Santa Cruz","datePublished":"2021-11-10T09:26:59+00:00","mainEntityOfPage":{"@id":"https:\/\/www.eldiario.net\/portal\/2021\/11\/10\/policias-trasladados-en-avion-hercules-para-desbloquear-santa-cruz\/"},"wordCount":334,"publisher":{"@id":"https:\/\/www.eldiario.net\/portal\/#organization"},"image":{"@id":"https:\/\/www.eldiario.net\/portal\/2021\/11\/10\/policias-trasladados-en-avion-hercules-para-desbloquear-santa-cruz\/#primaryimage"},"thumbnailUrl":"","articleSection":["Sociedad - Seguridad"],"inLanguage":"es"},{"@type":"WebPage","@id":"https:\/\/www.eldiario.net\/portal\/2021\/11\/10\/policias-trasladados-en-avion-hercules-para-desbloquear-santa-cruz\/","url":"https:\/\/www.eldiario.net\/portal\/2021\/11\/10\/policias-trasladados-en-avion-hercules-para-desbloquear-santa-cruz\/","name":"Polic\u00edas trasladados en avi\u00f3n H\u00e9rcules para desbloquear Santa Cruz - El Diario - Bolivia","isPartOf":{"@id":"https:\/\/www.eldiario.net\/portal\/#website"},"primaryImageOfPage":{"@id":"https:\/\/www.eldiario.net\/portal\/2021\/11\/10\/policias-trasladados-en-avion-hercules-para-desbloquear-santa-cruz\/#primaryimage"},"image":{"@id":"https:\/\/www.eldiario.net\/portal\/2021\/11\/10\/policias-trasladados-en-avion-hercules-para-desbloquear-santa-cruz\/#primaryimage"},"thumbnailUrl":"","datePublished":"2021-11-10T09:26:59+00:00","breadcrumb":{"@id":"https:\/\/www.eldiario.net\/portal\/2021\/11\/10\/policias-trasladados-en-avion-hercules-para-desbloquear-santa-cruz\/#breadcrumb"},"inLanguage":"es","potentialAction":[{"@type":"ReadAction","target":["https:\/\/www.eldiario.net\/portal\/2021\/11\/10\/policias-trasladados-en-avion-hercules-para-desbloquear-santa-cruz\/"]}]},{"@type":"ImageObject","inLanguage":"es","@id":"https:\/\/www.eldiario.net\/portal\/2021\/11\/10\/policias-trasladados-en-avion-hercules-para-desbloquear-santa-cruz\/#primaryimage","url":"","contentUrl":""},{"@type":"BreadcrumbList","@id":"https:\/\/www.eldiario.net\/portal\/2021\/11\/10\/policias-trasladados-en-avion-hercules-para-desbloquear-santa-cruz\/#breadcrumb","itemListElement":[{"@type":"ListItem","position":1,"name":"Portada","item":"https:\/\/www.eldiario.net\/portal\/"},{"@type":"ListItem","position":2,"name":"Polic\u00edas trasladados en avi\u00f3n H\u00e9rcules para desbloquear Santa Cruz"}]},{"@type":"WebSite","@id":"https:\/\/www.eldiario.net\/portal\/#website","url":"https:\/\/www.eldiario.net\/portal\/","name":"El Diario - Decano de la prensa nacional","description":"El Diario - Decano de la prensa nacional","publisher":{"@id":"https:\/\/www.eldiario.net\/portal\/#organization"},"potentialAction":[{"@type":"SearchAction","target":{"@type":"EntryPoint","urlTemplate":"https:\/\/www.eldiario.net\/portal\/?s={search_term_string}"},"query-input":{"@type":"PropertyValueSpecification","valueRequired":true,"valueName":"search_term_string"}}],"inLanguage":"es"},{"@type":"Organization","@id":"https:\/\/www.eldiario.net\/portal\/#organization","name":"El Diario - Decano de la prensa nacional","url":"https:\/\/www.eldiario.net\/portal\/","logo":{"@type":"ImageObject","inLanguage":"es","@id":"https:\/\/www.eldiario.net\/portal\/#\/schema\/logo\/image\/","url":"https:\/\/www.eldiario.net\/portal\/wp-content\/uploads\/2023\/07\/logo_ED.jpg","contentUrl":"https:\/\/www.eldiario.net\/portal\/wp-content\/uploads\/2023\/07\/logo_ED.jpg","width":272,"height":52,"caption":"El Diario - Decano de la prensa nacional"},"image":{"@id":"https:\/\/www.eldiario.net\/portal\/#\/schema\/logo\/image\/"},"sameAs":["https:\/\/www.facebook.com\/eldiario.bolivia\/","https:\/\/x.com\/eldiario_net"]},{"@type":"Person","@id":"https:\/\/www.eldiario.net\/portal\/#\/schema\/person\/f46445640444750d7d753ccd04ae01b7","name":"Jeanette","image":{"@type":"ImageObject","inLanguage":"es","@id":"https:\/\/secure.gravatar.com\/avatar\/3ea2118a5f7dad2b7138b1187a6b7ee55f160b9968b66013c3a3ef39dd7e5798?s=96&d=mm&r=g","url":"https:\/\/secure.gravatar.com\/avatar\/3ea2118a5f7dad2b7138b1187a6b7ee55f160b9968b66013c3a3ef39dd7e5798?s=96&d=mm&r=g","contentUrl":"https:\/\/secure.gravatar.com\/avatar\/3ea2118a5f7dad2b7138b1187a6b7ee55f160b9968b66013c3a3ef39dd7e5798?s=96&d=mm&r=g","caption":"Jeanette"},"sameAs":["https:\/\/www.eldiario.net\/portal"],"url":"https:\/\/www.eldiario.net\/portal\/author\/jeanette\/"}]}},"_links":{"self":[{"href":"https:\/\/www.eldiario.net\/portal\/wp-json\/wp\/v2\/posts\/42088","targetHints":{"allow":["GET"]}}],"collection":[{"href":"https:\/\/www.eldiario.net\/portal\/wp-json\/wp\/v2\/posts"}],"about":[{"href":"https:\/\/www.eldiario.net\/portal\/wp-json\/wp\/v2\/types\/post"}],"author":[{"embeddable":true,"href":"https:\/\/www.eldiario.net\/portal\/wp-json\/wp\/v2\/users\/1"}],"replies":[{"embeddable":true,"href":"https:\/\/www.eldiario.net\/portal\/wp-json\/wp\/v2\/comments?post=42088"}],"version-history":[{"count":0,"href":"https:\/\/www.eldiario.net\/portal\/wp-json\/wp\/v2\/posts\/42088\/revisions"}],"wp:attachment":[{"href":"https:\/\/www.eldiario.net\/portal\/wp-json\/wp\/v2\/media?parent=42088"}],"wp:term":[{"taxonomy":"category","embeddable":true,"href":"https:\/\/www.eldiario.net\/portal\/wp-json\/wp\/v2\/categories?post=42088"},{"taxonomy":"post_tag","embeddable":true,"href":"https:\/\/www.eldiario.net\/portal\/wp-json\/wp\/v2\/tags?post=42088"}],"curies":[{"name":"wp","href":"https:\/\/api.w.org\/{rel}","templated":true}]}}