{"id":42083,"date":"2021-11-10T05:25:31","date_gmt":"2021-11-10T09:25:31","guid":{"rendered":"https:\/\/www.eldiario.net\/portal\/?p=42083"},"modified":"2021-11-10T05:25:31","modified_gmt":"2021-11-10T09:25:31","slug":"juicio-politico-contra-pinera-pasa-al-senado","status":"publish","type":"post","link":"https:\/\/www.eldiario.net\/portal\/2021\/11\/10\/juicio-politico-contra-pinera-pasa-al-senado\/","title":{"rendered":"Juicio pol\u00edtico contra  Pi\u00f1era pasa al Senado"},"content":{"rendered":"<p>Santiago.- El proceso de juicio pol\u00edtico contra el presidente chileno Sebasti\u00e1n Pi\u00f1era, por eventuales irregularidades en la compraventa de una minera, revelados por los denominados Pandora Papers, pas\u00f3 al Senado tras ser aprobado ayer por la mayor\u00eda necesaria de diputados.<br \/>\nTras casi 22 horas de debates en la C\u00e1mara la acusaci\u00f3n, que necesitaba 78 votos para avanzar, fue aprobada por la cuenta m\u00ednima, 67 en contra y tres abstenciones. En la C\u00e1mara Alta requiere el voto de dos tercios de los 43 senadores.<br \/>\nPor tratarse de la figura del presidente de la Rep\u00fablica, Pi\u00f1era podr\u00e1 continuar con sus funciones mientras prepara su defensa ante el Senado, que oficiar\u00e1 de tribunal en el juicio.<br \/>\nDurante la extensa sesi\u00f3n en la C\u00e1mara, que arranc\u00f3 la ma\u00f1ana del pasado lunes, uno de los diputados acusadores expuso durante unas 15 horas, en una estrategia opositora para asegurar los respaldos necesarios.<br \/>\nUn diputado ten\u00eda que llegar despu\u00e9s de cumplir su cuarentena obligatoria por coronavirus.<br \/>\n\u00abEste es un momento hist\u00f3rico que estamos viviendo\u00bb, dijo tras la votaci\u00f3n el diputado socialista Jaime Naranjo, encargado de la lectura.<br \/>\nLa acusaci\u00f3n presentada a mediados de octubre a ra\u00edz de la controversia desatada por la divulgaci\u00f3n de los llamados Pandora Papers, que aluden a una cl\u00e1usula en la venta en 2010 de la Minera Dominga que condicionaba un pago a que no hubiera cambios regulatorios.<br \/>\nEl traspaso de la mina -ubicada en una zona costera del norte de Chile cerca de una reserva natural- ya fue estudiado y sobrese\u00eddo por tribunales en 2017, pero tras la publicaci\u00f3n de los Papeles de Pandora la fiscal\u00eda decidi\u00f3 abrir una nueva investigaci\u00f3n.<br \/>\nPi\u00f1era estaba entonces en su primer gobierno. Seg\u00fan la acusaci\u00f3n, el gobierno ha evitado definir una zona de protecci\u00f3n que afectar\u00eda la instalaci\u00f3n del pol\u00e9mico proyecto, lo que tendr\u00eda clara vinculaci\u00f3n al caso.<br \/>\nAntes de ser votada por los diputados el martes, la acusaci\u00f3n constitucional ya hab\u00eda sido rechazada por una comisi\u00f3n de legisladores que la revis\u00f3 preliminarmente.<br \/>\nLa defensa del mandatario argument\u00f3 que la acusaci\u00f3n era \u00abuna ostensible maniobra pol\u00edtico-electoral\u00bb que \u00abcarece de todo argumento f\u00e1ctico y jur\u00eddico\u00bb, insistiendo en que todos los detalles del contrato estuvieron en el expediente ya revisado y donde no se encontraron irregularidades. (Reuters)<\/p>\n<p>C\u00e1mara alta cuenta con 43 senadores<\/p>\n<p>Oficialismo: Chile Vamos (15): &#8211; UDI (8) RN(6) EP(1)-<br \/>\nOposici\u00f3n: Unidad Constituyente (18): &#8211; PS (7) PPD (6) PDC (5) Frente Amplio (1): 1 RD Independientes (7) 7 Independiente sin partido-<\/p>\n","protected":false},"excerpt":{"rendered":"<p>Santiago.- El proceso de juicio pol\u00edtico contra el presidente chileno Sebasti\u00e1n Pi\u00f1era, por eventuales irregularidades en la compraventa de una minera, revelados por los denominados Pandora Papers, pas\u00f3 al Senado tras ser aprobado ayer por la mayor\u00eda necesaria de diputados. Tras casi 22 horas de debates en la C\u00e1mara la acusaci\u00f3n, que necesitaba 78 votos [&hellip;]<\/p>\n","protected":false},"author":1,"featured_media":42084,"comment_status":"closed","ping_status":"closed","sticky":false,"template":"","format":"standard","meta":{"_acf_changed":false,"footnotes":""},"categories":[3],"tags":[],"class_list":["post-42083","post","type-post","status-publish","format-standard","has-post-thumbnail","category-internacional"],"acf":{"antetitulo":""},"yoast_head":"<!-- This site is optimized with the Yoast SEO plugin v28.4 - https:\/\/yoast.com\/product\/yoast-seo-wordpress\/ -->\n<title>Juicio pol\u00edtico contra Pi\u00f1era pasa al Senado - El Diario - Bolivia<\/title>\n<meta name=\"robots\" content=\"index, follow, max-snippet:-1, max-image-preview:large, max-video-preview:-1\" \/>\n<link rel=\"canonical\" href=\"https:\/\/www.eldiario.net\/portal\/2021\/11\/10\/juicio-politico-contra-pinera-pasa-al-senado\/\" \/>\n<meta property=\"og:locale\" content=\"es_ES\" \/>\n<meta property=\"og:type\" content=\"article\" \/>\n<meta property=\"og:title\" content=\"Juicio pol\u00edtico contra Pi\u00f1era pasa al Senado - El Diario - Bolivia\" \/>\n<meta property=\"og:description\" content=\"Santiago.- El proceso de juicio pol\u00edtico contra el presidente chileno Sebasti\u00e1n Pi\u00f1era, por eventuales irregularidades en la compraventa de una minera, revelados por los denominados Pandora Papers, pas\u00f3 al Senado tras ser aprobado ayer por la mayor\u00eda necesaria de diputados. Tras casi 22 horas de debates en la C\u00e1mara la acusaci\u00f3n, que necesitaba 78 votos [&hellip;]\" \/>\n<meta property=\"og:url\" content=\"https:\/\/www.eldiario.net\/portal\/2021\/11\/10\/juicio-politico-contra-pinera-pasa-al-senado\/\" \/>\n<meta property=\"og:site_name\" content=\"El Diario - Bolivia\" \/>\n<meta property=\"article:publisher\" content=\"https:\/\/www.facebook.com\/eldiario.bolivia\/\" \/>\n<meta property=\"article:published_time\" content=\"2021-11-10T09:25:31+00:00\" \/>\n<meta name=\"author\" content=\"Jeanette\" \/>\n<meta name=\"twitter:card\" content=\"summary_large_image\" \/>\n<meta name=\"twitter:creator\" content=\"@eldiario_net\" \/>\n<meta name=\"twitter:site\" content=\"@eldiario_net\" \/>\n<meta name=\"twitter:label1\" content=\"Escrito por\" \/>\n\t<meta name=\"twitter:data1\" content=\"Jeanette\" \/>\n\t<meta name=\"twitter:label2\" content=\"Tiempo de lectura\" \/>\n\t<meta name=\"twitter:data2\" content=\"2 minutos\" \/>\n<script type=\"application\/ld+json\" class=\"yoast-schema-graph\">{\"@context\":\"https:\\\/\\\/schema.org\",\"@graph\":[{\"@type\":\"Article\",\"@id\":\"https:\\\/\\\/www.eldiario.net\\\/portal\\\/2021\\\/11\\\/10\\\/juicio-politico-contra-pinera-pasa-al-senado\\\/#article\",\"isPartOf\":{\"@id\":\"https:\\\/\\\/www.eldiario.net\\\/portal\\\/2021\\\/11\\\/10\\\/juicio-politico-contra-pinera-pasa-al-senado\\\/\"},\"author\":{\"name\":\"Jeanette\",\"@id\":\"https:\\\/\\\/www.eldiario.net\\\/portal\\\/#\\\/schema\\\/person\\\/f46445640444750d7d753ccd04ae01b7\"},\"headline\":\"Juicio pol\u00edtico contra Pi\u00f1era pasa al Senado\",\"datePublished\":\"2021-11-10T09:25:31+00:00\",\"mainEntityOfPage\":{\"@id\":\"https:\\\/\\\/www.eldiario.net\\\/portal\\\/2021\\\/11\\\/10\\\/juicio-politico-contra-pinera-pasa-al-senado\\\/\"},\"wordCount\":442,\"publisher\":{\"@id\":\"https:\\\/\\\/www.eldiario.net\\\/portal\\\/#organization\"},\"image\":{\"@id\":\"https:\\\/\\\/www.eldiario.net\\\/portal\\\/2021\\\/11\\\/10\\\/juicio-politico-contra-pinera-pasa-al-senado\\\/#primaryimage\"},\"thumbnailUrl\":\"\",\"articleSection\":[\"Internacional\"],\"inLanguage\":\"es\"},{\"@type\":\"WebPage\",\"@id\":\"https:\\\/\\\/www.eldiario.net\\\/portal\\\/2021\\\/11\\\/10\\\/juicio-politico-contra-pinera-pasa-al-senado\\\/\",\"url\":\"https:\\\/\\\/www.eldiario.net\\\/portal\\\/2021\\\/11\\\/10\\\/juicio-politico-contra-pinera-pasa-al-senado\\\/\",\"name\":\"Juicio pol\u00edtico contra Pi\u00f1era pasa al Senado - El Diario - Bolivia\",\"isPartOf\":{\"@id\":\"https:\\\/\\\/www.eldiario.net\\\/portal\\\/#website\"},\"primaryImageOfPage\":{\"@id\":\"https:\\\/\\\/www.eldiario.net\\\/portal\\\/2021\\\/11\\\/10\\\/juicio-politico-contra-pinera-pasa-al-senado\\\/#primaryimage\"},\"image\":{\"@id\":\"https:\\\/\\\/www.eldiario.net\\\/portal\\\/2021\\\/11\\\/10\\\/juicio-politico-contra-pinera-pasa-al-senado\\\/#primaryimage\"},\"thumbnailUrl\":\"\",\"datePublished\":\"2021-11-10T09:25:31+00:00\",\"breadcrumb\":{\"@id\":\"https:\\\/\\\/www.eldiario.net\\\/portal\\\/2021\\\/11\\\/10\\\/juicio-politico-contra-pinera-pasa-al-senado\\\/#breadcrumb\"},\"inLanguage\":\"es\",\"potentialAction\":[{\"@type\":\"ReadAction\",\"target\":[\"https:\\\/\\\/www.eldiario.net\\\/portal\\\/2021\\\/11\\\/10\\\/juicio-politico-contra-pinera-pasa-al-senado\\\/\"]}]},{\"@type\":\"ImageObject\",\"inLanguage\":\"es\",\"@id\":\"https:\\\/\\\/www.eldiario.net\\\/portal\\\/2021\\\/11\\\/10\\\/juicio-politico-contra-pinera-pasa-al-senado\\\/#primaryimage\",\"url\":\"\",\"contentUrl\":\"\"},{\"@type\":\"BreadcrumbList\",\"@id\":\"https:\\\/\\\/www.eldiario.net\\\/portal\\\/2021\\\/11\\\/10\\\/juicio-politico-contra-pinera-pasa-al-senado\\\/#breadcrumb\",\"itemListElement\":[{\"@type\":\"ListItem\",\"position\":1,\"name\":\"Portada\",\"item\":\"https:\\\/\\\/www.eldiario.net\\\/portal\\\/\"},{\"@type\":\"ListItem\",\"position\":2,\"name\":\"Juicio pol\u00edtico contra Pi\u00f1era pasa al Senado\"}]},{\"@type\":\"WebSite\",\"@id\":\"https:\\\/\\\/www.eldiario.net\\\/portal\\\/#website\",\"url\":\"https:\\\/\\\/www.eldiario.net\\\/portal\\\/\",\"name\":\"El Diario - Decano de la prensa nacional\",\"description\":\"El Diario - Decano de la prensa nacional\",\"publisher\":{\"@id\":\"https:\\\/\\\/www.eldiario.net\\\/portal\\\/#organization\"},\"potentialAction\":[{\"@type\":\"SearchAction\",\"target\":{\"@type\":\"EntryPoint\",\"urlTemplate\":\"https:\\\/\\\/www.eldiario.net\\\/portal\\\/?s={search_term_string}\"},\"query-input\":{\"@type\":\"PropertyValueSpecification\",\"valueRequired\":true,\"valueName\":\"search_term_string\"}}],\"inLanguage\":\"es\"},{\"@type\":\"Organization\",\"@id\":\"https:\\\/\\\/www.eldiario.net\\\/portal\\\/#organization\",\"name\":\"El Diario - Decano de la prensa nacional\",\"url\":\"https:\\\/\\\/www.eldiario.net\\\/portal\\\/\",\"logo\":{\"@type\":\"ImageObject\",\"inLanguage\":\"es\",\"@id\":\"https:\\\/\\\/www.eldiario.net\\\/portal\\\/#\\\/schema\\\/logo\\\/image\\\/\",\"url\":\"https:\\\/\\\/www.eldiario.net\\\/portal\\\/wp-content\\\/uploads\\\/2023\\\/07\\\/logo_ED.jpg\",\"contentUrl\":\"https:\\\/\\\/www.eldiario.net\\\/portal\\\/wp-content\\\/uploads\\\/2023\\\/07\\\/logo_ED.jpg\",\"width\":272,\"height\":52,\"caption\":\"El Diario - Decano de la prensa nacional\"},\"image\":{\"@id\":\"https:\\\/\\\/www.eldiario.net\\\/portal\\\/#\\\/schema\\\/logo\\\/image\\\/\"},\"sameAs\":[\"https:\\\/\\\/www.facebook.com\\\/eldiario.bolivia\\\/\",\"https:\\\/\\\/x.com\\\/eldiario_net\"]},{\"@type\":\"Person\",\"@id\":\"https:\\\/\\\/www.eldiario.net\\\/portal\\\/#\\\/schema\\\/person\\\/f46445640444750d7d753ccd04ae01b7\",\"name\":\"Jeanette\",\"image\":{\"@type\":\"ImageObject\",\"inLanguage\":\"es\",\"@id\":\"https:\\\/\\\/secure.gravatar.com\\\/avatar\\\/3ea2118a5f7dad2b7138b1187a6b7ee55f160b9968b66013c3a3ef39dd7e5798?s=96&d=mm&r=g\",\"url\":\"https:\\\/\\\/secure.gravatar.com\\\/avatar\\\/3ea2118a5f7dad2b7138b1187a6b7ee55f160b9968b66013c3a3ef39dd7e5798?s=96&d=mm&r=g\",\"contentUrl\":\"https:\\\/\\\/secure.gravatar.com\\\/avatar\\\/3ea2118a5f7dad2b7138b1187a6b7ee55f160b9968b66013c3a3ef39dd7e5798?s=96&d=mm&r=g\",\"caption\":\"Jeanette\"},\"sameAs\":[\"https:\\\/\\\/www.eldiario.net\\\/portal\"],\"url\":\"https:\\\/\\\/www.eldiario.net\\\/portal\\\/author\\\/jeanette\\\/\"}]}<\/script>\n<!-- \/ Yoast SEO plugin. -->","yoast_head_json":{"title":"Juicio pol\u00edtico contra Pi\u00f1era pasa al Senado - El Diario - Bolivia","robots":{"index":"index","follow":"follow","max-snippet":"max-snippet:-1","max-image-preview":"max-image-preview:large","max-video-preview":"max-video-preview:-1"},"canonical":"https:\/\/www.eldiario.net\/portal\/2021\/11\/10\/juicio-politico-contra-pinera-pasa-al-senado\/","og_locale":"es_ES","og_type":"article","og_title":"Juicio pol\u00edtico contra Pi\u00f1era pasa al Senado - El Diario - Bolivia","og_description":"Santiago.- El proceso de juicio pol\u00edtico contra el presidente chileno Sebasti\u00e1n Pi\u00f1era, por eventuales irregularidades en la compraventa de una minera, revelados por los denominados Pandora Papers, pas\u00f3 al Senado tras ser aprobado ayer por la mayor\u00eda necesaria de diputados. Tras casi 22 horas de debates en la C\u00e1mara la acusaci\u00f3n, que necesitaba 78 votos [&hellip;]","og_url":"https:\/\/www.eldiario.net\/portal\/2021\/11\/10\/juicio-politico-contra-pinera-pasa-al-senado\/","og_site_name":"El Diario - Bolivia","article_publisher":"https:\/\/www.facebook.com\/eldiario.bolivia\/","article_published_time":"2021-11-10T09:25:31+00:00","author":"Jeanette","twitter_card":"summary_large_image","twitter_creator":"@eldiario_net","twitter_site":"@eldiario_net","twitter_misc":{"Escrito por":"Jeanette","Tiempo de lectura":"2 minutos"},"schema":{"@context":"https:\/\/schema.org","@graph":[{"@type":"Article","@id":"https:\/\/www.eldiario.net\/portal\/2021\/11\/10\/juicio-politico-contra-pinera-pasa-al-senado\/#article","isPartOf":{"@id":"https:\/\/www.eldiario.net\/portal\/2021\/11\/10\/juicio-politico-contra-pinera-pasa-al-senado\/"},"author":{"name":"Jeanette","@id":"https:\/\/www.eldiario.net\/portal\/#\/schema\/person\/f46445640444750d7d753ccd04ae01b7"},"headline":"Juicio pol\u00edtico contra Pi\u00f1era pasa al Senado","datePublished":"2021-11-10T09:25:31+00:00","mainEntityOfPage":{"@id":"https:\/\/www.eldiario.net\/portal\/2021\/11\/10\/juicio-politico-contra-pinera-pasa-al-senado\/"},"wordCount":442,"publisher":{"@id":"https:\/\/www.eldiario.net\/portal\/#organization"},"image":{"@id":"https:\/\/www.eldiario.net\/portal\/2021\/11\/10\/juicio-politico-contra-pinera-pasa-al-senado\/#primaryimage"},"thumbnailUrl":"","articleSection":["Internacional"],"inLanguage":"es"},{"@type":"WebPage","@id":"https:\/\/www.eldiario.net\/portal\/2021\/11\/10\/juicio-politico-contra-pinera-pasa-al-senado\/","url":"https:\/\/www.eldiario.net\/portal\/2021\/11\/10\/juicio-politico-contra-pinera-pasa-al-senado\/","name":"Juicio pol\u00edtico contra Pi\u00f1era pasa al Senado - El Diario - Bolivia","isPartOf":{"@id":"https:\/\/www.eldiario.net\/portal\/#website"},"primaryImageOfPage":{"@id":"https:\/\/www.eldiario.net\/portal\/2021\/11\/10\/juicio-politico-contra-pinera-pasa-al-senado\/#primaryimage"},"image":{"@id":"https:\/\/www.eldiario.net\/portal\/2021\/11\/10\/juicio-politico-contra-pinera-pasa-al-senado\/#primaryimage"},"thumbnailUrl":"","datePublished":"2021-11-10T09:25:31+00:00","breadcrumb":{"@id":"https:\/\/www.eldiario.net\/portal\/2021\/11\/10\/juicio-politico-contra-pinera-pasa-al-senado\/#breadcrumb"},"inLanguage":"es","potentialAction":[{"@type":"ReadAction","target":["https:\/\/www.eldiario.net\/portal\/2021\/11\/10\/juicio-politico-contra-pinera-pasa-al-senado\/"]}]},{"@type":"ImageObject","inLanguage":"es","@id":"https:\/\/www.eldiario.net\/portal\/2021\/11\/10\/juicio-politico-contra-pinera-pasa-al-senado\/#primaryimage","url":"","contentUrl":""},{"@type":"BreadcrumbList","@id":"https:\/\/www.eldiario.net\/portal\/2021\/11\/10\/juicio-politico-contra-pinera-pasa-al-senado\/#breadcrumb","itemListElement":[{"@type":"ListItem","position":1,"name":"Portada","item":"https:\/\/www.eldiario.net\/portal\/"},{"@type":"ListItem","position":2,"name":"Juicio pol\u00edtico contra Pi\u00f1era pasa al Senado"}]},{"@type":"WebSite","@id":"https:\/\/www.eldiario.net\/portal\/#website","url":"https:\/\/www.eldiario.net\/portal\/","name":"El Diario - Decano de la prensa nacional","description":"El Diario - Decano de la prensa nacional","publisher":{"@id":"https:\/\/www.eldiario.net\/portal\/#organization"},"potentialAction":[{"@type":"SearchAction","target":{"@type":"EntryPoint","urlTemplate":"https:\/\/www.eldiario.net\/portal\/?s={search_term_string}"},"query-input":{"@type":"PropertyValueSpecification","valueRequired":true,"valueName":"search_term_string"}}],"inLanguage":"es"},{"@type":"Organization","@id":"https:\/\/www.eldiario.net\/portal\/#organization","name":"El Diario - Decano de la prensa nacional","url":"https:\/\/www.eldiario.net\/portal\/","logo":{"@type":"ImageObject","inLanguage":"es","@id":"https:\/\/www.eldiario.net\/portal\/#\/schema\/logo\/image\/","url":"https:\/\/www.eldiario.net\/portal\/wp-content\/uploads\/2023\/07\/logo_ED.jpg","contentUrl":"https:\/\/www.eldiario.net\/portal\/wp-content\/uploads\/2023\/07\/logo_ED.jpg","width":272,"height":52,"caption":"El Diario - Decano de la prensa nacional"},"image":{"@id":"https:\/\/www.eldiario.net\/portal\/#\/schema\/logo\/image\/"},"sameAs":["https:\/\/www.facebook.com\/eldiario.bolivia\/","https:\/\/x.com\/eldiario_net"]},{"@type":"Person","@id":"https:\/\/www.eldiario.net\/portal\/#\/schema\/person\/f46445640444750d7d753ccd04ae01b7","name":"Jeanette","image":{"@type":"ImageObject","inLanguage":"es","@id":"https:\/\/secure.gravatar.com\/avatar\/3ea2118a5f7dad2b7138b1187a6b7ee55f160b9968b66013c3a3ef39dd7e5798?s=96&d=mm&r=g","url":"https:\/\/secure.gravatar.com\/avatar\/3ea2118a5f7dad2b7138b1187a6b7ee55f160b9968b66013c3a3ef39dd7e5798?s=96&d=mm&r=g","contentUrl":"https:\/\/secure.gravatar.com\/avatar\/3ea2118a5f7dad2b7138b1187a6b7ee55f160b9968b66013c3a3ef39dd7e5798?s=96&d=mm&r=g","caption":"Jeanette"},"sameAs":["https:\/\/www.eldiario.net\/portal"],"url":"https:\/\/www.eldiario.net\/portal\/author\/jeanette\/"}]}},"_links":{"self":[{"href":"https:\/\/www.eldiario.net\/portal\/wp-json\/wp\/v2\/posts\/42083","targetHints":{"allow":["GET"]}}],"collection":[{"href":"https:\/\/www.eldiario.net\/portal\/wp-json\/wp\/v2\/posts"}],"about":[{"href":"https:\/\/www.eldiario.net\/portal\/wp-json\/wp\/v2\/types\/post"}],"author":[{"embeddable":true,"href":"https:\/\/www.eldiario.net\/portal\/wp-json\/wp\/v2\/users\/1"}],"replies":[{"embeddable":true,"href":"https:\/\/www.eldiario.net\/portal\/wp-json\/wp\/v2\/comments?post=42083"}],"version-history":[{"count":0,"href":"https:\/\/www.eldiario.net\/portal\/wp-json\/wp\/v2\/posts\/42083\/revisions"}],"wp:attachment":[{"href":"https:\/\/www.eldiario.net\/portal\/wp-json\/wp\/v2\/media?parent=42083"}],"wp:term":[{"taxonomy":"category","embeddable":true,"href":"https:\/\/www.eldiario.net\/portal\/wp-json\/wp\/v2\/categories?post=42083"},{"taxonomy":"post_tag","embeddable":true,"href":"https:\/\/www.eldiario.net\/portal\/wp-json\/wp\/v2\/tags?post=42083"}],"curies":[{"name":"wp","href":"https:\/\/api.w.org\/{rel}","templated":true}]}}