{"id":42080,"date":"2021-11-10T05:23:32","date_gmt":"2021-11-10T09:23:32","guid":{"rendered":"https:\/\/www.eldiario.net\/portal\/?p=42080"},"modified":"2021-11-10T05:23:32","modified_gmt":"2021-11-10T09:23:32","slug":"gobierno-de-chile-califica-de-show-mediatico-la-instancia","status":"publish","type":"post","link":"https:\/\/www.eldiario.net\/portal\/2021\/11\/10\/gobierno-de-chile-califica-de-show-mediatico-la-instancia\/","title":{"rendered":"Gobierno de Chile califica de  \u201cshow medi\u00e1tico\u201d la instancia"},"content":{"rendered":"<p>Santiago.- El Gobierno de Chile rechaz\u00f3 ayer la aprobaci\u00f3n de la acusaci\u00f3n constitucional contra el presidente, Sebasti\u00e1n Pi\u00f1era, por parte de la C\u00e1mara de Diputados y acusaron a la oposici\u00f3n de un \u00abshow medi\u00e1tico\u00bb que ten\u00eda fines \u00abelectorales y no legales\u00bb.<br \/>\nEl ministro Secretario General de la Presidencia, Juan Jos\u00e9 Ossa, y el ministro Secretario General de Gobierno, Jaime Bellolio, han sido los primeros en reaccionar a la decisi\u00f3n de la c\u00e1mara baja del Parlamento.<br \/>\n\u00abEstamos tistes por lo que hemos visto, un show pol\u00edtico y un show medi\u00e1tico, muy doloroso para la democracia, m\u00e1s que para el Gobierno, para Chile, para su futuro\u00bb, lament\u00f3 Ossa, en referencia a los intentos de la oposici\u00f3n por garantizar que la acusaci\u00f3n tuviera los votos.<br \/>\n\u00abLo que vimos fue un diputado que ley\u00f3 cuatro veces un mismo texto\u00bb, reproch\u00f3, en este sentido.<br \/>\nPara eso, el diputado Jaime Naranjo pronunci\u00f3 un discurso de m\u00e1s de 15 horas en una sesi\u00f3n maratoniana en la que la oposici\u00f3n ha llevado a cabo diferentes estrategias para asegurarse de que todos los diputados estuvieran presentes, como en el caso de Giorgio Jackson, cuya cuarentena por contacto estrecho con un positivo acababa a la medianoche del martes.<br \/>\n\u00abDur\u00f3 14 horas pero que no dijo nada, no dio ning\u00fan argumento, si no que ratific\u00f3 las falsedades\u00bb, arremeti\u00f3, por su parte, Bellolio, que ha contrapuesto la argumentaci\u00f3n de Naranjo con la del abogado del presidente, Jorge G\u00e1lvez, quien en cinco horas dio \u00abargumentos, razones, que desarmaron hasta dejar en rid\u00edculo y en absurdo lo que se supon\u00eda que era una acusaci\u00f3n constitucional\u00bb, matiz\u00f3, seg\u00fan Radio B\u00edo B\u00edo.<br \/>\nEl proceso \u00abda\u00f1a a la democracia, profunda e irreparablemente\u00bb, ha continuado Bellolio, que tambi\u00e9n ha afeado a la oposici\u00f3n que \u00abno era una acusaci\u00f3n que ten\u00eda t\u00e9rminos jur\u00eddicos, sino que era, simplemente, electoral\u00bb. (Europa Press)<\/p>\n","protected":false},"excerpt":{"rendered":"<p>Santiago.- El Gobierno de Chile rechaz\u00f3 ayer la aprobaci\u00f3n de la acusaci\u00f3n constitucional contra el presidente, Sebasti\u00e1n Pi\u00f1era, por parte de la C\u00e1mara de Diputados y acusaron a la oposici\u00f3n de un \u00abshow medi\u00e1tico\u00bb que ten\u00eda fines \u00abelectorales y no legales\u00bb. El ministro Secretario General de la Presidencia, Juan Jos\u00e9 Ossa, y el ministro Secretario [&hellip;]<\/p>\n","protected":false},"author":1,"featured_media":42081,"comment_status":"closed","ping_status":"closed","sticky":false,"template":"","format":"standard","meta":{"_acf_changed":false,"footnotes":""},"categories":[3],"tags":[],"class_list":["post-42080","post","type-post","status-publish","format-standard","has-post-thumbnail","category-internacional"],"acf":{"antetitulo":""},"yoast_head":"<!-- This site is optimized with the Yoast SEO plugin v28.3 - https:\/\/yoast.com\/product\/yoast-seo-wordpress\/ -->\n<title>Gobierno de Chile califica de \u201cshow medi\u00e1tico\u201d la instancia - El Diario - Bolivia<\/title>\n<meta name=\"robots\" content=\"index, follow, max-snippet:-1, max-image-preview:large, max-video-preview:-1\" \/>\n<link rel=\"canonical\" href=\"https:\/\/www.eldiario.net\/portal\/2021\/11\/10\/gobierno-de-chile-califica-de-show-mediatico-la-instancia\/\" \/>\n<meta property=\"og:locale\" content=\"es_ES\" \/>\n<meta property=\"og:type\" content=\"article\" \/>\n<meta property=\"og:title\" content=\"Gobierno de Chile califica de \u201cshow medi\u00e1tico\u201d la instancia - El Diario - Bolivia\" \/>\n<meta property=\"og:description\" content=\"Santiago.- El Gobierno de Chile rechaz\u00f3 ayer la aprobaci\u00f3n de la acusaci\u00f3n constitucional contra el presidente, Sebasti\u00e1n Pi\u00f1era, por parte de la C\u00e1mara de Diputados y acusaron a la oposici\u00f3n de un \u00abshow medi\u00e1tico\u00bb que ten\u00eda fines \u00abelectorales y no legales\u00bb. El ministro Secretario General de la Presidencia, Juan Jos\u00e9 Ossa, y el ministro Secretario [&hellip;]\" \/>\n<meta property=\"og:url\" content=\"https:\/\/www.eldiario.net\/portal\/2021\/11\/10\/gobierno-de-chile-califica-de-show-mediatico-la-instancia\/\" \/>\n<meta property=\"og:site_name\" content=\"El Diario - Bolivia\" \/>\n<meta property=\"article:publisher\" content=\"https:\/\/www.facebook.com\/eldiario.bolivia\/\" \/>\n<meta property=\"article:published_time\" content=\"2021-11-10T09:23:32+00:00\" \/>\n<meta name=\"author\" content=\"Jeanette\" \/>\n<meta name=\"twitter:card\" content=\"summary_large_image\" \/>\n<meta name=\"twitter:creator\" content=\"@eldiario_net\" \/>\n<meta name=\"twitter:site\" content=\"@eldiario_net\" \/>\n<meta name=\"twitter:label1\" content=\"Escrito por\" \/>\n\t<meta name=\"twitter:data1\" content=\"Jeanette\" \/>\n\t<meta name=\"twitter:label2\" content=\"Tiempo de lectura\" \/>\n\t<meta name=\"twitter:data2\" content=\"2 minutos\" \/>\n<script type=\"application\/ld+json\" class=\"yoast-schema-graph\">{\"@context\":\"https:\\\/\\\/schema.org\",\"@graph\":[{\"@type\":\"Article\",\"@id\":\"https:\\\/\\\/www.eldiario.net\\\/portal\\\/2021\\\/11\\\/10\\\/gobierno-de-chile-califica-de-show-mediatico-la-instancia\\\/#article\",\"isPartOf\":{\"@id\":\"https:\\\/\\\/www.eldiario.net\\\/portal\\\/2021\\\/11\\\/10\\\/gobierno-de-chile-califica-de-show-mediatico-la-instancia\\\/\"},\"author\":{\"name\":\"Jeanette\",\"@id\":\"https:\\\/\\\/www.eldiario.net\\\/portal\\\/#\\\/schema\\\/person\\\/f46445640444750d7d753ccd04ae01b7\"},\"headline\":\"Gobierno de Chile califica de \u201cshow medi\u00e1tico\u201d la instancia\",\"datePublished\":\"2021-11-10T09:23:32+00:00\",\"mainEntityOfPage\":{\"@id\":\"https:\\\/\\\/www.eldiario.net\\\/portal\\\/2021\\\/11\\\/10\\\/gobierno-de-chile-califica-de-show-mediatico-la-instancia\\\/\"},\"wordCount\":344,\"publisher\":{\"@id\":\"https:\\\/\\\/www.eldiario.net\\\/portal\\\/#organization\"},\"image\":{\"@id\":\"https:\\\/\\\/www.eldiario.net\\\/portal\\\/2021\\\/11\\\/10\\\/gobierno-de-chile-califica-de-show-mediatico-la-instancia\\\/#primaryimage\"},\"thumbnailUrl\":\"\",\"articleSection\":[\"Internacional\"],\"inLanguage\":\"es\"},{\"@type\":\"WebPage\",\"@id\":\"https:\\\/\\\/www.eldiario.net\\\/portal\\\/2021\\\/11\\\/10\\\/gobierno-de-chile-califica-de-show-mediatico-la-instancia\\\/\",\"url\":\"https:\\\/\\\/www.eldiario.net\\\/portal\\\/2021\\\/11\\\/10\\\/gobierno-de-chile-califica-de-show-mediatico-la-instancia\\\/\",\"name\":\"Gobierno de Chile califica de \u201cshow medi\u00e1tico\u201d la instancia - El Diario - Bolivia\",\"isPartOf\":{\"@id\":\"https:\\\/\\\/www.eldiario.net\\\/portal\\\/#website\"},\"primaryImageOfPage\":{\"@id\":\"https:\\\/\\\/www.eldiario.net\\\/portal\\\/2021\\\/11\\\/10\\\/gobierno-de-chile-califica-de-show-mediatico-la-instancia\\\/#primaryimage\"},\"image\":{\"@id\":\"https:\\\/\\\/www.eldiario.net\\\/portal\\\/2021\\\/11\\\/10\\\/gobierno-de-chile-califica-de-show-mediatico-la-instancia\\\/#primaryimage\"},\"thumbnailUrl\":\"\",\"datePublished\":\"2021-11-10T09:23:32+00:00\",\"breadcrumb\":{\"@id\":\"https:\\\/\\\/www.eldiario.net\\\/portal\\\/2021\\\/11\\\/10\\\/gobierno-de-chile-califica-de-show-mediatico-la-instancia\\\/#breadcrumb\"},\"inLanguage\":\"es\",\"potentialAction\":[{\"@type\":\"ReadAction\",\"target\":[\"https:\\\/\\\/www.eldiario.net\\\/portal\\\/2021\\\/11\\\/10\\\/gobierno-de-chile-califica-de-show-mediatico-la-instancia\\\/\"]}]},{\"@type\":\"ImageObject\",\"inLanguage\":\"es\",\"@id\":\"https:\\\/\\\/www.eldiario.net\\\/portal\\\/2021\\\/11\\\/10\\\/gobierno-de-chile-califica-de-show-mediatico-la-instancia\\\/#primaryimage\",\"url\":\"\",\"contentUrl\":\"\"},{\"@type\":\"BreadcrumbList\",\"@id\":\"https:\\\/\\\/www.eldiario.net\\\/portal\\\/2021\\\/11\\\/10\\\/gobierno-de-chile-califica-de-show-mediatico-la-instancia\\\/#breadcrumb\",\"itemListElement\":[{\"@type\":\"ListItem\",\"position\":1,\"name\":\"Portada\",\"item\":\"https:\\\/\\\/www.eldiario.net\\\/portal\\\/\"},{\"@type\":\"ListItem\",\"position\":2,\"name\":\"Gobierno de Chile califica de \u201cshow medi\u00e1tico\u201d la instancia\"}]},{\"@type\":\"WebSite\",\"@id\":\"https:\\\/\\\/www.eldiario.net\\\/portal\\\/#website\",\"url\":\"https:\\\/\\\/www.eldiario.net\\\/portal\\\/\",\"name\":\"El Diario - Decano de la prensa nacional\",\"description\":\"El Diario - Decano de la prensa nacional\",\"publisher\":{\"@id\":\"https:\\\/\\\/www.eldiario.net\\\/portal\\\/#organization\"},\"potentialAction\":[{\"@type\":\"SearchAction\",\"target\":{\"@type\":\"EntryPoint\",\"urlTemplate\":\"https:\\\/\\\/www.eldiario.net\\\/portal\\\/?s={search_term_string}\"},\"query-input\":{\"@type\":\"PropertyValueSpecification\",\"valueRequired\":true,\"valueName\":\"search_term_string\"}}],\"inLanguage\":\"es\"},{\"@type\":\"Organization\",\"@id\":\"https:\\\/\\\/www.eldiario.net\\\/portal\\\/#organization\",\"name\":\"El Diario - Decano de la prensa nacional\",\"url\":\"https:\\\/\\\/www.eldiario.net\\\/portal\\\/\",\"logo\":{\"@type\":\"ImageObject\",\"inLanguage\":\"es\",\"@id\":\"https:\\\/\\\/www.eldiario.net\\\/portal\\\/#\\\/schema\\\/logo\\\/image\\\/\",\"url\":\"https:\\\/\\\/www.eldiario.net\\\/portal\\\/wp-content\\\/uploads\\\/2023\\\/07\\\/logo_ED.jpg\",\"contentUrl\":\"https:\\\/\\\/www.eldiario.net\\\/portal\\\/wp-content\\\/uploads\\\/2023\\\/07\\\/logo_ED.jpg\",\"width\":272,\"height\":52,\"caption\":\"El Diario - Decano de la prensa nacional\"},\"image\":{\"@id\":\"https:\\\/\\\/www.eldiario.net\\\/portal\\\/#\\\/schema\\\/logo\\\/image\\\/\"},\"sameAs\":[\"https:\\\/\\\/www.facebook.com\\\/eldiario.bolivia\\\/\",\"https:\\\/\\\/x.com\\\/eldiario_net\"]},{\"@type\":\"Person\",\"@id\":\"https:\\\/\\\/www.eldiario.net\\\/portal\\\/#\\\/schema\\\/person\\\/f46445640444750d7d753ccd04ae01b7\",\"name\":\"Jeanette\",\"image\":{\"@type\":\"ImageObject\",\"inLanguage\":\"es\",\"@id\":\"https:\\\/\\\/secure.gravatar.com\\\/avatar\\\/3ea2118a5f7dad2b7138b1187a6b7ee55f160b9968b66013c3a3ef39dd7e5798?s=96&d=mm&r=g\",\"url\":\"https:\\\/\\\/secure.gravatar.com\\\/avatar\\\/3ea2118a5f7dad2b7138b1187a6b7ee55f160b9968b66013c3a3ef39dd7e5798?s=96&d=mm&r=g\",\"contentUrl\":\"https:\\\/\\\/secure.gravatar.com\\\/avatar\\\/3ea2118a5f7dad2b7138b1187a6b7ee55f160b9968b66013c3a3ef39dd7e5798?s=96&d=mm&r=g\",\"caption\":\"Jeanette\"},\"sameAs\":[\"https:\\\/\\\/www.eldiario.net\\\/portal\"],\"url\":\"https:\\\/\\\/www.eldiario.net\\\/portal\\\/author\\\/jeanette\\\/\"}]}<\/script>\n<!-- \/ Yoast SEO plugin. -->","yoast_head_json":{"title":"Gobierno de Chile califica de \u201cshow medi\u00e1tico\u201d la instancia - El Diario - Bolivia","robots":{"index":"index","follow":"follow","max-snippet":"max-snippet:-1","max-image-preview":"max-image-preview:large","max-video-preview":"max-video-preview:-1"},"canonical":"https:\/\/www.eldiario.net\/portal\/2021\/11\/10\/gobierno-de-chile-califica-de-show-mediatico-la-instancia\/","og_locale":"es_ES","og_type":"article","og_title":"Gobierno de Chile califica de \u201cshow medi\u00e1tico\u201d la instancia - El Diario - Bolivia","og_description":"Santiago.- El Gobierno de Chile rechaz\u00f3 ayer la aprobaci\u00f3n de la acusaci\u00f3n constitucional contra el presidente, Sebasti\u00e1n Pi\u00f1era, por parte de la C\u00e1mara de Diputados y acusaron a la oposici\u00f3n de un \u00abshow medi\u00e1tico\u00bb que ten\u00eda fines \u00abelectorales y no legales\u00bb. El ministro Secretario General de la Presidencia, Juan Jos\u00e9 Ossa, y el ministro Secretario [&hellip;]","og_url":"https:\/\/www.eldiario.net\/portal\/2021\/11\/10\/gobierno-de-chile-califica-de-show-mediatico-la-instancia\/","og_site_name":"El Diario - Bolivia","article_publisher":"https:\/\/www.facebook.com\/eldiario.bolivia\/","article_published_time":"2021-11-10T09:23:32+00:00","author":"Jeanette","twitter_card":"summary_large_image","twitter_creator":"@eldiario_net","twitter_site":"@eldiario_net","twitter_misc":{"Escrito por":"Jeanette","Tiempo de lectura":"2 minutos"},"schema":{"@context":"https:\/\/schema.org","@graph":[{"@type":"Article","@id":"https:\/\/www.eldiario.net\/portal\/2021\/11\/10\/gobierno-de-chile-califica-de-show-mediatico-la-instancia\/#article","isPartOf":{"@id":"https:\/\/www.eldiario.net\/portal\/2021\/11\/10\/gobierno-de-chile-califica-de-show-mediatico-la-instancia\/"},"author":{"name":"Jeanette","@id":"https:\/\/www.eldiario.net\/portal\/#\/schema\/person\/f46445640444750d7d753ccd04ae01b7"},"headline":"Gobierno de Chile califica de \u201cshow medi\u00e1tico\u201d la instancia","datePublished":"2021-11-10T09:23:32+00:00","mainEntityOfPage":{"@id":"https:\/\/www.eldiario.net\/portal\/2021\/11\/10\/gobierno-de-chile-califica-de-show-mediatico-la-instancia\/"},"wordCount":344,"publisher":{"@id":"https:\/\/www.eldiario.net\/portal\/#organization"},"image":{"@id":"https:\/\/www.eldiario.net\/portal\/2021\/11\/10\/gobierno-de-chile-califica-de-show-mediatico-la-instancia\/#primaryimage"},"thumbnailUrl":"","articleSection":["Internacional"],"inLanguage":"es"},{"@type":"WebPage","@id":"https:\/\/www.eldiario.net\/portal\/2021\/11\/10\/gobierno-de-chile-califica-de-show-mediatico-la-instancia\/","url":"https:\/\/www.eldiario.net\/portal\/2021\/11\/10\/gobierno-de-chile-califica-de-show-mediatico-la-instancia\/","name":"Gobierno de Chile califica de \u201cshow medi\u00e1tico\u201d la instancia - El Diario - Bolivia","isPartOf":{"@id":"https:\/\/www.eldiario.net\/portal\/#website"},"primaryImageOfPage":{"@id":"https:\/\/www.eldiario.net\/portal\/2021\/11\/10\/gobierno-de-chile-califica-de-show-mediatico-la-instancia\/#primaryimage"},"image":{"@id":"https:\/\/www.eldiario.net\/portal\/2021\/11\/10\/gobierno-de-chile-califica-de-show-mediatico-la-instancia\/#primaryimage"},"thumbnailUrl":"","datePublished":"2021-11-10T09:23:32+00:00","breadcrumb":{"@id":"https:\/\/www.eldiario.net\/portal\/2021\/11\/10\/gobierno-de-chile-califica-de-show-mediatico-la-instancia\/#breadcrumb"},"inLanguage":"es","potentialAction":[{"@type":"ReadAction","target":["https:\/\/www.eldiario.net\/portal\/2021\/11\/10\/gobierno-de-chile-califica-de-show-mediatico-la-instancia\/"]}]},{"@type":"ImageObject","inLanguage":"es","@id":"https:\/\/www.eldiario.net\/portal\/2021\/11\/10\/gobierno-de-chile-califica-de-show-mediatico-la-instancia\/#primaryimage","url":"","contentUrl":""},{"@type":"BreadcrumbList","@id":"https:\/\/www.eldiario.net\/portal\/2021\/11\/10\/gobierno-de-chile-califica-de-show-mediatico-la-instancia\/#breadcrumb","itemListElement":[{"@type":"ListItem","position":1,"name":"Portada","item":"https:\/\/www.eldiario.net\/portal\/"},{"@type":"ListItem","position":2,"name":"Gobierno de Chile califica de \u201cshow medi\u00e1tico\u201d la instancia"}]},{"@type":"WebSite","@id":"https:\/\/www.eldiario.net\/portal\/#website","url":"https:\/\/www.eldiario.net\/portal\/","name":"El Diario - Decano de la prensa nacional","description":"El Diario - Decano de la prensa nacional","publisher":{"@id":"https:\/\/www.eldiario.net\/portal\/#organization"},"potentialAction":[{"@type":"SearchAction","target":{"@type":"EntryPoint","urlTemplate":"https:\/\/www.eldiario.net\/portal\/?s={search_term_string}"},"query-input":{"@type":"PropertyValueSpecification","valueRequired":true,"valueName":"search_term_string"}}],"inLanguage":"es"},{"@type":"Organization","@id":"https:\/\/www.eldiario.net\/portal\/#organization","name":"El Diario - Decano de la prensa nacional","url":"https:\/\/www.eldiario.net\/portal\/","logo":{"@type":"ImageObject","inLanguage":"es","@id":"https:\/\/www.eldiario.net\/portal\/#\/schema\/logo\/image\/","url":"https:\/\/www.eldiario.net\/portal\/wp-content\/uploads\/2023\/07\/logo_ED.jpg","contentUrl":"https:\/\/www.eldiario.net\/portal\/wp-content\/uploads\/2023\/07\/logo_ED.jpg","width":272,"height":52,"caption":"El Diario - Decano de la prensa nacional"},"image":{"@id":"https:\/\/www.eldiario.net\/portal\/#\/schema\/logo\/image\/"},"sameAs":["https:\/\/www.facebook.com\/eldiario.bolivia\/","https:\/\/x.com\/eldiario_net"]},{"@type":"Person","@id":"https:\/\/www.eldiario.net\/portal\/#\/schema\/person\/f46445640444750d7d753ccd04ae01b7","name":"Jeanette","image":{"@type":"ImageObject","inLanguage":"es","@id":"https:\/\/secure.gravatar.com\/avatar\/3ea2118a5f7dad2b7138b1187a6b7ee55f160b9968b66013c3a3ef39dd7e5798?s=96&d=mm&r=g","url":"https:\/\/secure.gravatar.com\/avatar\/3ea2118a5f7dad2b7138b1187a6b7ee55f160b9968b66013c3a3ef39dd7e5798?s=96&d=mm&r=g","contentUrl":"https:\/\/secure.gravatar.com\/avatar\/3ea2118a5f7dad2b7138b1187a6b7ee55f160b9968b66013c3a3ef39dd7e5798?s=96&d=mm&r=g","caption":"Jeanette"},"sameAs":["https:\/\/www.eldiario.net\/portal"],"url":"https:\/\/www.eldiario.net\/portal\/author\/jeanette\/"}]}},"_links":{"self":[{"href":"https:\/\/www.eldiario.net\/portal\/wp-json\/wp\/v2\/posts\/42080","targetHints":{"allow":["GET"]}}],"collection":[{"href":"https:\/\/www.eldiario.net\/portal\/wp-json\/wp\/v2\/posts"}],"about":[{"href":"https:\/\/www.eldiario.net\/portal\/wp-json\/wp\/v2\/types\/post"}],"author":[{"embeddable":true,"href":"https:\/\/www.eldiario.net\/portal\/wp-json\/wp\/v2\/users\/1"}],"replies":[{"embeddable":true,"href":"https:\/\/www.eldiario.net\/portal\/wp-json\/wp\/v2\/comments?post=42080"}],"version-history":[{"count":0,"href":"https:\/\/www.eldiario.net\/portal\/wp-json\/wp\/v2\/posts\/42080\/revisions"}],"wp:attachment":[{"href":"https:\/\/www.eldiario.net\/portal\/wp-json\/wp\/v2\/media?parent=42080"}],"wp:term":[{"taxonomy":"category","embeddable":true,"href":"https:\/\/www.eldiario.net\/portal\/wp-json\/wp\/v2\/categories?post=42080"},{"taxonomy":"post_tag","embeddable":true,"href":"https:\/\/www.eldiario.net\/portal\/wp-json\/wp\/v2\/tags?post=42080"}],"curies":[{"name":"wp","href":"https:\/\/api.w.org\/{rel}","templated":true}]}}