{"id":42077,"date":"2021-11-10T05:22:22","date_gmt":"2021-11-10T09:22:22","guid":{"rendered":"https:\/\/www.eldiario.net\/portal\/?p=42077"},"modified":"2021-11-10T05:22:22","modified_gmt":"2021-11-10T09:22:22","slug":"presentan-denuncia-contra-ministro-de-defensa-de-peru","status":"publish","type":"post","link":"https:\/\/www.eldiario.net\/portal\/2021\/11\/10\/presentan-denuncia-contra-ministro-de-defensa-de-peru\/","title":{"rendered":"Presentan denuncia contra  Ministro de Defensa de Per\u00fa"},"content":{"rendered":"<p>Lima.- La vicepresidenta tercera del Congreso de Per\u00fa del opositor Avanza Pa\u00eds, Patricia Chirinos, present\u00f3 ayer una denuncia constitucional contra el ministro de Defensa, Walter Ayala, por presuntos delitos de coacci\u00f3n y patrocinio ilegal, tras ser acusado por algunos antiguos mandos del Ej\u00e9rcito de presiones para ascender indebidamente a otros oficiales.<br \/>\nLa congresista Chirinos basa su denuncia en el Art\u00edculo 99 de la Constituci\u00f3n peruana, que ampara una acusaci\u00f3n contra alguno de los ministros \u00abpor todo delito que cometan en el ejercicio de sus funciones y hasta cinco a\u00f1os despu\u00e9s de que hayan cesado en \u00e9stas\u00bb, por lo que Ayala est\u00e1 sujeto a un \u00abantejuicio pol\u00edtico\u00bb.<br \/>\nEn la denuncia presentada por Chirinos se expone que hay \u00abserios indicios\u00bb, gracias a las declaraciones del excomandante del Ej\u00e9rcito, el general Jos\u00e9 Vizcarra, de que Ayala habr\u00eda incurrido en un delito de coacci\u00f3n \u00abal haber amenazado para obligarle a ascender a personas de su entorno\u00bb.<br \/>\nA su vez, Chirinos ha recurrido al Art\u00edculo 385 del C\u00f3digo Penal para sustentar la denuncia por un delito de patrocinio ilegal, puesto que Ayala, \u00abvali\u00e9ndose de su calidad de funcionario o servidor p\u00fablico patrocina intereses de particulares ante la administraci\u00f3n p\u00fablica\u00bb, en este caso concreto, a\u00f1adi\u00f3, en favor de personas vinculadas, \u00abincluso\u00bb, con el presidente de Per\u00fa, Pedro Castillo.<br \/>\nPor otro lado, el congresista Jorge Montoya, portavoz del tambi\u00e9n opositor Renovaci\u00f3n Popular, adelant\u00f3 que su grupo presentar\u00e1 una moci\u00f3n para interpelar al ministro Ayala por estos hechos. \u00abYa est\u00e1 clara la situaci\u00f3n, lo vamos a interpelar, tenemos la moci\u00f3n lista y luego sigue la censura\u00bb, cont\u00f3 para la cadena peruana RPP.<\/p>\n<p>GOBIERNO<br \/>\nAnte estas acusaciones, la primera ministra de Per\u00fa, Mirtha V\u00e1squez, ha adelantado este martes que el Gobierno est\u00e1 \u00abtomando decisiones\u00bb al respecto, las cuales ser\u00e1n anunciadas en las \u00abpr\u00f3ximas horas\u00bb, despu\u00e9s de que el pasado lunes y ante la pol\u00e9mica suscitada, el ministro Ayala pusiera su cargo a disposici\u00f3n de Castillo.<br \/>\nAnte el Congreso, V\u00e1squez calific\u00f3 como \u00abgraves\u00bb estas denuncias y ha subrayado que las decisiones que se tomar\u00e1n \u00abresponden a la preocupaci\u00f3n de la poblaci\u00f3n y de los diferentes sectores, incluyendo el Legislativo, que toman con \u00abmucha seriedad\u00bb, informa el diario peruano \u201cLa Rep\u00fablica\u201d.<br \/>\n\u00abDesde el Gobierno queremos reafirmar que somos respetuosos con las Fuerzas Armadas, que son un actor estrat\u00e9gico y muy importante para proteger la soberan\u00eda de este Estado. Queremos reafirmar este respeto que tenemos y nuestra actitud de no interferencia frente a las decisiones que se tomen\u00bb, remarc\u00f3.<br \/>\nEl lunes, los excomandantes generales del Ej\u00e9rcito y la Fuerza A\u00e9rea Jos\u00e9 Vizcarra y Jorge Luis Chaparro, respectivamente, denunciaron que hab\u00edan recibido presiones por parte del ministro Ayala, as\u00ed como del secretario del Palacio de Gobierno, Bruno Pacheco, para ascender a una serie de altos mandos militares.<br \/>\nTanto Vizcarra como Chaparro se\u00f1alaron que dichos ascensos ser\u00edan irregulares al no cumplir con la meritocracia y el debido proceso requerido, denunciando posteriormente que habr\u00edan sido retirados de sus cargos al no plegarse a estas supuestas presiones. Ambos han sido invitados este martes a la Comisi\u00f3n de Defensa del Congreso para ahondar en este asunto. (Europa Press)<\/p>\n","protected":false},"excerpt":{"rendered":"<p>Lima.- La vicepresidenta tercera del Congreso de Per\u00fa del opositor Avanza Pa\u00eds, Patricia Chirinos, present\u00f3 ayer una denuncia constitucional contra el ministro de Defensa, Walter Ayala, por presuntos delitos de coacci\u00f3n y patrocinio ilegal, tras ser acusado por algunos antiguos mandos del Ej\u00e9rcito de presiones para ascender indebidamente a otros oficiales. La congresista Chirinos basa [&hellip;]<\/p>\n","protected":false},"author":1,"featured_media":42078,"comment_status":"closed","ping_status":"closed","sticky":false,"template":"","format":"standard","meta":{"_acf_changed":false,"footnotes":""},"categories":[3],"tags":[],"class_list":["post-42077","post","type-post","status-publish","format-standard","has-post-thumbnail","category-internacional"],"acf":{"antetitulo":""},"yoast_head":"<!-- This site is optimized with the Yoast SEO plugin v28.3 - https:\/\/yoast.com\/product\/yoast-seo-wordpress\/ -->\n<title>Presentan denuncia contra Ministro de Defensa de Per\u00fa - El Diario - Bolivia<\/title>\n<meta name=\"robots\" content=\"index, follow, max-snippet:-1, max-image-preview:large, max-video-preview:-1\" \/>\n<link rel=\"canonical\" href=\"https:\/\/www.eldiario.net\/portal\/2021\/11\/10\/presentan-denuncia-contra-ministro-de-defensa-de-peru\/\" \/>\n<meta property=\"og:locale\" content=\"es_ES\" \/>\n<meta property=\"og:type\" content=\"article\" \/>\n<meta property=\"og:title\" content=\"Presentan denuncia contra Ministro de Defensa de Per\u00fa - El Diario - Bolivia\" \/>\n<meta property=\"og:description\" content=\"Lima.- La vicepresidenta tercera del Congreso de Per\u00fa del opositor Avanza Pa\u00eds, Patricia Chirinos, present\u00f3 ayer una denuncia constitucional contra el ministro de Defensa, Walter Ayala, por presuntos delitos de coacci\u00f3n y patrocinio ilegal, tras ser acusado por algunos antiguos mandos del Ej\u00e9rcito de presiones para ascender indebidamente a otros oficiales. La congresista Chirinos basa [&hellip;]\" \/>\n<meta property=\"og:url\" content=\"https:\/\/www.eldiario.net\/portal\/2021\/11\/10\/presentan-denuncia-contra-ministro-de-defensa-de-peru\/\" \/>\n<meta property=\"og:site_name\" content=\"El Diario - Bolivia\" \/>\n<meta property=\"article:publisher\" content=\"https:\/\/www.facebook.com\/eldiario.bolivia\/\" \/>\n<meta property=\"article:published_time\" content=\"2021-11-10T09:22:22+00:00\" \/>\n<meta property=\"og:image\" content=\"https:\/\/www.eldiario.net\/portal\/wp-content\/uploads\/2021\/11\/Demuncia.jpg\" \/>\n\t<meta property=\"og:image:width\" content=\"1200\" \/>\n\t<meta property=\"og:image:height\" content=\"800\" \/>\n\t<meta property=\"og:image:type\" content=\"image\/jpeg\" \/>\n<meta name=\"author\" content=\"Jeanette\" \/>\n<meta name=\"twitter:card\" content=\"summary_large_image\" \/>\n<meta name=\"twitter:creator\" content=\"@eldiario_net\" \/>\n<meta name=\"twitter:site\" content=\"@eldiario_net\" \/>\n<meta name=\"twitter:label1\" content=\"Escrito por\" \/>\n\t<meta name=\"twitter:data1\" content=\"Jeanette\" \/>\n\t<meta name=\"twitter:label2\" content=\"Tiempo de lectura\" \/>\n\t<meta name=\"twitter:data2\" content=\"3 minutos\" \/>\n<script type=\"application\/ld+json\" class=\"yoast-schema-graph\">{\"@context\":\"https:\\\/\\\/schema.org\",\"@graph\":[{\"@type\":\"Article\",\"@id\":\"https:\\\/\\\/www.eldiario.net\\\/portal\\\/2021\\\/11\\\/10\\\/presentan-denuncia-contra-ministro-de-defensa-de-peru\\\/#article\",\"isPartOf\":{\"@id\":\"https:\\\/\\\/www.eldiario.net\\\/portal\\\/2021\\\/11\\\/10\\\/presentan-denuncia-contra-ministro-de-defensa-de-peru\\\/\"},\"author\":{\"name\":\"Jeanette\",\"@id\":\"https:\\\/\\\/www.eldiario.net\\\/portal\\\/#\\\/schema\\\/person\\\/f46445640444750d7d753ccd04ae01b7\"},\"headline\":\"Presentan denuncia contra Ministro de Defensa de Per\u00fa\",\"datePublished\":\"2021-11-10T09:22:22+00:00\",\"mainEntityOfPage\":{\"@id\":\"https:\\\/\\\/www.eldiario.net\\\/portal\\\/2021\\\/11\\\/10\\\/presentan-denuncia-contra-ministro-de-defensa-de-peru\\\/\"},\"wordCount\":562,\"publisher\":{\"@id\":\"https:\\\/\\\/www.eldiario.net\\\/portal\\\/#organization\"},\"image\":{\"@id\":\"https:\\\/\\\/www.eldiario.net\\\/portal\\\/2021\\\/11\\\/10\\\/presentan-denuncia-contra-ministro-de-defensa-de-peru\\\/#primaryimage\"},\"thumbnailUrl\":\"https:\\\/\\\/www.eldiario.net\\\/portal\\\/wp-content\\\/uploads\\\/2021\\\/11\\\/Demuncia.jpg\",\"articleSection\":[\"Internacional\"],\"inLanguage\":\"es\"},{\"@type\":\"WebPage\",\"@id\":\"https:\\\/\\\/www.eldiario.net\\\/portal\\\/2021\\\/11\\\/10\\\/presentan-denuncia-contra-ministro-de-defensa-de-peru\\\/\",\"url\":\"https:\\\/\\\/www.eldiario.net\\\/portal\\\/2021\\\/11\\\/10\\\/presentan-denuncia-contra-ministro-de-defensa-de-peru\\\/\",\"name\":\"Presentan denuncia contra Ministro de Defensa de Per\u00fa - El Diario - Bolivia\",\"isPartOf\":{\"@id\":\"https:\\\/\\\/www.eldiario.net\\\/portal\\\/#website\"},\"primaryImageOfPage\":{\"@id\":\"https:\\\/\\\/www.eldiario.net\\\/portal\\\/2021\\\/11\\\/10\\\/presentan-denuncia-contra-ministro-de-defensa-de-peru\\\/#primaryimage\"},\"image\":{\"@id\":\"https:\\\/\\\/www.eldiario.net\\\/portal\\\/2021\\\/11\\\/10\\\/presentan-denuncia-contra-ministro-de-defensa-de-peru\\\/#primaryimage\"},\"thumbnailUrl\":\"https:\\\/\\\/www.eldiario.net\\\/portal\\\/wp-content\\\/uploads\\\/2021\\\/11\\\/Demuncia.jpg\",\"datePublished\":\"2021-11-10T09:22:22+00:00\",\"breadcrumb\":{\"@id\":\"https:\\\/\\\/www.eldiario.net\\\/portal\\\/2021\\\/11\\\/10\\\/presentan-denuncia-contra-ministro-de-defensa-de-peru\\\/#breadcrumb\"},\"inLanguage\":\"es\",\"potentialAction\":[{\"@type\":\"ReadAction\",\"target\":[\"https:\\\/\\\/www.eldiario.net\\\/portal\\\/2021\\\/11\\\/10\\\/presentan-denuncia-contra-ministro-de-defensa-de-peru\\\/\"]}]},{\"@type\":\"ImageObject\",\"inLanguage\":\"es\",\"@id\":\"https:\\\/\\\/www.eldiario.net\\\/portal\\\/2021\\\/11\\\/10\\\/presentan-denuncia-contra-ministro-de-defensa-de-peru\\\/#primaryimage\",\"url\":\"https:\\\/\\\/www.eldiario.net\\\/portal\\\/wp-content\\\/uploads\\\/2021\\\/11\\\/Demuncia.jpg\",\"contentUrl\":\"https:\\\/\\\/www.eldiario.net\\\/portal\\\/wp-content\\\/uploads\\\/2021\\\/11\\\/Demuncia.jpg\",\"width\":1200,\"height\":800,\"caption\":\"EL MINISTRO DE DEFENSA DE PER\u00da, WALTER AYALA.\"},{\"@type\":\"BreadcrumbList\",\"@id\":\"https:\\\/\\\/www.eldiario.net\\\/portal\\\/2021\\\/11\\\/10\\\/presentan-denuncia-contra-ministro-de-defensa-de-peru\\\/#breadcrumb\",\"itemListElement\":[{\"@type\":\"ListItem\",\"position\":1,\"name\":\"Portada\",\"item\":\"https:\\\/\\\/www.eldiario.net\\\/portal\\\/\"},{\"@type\":\"ListItem\",\"position\":2,\"name\":\"Presentan denuncia contra Ministro de Defensa de Per\u00fa\"}]},{\"@type\":\"WebSite\",\"@id\":\"https:\\\/\\\/www.eldiario.net\\\/portal\\\/#website\",\"url\":\"https:\\\/\\\/www.eldiario.net\\\/portal\\\/\",\"name\":\"El Diario - Decano de la prensa nacional\",\"description\":\"El Diario - Decano de la prensa nacional\",\"publisher\":{\"@id\":\"https:\\\/\\\/www.eldiario.net\\\/portal\\\/#organization\"},\"potentialAction\":[{\"@type\":\"SearchAction\",\"target\":{\"@type\":\"EntryPoint\",\"urlTemplate\":\"https:\\\/\\\/www.eldiario.net\\\/portal\\\/?s={search_term_string}\"},\"query-input\":{\"@type\":\"PropertyValueSpecification\",\"valueRequired\":true,\"valueName\":\"search_term_string\"}}],\"inLanguage\":\"es\"},{\"@type\":\"Organization\",\"@id\":\"https:\\\/\\\/www.eldiario.net\\\/portal\\\/#organization\",\"name\":\"El Diario - Decano de la prensa nacional\",\"url\":\"https:\\\/\\\/www.eldiario.net\\\/portal\\\/\",\"logo\":{\"@type\":\"ImageObject\",\"inLanguage\":\"es\",\"@id\":\"https:\\\/\\\/www.eldiario.net\\\/portal\\\/#\\\/schema\\\/logo\\\/image\\\/\",\"url\":\"https:\\\/\\\/www.eldiario.net\\\/portal\\\/wp-content\\\/uploads\\\/2023\\\/07\\\/logo_ED.jpg\",\"contentUrl\":\"https:\\\/\\\/www.eldiario.net\\\/portal\\\/wp-content\\\/uploads\\\/2023\\\/07\\\/logo_ED.jpg\",\"width\":272,\"height\":52,\"caption\":\"El Diario - Decano de la prensa nacional\"},\"image\":{\"@id\":\"https:\\\/\\\/www.eldiario.net\\\/portal\\\/#\\\/schema\\\/logo\\\/image\\\/\"},\"sameAs\":[\"https:\\\/\\\/www.facebook.com\\\/eldiario.bolivia\\\/\",\"https:\\\/\\\/x.com\\\/eldiario_net\"]},{\"@type\":\"Person\",\"@id\":\"https:\\\/\\\/www.eldiario.net\\\/portal\\\/#\\\/schema\\\/person\\\/f46445640444750d7d753ccd04ae01b7\",\"name\":\"Jeanette\",\"image\":{\"@type\":\"ImageObject\",\"inLanguage\":\"es\",\"@id\":\"https:\\\/\\\/secure.gravatar.com\\\/avatar\\\/3ea2118a5f7dad2b7138b1187a6b7ee55f160b9968b66013c3a3ef39dd7e5798?s=96&d=mm&r=g\",\"url\":\"https:\\\/\\\/secure.gravatar.com\\\/avatar\\\/3ea2118a5f7dad2b7138b1187a6b7ee55f160b9968b66013c3a3ef39dd7e5798?s=96&d=mm&r=g\",\"contentUrl\":\"https:\\\/\\\/secure.gravatar.com\\\/avatar\\\/3ea2118a5f7dad2b7138b1187a6b7ee55f160b9968b66013c3a3ef39dd7e5798?s=96&d=mm&r=g\",\"caption\":\"Jeanette\"},\"sameAs\":[\"https:\\\/\\\/www.eldiario.net\\\/portal\"],\"url\":\"https:\\\/\\\/www.eldiario.net\\\/portal\\\/author\\\/jeanette\\\/\"}]}<\/script>\n<!-- \/ Yoast SEO plugin. -->","yoast_head_json":{"title":"Presentan denuncia contra Ministro de Defensa de Per\u00fa - El Diario - Bolivia","robots":{"index":"index","follow":"follow","max-snippet":"max-snippet:-1","max-image-preview":"max-image-preview:large","max-video-preview":"max-video-preview:-1"},"canonical":"https:\/\/www.eldiario.net\/portal\/2021\/11\/10\/presentan-denuncia-contra-ministro-de-defensa-de-peru\/","og_locale":"es_ES","og_type":"article","og_title":"Presentan denuncia contra Ministro de Defensa de Per\u00fa - El Diario - Bolivia","og_description":"Lima.- La vicepresidenta tercera del Congreso de Per\u00fa del opositor Avanza Pa\u00eds, Patricia Chirinos, present\u00f3 ayer una denuncia constitucional contra el ministro de Defensa, Walter Ayala, por presuntos delitos de coacci\u00f3n y patrocinio ilegal, tras ser acusado por algunos antiguos mandos del Ej\u00e9rcito de presiones para ascender indebidamente a otros oficiales. La congresista Chirinos basa [&hellip;]","og_url":"https:\/\/www.eldiario.net\/portal\/2021\/11\/10\/presentan-denuncia-contra-ministro-de-defensa-de-peru\/","og_site_name":"El Diario - Bolivia","article_publisher":"https:\/\/www.facebook.com\/eldiario.bolivia\/","article_published_time":"2021-11-10T09:22:22+00:00","og_image":[{"width":1200,"height":800,"url":"https:\/\/www.eldiario.net\/portal\/wp-content\/uploads\/2021\/11\/Demuncia.jpg","type":"image\/jpeg"}],"author":"Jeanette","twitter_card":"summary_large_image","twitter_creator":"@eldiario_net","twitter_site":"@eldiario_net","twitter_misc":{"Escrito por":"Jeanette","Tiempo de lectura":"3 minutos"},"schema":{"@context":"https:\/\/schema.org","@graph":[{"@type":"Article","@id":"https:\/\/www.eldiario.net\/portal\/2021\/11\/10\/presentan-denuncia-contra-ministro-de-defensa-de-peru\/#article","isPartOf":{"@id":"https:\/\/www.eldiario.net\/portal\/2021\/11\/10\/presentan-denuncia-contra-ministro-de-defensa-de-peru\/"},"author":{"name":"Jeanette","@id":"https:\/\/www.eldiario.net\/portal\/#\/schema\/person\/f46445640444750d7d753ccd04ae01b7"},"headline":"Presentan denuncia contra Ministro de Defensa de Per\u00fa","datePublished":"2021-11-10T09:22:22+00:00","mainEntityOfPage":{"@id":"https:\/\/www.eldiario.net\/portal\/2021\/11\/10\/presentan-denuncia-contra-ministro-de-defensa-de-peru\/"},"wordCount":562,"publisher":{"@id":"https:\/\/www.eldiario.net\/portal\/#organization"},"image":{"@id":"https:\/\/www.eldiario.net\/portal\/2021\/11\/10\/presentan-denuncia-contra-ministro-de-defensa-de-peru\/#primaryimage"},"thumbnailUrl":"https:\/\/www.eldiario.net\/portal\/wp-content\/uploads\/2021\/11\/Demuncia.jpg","articleSection":["Internacional"],"inLanguage":"es"},{"@type":"WebPage","@id":"https:\/\/www.eldiario.net\/portal\/2021\/11\/10\/presentan-denuncia-contra-ministro-de-defensa-de-peru\/","url":"https:\/\/www.eldiario.net\/portal\/2021\/11\/10\/presentan-denuncia-contra-ministro-de-defensa-de-peru\/","name":"Presentan denuncia contra Ministro de Defensa de Per\u00fa - El Diario - Bolivia","isPartOf":{"@id":"https:\/\/www.eldiario.net\/portal\/#website"},"primaryImageOfPage":{"@id":"https:\/\/www.eldiario.net\/portal\/2021\/11\/10\/presentan-denuncia-contra-ministro-de-defensa-de-peru\/#primaryimage"},"image":{"@id":"https:\/\/www.eldiario.net\/portal\/2021\/11\/10\/presentan-denuncia-contra-ministro-de-defensa-de-peru\/#primaryimage"},"thumbnailUrl":"https:\/\/www.eldiario.net\/portal\/wp-content\/uploads\/2021\/11\/Demuncia.jpg","datePublished":"2021-11-10T09:22:22+00:00","breadcrumb":{"@id":"https:\/\/www.eldiario.net\/portal\/2021\/11\/10\/presentan-denuncia-contra-ministro-de-defensa-de-peru\/#breadcrumb"},"inLanguage":"es","potentialAction":[{"@type":"ReadAction","target":["https:\/\/www.eldiario.net\/portal\/2021\/11\/10\/presentan-denuncia-contra-ministro-de-defensa-de-peru\/"]}]},{"@type":"ImageObject","inLanguage":"es","@id":"https:\/\/www.eldiario.net\/portal\/2021\/11\/10\/presentan-denuncia-contra-ministro-de-defensa-de-peru\/#primaryimage","url":"https:\/\/www.eldiario.net\/portal\/wp-content\/uploads\/2021\/11\/Demuncia.jpg","contentUrl":"https:\/\/www.eldiario.net\/portal\/wp-content\/uploads\/2021\/11\/Demuncia.jpg","width":1200,"height":800,"caption":"EL MINISTRO DE DEFENSA DE PER\u00da, WALTER AYALA."},{"@type":"BreadcrumbList","@id":"https:\/\/www.eldiario.net\/portal\/2021\/11\/10\/presentan-denuncia-contra-ministro-de-defensa-de-peru\/#breadcrumb","itemListElement":[{"@type":"ListItem","position":1,"name":"Portada","item":"https:\/\/www.eldiario.net\/portal\/"},{"@type":"ListItem","position":2,"name":"Presentan denuncia contra Ministro de Defensa de Per\u00fa"}]},{"@type":"WebSite","@id":"https:\/\/www.eldiario.net\/portal\/#website","url":"https:\/\/www.eldiario.net\/portal\/","name":"El Diario - Decano de la prensa nacional","description":"El Diario - Decano de la prensa nacional","publisher":{"@id":"https:\/\/www.eldiario.net\/portal\/#organization"},"potentialAction":[{"@type":"SearchAction","target":{"@type":"EntryPoint","urlTemplate":"https:\/\/www.eldiario.net\/portal\/?s={search_term_string}"},"query-input":{"@type":"PropertyValueSpecification","valueRequired":true,"valueName":"search_term_string"}}],"inLanguage":"es"},{"@type":"Organization","@id":"https:\/\/www.eldiario.net\/portal\/#organization","name":"El Diario - Decano de la prensa nacional","url":"https:\/\/www.eldiario.net\/portal\/","logo":{"@type":"ImageObject","inLanguage":"es","@id":"https:\/\/www.eldiario.net\/portal\/#\/schema\/logo\/image\/","url":"https:\/\/www.eldiario.net\/portal\/wp-content\/uploads\/2023\/07\/logo_ED.jpg","contentUrl":"https:\/\/www.eldiario.net\/portal\/wp-content\/uploads\/2023\/07\/logo_ED.jpg","width":272,"height":52,"caption":"El Diario - Decano de la prensa nacional"},"image":{"@id":"https:\/\/www.eldiario.net\/portal\/#\/schema\/logo\/image\/"},"sameAs":["https:\/\/www.facebook.com\/eldiario.bolivia\/","https:\/\/x.com\/eldiario_net"]},{"@type":"Person","@id":"https:\/\/www.eldiario.net\/portal\/#\/schema\/person\/f46445640444750d7d753ccd04ae01b7","name":"Jeanette","image":{"@type":"ImageObject","inLanguage":"es","@id":"https:\/\/secure.gravatar.com\/avatar\/3ea2118a5f7dad2b7138b1187a6b7ee55f160b9968b66013c3a3ef39dd7e5798?s=96&d=mm&r=g","url":"https:\/\/secure.gravatar.com\/avatar\/3ea2118a5f7dad2b7138b1187a6b7ee55f160b9968b66013c3a3ef39dd7e5798?s=96&d=mm&r=g","contentUrl":"https:\/\/secure.gravatar.com\/avatar\/3ea2118a5f7dad2b7138b1187a6b7ee55f160b9968b66013c3a3ef39dd7e5798?s=96&d=mm&r=g","caption":"Jeanette"},"sameAs":["https:\/\/www.eldiario.net\/portal"],"url":"https:\/\/www.eldiario.net\/portal\/author\/jeanette\/"}]}},"_links":{"self":[{"href":"https:\/\/www.eldiario.net\/portal\/wp-json\/wp\/v2\/posts\/42077","targetHints":{"allow":["GET"]}}],"collection":[{"href":"https:\/\/www.eldiario.net\/portal\/wp-json\/wp\/v2\/posts"}],"about":[{"href":"https:\/\/www.eldiario.net\/portal\/wp-json\/wp\/v2\/types\/post"}],"author":[{"embeddable":true,"href":"https:\/\/www.eldiario.net\/portal\/wp-json\/wp\/v2\/users\/1"}],"replies":[{"embeddable":true,"href":"https:\/\/www.eldiario.net\/portal\/wp-json\/wp\/v2\/comments?post=42077"}],"version-history":[{"count":0,"href":"https:\/\/www.eldiario.net\/portal\/wp-json\/wp\/v2\/posts\/42077\/revisions"}],"wp:featuredmedia":[{"embeddable":true,"href":"https:\/\/www.eldiario.net\/portal\/wp-json\/wp\/v2\/media\/42078"}],"wp:attachment":[{"href":"https:\/\/www.eldiario.net\/portal\/wp-json\/wp\/v2\/media?parent=42077"}],"wp:term":[{"taxonomy":"category","embeddable":true,"href":"https:\/\/www.eldiario.net\/portal\/wp-json\/wp\/v2\/categories?post=42077"},{"taxonomy":"post_tag","embeddable":true,"href":"https:\/\/www.eldiario.net\/portal\/wp-json\/wp\/v2\/tags?post=42077"}],"curies":[{"name":"wp","href":"https:\/\/api.w.org\/{rel}","templated":true}]}}