{"id":420659,"date":"2026-08-12T00:10:47","date_gmt":"2026-08-12T04:10:47","guid":{"rendered":"https:\/\/www.eldiario.net\/portal\/?p=420659"},"modified":"2026-08-11T23:11:23","modified_gmt":"2026-08-12T03:11:23","slug":"defensa-de-rojas-prepara-nueva-estrategia-judicial","status":"publish","type":"post","link":"https:\/\/www.eldiario.net\/portal\/2026\/08\/12\/defensa-de-rojas-prepara-nueva-estrategia-judicial\/","title":{"rendered":"Defensa de Rojas prepara nueva estrategia judicial"},"content":{"rendered":"<p>La defensa de la exdiputada, Laura Rojas, prepara un nuevo frente judicial en el caso maletas, mientras busca concretar la detenci\u00f3n domiciliaria que le fue concedida por la Justicia. Rojas sali\u00f3 ayer de Palmasola para cumplir un microaspirado a tres maletas en la Fiscal\u00eda Departamental de Santa Cruz y realizar su registro de arraigo, pero retorn\u00f3 al penal debido a que a\u00fan est\u00e1 pendiente la aceptaci\u00f3n del garante exigido para hacer efectiva la medida sustitutiva.<\/p>\n<p>El abogado de la exautoridad, David Ch\u00e1vez, inform\u00f3 que, una vez realizado el procedimiento sobre las tres maletas, la defensa plantear\u00e1 un incidente de exclusi\u00f3n probatoria. El argumento ser\u00e1 que existen cuestionamientos sobre la cadena de custodia de esos elementos, por lo que buscar\u00e1n que sean apartados del proceso.<\/p>\n<p>De esta manera, la defensa encara dos asuntos de manera paralela: por un lado, intenta que Rojas pueda dejar Palmasola y cumplir detenci\u00f3n domiciliaria; por otro, prepara una impugnaci\u00f3n contra parte de la evidencia que sustenta la investigaci\u00f3n.<\/p>\n<p>Rojas fue trasladada en horas de la ma\u00f1ana de ayer desde el recinto penitenciario hasta la Fiscal\u00eda, donde deb\u00eda participar en el microaspirado solicitado por el Ministerio P\u00fablico. La diligencia se realiz\u00f3 sobre tres maletas que forman parte de la investigaci\u00f3n y posteriormente la exdiputada cumpli\u00f3 con el registro de arraigo.<\/p>\n<p>Tras concluir las actuaciones, la exdiputada de Creemos fue trasladada nuevamente a Palmasola. No brind\u00f3 declaraciones a los medios y permanecer\u00e1 en el penal mientras se terminan de cumplir los requisitos establecidos por la autoridad judicial.<\/p>\n<p>La Justicia modific\u00f3 el 3 de agosto la situaci\u00f3n cautelar de la exdiputada y sustituy\u00f3 su detenci\u00f3n preventiva por detenci\u00f3n domiciliaria sin escolta. La resoluci\u00f3n tambi\u00e9n estableci\u00f3 una fianza de Bs 50.000 y arraigo.<\/p>\n<p>Sin embargo, la decisi\u00f3n todav\u00eda no se tradujo en su salida definitiva del penal. El punto pendiente est\u00e1 relacionado con el garante que debe respaldar el cumplimiento de las condiciones impuestas por la jueza de control jurisdiccional.<\/p>\n<p>Ch\u00e1vez explic\u00f3 que la defensa ya present\u00f3 la documentaci\u00f3n del garante, pero la jueza realiz\u00f3 observaciones que posteriormente fueron subsanadas. El equipo jur\u00eddico espera ahora que la autoridad judicial determine si la persona propuesta cumple las condiciones para ser aceptada.<\/p>\n<p>El abogado se\u00f1al\u00f3 adem\u00e1s que Rojas enfrenta dos procesos, uno por delitos anticorrupci\u00f3n y otro por tr\u00e1fico de sustancias controladas, ambos relacionados con la investigaci\u00f3n por el ingreso irregular de m\u00e1s de 30 maletas.<\/p>\n<p>La exdiputada fue aprehendida el 26 de enero, despu\u00e9s de presentarse a declarar ante las autoridades, y dos d\u00edas despu\u00e9s un juez determin\u00f3 su detenci\u00f3n preventiva por 180 d\u00edas en Palmasola. El 29 de enero fue trasladada al recinto penitenciario.<\/p>\n<p>La investigaci\u00f3n cobr\u00f3 relevancia despu\u00e9s de la difusi\u00f3n de im\u00e1genes de c\u00e1maras de seguridad del aeropuerto internacional Viru Viru, donde Rojas aparece tras arribar en un vuelo ch\u00e1rter. Seg\u00fan la investigaci\u00f3n, en ese vuelo fueron trasladadas 31 maletas que posteriormente quedaron bajo an\u00e1lisis de las autoridades.<\/p>\n<p>Desde su ingreso a Palmasola, Rojas hab\u00eda solicitado en varias oportunidades modificar las medidas cautelares para afrontar el proceso bajo otras condiciones. Esos pedidos no hab\u00edan prosperado hasta la audiencia del 3 de agosto, cuando la Justicia determin\u00f3 sustituir la detenci\u00f3n preventiva.<\/p>\n<p>A la espera de que se valide el garante para hacer efectiva la detenci\u00f3n domiciliaria, la defensa de Rojas tambi\u00e9n prepara un cuestionamiento sobre la evidencia del caso.<\/p>\n<p>De concretarse la medida, la exautoridad podr\u00eda dejar el penal de Palmasola entre este mi\u00e9rcoles y jueves, seg\u00fan informaron autoridades vinculadas con el caso. En paralelo, su defensa busca cuestionar la validez de las tres maletas dentro de la investigaci\u00f3n.<\/p>\n<p>CUESTIONAN MEDIDAS<\/p>\n<p>La decisi\u00f3n judicial tambi\u00e9n gener\u00f3 cr\u00edticas de legisladores, que cuestionaron que Rojas y el exjuez Hebert Zeballos, quien tambi\u00e9n fue beneficiado con medidas sustitutivas por el mismo caso, puedan continuar sus procesos fuera de la c\u00e1rcel mientras la investigaci\u00f3n sigue en curso.<\/p>\n<p>El senador de Alianza Libre, Leonardo Roca, observ\u00f3 que el uso de los plazos de la detenci\u00f3n preventiva termina permitiendo que los investigados accedan a medidas alternativas cuando los procesos no avanzan. A su criterio, esta situaci\u00f3n se repite en casos de alta repercusi\u00f3n y puede contribuir a que las resoluciones pasen inadvertidas.<\/p>\n<p>En la misma l\u00ednea, la senadora de APB-S\u00famate, Claudia Mall\u00f3n, consider\u00f3 que la sustituci\u00f3n de la detenci\u00f3n preventiva por el cumplimiento de los plazos se convirti\u00f3 en una pr\u00e1ctica recurrente dentro del sistema judicial. La legisladora pidi\u00f3 investigar la actuaci\u00f3n de los operadores de justicia que intervinieron en las decisiones sobre Rojas y Zeballos.<\/p>\n<p>Por otra parte, el exasamble\u00edsta, Am\u00edlcar Barral, hab\u00eda advertido sobre el desarrollo del caso. El exlegislador se\u00f1al\u00f3 que la falta de avances en la investigaci\u00f3n pod\u00eda terminar favoreciendo a los involucrados, particularmente a Rojas, debido al paso del tiempo y al vencimiento de los plazos.<\/p>\n<p>Barral tambi\u00e9n hab\u00eda cuestionado la falta de resultados sobre las maletas que dieron origen al proceso y otros elementos mencionados durante la investigaci\u00f3n. A su criterio, la demora en las actuaciones pod\u00eda debilitar el caso y favorecer que los responsables no llegaran a responder ante la justicia. (EL DIARIO y agencias)<\/p>\n","protected":false},"excerpt":{"rendered":"<p>La defensa de la exdiputada, Laura Rojas, prepara un nuevo frente judicial en el caso maletas, mientras busca concretar la detenci\u00f3n domiciliaria que le fue concedida por la Justicia. Rojas sali\u00f3 ayer de Palmasola para cumplir un microaspirado a tres maletas en la Fiscal\u00eda Departamental de Santa Cruz y realizar su registro de arraigo, pero [&hellip;]<\/p>\n","protected":false},"author":1,"featured_media":420660,"comment_status":"closed","ping_status":"open","sticky":false,"template":"","format":"standard","meta":{"_acf_changed":false,"footnotes":""},"categories":[39],"tags":[],"class_list":["post-420659","post","type-post","status-publish","format-standard","has-post-thumbnail","category-sociedad"],"acf":{"antetitulo":"Caso maletas"},"yoast_head":"<!-- This site is optimized with the Yoast SEO plugin v28.3 - https:\/\/yoast.com\/product\/yoast-seo-wordpress\/ -->\n<title>Defensa de Rojas prepara nueva estrategia judicial - El Diario - Bolivia<\/title>\n<meta name=\"robots\" content=\"index, follow, max-snippet:-1, max-image-preview:large, max-video-preview:-1\" \/>\n<link rel=\"canonical\" href=\"https:\/\/www.eldiario.net\/portal\/2026\/08\/12\/defensa-de-rojas-prepara-nueva-estrategia-judicial\/\" \/>\n<meta property=\"og:locale\" content=\"es_ES\" \/>\n<meta property=\"og:type\" content=\"article\" \/>\n<meta property=\"og:title\" content=\"Defensa de Rojas prepara nueva estrategia judicial - El Diario - Bolivia\" \/>\n<meta property=\"og:description\" content=\"La defensa de la exdiputada, Laura Rojas, prepara un nuevo frente judicial en el caso maletas, mientras busca concretar la detenci\u00f3n domiciliaria que le fue concedida por la Justicia. Rojas sali\u00f3 ayer de Palmasola para cumplir un microaspirado a tres maletas en la Fiscal\u00eda Departamental de Santa Cruz y realizar su registro de arraigo, pero [&hellip;]\" \/>\n<meta property=\"og:url\" content=\"https:\/\/www.eldiario.net\/portal\/2026\/08\/12\/defensa-de-rojas-prepara-nueva-estrategia-judicial\/\" \/>\n<meta property=\"og:site_name\" content=\"El Diario - Bolivia\" \/>\n<meta property=\"article:publisher\" content=\"https:\/\/www.facebook.com\/eldiario.bolivia\/\" \/>\n<meta property=\"article:published_time\" content=\"2026-08-12T04:10:47+00:00\" \/>\n<meta property=\"og:image\" content=\"https:\/\/www.eldiario.net\/portal\/wp-content\/uploads\/2026\/08\/12-ROJAS.webp\" \/>\n\t<meta property=\"og:image:width\" content=\"1001\" \/>\n\t<meta property=\"og:image:height\" content=\"636\" \/>\n\t<meta property=\"og:image:type\" content=\"image\/webp\" \/>\n<meta name=\"author\" content=\"Jeanette\" \/>\n<meta name=\"twitter:card\" content=\"summary_large_image\" \/>\n<meta name=\"twitter:creator\" content=\"@eldiario_net\" \/>\n<meta name=\"twitter:site\" content=\"@eldiario_net\" \/>\n<meta name=\"twitter:label1\" content=\"Escrito por\" \/>\n\t<meta name=\"twitter:data1\" content=\"Jeanette\" \/>\n\t<meta name=\"twitter:label2\" content=\"Tiempo de lectura\" \/>\n\t<meta name=\"twitter:data2\" content=\"5 minutos\" \/>\n<script type=\"application\/ld+json\" class=\"yoast-schema-graph\">{\"@context\":\"https:\\\/\\\/schema.org\",\"@graph\":[{\"@type\":\"Article\",\"@id\":\"https:\\\/\\\/www.eldiario.net\\\/portal\\\/2026\\\/08\\\/12\\\/defensa-de-rojas-prepara-nueva-estrategia-judicial\\\/#article\",\"isPartOf\":{\"@id\":\"https:\\\/\\\/www.eldiario.net\\\/portal\\\/2026\\\/08\\\/12\\\/defensa-de-rojas-prepara-nueva-estrategia-judicial\\\/\"},\"author\":{\"name\":\"Jeanette\",\"@id\":\"https:\\\/\\\/www.eldiario.net\\\/portal\\\/#\\\/schema\\\/person\\\/f46445640444750d7d753ccd04ae01b7\"},\"headline\":\"Defensa de Rojas prepara nueva estrategia judicial\",\"datePublished\":\"2026-08-12T04:10:47+00:00\",\"mainEntityOfPage\":{\"@id\":\"https:\\\/\\\/www.eldiario.net\\\/portal\\\/2026\\\/08\\\/12\\\/defensa-de-rojas-prepara-nueva-estrategia-judicial\\\/\"},\"wordCount\":916,\"publisher\":{\"@id\":\"https:\\\/\\\/www.eldiario.net\\\/portal\\\/#organization\"},\"image\":{\"@id\":\"https:\\\/\\\/www.eldiario.net\\\/portal\\\/2026\\\/08\\\/12\\\/defensa-de-rojas-prepara-nueva-estrategia-judicial\\\/#primaryimage\"},\"thumbnailUrl\":\"https:\\\/\\\/www.eldiario.net\\\/portal\\\/wp-content\\\/uploads\\\/2026\\\/08\\\/12-ROJAS.webp\",\"articleSection\":[\"Sociedad - Seguridad\"],\"inLanguage\":\"es\"},{\"@type\":\"WebPage\",\"@id\":\"https:\\\/\\\/www.eldiario.net\\\/portal\\\/2026\\\/08\\\/12\\\/defensa-de-rojas-prepara-nueva-estrategia-judicial\\\/\",\"url\":\"https:\\\/\\\/www.eldiario.net\\\/portal\\\/2026\\\/08\\\/12\\\/defensa-de-rojas-prepara-nueva-estrategia-judicial\\\/\",\"name\":\"Defensa de Rojas prepara nueva estrategia judicial - El Diario - Bolivia\",\"isPartOf\":{\"@id\":\"https:\\\/\\\/www.eldiario.net\\\/portal\\\/#website\"},\"primaryImageOfPage\":{\"@id\":\"https:\\\/\\\/www.eldiario.net\\\/portal\\\/2026\\\/08\\\/12\\\/defensa-de-rojas-prepara-nueva-estrategia-judicial\\\/#primaryimage\"},\"image\":{\"@id\":\"https:\\\/\\\/www.eldiario.net\\\/portal\\\/2026\\\/08\\\/12\\\/defensa-de-rojas-prepara-nueva-estrategia-judicial\\\/#primaryimage\"},\"thumbnailUrl\":\"https:\\\/\\\/www.eldiario.net\\\/portal\\\/wp-content\\\/uploads\\\/2026\\\/08\\\/12-ROJAS.webp\",\"datePublished\":\"2026-08-12T04:10:47+00:00\",\"breadcrumb\":{\"@id\":\"https:\\\/\\\/www.eldiario.net\\\/portal\\\/2026\\\/08\\\/12\\\/defensa-de-rojas-prepara-nueva-estrategia-judicial\\\/#breadcrumb\"},\"inLanguage\":\"es\",\"potentialAction\":[{\"@type\":\"ReadAction\",\"target\":[\"https:\\\/\\\/www.eldiario.net\\\/portal\\\/2026\\\/08\\\/12\\\/defensa-de-rojas-prepara-nueva-estrategia-judicial\\\/\"]}]},{\"@type\":\"ImageObject\",\"inLanguage\":\"es\",\"@id\":\"https:\\\/\\\/www.eldiario.net\\\/portal\\\/2026\\\/08\\\/12\\\/defensa-de-rojas-prepara-nueva-estrategia-judicial\\\/#primaryimage\",\"url\":\"https:\\\/\\\/www.eldiario.net\\\/portal\\\/wp-content\\\/uploads\\\/2026\\\/08\\\/12-ROJAS.webp\",\"contentUrl\":\"https:\\\/\\\/www.eldiario.net\\\/portal\\\/wp-content\\\/uploads\\\/2026\\\/08\\\/12-ROJAS.webp\",\"width\":1001,\"height\":636,\"caption\":\"Laura Rojas tras salir de la Fiscal\u00eda, antes de retornar a Palmasola. Cr\u00e9dito de foto: Captura video\"},{\"@type\":\"BreadcrumbList\",\"@id\":\"https:\\\/\\\/www.eldiario.net\\\/portal\\\/2026\\\/08\\\/12\\\/defensa-de-rojas-prepara-nueva-estrategia-judicial\\\/#breadcrumb\",\"itemListElement\":[{\"@type\":\"ListItem\",\"position\":1,\"name\":\"Portada\",\"item\":\"https:\\\/\\\/www.eldiario.net\\\/portal\\\/\"},{\"@type\":\"ListItem\",\"position\":2,\"name\":\"Defensa de Rojas prepara nueva estrategia judicial\"}]},{\"@type\":\"WebSite\",\"@id\":\"https:\\\/\\\/www.eldiario.net\\\/portal\\\/#website\",\"url\":\"https:\\\/\\\/www.eldiario.net\\\/portal\\\/\",\"name\":\"El Diario - Decano de la prensa nacional\",\"description\":\"El Diario - Decano de la prensa nacional\",\"publisher\":{\"@id\":\"https:\\\/\\\/www.eldiario.net\\\/portal\\\/#organization\"},\"potentialAction\":[{\"@type\":\"SearchAction\",\"target\":{\"@type\":\"EntryPoint\",\"urlTemplate\":\"https:\\\/\\\/www.eldiario.net\\\/portal\\\/?s={search_term_string}\"},\"query-input\":{\"@type\":\"PropertyValueSpecification\",\"valueRequired\":true,\"valueName\":\"search_term_string\"}}],\"inLanguage\":\"es\"},{\"@type\":\"Organization\",\"@id\":\"https:\\\/\\\/www.eldiario.net\\\/portal\\\/#organization\",\"name\":\"El Diario - Decano de la prensa nacional\",\"url\":\"https:\\\/\\\/www.eldiario.net\\\/portal\\\/\",\"logo\":{\"@type\":\"ImageObject\",\"inLanguage\":\"es\",\"@id\":\"https:\\\/\\\/www.eldiario.net\\\/portal\\\/#\\\/schema\\\/logo\\\/image\\\/\",\"url\":\"https:\\\/\\\/www.eldiario.net\\\/portal\\\/wp-content\\\/uploads\\\/2023\\\/07\\\/logo_ED.jpg\",\"contentUrl\":\"https:\\\/\\\/www.eldiario.net\\\/portal\\\/wp-content\\\/uploads\\\/2023\\\/07\\\/logo_ED.jpg\",\"width\":272,\"height\":52,\"caption\":\"El Diario - Decano de la prensa nacional\"},\"image\":{\"@id\":\"https:\\\/\\\/www.eldiario.net\\\/portal\\\/#\\\/schema\\\/logo\\\/image\\\/\"},\"sameAs\":[\"https:\\\/\\\/www.facebook.com\\\/eldiario.bolivia\\\/\",\"https:\\\/\\\/x.com\\\/eldiario_net\"]},{\"@type\":\"Person\",\"@id\":\"https:\\\/\\\/www.eldiario.net\\\/portal\\\/#\\\/schema\\\/person\\\/f46445640444750d7d753ccd04ae01b7\",\"name\":\"Jeanette\",\"image\":{\"@type\":\"ImageObject\",\"inLanguage\":\"es\",\"@id\":\"https:\\\/\\\/secure.gravatar.com\\\/avatar\\\/3ea2118a5f7dad2b7138b1187a6b7ee55f160b9968b66013c3a3ef39dd7e5798?s=96&d=mm&r=g\",\"url\":\"https:\\\/\\\/secure.gravatar.com\\\/avatar\\\/3ea2118a5f7dad2b7138b1187a6b7ee55f160b9968b66013c3a3ef39dd7e5798?s=96&d=mm&r=g\",\"contentUrl\":\"https:\\\/\\\/secure.gravatar.com\\\/avatar\\\/3ea2118a5f7dad2b7138b1187a6b7ee55f160b9968b66013c3a3ef39dd7e5798?s=96&d=mm&r=g\",\"caption\":\"Jeanette\"},\"sameAs\":[\"https:\\\/\\\/www.eldiario.net\\\/portal\"],\"url\":\"https:\\\/\\\/www.eldiario.net\\\/portal\\\/author\\\/jeanette\\\/\"}]}<\/script>\n<!-- \/ Yoast SEO plugin. -->","yoast_head_json":{"title":"Defensa de Rojas prepara nueva estrategia judicial - El Diario - Bolivia","robots":{"index":"index","follow":"follow","max-snippet":"max-snippet:-1","max-image-preview":"max-image-preview:large","max-video-preview":"max-video-preview:-1"},"canonical":"https:\/\/www.eldiario.net\/portal\/2026\/08\/12\/defensa-de-rojas-prepara-nueva-estrategia-judicial\/","og_locale":"es_ES","og_type":"article","og_title":"Defensa de Rojas prepara nueva estrategia judicial - El Diario - Bolivia","og_description":"La defensa de la exdiputada, Laura Rojas, prepara un nuevo frente judicial en el caso maletas, mientras busca concretar la detenci\u00f3n domiciliaria que le fue concedida por la Justicia. Rojas sali\u00f3 ayer de Palmasola para cumplir un microaspirado a tres maletas en la Fiscal\u00eda Departamental de Santa Cruz y realizar su registro de arraigo, pero [&hellip;]","og_url":"https:\/\/www.eldiario.net\/portal\/2026\/08\/12\/defensa-de-rojas-prepara-nueva-estrategia-judicial\/","og_site_name":"El Diario - Bolivia","article_publisher":"https:\/\/www.facebook.com\/eldiario.bolivia\/","article_published_time":"2026-08-12T04:10:47+00:00","og_image":[{"width":1001,"height":636,"url":"https:\/\/www.eldiario.net\/portal\/wp-content\/uploads\/2026\/08\/12-ROJAS.webp","type":"image\/webp"}],"author":"Jeanette","twitter_card":"summary_large_image","twitter_creator":"@eldiario_net","twitter_site":"@eldiario_net","twitter_misc":{"Escrito por":"Jeanette","Tiempo de lectura":"5 minutos"},"schema":{"@context":"https:\/\/schema.org","@graph":[{"@type":"Article","@id":"https:\/\/www.eldiario.net\/portal\/2026\/08\/12\/defensa-de-rojas-prepara-nueva-estrategia-judicial\/#article","isPartOf":{"@id":"https:\/\/www.eldiario.net\/portal\/2026\/08\/12\/defensa-de-rojas-prepara-nueva-estrategia-judicial\/"},"author":{"name":"Jeanette","@id":"https:\/\/www.eldiario.net\/portal\/#\/schema\/person\/f46445640444750d7d753ccd04ae01b7"},"headline":"Defensa de Rojas prepara nueva estrategia judicial","datePublished":"2026-08-12T04:10:47+00:00","mainEntityOfPage":{"@id":"https:\/\/www.eldiario.net\/portal\/2026\/08\/12\/defensa-de-rojas-prepara-nueva-estrategia-judicial\/"},"wordCount":916,"publisher":{"@id":"https:\/\/www.eldiario.net\/portal\/#organization"},"image":{"@id":"https:\/\/www.eldiario.net\/portal\/2026\/08\/12\/defensa-de-rojas-prepara-nueva-estrategia-judicial\/#primaryimage"},"thumbnailUrl":"https:\/\/www.eldiario.net\/portal\/wp-content\/uploads\/2026\/08\/12-ROJAS.webp","articleSection":["Sociedad - Seguridad"],"inLanguage":"es"},{"@type":"WebPage","@id":"https:\/\/www.eldiario.net\/portal\/2026\/08\/12\/defensa-de-rojas-prepara-nueva-estrategia-judicial\/","url":"https:\/\/www.eldiario.net\/portal\/2026\/08\/12\/defensa-de-rojas-prepara-nueva-estrategia-judicial\/","name":"Defensa de Rojas prepara nueva estrategia judicial - El Diario - Bolivia","isPartOf":{"@id":"https:\/\/www.eldiario.net\/portal\/#website"},"primaryImageOfPage":{"@id":"https:\/\/www.eldiario.net\/portal\/2026\/08\/12\/defensa-de-rojas-prepara-nueva-estrategia-judicial\/#primaryimage"},"image":{"@id":"https:\/\/www.eldiario.net\/portal\/2026\/08\/12\/defensa-de-rojas-prepara-nueva-estrategia-judicial\/#primaryimage"},"thumbnailUrl":"https:\/\/www.eldiario.net\/portal\/wp-content\/uploads\/2026\/08\/12-ROJAS.webp","datePublished":"2026-08-12T04:10:47+00:00","breadcrumb":{"@id":"https:\/\/www.eldiario.net\/portal\/2026\/08\/12\/defensa-de-rojas-prepara-nueva-estrategia-judicial\/#breadcrumb"},"inLanguage":"es","potentialAction":[{"@type":"ReadAction","target":["https:\/\/www.eldiario.net\/portal\/2026\/08\/12\/defensa-de-rojas-prepara-nueva-estrategia-judicial\/"]}]},{"@type":"ImageObject","inLanguage":"es","@id":"https:\/\/www.eldiario.net\/portal\/2026\/08\/12\/defensa-de-rojas-prepara-nueva-estrategia-judicial\/#primaryimage","url":"https:\/\/www.eldiario.net\/portal\/wp-content\/uploads\/2026\/08\/12-ROJAS.webp","contentUrl":"https:\/\/www.eldiario.net\/portal\/wp-content\/uploads\/2026\/08\/12-ROJAS.webp","width":1001,"height":636,"caption":"Laura Rojas tras salir de la Fiscal\u00eda, antes de retornar a Palmasola. Cr\u00e9dito de foto: Captura video"},{"@type":"BreadcrumbList","@id":"https:\/\/www.eldiario.net\/portal\/2026\/08\/12\/defensa-de-rojas-prepara-nueva-estrategia-judicial\/#breadcrumb","itemListElement":[{"@type":"ListItem","position":1,"name":"Portada","item":"https:\/\/www.eldiario.net\/portal\/"},{"@type":"ListItem","position":2,"name":"Defensa de Rojas prepara nueva estrategia judicial"}]},{"@type":"WebSite","@id":"https:\/\/www.eldiario.net\/portal\/#website","url":"https:\/\/www.eldiario.net\/portal\/","name":"El Diario - Decano de la prensa nacional","description":"El Diario - Decano de la prensa nacional","publisher":{"@id":"https:\/\/www.eldiario.net\/portal\/#organization"},"potentialAction":[{"@type":"SearchAction","target":{"@type":"EntryPoint","urlTemplate":"https:\/\/www.eldiario.net\/portal\/?s={search_term_string}"},"query-input":{"@type":"PropertyValueSpecification","valueRequired":true,"valueName":"search_term_string"}}],"inLanguage":"es"},{"@type":"Organization","@id":"https:\/\/www.eldiario.net\/portal\/#organization","name":"El Diario - Decano de la prensa nacional","url":"https:\/\/www.eldiario.net\/portal\/","logo":{"@type":"ImageObject","inLanguage":"es","@id":"https:\/\/www.eldiario.net\/portal\/#\/schema\/logo\/image\/","url":"https:\/\/www.eldiario.net\/portal\/wp-content\/uploads\/2023\/07\/logo_ED.jpg","contentUrl":"https:\/\/www.eldiario.net\/portal\/wp-content\/uploads\/2023\/07\/logo_ED.jpg","width":272,"height":52,"caption":"El Diario - Decano de la prensa nacional"},"image":{"@id":"https:\/\/www.eldiario.net\/portal\/#\/schema\/logo\/image\/"},"sameAs":["https:\/\/www.facebook.com\/eldiario.bolivia\/","https:\/\/x.com\/eldiario_net"]},{"@type":"Person","@id":"https:\/\/www.eldiario.net\/portal\/#\/schema\/person\/f46445640444750d7d753ccd04ae01b7","name":"Jeanette","image":{"@type":"ImageObject","inLanguage":"es","@id":"https:\/\/secure.gravatar.com\/avatar\/3ea2118a5f7dad2b7138b1187a6b7ee55f160b9968b66013c3a3ef39dd7e5798?s=96&d=mm&r=g","url":"https:\/\/secure.gravatar.com\/avatar\/3ea2118a5f7dad2b7138b1187a6b7ee55f160b9968b66013c3a3ef39dd7e5798?s=96&d=mm&r=g","contentUrl":"https:\/\/secure.gravatar.com\/avatar\/3ea2118a5f7dad2b7138b1187a6b7ee55f160b9968b66013c3a3ef39dd7e5798?s=96&d=mm&r=g","caption":"Jeanette"},"sameAs":["https:\/\/www.eldiario.net\/portal"],"url":"https:\/\/www.eldiario.net\/portal\/author\/jeanette\/"}]}},"_links":{"self":[{"href":"https:\/\/www.eldiario.net\/portal\/wp-json\/wp\/v2\/posts\/420659","targetHints":{"allow":["GET"]}}],"collection":[{"href":"https:\/\/www.eldiario.net\/portal\/wp-json\/wp\/v2\/posts"}],"about":[{"href":"https:\/\/www.eldiario.net\/portal\/wp-json\/wp\/v2\/types\/post"}],"author":[{"embeddable":true,"href":"https:\/\/www.eldiario.net\/portal\/wp-json\/wp\/v2\/users\/1"}],"replies":[{"embeddable":true,"href":"https:\/\/www.eldiario.net\/portal\/wp-json\/wp\/v2\/comments?post=420659"}],"version-history":[{"count":1,"href":"https:\/\/www.eldiario.net\/portal\/wp-json\/wp\/v2\/posts\/420659\/revisions"}],"predecessor-version":[{"id":420661,"href":"https:\/\/www.eldiario.net\/portal\/wp-json\/wp\/v2\/posts\/420659\/revisions\/420661"}],"wp:featuredmedia":[{"embeddable":true,"href":"https:\/\/www.eldiario.net\/portal\/wp-json\/wp\/v2\/media\/420660"}],"wp:attachment":[{"href":"https:\/\/www.eldiario.net\/portal\/wp-json\/wp\/v2\/media?parent=420659"}],"wp:term":[{"taxonomy":"category","embeddable":true,"href":"https:\/\/www.eldiario.net\/portal\/wp-json\/wp\/v2\/categories?post=420659"},{"taxonomy":"post_tag","embeddable":true,"href":"https:\/\/www.eldiario.net\/portal\/wp-json\/wp\/v2\/tags?post=420659"}],"curies":[{"name":"wp","href":"https:\/\/api.w.org\/{rel}","templated":true}]}}