{"id":420653,"date":"2026-08-12T00:09:34","date_gmt":"2026-08-12T04:09:34","guid":{"rendered":"https:\/\/www.eldiario.net\/portal\/?p=420653"},"modified":"2026-08-11T23:10:02","modified_gmt":"2026-08-12T03:10:02","slug":"interpol-activa-alerta-por-fuga-de-dos-reclusos-de-palmasola-2","status":"publish","type":"post","link":"https:\/\/www.eldiario.net\/portal\/2026\/08\/12\/interpol-activa-alerta-por-fuga-de-dos-reclusos-de-palmasola-2\/","title":{"rendered":"Interpol activa alerta por fuga de dos reclusos de Palmasola"},"content":{"rendered":"<p>Interpol activ\u00f3 una notificaci\u00f3n naranja para facilitar la b\u00fasqueda y captura de los dos reclusos que fugaron de Palmasola el pasado mi\u00e9rcoles, mientras las autoridades policiales de Bolivia y Brasil coordinan el cruce de informaci\u00f3n para establecer su paradero.<\/p>\n<p>La medida permite que la informaci\u00f3n de los dos fugitivos pueda ser identificada en los 196 pa\u00edses miembros de Interpol, luego de que sus datos fueran incorporados al sistema I247, inform\u00f3 el director de Interpol Bolivia, Vladimir Peredo.<\/p>\n<p>Los buscados son los ciudadanos brasile\u00f1os Alex Heleno Da Silva y Junior Da Silva Fernando. La activaci\u00f3n de la notificaci\u00f3n fue solicitada por la Direcci\u00f3n de Seguridad Penitenciaria del Ministerio de Gobierno, de acuerdo con la explicaci\u00f3n de Peredo.<\/p>\n<p>El intercambio de informaci\u00f3n con la Polic\u00eda de Brasil forma parte de las acciones desplegadas para determinar d\u00f3nde se encuentran ambos hombres. En Bolivia, la b\u00fasqueda se realiza adem\u00e1s en las regiones fronterizas, se\u00f1al\u00f3 el jefe de Interpol.<\/p>\n<p>Una vez que los dos fugitivos sean localizados, las autoridades proceder\u00e1n con su aprehensi\u00f3n para ponerlos a conocimiento del pa\u00eds que requiere su captura, indic\u00f3 Peredo.<\/p>\n<p>Los dos reclusos escaparon de Palmasola el 5 de agosto, luego de un apag\u00f3n registrado en el recinto penitenciario. Para salir del PC-6, cortaron el enmallado utilizando una herramienta y posteriormente forzaron dos candados de seguridad de la torreta n\u00famero 6.<\/p>\n<p>Desde esa estructura, ambos habr\u00edan descendido hacia el exterior de la c\u00e1rcel mediante una soga. (Con informaci\u00f3n de Unitel)<\/p>\n","protected":false},"excerpt":{"rendered":"<p>Interpol activ\u00f3 una notificaci\u00f3n naranja para facilitar la b\u00fasqueda y captura de los dos reclusos que fugaron de Palmasola el pasado mi\u00e9rcoles, mientras las autoridades policiales de Bolivia y Brasil coordinan el cruce de informaci\u00f3n para establecer su paradero. La medida permite que la informaci\u00f3n de los dos fugitivos pueda ser identificada en los 196 [&hellip;]<\/p>\n","protected":false},"author":1,"featured_media":420654,"comment_status":"closed","ping_status":"open","sticky":false,"template":"","format":"standard","meta":{"_acf_changed":false,"footnotes":""},"categories":[39],"tags":[],"class_list":["post-420653","post","type-post","status-publish","format-standard","has-post-thumbnail","category-sociedad"],"acf":{"antetitulo":""},"yoast_head":"<!-- This site is optimized with the Yoast SEO plugin v28.3 - https:\/\/yoast.com\/product\/yoast-seo-wordpress\/ -->\n<title>Interpol activa alerta por fuga de dos reclusos de Palmasola - El Diario - Bolivia<\/title>\n<meta name=\"robots\" content=\"index, follow, max-snippet:-1, max-image-preview:large, max-video-preview:-1\" \/>\n<link rel=\"canonical\" href=\"https:\/\/www.eldiario.net\/portal\/2026\/08\/12\/interpol-activa-alerta-por-fuga-de-dos-reclusos-de-palmasola-2\/\" \/>\n<meta property=\"og:locale\" content=\"es_ES\" \/>\n<meta property=\"og:type\" content=\"article\" \/>\n<meta property=\"og:title\" content=\"Interpol activa alerta por fuga de dos reclusos de Palmasola - El Diario - Bolivia\" \/>\n<meta property=\"og:description\" content=\"Interpol activ\u00f3 una notificaci\u00f3n naranja para facilitar la b\u00fasqueda y captura de los dos reclusos que fugaron de Palmasola el pasado mi\u00e9rcoles, mientras las autoridades policiales de Bolivia y Brasil coordinan el cruce de informaci\u00f3n para establecer su paradero. La medida permite que la informaci\u00f3n de los dos fugitivos pueda ser identificada en los 196 [&hellip;]\" \/>\n<meta property=\"og:url\" content=\"https:\/\/www.eldiario.net\/portal\/2026\/08\/12\/interpol-activa-alerta-por-fuga-de-dos-reclusos-de-palmasola-2\/\" \/>\n<meta property=\"og:site_name\" content=\"El Diario - Bolivia\" \/>\n<meta property=\"article:publisher\" content=\"https:\/\/www.facebook.com\/eldiario.bolivia\/\" \/>\n<meta property=\"article:published_time\" content=\"2026-08-12T04:09:34+00:00\" \/>\n<meta property=\"og:image\" content=\"https:\/\/www.eldiario.net\/portal\/wp-content\/uploads\/2026\/08\/12-INTERPOL.webp\" \/>\n\t<meta property=\"og:image:width\" content=\"1416\" \/>\n\t<meta property=\"og:image:height\" content=\"1204\" \/>\n\t<meta property=\"og:image:type\" content=\"image\/webp\" \/>\n<meta name=\"author\" content=\"Jeanette\" \/>\n<meta name=\"twitter:card\" content=\"summary_large_image\" \/>\n<meta name=\"twitter:creator\" content=\"@eldiario_net\" \/>\n<meta name=\"twitter:site\" content=\"@eldiario_net\" \/>\n<meta name=\"twitter:label1\" content=\"Escrito por\" \/>\n\t<meta name=\"twitter:data1\" content=\"Jeanette\" \/>\n\t<meta name=\"twitter:label2\" content=\"Tiempo de lectura\" \/>\n\t<meta name=\"twitter:data2\" content=\"2 minutos\" \/>\n<script type=\"application\/ld+json\" class=\"yoast-schema-graph\">{\"@context\":\"https:\\\/\\\/schema.org\",\"@graph\":[{\"@type\":\"Article\",\"@id\":\"https:\\\/\\\/www.eldiario.net\\\/portal\\\/2026\\\/08\\\/12\\\/interpol-activa-alerta-por-fuga-de-dos-reclusos-de-palmasola-2\\\/#article\",\"isPartOf\":{\"@id\":\"https:\\\/\\\/www.eldiario.net\\\/portal\\\/2026\\\/08\\\/12\\\/interpol-activa-alerta-por-fuga-de-dos-reclusos-de-palmasola-2\\\/\"},\"author\":{\"name\":\"Jeanette\",\"@id\":\"https:\\\/\\\/www.eldiario.net\\\/portal\\\/#\\\/schema\\\/person\\\/f46445640444750d7d753ccd04ae01b7\"},\"headline\":\"Interpol activa alerta por fuga de dos reclusos de Palmasola\",\"datePublished\":\"2026-08-12T04:09:34+00:00\",\"mainEntityOfPage\":{\"@id\":\"https:\\\/\\\/www.eldiario.net\\\/portal\\\/2026\\\/08\\\/12\\\/interpol-activa-alerta-por-fuga-de-dos-reclusos-de-palmasola-2\\\/\"},\"wordCount\":272,\"publisher\":{\"@id\":\"https:\\\/\\\/www.eldiario.net\\\/portal\\\/#organization\"},\"image\":{\"@id\":\"https:\\\/\\\/www.eldiario.net\\\/portal\\\/2026\\\/08\\\/12\\\/interpol-activa-alerta-por-fuga-de-dos-reclusos-de-palmasola-2\\\/#primaryimage\"},\"thumbnailUrl\":\"https:\\\/\\\/www.eldiario.net\\\/portal\\\/wp-content\\\/uploads\\\/2026\\\/08\\\/12-INTERPOL.webp\",\"articleSection\":[\"Sociedad - Seguridad\"],\"inLanguage\":\"es\"},{\"@type\":\"WebPage\",\"@id\":\"https:\\\/\\\/www.eldiario.net\\\/portal\\\/2026\\\/08\\\/12\\\/interpol-activa-alerta-por-fuga-de-dos-reclusos-de-palmasola-2\\\/\",\"url\":\"https:\\\/\\\/www.eldiario.net\\\/portal\\\/2026\\\/08\\\/12\\\/interpol-activa-alerta-por-fuga-de-dos-reclusos-de-palmasola-2\\\/\",\"name\":\"Interpol activa alerta por fuga de dos reclusos de Palmasola - El Diario - Bolivia\",\"isPartOf\":{\"@id\":\"https:\\\/\\\/www.eldiario.net\\\/portal\\\/#website\"},\"primaryImageOfPage\":{\"@id\":\"https:\\\/\\\/www.eldiario.net\\\/portal\\\/2026\\\/08\\\/12\\\/interpol-activa-alerta-por-fuga-de-dos-reclusos-de-palmasola-2\\\/#primaryimage\"},\"image\":{\"@id\":\"https:\\\/\\\/www.eldiario.net\\\/portal\\\/2026\\\/08\\\/12\\\/interpol-activa-alerta-por-fuga-de-dos-reclusos-de-palmasola-2\\\/#primaryimage\"},\"thumbnailUrl\":\"https:\\\/\\\/www.eldiario.net\\\/portal\\\/wp-content\\\/uploads\\\/2026\\\/08\\\/12-INTERPOL.webp\",\"datePublished\":\"2026-08-12T04:09:34+00:00\",\"breadcrumb\":{\"@id\":\"https:\\\/\\\/www.eldiario.net\\\/portal\\\/2026\\\/08\\\/12\\\/interpol-activa-alerta-por-fuga-de-dos-reclusos-de-palmasola-2\\\/#breadcrumb\"},\"inLanguage\":\"es\",\"potentialAction\":[{\"@type\":\"ReadAction\",\"target\":[\"https:\\\/\\\/www.eldiario.net\\\/portal\\\/2026\\\/08\\\/12\\\/interpol-activa-alerta-por-fuga-de-dos-reclusos-de-palmasola-2\\\/\"]}]},{\"@type\":\"ImageObject\",\"inLanguage\":\"es\",\"@id\":\"https:\\\/\\\/www.eldiario.net\\\/portal\\\/2026\\\/08\\\/12\\\/interpol-activa-alerta-por-fuga-de-dos-reclusos-de-palmasola-2\\\/#primaryimage\",\"url\":\"https:\\\/\\\/www.eldiario.net\\\/portal\\\/wp-content\\\/uploads\\\/2026\\\/08\\\/12-INTERPOL.webp\",\"contentUrl\":\"https:\\\/\\\/www.eldiario.net\\\/portal\\\/wp-content\\\/uploads\\\/2026\\\/08\\\/12-INTERPOL.webp\",\"width\":1416,\"height\":1204,\"caption\":\"Los dos reclusos brasile\u00f1os escaparon del Penal de Palmasola el pasado 5 de agosto. Cr\u00e9dito de foto: RRSS\"},{\"@type\":\"BreadcrumbList\",\"@id\":\"https:\\\/\\\/www.eldiario.net\\\/portal\\\/2026\\\/08\\\/12\\\/interpol-activa-alerta-por-fuga-de-dos-reclusos-de-palmasola-2\\\/#breadcrumb\",\"itemListElement\":[{\"@type\":\"ListItem\",\"position\":1,\"name\":\"Portada\",\"item\":\"https:\\\/\\\/www.eldiario.net\\\/portal\\\/\"},{\"@type\":\"ListItem\",\"position\":2,\"name\":\"Interpol activa alerta por fuga de dos reclusos de Palmasola\"}]},{\"@type\":\"WebSite\",\"@id\":\"https:\\\/\\\/www.eldiario.net\\\/portal\\\/#website\",\"url\":\"https:\\\/\\\/www.eldiario.net\\\/portal\\\/\",\"name\":\"El Diario - Decano de la prensa nacional\",\"description\":\"El Diario - Decano de la prensa nacional\",\"publisher\":{\"@id\":\"https:\\\/\\\/www.eldiario.net\\\/portal\\\/#organization\"},\"potentialAction\":[{\"@type\":\"SearchAction\",\"target\":{\"@type\":\"EntryPoint\",\"urlTemplate\":\"https:\\\/\\\/www.eldiario.net\\\/portal\\\/?s={search_term_string}\"},\"query-input\":{\"@type\":\"PropertyValueSpecification\",\"valueRequired\":true,\"valueName\":\"search_term_string\"}}],\"inLanguage\":\"es\"},{\"@type\":\"Organization\",\"@id\":\"https:\\\/\\\/www.eldiario.net\\\/portal\\\/#organization\",\"name\":\"El Diario - Decano de la prensa nacional\",\"url\":\"https:\\\/\\\/www.eldiario.net\\\/portal\\\/\",\"logo\":{\"@type\":\"ImageObject\",\"inLanguage\":\"es\",\"@id\":\"https:\\\/\\\/www.eldiario.net\\\/portal\\\/#\\\/schema\\\/logo\\\/image\\\/\",\"url\":\"https:\\\/\\\/www.eldiario.net\\\/portal\\\/wp-content\\\/uploads\\\/2023\\\/07\\\/logo_ED.jpg\",\"contentUrl\":\"https:\\\/\\\/www.eldiario.net\\\/portal\\\/wp-content\\\/uploads\\\/2023\\\/07\\\/logo_ED.jpg\",\"width\":272,\"height\":52,\"caption\":\"El Diario - Decano de la prensa nacional\"},\"image\":{\"@id\":\"https:\\\/\\\/www.eldiario.net\\\/portal\\\/#\\\/schema\\\/logo\\\/image\\\/\"},\"sameAs\":[\"https:\\\/\\\/www.facebook.com\\\/eldiario.bolivia\\\/\",\"https:\\\/\\\/x.com\\\/eldiario_net\"]},{\"@type\":\"Person\",\"@id\":\"https:\\\/\\\/www.eldiario.net\\\/portal\\\/#\\\/schema\\\/person\\\/f46445640444750d7d753ccd04ae01b7\",\"name\":\"Jeanette\",\"image\":{\"@type\":\"ImageObject\",\"inLanguage\":\"es\",\"@id\":\"https:\\\/\\\/secure.gravatar.com\\\/avatar\\\/3ea2118a5f7dad2b7138b1187a6b7ee55f160b9968b66013c3a3ef39dd7e5798?s=96&d=mm&r=g\",\"url\":\"https:\\\/\\\/secure.gravatar.com\\\/avatar\\\/3ea2118a5f7dad2b7138b1187a6b7ee55f160b9968b66013c3a3ef39dd7e5798?s=96&d=mm&r=g\",\"contentUrl\":\"https:\\\/\\\/secure.gravatar.com\\\/avatar\\\/3ea2118a5f7dad2b7138b1187a6b7ee55f160b9968b66013c3a3ef39dd7e5798?s=96&d=mm&r=g\",\"caption\":\"Jeanette\"},\"sameAs\":[\"https:\\\/\\\/www.eldiario.net\\\/portal\"],\"url\":\"https:\\\/\\\/www.eldiario.net\\\/portal\\\/author\\\/jeanette\\\/\"}]}<\/script>\n<!-- \/ Yoast SEO plugin. -->","yoast_head_json":{"title":"Interpol activa alerta por fuga de dos reclusos de Palmasola - El Diario - Bolivia","robots":{"index":"index","follow":"follow","max-snippet":"max-snippet:-1","max-image-preview":"max-image-preview:large","max-video-preview":"max-video-preview:-1"},"canonical":"https:\/\/www.eldiario.net\/portal\/2026\/08\/12\/interpol-activa-alerta-por-fuga-de-dos-reclusos-de-palmasola-2\/","og_locale":"es_ES","og_type":"article","og_title":"Interpol activa alerta por fuga de dos reclusos de Palmasola - El Diario - Bolivia","og_description":"Interpol activ\u00f3 una notificaci\u00f3n naranja para facilitar la b\u00fasqueda y captura de los dos reclusos que fugaron de Palmasola el pasado mi\u00e9rcoles, mientras las autoridades policiales de Bolivia y Brasil coordinan el cruce de informaci\u00f3n para establecer su paradero. La medida permite que la informaci\u00f3n de los dos fugitivos pueda ser identificada en los 196 [&hellip;]","og_url":"https:\/\/www.eldiario.net\/portal\/2026\/08\/12\/interpol-activa-alerta-por-fuga-de-dos-reclusos-de-palmasola-2\/","og_site_name":"El Diario - Bolivia","article_publisher":"https:\/\/www.facebook.com\/eldiario.bolivia\/","article_published_time":"2026-08-12T04:09:34+00:00","og_image":[{"width":1416,"height":1204,"url":"https:\/\/www.eldiario.net\/portal\/wp-content\/uploads\/2026\/08\/12-INTERPOL.webp","type":"image\/webp"}],"author":"Jeanette","twitter_card":"summary_large_image","twitter_creator":"@eldiario_net","twitter_site":"@eldiario_net","twitter_misc":{"Escrito por":"Jeanette","Tiempo de lectura":"2 minutos"},"schema":{"@context":"https:\/\/schema.org","@graph":[{"@type":"Article","@id":"https:\/\/www.eldiario.net\/portal\/2026\/08\/12\/interpol-activa-alerta-por-fuga-de-dos-reclusos-de-palmasola-2\/#article","isPartOf":{"@id":"https:\/\/www.eldiario.net\/portal\/2026\/08\/12\/interpol-activa-alerta-por-fuga-de-dos-reclusos-de-palmasola-2\/"},"author":{"name":"Jeanette","@id":"https:\/\/www.eldiario.net\/portal\/#\/schema\/person\/f46445640444750d7d753ccd04ae01b7"},"headline":"Interpol activa alerta por fuga de dos reclusos de Palmasola","datePublished":"2026-08-12T04:09:34+00:00","mainEntityOfPage":{"@id":"https:\/\/www.eldiario.net\/portal\/2026\/08\/12\/interpol-activa-alerta-por-fuga-de-dos-reclusos-de-palmasola-2\/"},"wordCount":272,"publisher":{"@id":"https:\/\/www.eldiario.net\/portal\/#organization"},"image":{"@id":"https:\/\/www.eldiario.net\/portal\/2026\/08\/12\/interpol-activa-alerta-por-fuga-de-dos-reclusos-de-palmasola-2\/#primaryimage"},"thumbnailUrl":"https:\/\/www.eldiario.net\/portal\/wp-content\/uploads\/2026\/08\/12-INTERPOL.webp","articleSection":["Sociedad - Seguridad"],"inLanguage":"es"},{"@type":"WebPage","@id":"https:\/\/www.eldiario.net\/portal\/2026\/08\/12\/interpol-activa-alerta-por-fuga-de-dos-reclusos-de-palmasola-2\/","url":"https:\/\/www.eldiario.net\/portal\/2026\/08\/12\/interpol-activa-alerta-por-fuga-de-dos-reclusos-de-palmasola-2\/","name":"Interpol activa alerta por fuga de dos reclusos de Palmasola - El Diario - Bolivia","isPartOf":{"@id":"https:\/\/www.eldiario.net\/portal\/#website"},"primaryImageOfPage":{"@id":"https:\/\/www.eldiario.net\/portal\/2026\/08\/12\/interpol-activa-alerta-por-fuga-de-dos-reclusos-de-palmasola-2\/#primaryimage"},"image":{"@id":"https:\/\/www.eldiario.net\/portal\/2026\/08\/12\/interpol-activa-alerta-por-fuga-de-dos-reclusos-de-palmasola-2\/#primaryimage"},"thumbnailUrl":"https:\/\/www.eldiario.net\/portal\/wp-content\/uploads\/2026\/08\/12-INTERPOL.webp","datePublished":"2026-08-12T04:09:34+00:00","breadcrumb":{"@id":"https:\/\/www.eldiario.net\/portal\/2026\/08\/12\/interpol-activa-alerta-por-fuga-de-dos-reclusos-de-palmasola-2\/#breadcrumb"},"inLanguage":"es","potentialAction":[{"@type":"ReadAction","target":["https:\/\/www.eldiario.net\/portal\/2026\/08\/12\/interpol-activa-alerta-por-fuga-de-dos-reclusos-de-palmasola-2\/"]}]},{"@type":"ImageObject","inLanguage":"es","@id":"https:\/\/www.eldiario.net\/portal\/2026\/08\/12\/interpol-activa-alerta-por-fuga-de-dos-reclusos-de-palmasola-2\/#primaryimage","url":"https:\/\/www.eldiario.net\/portal\/wp-content\/uploads\/2026\/08\/12-INTERPOL.webp","contentUrl":"https:\/\/www.eldiario.net\/portal\/wp-content\/uploads\/2026\/08\/12-INTERPOL.webp","width":1416,"height":1204,"caption":"Los dos reclusos brasile\u00f1os escaparon del Penal de Palmasola el pasado 5 de agosto. Cr\u00e9dito de foto: RRSS"},{"@type":"BreadcrumbList","@id":"https:\/\/www.eldiario.net\/portal\/2026\/08\/12\/interpol-activa-alerta-por-fuga-de-dos-reclusos-de-palmasola-2\/#breadcrumb","itemListElement":[{"@type":"ListItem","position":1,"name":"Portada","item":"https:\/\/www.eldiario.net\/portal\/"},{"@type":"ListItem","position":2,"name":"Interpol activa alerta por fuga de dos reclusos de Palmasola"}]},{"@type":"WebSite","@id":"https:\/\/www.eldiario.net\/portal\/#website","url":"https:\/\/www.eldiario.net\/portal\/","name":"El Diario - Decano de la prensa nacional","description":"El Diario - Decano de la prensa nacional","publisher":{"@id":"https:\/\/www.eldiario.net\/portal\/#organization"},"potentialAction":[{"@type":"SearchAction","target":{"@type":"EntryPoint","urlTemplate":"https:\/\/www.eldiario.net\/portal\/?s={search_term_string}"},"query-input":{"@type":"PropertyValueSpecification","valueRequired":true,"valueName":"search_term_string"}}],"inLanguage":"es"},{"@type":"Organization","@id":"https:\/\/www.eldiario.net\/portal\/#organization","name":"El Diario - Decano de la prensa nacional","url":"https:\/\/www.eldiario.net\/portal\/","logo":{"@type":"ImageObject","inLanguage":"es","@id":"https:\/\/www.eldiario.net\/portal\/#\/schema\/logo\/image\/","url":"https:\/\/www.eldiario.net\/portal\/wp-content\/uploads\/2023\/07\/logo_ED.jpg","contentUrl":"https:\/\/www.eldiario.net\/portal\/wp-content\/uploads\/2023\/07\/logo_ED.jpg","width":272,"height":52,"caption":"El Diario - Decano de la prensa nacional"},"image":{"@id":"https:\/\/www.eldiario.net\/portal\/#\/schema\/logo\/image\/"},"sameAs":["https:\/\/www.facebook.com\/eldiario.bolivia\/","https:\/\/x.com\/eldiario_net"]},{"@type":"Person","@id":"https:\/\/www.eldiario.net\/portal\/#\/schema\/person\/f46445640444750d7d753ccd04ae01b7","name":"Jeanette","image":{"@type":"ImageObject","inLanguage":"es","@id":"https:\/\/secure.gravatar.com\/avatar\/3ea2118a5f7dad2b7138b1187a6b7ee55f160b9968b66013c3a3ef39dd7e5798?s=96&d=mm&r=g","url":"https:\/\/secure.gravatar.com\/avatar\/3ea2118a5f7dad2b7138b1187a6b7ee55f160b9968b66013c3a3ef39dd7e5798?s=96&d=mm&r=g","contentUrl":"https:\/\/secure.gravatar.com\/avatar\/3ea2118a5f7dad2b7138b1187a6b7ee55f160b9968b66013c3a3ef39dd7e5798?s=96&d=mm&r=g","caption":"Jeanette"},"sameAs":["https:\/\/www.eldiario.net\/portal"],"url":"https:\/\/www.eldiario.net\/portal\/author\/jeanette\/"}]}},"_links":{"self":[{"href":"https:\/\/www.eldiario.net\/portal\/wp-json\/wp\/v2\/posts\/420653","targetHints":{"allow":["GET"]}}],"collection":[{"href":"https:\/\/www.eldiario.net\/portal\/wp-json\/wp\/v2\/posts"}],"about":[{"href":"https:\/\/www.eldiario.net\/portal\/wp-json\/wp\/v2\/types\/post"}],"author":[{"embeddable":true,"href":"https:\/\/www.eldiario.net\/portal\/wp-json\/wp\/v2\/users\/1"}],"replies":[{"embeddable":true,"href":"https:\/\/www.eldiario.net\/portal\/wp-json\/wp\/v2\/comments?post=420653"}],"version-history":[{"count":1,"href":"https:\/\/www.eldiario.net\/portal\/wp-json\/wp\/v2\/posts\/420653\/revisions"}],"predecessor-version":[{"id":420655,"href":"https:\/\/www.eldiario.net\/portal\/wp-json\/wp\/v2\/posts\/420653\/revisions\/420655"}],"wp:featuredmedia":[{"embeddable":true,"href":"https:\/\/www.eldiario.net\/portal\/wp-json\/wp\/v2\/media\/420654"}],"wp:attachment":[{"href":"https:\/\/www.eldiario.net\/portal\/wp-json\/wp\/v2\/media?parent=420653"}],"wp:term":[{"taxonomy":"category","embeddable":true,"href":"https:\/\/www.eldiario.net\/portal\/wp-json\/wp\/v2\/categories?post=420653"},{"taxonomy":"post_tag","embeddable":true,"href":"https:\/\/www.eldiario.net\/portal\/wp-json\/wp\/v2\/tags?post=420653"}],"curies":[{"name":"wp","href":"https:\/\/api.w.org\/{rel}","templated":true}]}}