{"id":420650,"date":"2026-08-12T00:09:01","date_gmt":"2026-08-12T04:09:01","guid":{"rendered":"https:\/\/www.eldiario.net\/portal\/?p=420650"},"modified":"2026-08-11T23:09:29","modified_gmt":"2026-08-12T03:09:29","slug":"fiscalia-pide-seis-meses-de-detencion-preventiva-para-exdirectora-de-ypfb","status":"publish","type":"post","link":"https:\/\/www.eldiario.net\/portal\/2026\/08\/12\/fiscalia-pide-seis-meses-de-detencion-preventiva-para-exdirectora-de-ypfb\/","title":{"rendered":"Fiscal\u00eda pide seis meses de detenci\u00f3n preventiva para exdirectora de YPFB"},"content":{"rendered":"<p>La Fiscal\u00eda imput\u00f3 formalmente a la exdirectora jur\u00eddica de Yacimientos Petrol\u00edferos Fiscales Bolivianos (YPFB), Daniela Dur\u00e1n, por los delitos de incumplimiento de deberes y conducta antiecon\u00f3mica dentro del caso gasolina basura y solicit\u00f3 seis meses de detenci\u00f3n preventiva en un centro penitenciario, al considerar que existen riesgos de que la investigada no se someta al proceso o pueda obstaculizar las pesquisas.<\/p>\n<p>Dur\u00e1n fue trasladada durante la madrugada de ayer desde Santa Cruz hasta La Paz en un vuelo comercial y posteriormente ingres\u00f3 a las celdas de la Fuerza Especial de Lucha Contra el Crimen (Felcc), donde permaneci\u00f3 a la espera de su audiencia de medidas cautelares.<\/p>\n<p>La exfuncionaria fue aprehendida el lunes, despu\u00e9s de presentarse voluntariamente ante los investigadores para prestar su declaraci\u00f3n en calidad de sindicada. Tras esa actuaci\u00f3n, la comisi\u00f3n de fiscales formaliz\u00f3 la imputaci\u00f3n y plante\u00f3 la detenci\u00f3n preventiva como medida cautelar.<\/p>\n<p>De acuerdo con la resoluci\u00f3n fiscal, el Ministerio P\u00fablico sostiene que existen elementos para considerar a Dur\u00e1n como presunta autora de los hechos investigados y advierte riesgos procesales vinculados con su sometimiento al proceso y una eventual obstaculizaci\u00f3n de la investigaci\u00f3n.<\/p>\n<p>La Fiscal\u00eda atribuye a la exdirectora jur\u00eddica responsabilidades relacionadas con la adquisici\u00f3n de combustibles de baja calidad que posteriormente fueron comercializados en el pa\u00eds y que, seg\u00fan la investigaci\u00f3n, habr\u00edan provocado da\u00f1os en motores de veh\u00edculos.<\/p>\n<p>Parte de la argumentaci\u00f3n fiscal est\u00e1 relacionada con el cargo que Dur\u00e1n ocupaba en YPFB. La imputaci\u00f3n se\u00f1ala que la Gerencia Legal funcionaba como una unidad transversal de asesoramiento para contratos y que, por su posici\u00f3n jer\u00e1rquica, la exfuncionaria ten\u00eda un deber especial de diligencia sobre los actos jur\u00eddicos sometidos a su conocimiento, especialmente aquellos vinculados con operaciones de elevado impacto econ\u00f3mico.<\/p>\n<p>El fiscal general del Estado, Roger Mariaca, confirm\u00f3 que Dur\u00e1n ser\u00eda sometida a una audiencia cautelar en La Paz y que la comisi\u00f3n de fiscales solicitar\u00eda la medida excepcional de detenci\u00f3n preventiva. La audiencia estaba prevista para este martes, por lo que su resultado definir\u00e1 si la solicitud fiscal es aceptada y bajo qu\u00e9 condiciones deber\u00e1 afrontar el proceso.<\/p>\n<p>La investigaci\u00f3n busca establecer las responsabilidades relacionadas con la adquisici\u00f3n de los combustibles cuestionados y determinar la participaci\u00f3n de funcionarios en las operaciones observadas.<\/p>\n<p>El caso cobr\u00f3 relevancia por los cuestionamientos a la calidad de la gasolina adquirida por YPFB y sus efectos en veh\u00edculos que utilizaron el combustible. La Fiscal\u00eda sostiene que estos hechos generaron da\u00f1os que ahora son parte de la investigaci\u00f3n penal.<\/p>\n<p>Con la imputaci\u00f3n formal, el Ministerio P\u00fablico plantea ahora una medida de privaci\u00f3n de libertad por seis meses. La decisi\u00f3n, sin embargo, corresponde a la autoridad jurisdiccional, que deber\u00e1 valorar los elementos presentados por la Fiscal\u00eda y los argumentos de la defensa antes de definir la situaci\u00f3n cautelar de Dur\u00e1n.<\/p>\n<p>Hasta el cierre de la presente edici\u00f3n, la audiencia de medidas cautelares hab\u00eda dado inicio, con el objetivo de definir la situaci\u00f3n jur\u00eddica de Dur\u00e1n. (Con informaci\u00f3n de Unitel)<\/p>\n","protected":false},"excerpt":{"rendered":"<p>La Fiscal\u00eda imput\u00f3 formalmente a la exdirectora jur\u00eddica de Yacimientos Petrol\u00edferos Fiscales Bolivianos (YPFB), Daniela Dur\u00e1n, por los delitos de incumplimiento de deberes y conducta antiecon\u00f3mica dentro del caso gasolina basura y solicit\u00f3 seis meses de detenci\u00f3n preventiva en un centro penitenciario, al considerar que existen riesgos de que la investigada no se someta al [&hellip;]<\/p>\n","protected":false},"author":1,"featured_media":420651,"comment_status":"closed","ping_status":"open","sticky":false,"template":"","format":"standard","meta":{"_acf_changed":false,"footnotes":""},"categories":[39],"tags":[],"class_list":["post-420650","post","type-post","status-publish","format-standard","has-post-thumbnail","category-sociedad"],"acf":{"antetitulo":""},"yoast_head":"<!-- This site is optimized with the Yoast SEO plugin v28.3 - https:\/\/yoast.com\/product\/yoast-seo-wordpress\/ -->\n<title>Fiscal\u00eda pide seis meses de detenci\u00f3n preventiva para exdirectora de YPFB - El Diario - Bolivia<\/title>\n<meta name=\"robots\" content=\"index, follow, max-snippet:-1, max-image-preview:large, max-video-preview:-1\" \/>\n<link rel=\"canonical\" href=\"https:\/\/www.eldiario.net\/portal\/2026\/08\/12\/fiscalia-pide-seis-meses-de-detencion-preventiva-para-exdirectora-de-ypfb\/\" \/>\n<meta property=\"og:locale\" content=\"es_ES\" \/>\n<meta property=\"og:type\" content=\"article\" \/>\n<meta property=\"og:title\" content=\"Fiscal\u00eda pide seis meses de detenci\u00f3n preventiva para exdirectora de YPFB - El Diario - Bolivia\" \/>\n<meta property=\"og:description\" content=\"La Fiscal\u00eda imput\u00f3 formalmente a la exdirectora jur\u00eddica de Yacimientos Petrol\u00edferos Fiscales Bolivianos (YPFB), Daniela Dur\u00e1n, por los delitos de incumplimiento de deberes y conducta antiecon\u00f3mica dentro del caso gasolina basura y solicit\u00f3 seis meses de detenci\u00f3n preventiva en un centro penitenciario, al considerar que existen riesgos de que la investigada no se someta al [&hellip;]\" \/>\n<meta property=\"og:url\" content=\"https:\/\/www.eldiario.net\/portal\/2026\/08\/12\/fiscalia-pide-seis-meses-de-detencion-preventiva-para-exdirectora-de-ypfb\/\" \/>\n<meta property=\"og:site_name\" content=\"El Diario - Bolivia\" \/>\n<meta property=\"article:publisher\" content=\"https:\/\/www.facebook.com\/eldiario.bolivia\/\" \/>\n<meta property=\"article:published_time\" content=\"2026-08-12T04:09:01+00:00\" \/>\n<meta property=\"og:image\" content=\"https:\/\/www.eldiario.net\/portal\/wp-content\/uploads\/2026\/08\/12-DURAN.webp\" \/>\n\t<meta property=\"og:image:width\" content=\"1074\" \/>\n\t<meta property=\"og:image:height\" content=\"866\" \/>\n\t<meta property=\"og:image:type\" content=\"image\/webp\" \/>\n<meta name=\"author\" content=\"Jeanette\" \/>\n<meta name=\"twitter:card\" content=\"summary_large_image\" \/>\n<meta name=\"twitter:creator\" content=\"@eldiario_net\" \/>\n<meta name=\"twitter:site\" content=\"@eldiario_net\" \/>\n<meta name=\"twitter:label1\" content=\"Escrito por\" \/>\n\t<meta name=\"twitter:data1\" content=\"Jeanette\" \/>\n\t<meta name=\"twitter:label2\" content=\"Tiempo de lectura\" \/>\n\t<meta name=\"twitter:data2\" content=\"3 minutos\" \/>\n<script type=\"application\/ld+json\" class=\"yoast-schema-graph\">{\"@context\":\"https:\\\/\\\/schema.org\",\"@graph\":[{\"@type\":\"Article\",\"@id\":\"https:\\\/\\\/www.eldiario.net\\\/portal\\\/2026\\\/08\\\/12\\\/fiscalia-pide-seis-meses-de-detencion-preventiva-para-exdirectora-de-ypfb\\\/#article\",\"isPartOf\":{\"@id\":\"https:\\\/\\\/www.eldiario.net\\\/portal\\\/2026\\\/08\\\/12\\\/fiscalia-pide-seis-meses-de-detencion-preventiva-para-exdirectora-de-ypfb\\\/\"},\"author\":{\"name\":\"Jeanette\",\"@id\":\"https:\\\/\\\/www.eldiario.net\\\/portal\\\/#\\\/schema\\\/person\\\/f46445640444750d7d753ccd04ae01b7\"},\"headline\":\"Fiscal\u00eda pide seis meses de detenci\u00f3n preventiva para exdirectora de YPFB\",\"datePublished\":\"2026-08-12T04:09:01+00:00\",\"mainEntityOfPage\":{\"@id\":\"https:\\\/\\\/www.eldiario.net\\\/portal\\\/2026\\\/08\\\/12\\\/fiscalia-pide-seis-meses-de-detencion-preventiva-para-exdirectora-de-ypfb\\\/\"},\"wordCount\":561,\"publisher\":{\"@id\":\"https:\\\/\\\/www.eldiario.net\\\/portal\\\/#organization\"},\"image\":{\"@id\":\"https:\\\/\\\/www.eldiario.net\\\/portal\\\/2026\\\/08\\\/12\\\/fiscalia-pide-seis-meses-de-detencion-preventiva-para-exdirectora-de-ypfb\\\/#primaryimage\"},\"thumbnailUrl\":\"https:\\\/\\\/www.eldiario.net\\\/portal\\\/wp-content\\\/uploads\\\/2026\\\/08\\\/12-DURAN.webp\",\"articleSection\":[\"Sociedad - Seguridad\"],\"inLanguage\":\"es\"},{\"@type\":\"WebPage\",\"@id\":\"https:\\\/\\\/www.eldiario.net\\\/portal\\\/2026\\\/08\\\/12\\\/fiscalia-pide-seis-meses-de-detencion-preventiva-para-exdirectora-de-ypfb\\\/\",\"url\":\"https:\\\/\\\/www.eldiario.net\\\/portal\\\/2026\\\/08\\\/12\\\/fiscalia-pide-seis-meses-de-detencion-preventiva-para-exdirectora-de-ypfb\\\/\",\"name\":\"Fiscal\u00eda pide seis meses de detenci\u00f3n preventiva para exdirectora de YPFB - El Diario - Bolivia\",\"isPartOf\":{\"@id\":\"https:\\\/\\\/www.eldiario.net\\\/portal\\\/#website\"},\"primaryImageOfPage\":{\"@id\":\"https:\\\/\\\/www.eldiario.net\\\/portal\\\/2026\\\/08\\\/12\\\/fiscalia-pide-seis-meses-de-detencion-preventiva-para-exdirectora-de-ypfb\\\/#primaryimage\"},\"image\":{\"@id\":\"https:\\\/\\\/www.eldiario.net\\\/portal\\\/2026\\\/08\\\/12\\\/fiscalia-pide-seis-meses-de-detencion-preventiva-para-exdirectora-de-ypfb\\\/#primaryimage\"},\"thumbnailUrl\":\"https:\\\/\\\/www.eldiario.net\\\/portal\\\/wp-content\\\/uploads\\\/2026\\\/08\\\/12-DURAN.webp\",\"datePublished\":\"2026-08-12T04:09:01+00:00\",\"breadcrumb\":{\"@id\":\"https:\\\/\\\/www.eldiario.net\\\/portal\\\/2026\\\/08\\\/12\\\/fiscalia-pide-seis-meses-de-detencion-preventiva-para-exdirectora-de-ypfb\\\/#breadcrumb\"},\"inLanguage\":\"es\",\"potentialAction\":[{\"@type\":\"ReadAction\",\"target\":[\"https:\\\/\\\/www.eldiario.net\\\/portal\\\/2026\\\/08\\\/12\\\/fiscalia-pide-seis-meses-de-detencion-preventiva-para-exdirectora-de-ypfb\\\/\"]}]},{\"@type\":\"ImageObject\",\"inLanguage\":\"es\",\"@id\":\"https:\\\/\\\/www.eldiario.net\\\/portal\\\/2026\\\/08\\\/12\\\/fiscalia-pide-seis-meses-de-detencion-preventiva-para-exdirectora-de-ypfb\\\/#primaryimage\",\"url\":\"https:\\\/\\\/www.eldiario.net\\\/portal\\\/wp-content\\\/uploads\\\/2026\\\/08\\\/12-DURAN.webp\",\"contentUrl\":\"https:\\\/\\\/www.eldiario.net\\\/portal\\\/wp-content\\\/uploads\\\/2026\\\/08\\\/12-DURAN.webp\",\"width\":1074,\"height\":866,\"caption\":\"Daniela Dur\u00e1n ingresa a celdas de la Felcc en La Paz. Cr\u00e9dito de foto: APG\"},{\"@type\":\"BreadcrumbList\",\"@id\":\"https:\\\/\\\/www.eldiario.net\\\/portal\\\/2026\\\/08\\\/12\\\/fiscalia-pide-seis-meses-de-detencion-preventiva-para-exdirectora-de-ypfb\\\/#breadcrumb\",\"itemListElement\":[{\"@type\":\"ListItem\",\"position\":1,\"name\":\"Portada\",\"item\":\"https:\\\/\\\/www.eldiario.net\\\/portal\\\/\"},{\"@type\":\"ListItem\",\"position\":2,\"name\":\"Fiscal\u00eda pide seis meses de detenci\u00f3n preventiva para exdirectora de YPFB\"}]},{\"@type\":\"WebSite\",\"@id\":\"https:\\\/\\\/www.eldiario.net\\\/portal\\\/#website\",\"url\":\"https:\\\/\\\/www.eldiario.net\\\/portal\\\/\",\"name\":\"El Diario - Decano de la prensa nacional\",\"description\":\"El Diario - Decano de la prensa nacional\",\"publisher\":{\"@id\":\"https:\\\/\\\/www.eldiario.net\\\/portal\\\/#organization\"},\"potentialAction\":[{\"@type\":\"SearchAction\",\"target\":{\"@type\":\"EntryPoint\",\"urlTemplate\":\"https:\\\/\\\/www.eldiario.net\\\/portal\\\/?s={search_term_string}\"},\"query-input\":{\"@type\":\"PropertyValueSpecification\",\"valueRequired\":true,\"valueName\":\"search_term_string\"}}],\"inLanguage\":\"es\"},{\"@type\":\"Organization\",\"@id\":\"https:\\\/\\\/www.eldiario.net\\\/portal\\\/#organization\",\"name\":\"El Diario - Decano de la prensa nacional\",\"url\":\"https:\\\/\\\/www.eldiario.net\\\/portal\\\/\",\"logo\":{\"@type\":\"ImageObject\",\"inLanguage\":\"es\",\"@id\":\"https:\\\/\\\/www.eldiario.net\\\/portal\\\/#\\\/schema\\\/logo\\\/image\\\/\",\"url\":\"https:\\\/\\\/www.eldiario.net\\\/portal\\\/wp-content\\\/uploads\\\/2023\\\/07\\\/logo_ED.jpg\",\"contentUrl\":\"https:\\\/\\\/www.eldiario.net\\\/portal\\\/wp-content\\\/uploads\\\/2023\\\/07\\\/logo_ED.jpg\",\"width\":272,\"height\":52,\"caption\":\"El Diario - Decano de la prensa nacional\"},\"image\":{\"@id\":\"https:\\\/\\\/www.eldiario.net\\\/portal\\\/#\\\/schema\\\/logo\\\/image\\\/\"},\"sameAs\":[\"https:\\\/\\\/www.facebook.com\\\/eldiario.bolivia\\\/\",\"https:\\\/\\\/x.com\\\/eldiario_net\"]},{\"@type\":\"Person\",\"@id\":\"https:\\\/\\\/www.eldiario.net\\\/portal\\\/#\\\/schema\\\/person\\\/f46445640444750d7d753ccd04ae01b7\",\"name\":\"Jeanette\",\"image\":{\"@type\":\"ImageObject\",\"inLanguage\":\"es\",\"@id\":\"https:\\\/\\\/secure.gravatar.com\\\/avatar\\\/3ea2118a5f7dad2b7138b1187a6b7ee55f160b9968b66013c3a3ef39dd7e5798?s=96&d=mm&r=g\",\"url\":\"https:\\\/\\\/secure.gravatar.com\\\/avatar\\\/3ea2118a5f7dad2b7138b1187a6b7ee55f160b9968b66013c3a3ef39dd7e5798?s=96&d=mm&r=g\",\"contentUrl\":\"https:\\\/\\\/secure.gravatar.com\\\/avatar\\\/3ea2118a5f7dad2b7138b1187a6b7ee55f160b9968b66013c3a3ef39dd7e5798?s=96&d=mm&r=g\",\"caption\":\"Jeanette\"},\"sameAs\":[\"https:\\\/\\\/www.eldiario.net\\\/portal\"],\"url\":\"https:\\\/\\\/www.eldiario.net\\\/portal\\\/author\\\/jeanette\\\/\"}]}<\/script>\n<!-- \/ Yoast SEO plugin. -->","yoast_head_json":{"title":"Fiscal\u00eda pide seis meses de detenci\u00f3n preventiva para exdirectora de YPFB - El Diario - Bolivia","robots":{"index":"index","follow":"follow","max-snippet":"max-snippet:-1","max-image-preview":"max-image-preview:large","max-video-preview":"max-video-preview:-1"},"canonical":"https:\/\/www.eldiario.net\/portal\/2026\/08\/12\/fiscalia-pide-seis-meses-de-detencion-preventiva-para-exdirectora-de-ypfb\/","og_locale":"es_ES","og_type":"article","og_title":"Fiscal\u00eda pide seis meses de detenci\u00f3n preventiva para exdirectora de YPFB - El Diario - Bolivia","og_description":"La Fiscal\u00eda imput\u00f3 formalmente a la exdirectora jur\u00eddica de Yacimientos Petrol\u00edferos Fiscales Bolivianos (YPFB), Daniela Dur\u00e1n, por los delitos de incumplimiento de deberes y conducta antiecon\u00f3mica dentro del caso gasolina basura y solicit\u00f3 seis meses de detenci\u00f3n preventiva en un centro penitenciario, al considerar que existen riesgos de que la investigada no se someta al [&hellip;]","og_url":"https:\/\/www.eldiario.net\/portal\/2026\/08\/12\/fiscalia-pide-seis-meses-de-detencion-preventiva-para-exdirectora-de-ypfb\/","og_site_name":"El Diario - Bolivia","article_publisher":"https:\/\/www.facebook.com\/eldiario.bolivia\/","article_published_time":"2026-08-12T04:09:01+00:00","og_image":[{"width":1074,"height":866,"url":"https:\/\/www.eldiario.net\/portal\/wp-content\/uploads\/2026\/08\/12-DURAN.webp","type":"image\/webp"}],"author":"Jeanette","twitter_card":"summary_large_image","twitter_creator":"@eldiario_net","twitter_site":"@eldiario_net","twitter_misc":{"Escrito por":"Jeanette","Tiempo de lectura":"3 minutos"},"schema":{"@context":"https:\/\/schema.org","@graph":[{"@type":"Article","@id":"https:\/\/www.eldiario.net\/portal\/2026\/08\/12\/fiscalia-pide-seis-meses-de-detencion-preventiva-para-exdirectora-de-ypfb\/#article","isPartOf":{"@id":"https:\/\/www.eldiario.net\/portal\/2026\/08\/12\/fiscalia-pide-seis-meses-de-detencion-preventiva-para-exdirectora-de-ypfb\/"},"author":{"name":"Jeanette","@id":"https:\/\/www.eldiario.net\/portal\/#\/schema\/person\/f46445640444750d7d753ccd04ae01b7"},"headline":"Fiscal\u00eda pide seis meses de detenci\u00f3n preventiva para exdirectora de YPFB","datePublished":"2026-08-12T04:09:01+00:00","mainEntityOfPage":{"@id":"https:\/\/www.eldiario.net\/portal\/2026\/08\/12\/fiscalia-pide-seis-meses-de-detencion-preventiva-para-exdirectora-de-ypfb\/"},"wordCount":561,"publisher":{"@id":"https:\/\/www.eldiario.net\/portal\/#organization"},"image":{"@id":"https:\/\/www.eldiario.net\/portal\/2026\/08\/12\/fiscalia-pide-seis-meses-de-detencion-preventiva-para-exdirectora-de-ypfb\/#primaryimage"},"thumbnailUrl":"https:\/\/www.eldiario.net\/portal\/wp-content\/uploads\/2026\/08\/12-DURAN.webp","articleSection":["Sociedad - Seguridad"],"inLanguage":"es"},{"@type":"WebPage","@id":"https:\/\/www.eldiario.net\/portal\/2026\/08\/12\/fiscalia-pide-seis-meses-de-detencion-preventiva-para-exdirectora-de-ypfb\/","url":"https:\/\/www.eldiario.net\/portal\/2026\/08\/12\/fiscalia-pide-seis-meses-de-detencion-preventiva-para-exdirectora-de-ypfb\/","name":"Fiscal\u00eda pide seis meses de detenci\u00f3n preventiva para exdirectora de YPFB - El Diario - Bolivia","isPartOf":{"@id":"https:\/\/www.eldiario.net\/portal\/#website"},"primaryImageOfPage":{"@id":"https:\/\/www.eldiario.net\/portal\/2026\/08\/12\/fiscalia-pide-seis-meses-de-detencion-preventiva-para-exdirectora-de-ypfb\/#primaryimage"},"image":{"@id":"https:\/\/www.eldiario.net\/portal\/2026\/08\/12\/fiscalia-pide-seis-meses-de-detencion-preventiva-para-exdirectora-de-ypfb\/#primaryimage"},"thumbnailUrl":"https:\/\/www.eldiario.net\/portal\/wp-content\/uploads\/2026\/08\/12-DURAN.webp","datePublished":"2026-08-12T04:09:01+00:00","breadcrumb":{"@id":"https:\/\/www.eldiario.net\/portal\/2026\/08\/12\/fiscalia-pide-seis-meses-de-detencion-preventiva-para-exdirectora-de-ypfb\/#breadcrumb"},"inLanguage":"es","potentialAction":[{"@type":"ReadAction","target":["https:\/\/www.eldiario.net\/portal\/2026\/08\/12\/fiscalia-pide-seis-meses-de-detencion-preventiva-para-exdirectora-de-ypfb\/"]}]},{"@type":"ImageObject","inLanguage":"es","@id":"https:\/\/www.eldiario.net\/portal\/2026\/08\/12\/fiscalia-pide-seis-meses-de-detencion-preventiva-para-exdirectora-de-ypfb\/#primaryimage","url":"https:\/\/www.eldiario.net\/portal\/wp-content\/uploads\/2026\/08\/12-DURAN.webp","contentUrl":"https:\/\/www.eldiario.net\/portal\/wp-content\/uploads\/2026\/08\/12-DURAN.webp","width":1074,"height":866,"caption":"Daniela Dur\u00e1n ingresa a celdas de la Felcc en La Paz. Cr\u00e9dito de foto: APG"},{"@type":"BreadcrumbList","@id":"https:\/\/www.eldiario.net\/portal\/2026\/08\/12\/fiscalia-pide-seis-meses-de-detencion-preventiva-para-exdirectora-de-ypfb\/#breadcrumb","itemListElement":[{"@type":"ListItem","position":1,"name":"Portada","item":"https:\/\/www.eldiario.net\/portal\/"},{"@type":"ListItem","position":2,"name":"Fiscal\u00eda pide seis meses de detenci\u00f3n preventiva para exdirectora de YPFB"}]},{"@type":"WebSite","@id":"https:\/\/www.eldiario.net\/portal\/#website","url":"https:\/\/www.eldiario.net\/portal\/","name":"El Diario - Decano de la prensa nacional","description":"El Diario - Decano de la prensa nacional","publisher":{"@id":"https:\/\/www.eldiario.net\/portal\/#organization"},"potentialAction":[{"@type":"SearchAction","target":{"@type":"EntryPoint","urlTemplate":"https:\/\/www.eldiario.net\/portal\/?s={search_term_string}"},"query-input":{"@type":"PropertyValueSpecification","valueRequired":true,"valueName":"search_term_string"}}],"inLanguage":"es"},{"@type":"Organization","@id":"https:\/\/www.eldiario.net\/portal\/#organization","name":"El Diario - Decano de la prensa nacional","url":"https:\/\/www.eldiario.net\/portal\/","logo":{"@type":"ImageObject","inLanguage":"es","@id":"https:\/\/www.eldiario.net\/portal\/#\/schema\/logo\/image\/","url":"https:\/\/www.eldiario.net\/portal\/wp-content\/uploads\/2023\/07\/logo_ED.jpg","contentUrl":"https:\/\/www.eldiario.net\/portal\/wp-content\/uploads\/2023\/07\/logo_ED.jpg","width":272,"height":52,"caption":"El Diario - Decano de la prensa nacional"},"image":{"@id":"https:\/\/www.eldiario.net\/portal\/#\/schema\/logo\/image\/"},"sameAs":["https:\/\/www.facebook.com\/eldiario.bolivia\/","https:\/\/x.com\/eldiario_net"]},{"@type":"Person","@id":"https:\/\/www.eldiario.net\/portal\/#\/schema\/person\/f46445640444750d7d753ccd04ae01b7","name":"Jeanette","image":{"@type":"ImageObject","inLanguage":"es","@id":"https:\/\/secure.gravatar.com\/avatar\/3ea2118a5f7dad2b7138b1187a6b7ee55f160b9968b66013c3a3ef39dd7e5798?s=96&d=mm&r=g","url":"https:\/\/secure.gravatar.com\/avatar\/3ea2118a5f7dad2b7138b1187a6b7ee55f160b9968b66013c3a3ef39dd7e5798?s=96&d=mm&r=g","contentUrl":"https:\/\/secure.gravatar.com\/avatar\/3ea2118a5f7dad2b7138b1187a6b7ee55f160b9968b66013c3a3ef39dd7e5798?s=96&d=mm&r=g","caption":"Jeanette"},"sameAs":["https:\/\/www.eldiario.net\/portal"],"url":"https:\/\/www.eldiario.net\/portal\/author\/jeanette\/"}]}},"_links":{"self":[{"href":"https:\/\/www.eldiario.net\/portal\/wp-json\/wp\/v2\/posts\/420650","targetHints":{"allow":["GET"]}}],"collection":[{"href":"https:\/\/www.eldiario.net\/portal\/wp-json\/wp\/v2\/posts"}],"about":[{"href":"https:\/\/www.eldiario.net\/portal\/wp-json\/wp\/v2\/types\/post"}],"author":[{"embeddable":true,"href":"https:\/\/www.eldiario.net\/portal\/wp-json\/wp\/v2\/users\/1"}],"replies":[{"embeddable":true,"href":"https:\/\/www.eldiario.net\/portal\/wp-json\/wp\/v2\/comments?post=420650"}],"version-history":[{"count":1,"href":"https:\/\/www.eldiario.net\/portal\/wp-json\/wp\/v2\/posts\/420650\/revisions"}],"predecessor-version":[{"id":420652,"href":"https:\/\/www.eldiario.net\/portal\/wp-json\/wp\/v2\/posts\/420650\/revisions\/420652"}],"wp:featuredmedia":[{"embeddable":true,"href":"https:\/\/www.eldiario.net\/portal\/wp-json\/wp\/v2\/media\/420651"}],"wp:attachment":[{"href":"https:\/\/www.eldiario.net\/portal\/wp-json\/wp\/v2\/media?parent=420650"}],"wp:term":[{"taxonomy":"category","embeddable":true,"href":"https:\/\/www.eldiario.net\/portal\/wp-json\/wp\/v2\/categories?post=420650"},{"taxonomy":"post_tag","embeddable":true,"href":"https:\/\/www.eldiario.net\/portal\/wp-json\/wp\/v2\/tags?post=420650"}],"curies":[{"name":"wp","href":"https:\/\/api.w.org\/{rel}","templated":true}]}}