{"id":420647,"date":"2026-08-12T00:07:53","date_gmt":"2026-08-12T04:07:53","guid":{"rendered":"https:\/\/www.eldiario.net\/portal\/?p=420647"},"modified":"2026-08-11T23:08:54","modified_gmt":"2026-08-12T03:08:54","slug":"decomisan-196-kilos-de-droga-ocultos-en-dos-buses-en-locotal","status":"publish","type":"post","link":"https:\/\/www.eldiario.net\/portal\/2026\/08\/12\/decomisan-196-kilos-de-droga-ocultos-en-dos-buses-en-locotal\/","title":{"rendered":"Decomisan 196 kilos de droga ocultos en dos buses en Locotal"},"content":{"rendered":"<p>Un operativo de la Unidad M\u00f3vil de Patrullaje Rural (Umopar) permiti\u00f3 decomisar 196,55 kilos de marihuana ocultos en dos buses intervenidos en Locotal, en el tr\u00f3pico de Cochabamba, donde cinco personas fueron aprehendidas y ambos veh\u00edculos quedaron retenidos mientras avanzan las investigaciones por tr\u00e1fico de sustancias controladas; uno de los buses deb\u00eda prestar servicio para trasladar a la delegaci\u00f3n del Sao Paulo durante su permanencia en Bolivia.<\/p>\n<p>El primer hallazgo se produjo durante un control realizado en la ruta nueva que conecta Cochabamba con Santa Cruz. Los efectivos inspeccionaron un bus que se dirig\u00eda hacia la capital cruce\u00f1a y encontraron cuatro bolsas de yute ocultas en un compartimiento de la cabina del conductor.<\/p>\n<p>En el interior de las bolsas hab\u00eda paquetes con forma de ladrillo que, tras la prueba de campo, dieron positivo para marihuana. El peso de este cargamento alcanz\u00f3 los 86,55 kilos.<\/p>\n<p>Dos conductores del veh\u00edculo fueron aprehendidos y trasladados a dependencias de Umopar en Chimor\u00e9. El motorizado qued\u00f3 retenido mientras los investigadores buscan establecer qui\u00e9n introdujo la sustancia en el bus y cu\u00e1l era su destino.<\/p>\n<p>El veh\u00edculo ten\u00eda previsto prestar servicio de transporte a la delegaci\u00f3n del S\u00e3o Paulo durante su estad\u00eda en Bolivia, en el marco del partido que el club brasile\u00f1o disputar\u00e1 ante Bol\u00edvar por los octavos de final de la Copa Sudamericana.<\/p>\n<p>El dato adquiere relevancia por el momento en que se produjo la intervenci\u00f3n, horas antes del encuentro programado en el estadio Hernando Siles de La Paz. La investigaci\u00f3n est\u00e1 concentrada en determinar c\u00f3mo lleg\u00f3 la sustancia al motorizado y qui\u00e9nes est\u00e1n detr\u00e1s de su traslado.<\/p>\n<p>El operativo tambi\u00e9n permiti\u00f3 descubrir un segundo cargamento en otro bus que circulaba hacia Santa Cruz. Durante la requisa, los agentes encontraron bolsas de yute con paquetes de marihuana ocultos en el interior del veh\u00edculo.<\/p>\n<p>La prueba de campo confirm\u00f3 la presencia de la sustancia y estableci\u00f3 un peso de 110 kilos. En este caso fueron aprehendidos dos choferes y un ayudante, quienes fueron trasladados a dependencias policiales para continuar con las investigaciones.<\/p>\n<p>Con ambos procedimientos, la cantidad total decomisada lleg\u00f3 a 196,55 kilos de marihuana y el n\u00famero de aprehendidos ascendi\u00f3 a cinco. Los dos buses permanecen retenidos y los involucrados ser\u00e1n puestos a disposici\u00f3n de las autoridades competentes para definir su situaci\u00f3n jur\u00eddica.<\/p>\n<p>La Polic\u00eda investiga adem\u00e1s el origen y el destino de los cargamentos. De acuerdo con los primeros reportes, ambos buses ten\u00edan como destino inmediato Santa Cruz y existe la hip\u00f3tesis de que la droga posteriormente ser\u00eda trasladada hacia Brasil.<\/p>\n<p>El comandante nacional de Umopar, Richard Pacheco, inform\u00f3 que ambos casos son investigados por tr\u00e1fico de sustancias controladas. Las pesquisas deber\u00e1n determinar si los dos cargamentos est\u00e1n relacionados y si detr\u00e1s de su transporte existe una misma organizaci\u00f3n.<\/p>\n<p>En el caso del bus que deb\u00eda prestar servicio a la delegaci\u00f3n del S\u00e3o Paulo, la investigaci\u00f3n tendr\u00e1 que establecer las circunstancias en las que la marihuana fue ocultada en el veh\u00edculo antes de que este fuera utilizado para cumplir el servicio previsto.<\/p>\n<p>Por ahora, los dos operativos dejan cinco personas aprehendidas, dos buses retenidos y casi 200 kilos de marihuana fuera de circulaci\u00f3n, mientras la Polic\u00eda busca identificar a los responsables del traslado de la sustancia. (Con informaci\u00f3n de agencias)<\/p>\n<p>&nbsp;<\/p>\n","protected":false},"excerpt":{"rendered":"<p>Un operativo de la Unidad M\u00f3vil de Patrullaje Rural (Umopar) permiti\u00f3 decomisar 196,55 kilos de marihuana ocultos en dos buses intervenidos en Locotal, en el tr\u00f3pico de Cochabamba, donde cinco personas fueron aprehendidas y ambos veh\u00edculos quedaron retenidos mientras avanzan las investigaciones por tr\u00e1fico de sustancias controladas; uno de los buses deb\u00eda prestar servicio para [&hellip;]<\/p>\n","protected":false},"author":1,"featured_media":420648,"comment_status":"closed","ping_status":"open","sticky":false,"template":"","format":"standard","meta":{"_acf_changed":false,"footnotes":""},"categories":[39],"tags":[],"class_list":["post-420647","post","type-post","status-publish","format-standard","has-post-thumbnail","category-sociedad"],"acf":{"antetitulo":"Uno de los veh\u00edculos deb\u00eda transportar al club Sao Paulo "},"yoast_head":"<!-- This site is optimized with the Yoast SEO plugin v28.3 - https:\/\/yoast.com\/product\/yoast-seo-wordpress\/ -->\n<title>Decomisan 196 kilos de droga ocultos en dos buses en Locotal - El Diario - Bolivia<\/title>\n<meta name=\"robots\" content=\"index, follow, max-snippet:-1, max-image-preview:large, max-video-preview:-1\" \/>\n<link rel=\"canonical\" href=\"https:\/\/www.eldiario.net\/portal\/2026\/08\/12\/decomisan-196-kilos-de-droga-ocultos-en-dos-buses-en-locotal\/\" \/>\n<meta property=\"og:locale\" content=\"es_ES\" \/>\n<meta property=\"og:type\" content=\"article\" \/>\n<meta property=\"og:title\" content=\"Decomisan 196 kilos de droga ocultos en dos buses en Locotal - El Diario - Bolivia\" \/>\n<meta property=\"og:description\" content=\"Un operativo de la Unidad M\u00f3vil de Patrullaje Rural (Umopar) permiti\u00f3 decomisar 196,55 kilos de marihuana ocultos en dos buses intervenidos en Locotal, en el tr\u00f3pico de Cochabamba, donde cinco personas fueron aprehendidas y ambos veh\u00edculos quedaron retenidos mientras avanzan las investigaciones por tr\u00e1fico de sustancias controladas; uno de los buses deb\u00eda prestar servicio para [&hellip;]\" \/>\n<meta property=\"og:url\" content=\"https:\/\/www.eldiario.net\/portal\/2026\/08\/12\/decomisan-196-kilos-de-droga-ocultos-en-dos-buses-en-locotal\/\" \/>\n<meta property=\"og:site_name\" content=\"El Diario - Bolivia\" \/>\n<meta property=\"article:publisher\" content=\"https:\/\/www.facebook.com\/eldiario.bolivia\/\" \/>\n<meta property=\"article:published_time\" content=\"2026-08-12T04:07:53+00:00\" \/>\n<meta property=\"og:image\" content=\"https:\/\/www.eldiario.net\/portal\/wp-content\/uploads\/2026\/08\/12-BUS.webp\" \/>\n\t<meta property=\"og:image:width\" content=\"420\" \/>\n\t<meta property=\"og:image:height\" content=\"280\" \/>\n\t<meta property=\"og:image:type\" content=\"image\/webp\" \/>\n<meta name=\"author\" content=\"Jeanette\" \/>\n<meta name=\"twitter:card\" content=\"summary_large_image\" \/>\n<meta name=\"twitter:creator\" content=\"@eldiario_net\" \/>\n<meta name=\"twitter:site\" content=\"@eldiario_net\" \/>\n<meta name=\"twitter:label1\" content=\"Escrito por\" \/>\n\t<meta name=\"twitter:data1\" content=\"Jeanette\" \/>\n\t<meta name=\"twitter:label2\" content=\"Tiempo de lectura\" \/>\n\t<meta name=\"twitter:data2\" content=\"3 minutos\" \/>\n<script type=\"application\/ld+json\" class=\"yoast-schema-graph\">{\"@context\":\"https:\\\/\\\/schema.org\",\"@graph\":[{\"@type\":\"Article\",\"@id\":\"https:\\\/\\\/www.eldiario.net\\\/portal\\\/2026\\\/08\\\/12\\\/decomisan-196-kilos-de-droga-ocultos-en-dos-buses-en-locotal\\\/#article\",\"isPartOf\":{\"@id\":\"https:\\\/\\\/www.eldiario.net\\\/portal\\\/2026\\\/08\\\/12\\\/decomisan-196-kilos-de-droga-ocultos-en-dos-buses-en-locotal\\\/\"},\"author\":{\"name\":\"Jeanette\",\"@id\":\"https:\\\/\\\/www.eldiario.net\\\/portal\\\/#\\\/schema\\\/person\\\/f46445640444750d7d753ccd04ae01b7\"},\"headline\":\"Decomisan 196 kilos de droga ocultos en dos buses en Locotal\",\"datePublished\":\"2026-08-12T04:07:53+00:00\",\"mainEntityOfPage\":{\"@id\":\"https:\\\/\\\/www.eldiario.net\\\/portal\\\/2026\\\/08\\\/12\\\/decomisan-196-kilos-de-droga-ocultos-en-dos-buses-en-locotal\\\/\"},\"wordCount\":593,\"publisher\":{\"@id\":\"https:\\\/\\\/www.eldiario.net\\\/portal\\\/#organization\"},\"image\":{\"@id\":\"https:\\\/\\\/www.eldiario.net\\\/portal\\\/2026\\\/08\\\/12\\\/decomisan-196-kilos-de-droga-ocultos-en-dos-buses-en-locotal\\\/#primaryimage\"},\"thumbnailUrl\":\"https:\\\/\\\/www.eldiario.net\\\/portal\\\/wp-content\\\/uploads\\\/2026\\\/08\\\/12-BUS.webp\",\"articleSection\":[\"Sociedad - Seguridad\"],\"inLanguage\":\"es\"},{\"@type\":\"WebPage\",\"@id\":\"https:\\\/\\\/www.eldiario.net\\\/portal\\\/2026\\\/08\\\/12\\\/decomisan-196-kilos-de-droga-ocultos-en-dos-buses-en-locotal\\\/\",\"url\":\"https:\\\/\\\/www.eldiario.net\\\/portal\\\/2026\\\/08\\\/12\\\/decomisan-196-kilos-de-droga-ocultos-en-dos-buses-en-locotal\\\/\",\"name\":\"Decomisan 196 kilos de droga ocultos en dos buses en Locotal - El Diario - Bolivia\",\"isPartOf\":{\"@id\":\"https:\\\/\\\/www.eldiario.net\\\/portal\\\/#website\"},\"primaryImageOfPage\":{\"@id\":\"https:\\\/\\\/www.eldiario.net\\\/portal\\\/2026\\\/08\\\/12\\\/decomisan-196-kilos-de-droga-ocultos-en-dos-buses-en-locotal\\\/#primaryimage\"},\"image\":{\"@id\":\"https:\\\/\\\/www.eldiario.net\\\/portal\\\/2026\\\/08\\\/12\\\/decomisan-196-kilos-de-droga-ocultos-en-dos-buses-en-locotal\\\/#primaryimage\"},\"thumbnailUrl\":\"https:\\\/\\\/www.eldiario.net\\\/portal\\\/wp-content\\\/uploads\\\/2026\\\/08\\\/12-BUS.webp\",\"datePublished\":\"2026-08-12T04:07:53+00:00\",\"breadcrumb\":{\"@id\":\"https:\\\/\\\/www.eldiario.net\\\/portal\\\/2026\\\/08\\\/12\\\/decomisan-196-kilos-de-droga-ocultos-en-dos-buses-en-locotal\\\/#breadcrumb\"},\"inLanguage\":\"es\",\"potentialAction\":[{\"@type\":\"ReadAction\",\"target\":[\"https:\\\/\\\/www.eldiario.net\\\/portal\\\/2026\\\/08\\\/12\\\/decomisan-196-kilos-de-droga-ocultos-en-dos-buses-en-locotal\\\/\"]}]},{\"@type\":\"ImageObject\",\"inLanguage\":\"es\",\"@id\":\"https:\\\/\\\/www.eldiario.net\\\/portal\\\/2026\\\/08\\\/12\\\/decomisan-196-kilos-de-droga-ocultos-en-dos-buses-en-locotal\\\/#primaryimage\",\"url\":\"https:\\\/\\\/www.eldiario.net\\\/portal\\\/wp-content\\\/uploads\\\/2026\\\/08\\\/12-BUS.webp\",\"contentUrl\":\"https:\\\/\\\/www.eldiario.net\\\/portal\\\/wp-content\\\/uploads\\\/2026\\\/08\\\/12-BUS.webp\",\"width\":420,\"height\":280,\"caption\":\"Uno de los buses que deb\u00eda trasladar a la delegaci\u00f3n brasile\u00f1a. Cr\u00e9dito de foto: Unitel\"},{\"@type\":\"BreadcrumbList\",\"@id\":\"https:\\\/\\\/www.eldiario.net\\\/portal\\\/2026\\\/08\\\/12\\\/decomisan-196-kilos-de-droga-ocultos-en-dos-buses-en-locotal\\\/#breadcrumb\",\"itemListElement\":[{\"@type\":\"ListItem\",\"position\":1,\"name\":\"Portada\",\"item\":\"https:\\\/\\\/www.eldiario.net\\\/portal\\\/\"},{\"@type\":\"ListItem\",\"position\":2,\"name\":\"Decomisan 196 kilos de droga ocultos en dos buses en Locotal\"}]},{\"@type\":\"WebSite\",\"@id\":\"https:\\\/\\\/www.eldiario.net\\\/portal\\\/#website\",\"url\":\"https:\\\/\\\/www.eldiario.net\\\/portal\\\/\",\"name\":\"El Diario - Decano de la prensa nacional\",\"description\":\"El Diario - Decano de la prensa nacional\",\"publisher\":{\"@id\":\"https:\\\/\\\/www.eldiario.net\\\/portal\\\/#organization\"},\"potentialAction\":[{\"@type\":\"SearchAction\",\"target\":{\"@type\":\"EntryPoint\",\"urlTemplate\":\"https:\\\/\\\/www.eldiario.net\\\/portal\\\/?s={search_term_string}\"},\"query-input\":{\"@type\":\"PropertyValueSpecification\",\"valueRequired\":true,\"valueName\":\"search_term_string\"}}],\"inLanguage\":\"es\"},{\"@type\":\"Organization\",\"@id\":\"https:\\\/\\\/www.eldiario.net\\\/portal\\\/#organization\",\"name\":\"El Diario - Decano de la prensa nacional\",\"url\":\"https:\\\/\\\/www.eldiario.net\\\/portal\\\/\",\"logo\":{\"@type\":\"ImageObject\",\"inLanguage\":\"es\",\"@id\":\"https:\\\/\\\/www.eldiario.net\\\/portal\\\/#\\\/schema\\\/logo\\\/image\\\/\",\"url\":\"https:\\\/\\\/www.eldiario.net\\\/portal\\\/wp-content\\\/uploads\\\/2023\\\/07\\\/logo_ED.jpg\",\"contentUrl\":\"https:\\\/\\\/www.eldiario.net\\\/portal\\\/wp-content\\\/uploads\\\/2023\\\/07\\\/logo_ED.jpg\",\"width\":272,\"height\":52,\"caption\":\"El Diario - Decano de la prensa nacional\"},\"image\":{\"@id\":\"https:\\\/\\\/www.eldiario.net\\\/portal\\\/#\\\/schema\\\/logo\\\/image\\\/\"},\"sameAs\":[\"https:\\\/\\\/www.facebook.com\\\/eldiario.bolivia\\\/\",\"https:\\\/\\\/x.com\\\/eldiario_net\"]},{\"@type\":\"Person\",\"@id\":\"https:\\\/\\\/www.eldiario.net\\\/portal\\\/#\\\/schema\\\/person\\\/f46445640444750d7d753ccd04ae01b7\",\"name\":\"Jeanette\",\"image\":{\"@type\":\"ImageObject\",\"inLanguage\":\"es\",\"@id\":\"https:\\\/\\\/secure.gravatar.com\\\/avatar\\\/3ea2118a5f7dad2b7138b1187a6b7ee55f160b9968b66013c3a3ef39dd7e5798?s=96&d=mm&r=g\",\"url\":\"https:\\\/\\\/secure.gravatar.com\\\/avatar\\\/3ea2118a5f7dad2b7138b1187a6b7ee55f160b9968b66013c3a3ef39dd7e5798?s=96&d=mm&r=g\",\"contentUrl\":\"https:\\\/\\\/secure.gravatar.com\\\/avatar\\\/3ea2118a5f7dad2b7138b1187a6b7ee55f160b9968b66013c3a3ef39dd7e5798?s=96&d=mm&r=g\",\"caption\":\"Jeanette\"},\"sameAs\":[\"https:\\\/\\\/www.eldiario.net\\\/portal\"],\"url\":\"https:\\\/\\\/www.eldiario.net\\\/portal\\\/author\\\/jeanette\\\/\"}]}<\/script>\n<!-- \/ Yoast SEO plugin. -->","yoast_head_json":{"title":"Decomisan 196 kilos de droga ocultos en dos buses en Locotal - El Diario - Bolivia","robots":{"index":"index","follow":"follow","max-snippet":"max-snippet:-1","max-image-preview":"max-image-preview:large","max-video-preview":"max-video-preview:-1"},"canonical":"https:\/\/www.eldiario.net\/portal\/2026\/08\/12\/decomisan-196-kilos-de-droga-ocultos-en-dos-buses-en-locotal\/","og_locale":"es_ES","og_type":"article","og_title":"Decomisan 196 kilos de droga ocultos en dos buses en Locotal - El Diario - Bolivia","og_description":"Un operativo de la Unidad M\u00f3vil de Patrullaje Rural (Umopar) permiti\u00f3 decomisar 196,55 kilos de marihuana ocultos en dos buses intervenidos en Locotal, en el tr\u00f3pico de Cochabamba, donde cinco personas fueron aprehendidas y ambos veh\u00edculos quedaron retenidos mientras avanzan las investigaciones por tr\u00e1fico de sustancias controladas; uno de los buses deb\u00eda prestar servicio para [&hellip;]","og_url":"https:\/\/www.eldiario.net\/portal\/2026\/08\/12\/decomisan-196-kilos-de-droga-ocultos-en-dos-buses-en-locotal\/","og_site_name":"El Diario - Bolivia","article_publisher":"https:\/\/www.facebook.com\/eldiario.bolivia\/","article_published_time":"2026-08-12T04:07:53+00:00","og_image":[{"width":420,"height":280,"url":"https:\/\/www.eldiario.net\/portal\/wp-content\/uploads\/2026\/08\/12-BUS.webp","type":"image\/webp"}],"author":"Jeanette","twitter_card":"summary_large_image","twitter_creator":"@eldiario_net","twitter_site":"@eldiario_net","twitter_misc":{"Escrito por":"Jeanette","Tiempo de lectura":"3 minutos"},"schema":{"@context":"https:\/\/schema.org","@graph":[{"@type":"Article","@id":"https:\/\/www.eldiario.net\/portal\/2026\/08\/12\/decomisan-196-kilos-de-droga-ocultos-en-dos-buses-en-locotal\/#article","isPartOf":{"@id":"https:\/\/www.eldiario.net\/portal\/2026\/08\/12\/decomisan-196-kilos-de-droga-ocultos-en-dos-buses-en-locotal\/"},"author":{"name":"Jeanette","@id":"https:\/\/www.eldiario.net\/portal\/#\/schema\/person\/f46445640444750d7d753ccd04ae01b7"},"headline":"Decomisan 196 kilos de droga ocultos en dos buses en Locotal","datePublished":"2026-08-12T04:07:53+00:00","mainEntityOfPage":{"@id":"https:\/\/www.eldiario.net\/portal\/2026\/08\/12\/decomisan-196-kilos-de-droga-ocultos-en-dos-buses-en-locotal\/"},"wordCount":593,"publisher":{"@id":"https:\/\/www.eldiario.net\/portal\/#organization"},"image":{"@id":"https:\/\/www.eldiario.net\/portal\/2026\/08\/12\/decomisan-196-kilos-de-droga-ocultos-en-dos-buses-en-locotal\/#primaryimage"},"thumbnailUrl":"https:\/\/www.eldiario.net\/portal\/wp-content\/uploads\/2026\/08\/12-BUS.webp","articleSection":["Sociedad - Seguridad"],"inLanguage":"es"},{"@type":"WebPage","@id":"https:\/\/www.eldiario.net\/portal\/2026\/08\/12\/decomisan-196-kilos-de-droga-ocultos-en-dos-buses-en-locotal\/","url":"https:\/\/www.eldiario.net\/portal\/2026\/08\/12\/decomisan-196-kilos-de-droga-ocultos-en-dos-buses-en-locotal\/","name":"Decomisan 196 kilos de droga ocultos en dos buses en Locotal - El Diario - Bolivia","isPartOf":{"@id":"https:\/\/www.eldiario.net\/portal\/#website"},"primaryImageOfPage":{"@id":"https:\/\/www.eldiario.net\/portal\/2026\/08\/12\/decomisan-196-kilos-de-droga-ocultos-en-dos-buses-en-locotal\/#primaryimage"},"image":{"@id":"https:\/\/www.eldiario.net\/portal\/2026\/08\/12\/decomisan-196-kilos-de-droga-ocultos-en-dos-buses-en-locotal\/#primaryimage"},"thumbnailUrl":"https:\/\/www.eldiario.net\/portal\/wp-content\/uploads\/2026\/08\/12-BUS.webp","datePublished":"2026-08-12T04:07:53+00:00","breadcrumb":{"@id":"https:\/\/www.eldiario.net\/portal\/2026\/08\/12\/decomisan-196-kilos-de-droga-ocultos-en-dos-buses-en-locotal\/#breadcrumb"},"inLanguage":"es","potentialAction":[{"@type":"ReadAction","target":["https:\/\/www.eldiario.net\/portal\/2026\/08\/12\/decomisan-196-kilos-de-droga-ocultos-en-dos-buses-en-locotal\/"]}]},{"@type":"ImageObject","inLanguage":"es","@id":"https:\/\/www.eldiario.net\/portal\/2026\/08\/12\/decomisan-196-kilos-de-droga-ocultos-en-dos-buses-en-locotal\/#primaryimage","url":"https:\/\/www.eldiario.net\/portal\/wp-content\/uploads\/2026\/08\/12-BUS.webp","contentUrl":"https:\/\/www.eldiario.net\/portal\/wp-content\/uploads\/2026\/08\/12-BUS.webp","width":420,"height":280,"caption":"Uno de los buses que deb\u00eda trasladar a la delegaci\u00f3n brasile\u00f1a. Cr\u00e9dito de foto: Unitel"},{"@type":"BreadcrumbList","@id":"https:\/\/www.eldiario.net\/portal\/2026\/08\/12\/decomisan-196-kilos-de-droga-ocultos-en-dos-buses-en-locotal\/#breadcrumb","itemListElement":[{"@type":"ListItem","position":1,"name":"Portada","item":"https:\/\/www.eldiario.net\/portal\/"},{"@type":"ListItem","position":2,"name":"Decomisan 196 kilos de droga ocultos en dos buses en Locotal"}]},{"@type":"WebSite","@id":"https:\/\/www.eldiario.net\/portal\/#website","url":"https:\/\/www.eldiario.net\/portal\/","name":"El Diario - Decano de la prensa nacional","description":"El Diario - Decano de la prensa nacional","publisher":{"@id":"https:\/\/www.eldiario.net\/portal\/#organization"},"potentialAction":[{"@type":"SearchAction","target":{"@type":"EntryPoint","urlTemplate":"https:\/\/www.eldiario.net\/portal\/?s={search_term_string}"},"query-input":{"@type":"PropertyValueSpecification","valueRequired":true,"valueName":"search_term_string"}}],"inLanguage":"es"},{"@type":"Organization","@id":"https:\/\/www.eldiario.net\/portal\/#organization","name":"El Diario - Decano de la prensa nacional","url":"https:\/\/www.eldiario.net\/portal\/","logo":{"@type":"ImageObject","inLanguage":"es","@id":"https:\/\/www.eldiario.net\/portal\/#\/schema\/logo\/image\/","url":"https:\/\/www.eldiario.net\/portal\/wp-content\/uploads\/2023\/07\/logo_ED.jpg","contentUrl":"https:\/\/www.eldiario.net\/portal\/wp-content\/uploads\/2023\/07\/logo_ED.jpg","width":272,"height":52,"caption":"El Diario - Decano de la prensa nacional"},"image":{"@id":"https:\/\/www.eldiario.net\/portal\/#\/schema\/logo\/image\/"},"sameAs":["https:\/\/www.facebook.com\/eldiario.bolivia\/","https:\/\/x.com\/eldiario_net"]},{"@type":"Person","@id":"https:\/\/www.eldiario.net\/portal\/#\/schema\/person\/f46445640444750d7d753ccd04ae01b7","name":"Jeanette","image":{"@type":"ImageObject","inLanguage":"es","@id":"https:\/\/secure.gravatar.com\/avatar\/3ea2118a5f7dad2b7138b1187a6b7ee55f160b9968b66013c3a3ef39dd7e5798?s=96&d=mm&r=g","url":"https:\/\/secure.gravatar.com\/avatar\/3ea2118a5f7dad2b7138b1187a6b7ee55f160b9968b66013c3a3ef39dd7e5798?s=96&d=mm&r=g","contentUrl":"https:\/\/secure.gravatar.com\/avatar\/3ea2118a5f7dad2b7138b1187a6b7ee55f160b9968b66013c3a3ef39dd7e5798?s=96&d=mm&r=g","caption":"Jeanette"},"sameAs":["https:\/\/www.eldiario.net\/portal"],"url":"https:\/\/www.eldiario.net\/portal\/author\/jeanette\/"}]}},"_links":{"self":[{"href":"https:\/\/www.eldiario.net\/portal\/wp-json\/wp\/v2\/posts\/420647","targetHints":{"allow":["GET"]}}],"collection":[{"href":"https:\/\/www.eldiario.net\/portal\/wp-json\/wp\/v2\/posts"}],"about":[{"href":"https:\/\/www.eldiario.net\/portal\/wp-json\/wp\/v2\/types\/post"}],"author":[{"embeddable":true,"href":"https:\/\/www.eldiario.net\/portal\/wp-json\/wp\/v2\/users\/1"}],"replies":[{"embeddable":true,"href":"https:\/\/www.eldiario.net\/portal\/wp-json\/wp\/v2\/comments?post=420647"}],"version-history":[{"count":1,"href":"https:\/\/www.eldiario.net\/portal\/wp-json\/wp\/v2\/posts\/420647\/revisions"}],"predecessor-version":[{"id":420649,"href":"https:\/\/www.eldiario.net\/portal\/wp-json\/wp\/v2\/posts\/420647\/revisions\/420649"}],"wp:featuredmedia":[{"embeddable":true,"href":"https:\/\/www.eldiario.net\/portal\/wp-json\/wp\/v2\/media\/420648"}],"wp:attachment":[{"href":"https:\/\/www.eldiario.net\/portal\/wp-json\/wp\/v2\/media?parent=420647"}],"wp:term":[{"taxonomy":"category","embeddable":true,"href":"https:\/\/www.eldiario.net\/portal\/wp-json\/wp\/v2\/categories?post=420647"},{"taxonomy":"post_tag","embeddable":true,"href":"https:\/\/www.eldiario.net\/portal\/wp-json\/wp\/v2\/tags?post=420647"}],"curies":[{"name":"wp","href":"https:\/\/api.w.org\/{rel}","templated":true}]}}