{"id":420492,"date":"2026-08-11T10:08:08","date_gmt":"2026-08-11T14:08:08","guid":{"rendered":"https:\/\/www.eldiario.net\/portal\/?p=420492"},"modified":"2026-08-11T10:08:08","modified_gmt":"2026-08-11T14:08:08","slug":"reabren-el-paso-fronterizo-chungara-pero-piden-precaucion-por-nieve-1001","status":"publish","type":"post","link":"https:\/\/www.eldiario.net\/portal\/2026\/08\/11\/reabren-el-paso-fronterizo-chungara-pero-piden-precaucion-por-nieve-1001\/","title":{"rendered":"Reabren el paso fronterizo Chungar\u00e1 pero piden precauci\u00f3n por nieve (10:01)"},"content":{"rendered":"<p>El Complejo Fronterizo Chungar\u00e1, paso clave que conecta a Chile y Bolivia, a trav\u00e9s del punto Tambo Quemado, retom\u00f3 sus operaciones luego de la evaluaci\u00f3n y limpieza de la Ruta 11-CH, donde se registraron precipitaciones de nieve que alcanzaron cerca de tres cent\u00edmetros de acumulaci\u00f3n durante la noche.<\/p>\n<p>Las autoridades confirmaron la normalizaci\u00f3n del flujo vehicular transfronterizo, aunque enfatizaron que el tr\u00e1nsito debe realizarse bajo estrictas medidas de seguridad debido a las bajas temperaturas y el estado de la calzada.<\/p>\n<p>El cierre temporal preventivo se aplic\u00f3 principalmente en el sector de Chucuyo para evitar eventuales siniestros viales a causa del congelamiento del asfalto.<\/p>\n<p>Pese a la reapertura del paso fronterizo entre Chile y Bolivia, las autoridades policiales reiteraron el llamado a los conductores \u2014con especial \u00e9nfasis en el transporte pesado de carga y los turistas\u2014 a reducir la velocidad, mantener una distancia prudente de seguimiento y permanecer atentos a las condiciones del terreno, mientras los organismos de emergencia mantienen la vigilancia continua en la provincia.<\/p>\n","protected":false},"excerpt":{"rendered":"<p>El Complejo Fronterizo Chungar\u00e1, paso clave que conecta a Chile y Bolivia, a trav\u00e9s del punto Tambo Quemado, retom\u00f3 sus operaciones luego de la evaluaci\u00f3n y limpieza de la Ruta 11-CH, donde se registraron precipitaciones de nieve que alcanzaron cerca de tres cent\u00edmetros de acumulaci\u00f3n durante la noche. Las autoridades confirmaron la normalizaci\u00f3n del flujo [&hellip;]<\/p>\n","protected":false},"author":7,"featured_media":420493,"comment_status":"closed","ping_status":"open","sticky":false,"template":"","format":"standard","meta":{"_acf_changed":false,"footnotes":""},"categories":[51],"tags":[],"class_list":["post-420492","post","type-post","status-publish","format-standard","has-post-thumbnail","category-ultima-hora"],"acf":{"antetitulo":""},"yoast_head":"<!-- This site is optimized with the Yoast SEO plugin v28.4 - https:\/\/yoast.com\/product\/yoast-seo-wordpress\/ -->\n<title>Reabren el paso fronterizo Chungar\u00e1 pero piden precauci\u00f3n por nieve (10:01) - El Diario - Bolivia<\/title>\n<meta name=\"robots\" content=\"index, follow, max-snippet:-1, max-image-preview:large, max-video-preview:-1\" \/>\n<link rel=\"canonical\" href=\"https:\/\/www.eldiario.net\/portal\/2026\/08\/11\/reabren-el-paso-fronterizo-chungara-pero-piden-precaucion-por-nieve-1001\/\" \/>\n<meta property=\"og:locale\" content=\"es_ES\" \/>\n<meta property=\"og:type\" content=\"article\" \/>\n<meta property=\"og:title\" content=\"Reabren el paso fronterizo Chungar\u00e1 pero piden precauci\u00f3n por nieve (10:01) - El Diario - Bolivia\" \/>\n<meta property=\"og:description\" content=\"El Complejo Fronterizo Chungar\u00e1, paso clave que conecta a Chile y Bolivia, a trav\u00e9s del punto Tambo Quemado, retom\u00f3 sus operaciones luego de la evaluaci\u00f3n y limpieza de la Ruta 11-CH, donde se registraron precipitaciones de nieve que alcanzaron cerca de tres cent\u00edmetros de acumulaci\u00f3n durante la noche. Las autoridades confirmaron la normalizaci\u00f3n del flujo [&hellip;]\" \/>\n<meta property=\"og:url\" content=\"https:\/\/www.eldiario.net\/portal\/2026\/08\/11\/reabren-el-paso-fronterizo-chungara-pero-piden-precaucion-por-nieve-1001\/\" \/>\n<meta property=\"og:site_name\" content=\"El Diario - Bolivia\" \/>\n<meta property=\"article:publisher\" content=\"https:\/\/www.facebook.com\/eldiario.bolivia\/\" \/>\n<meta property=\"article:published_time\" content=\"2026-08-11T14:08:08+00:00\" \/>\n<meta property=\"og:image\" content=\"https:\/\/www.eldiario.net\/portal\/wp-content\/uploads\/2026\/08\/chungara-11.08.26-copia.webp\" \/>\n\t<meta property=\"og:image:width\" content=\"409\" \/>\n\t<meta property=\"og:image:height\" content=\"520\" \/>\n\t<meta property=\"og:image:type\" content=\"image\/webp\" \/>\n<meta name=\"author\" content=\"Viviana Monrroy\" \/>\n<meta name=\"twitter:card\" content=\"summary_large_image\" \/>\n<meta name=\"twitter:creator\" content=\"@eldiario_net\" \/>\n<meta name=\"twitter:site\" content=\"@eldiario_net\" \/>\n<meta name=\"twitter:label1\" content=\"Escrito por\" \/>\n\t<meta name=\"twitter:data1\" content=\"Viviana Monrroy\" \/>\n\t<meta name=\"twitter:label2\" content=\"Tiempo de lectura\" \/>\n\t<meta name=\"twitter:data2\" content=\"1 minuto\" \/>\n<script type=\"application\/ld+json\" class=\"yoast-schema-graph\">{\"@context\":\"https:\\\/\\\/schema.org\",\"@graph\":[{\"@type\":\"Article\",\"@id\":\"https:\\\/\\\/www.eldiario.net\\\/portal\\\/2026\\\/08\\\/11\\\/reabren-el-paso-fronterizo-chungara-pero-piden-precaucion-por-nieve-1001\\\/#article\",\"isPartOf\":{\"@id\":\"https:\\\/\\\/www.eldiario.net\\\/portal\\\/2026\\\/08\\\/11\\\/reabren-el-paso-fronterizo-chungara-pero-piden-precaucion-por-nieve-1001\\\/\"},\"author\":{\"name\":\"Viviana Monrroy\",\"@id\":\"https:\\\/\\\/www.eldiario.net\\\/portal\\\/#\\\/schema\\\/person\\\/32cc89e801dfcbad3a54f91da7f2ea06\"},\"headline\":\"Reabren el paso fronterizo Chungar\u00e1 pero piden precauci\u00f3n por nieve (10:01)\",\"datePublished\":\"2026-08-11T14:08:08+00:00\",\"mainEntityOfPage\":{\"@id\":\"https:\\\/\\\/www.eldiario.net\\\/portal\\\/2026\\\/08\\\/11\\\/reabren-el-paso-fronterizo-chungara-pero-piden-precaucion-por-nieve-1001\\\/\"},\"wordCount\":182,\"publisher\":{\"@id\":\"https:\\\/\\\/www.eldiario.net\\\/portal\\\/#organization\"},\"image\":{\"@id\":\"https:\\\/\\\/www.eldiario.net\\\/portal\\\/2026\\\/08\\\/11\\\/reabren-el-paso-fronterizo-chungara-pero-piden-precaucion-por-nieve-1001\\\/#primaryimage\"},\"thumbnailUrl\":\"https:\\\/\\\/www.eldiario.net\\\/portal\\\/wp-content\\\/uploads\\\/2026\\\/08\\\/chungara-11.08.26-copia.webp\",\"articleSection\":[\"\u00daltima Hora\"],\"inLanguage\":\"es\"},{\"@type\":\"WebPage\",\"@id\":\"https:\\\/\\\/www.eldiario.net\\\/portal\\\/2026\\\/08\\\/11\\\/reabren-el-paso-fronterizo-chungara-pero-piden-precaucion-por-nieve-1001\\\/\",\"url\":\"https:\\\/\\\/www.eldiario.net\\\/portal\\\/2026\\\/08\\\/11\\\/reabren-el-paso-fronterizo-chungara-pero-piden-precaucion-por-nieve-1001\\\/\",\"name\":\"Reabren el paso fronterizo Chungar\u00e1 pero piden precauci\u00f3n por nieve (10:01) - El Diario - Bolivia\",\"isPartOf\":{\"@id\":\"https:\\\/\\\/www.eldiario.net\\\/portal\\\/#website\"},\"primaryImageOfPage\":{\"@id\":\"https:\\\/\\\/www.eldiario.net\\\/portal\\\/2026\\\/08\\\/11\\\/reabren-el-paso-fronterizo-chungara-pero-piden-precaucion-por-nieve-1001\\\/#primaryimage\"},\"image\":{\"@id\":\"https:\\\/\\\/www.eldiario.net\\\/portal\\\/2026\\\/08\\\/11\\\/reabren-el-paso-fronterizo-chungara-pero-piden-precaucion-por-nieve-1001\\\/#primaryimage\"},\"thumbnailUrl\":\"https:\\\/\\\/www.eldiario.net\\\/portal\\\/wp-content\\\/uploads\\\/2026\\\/08\\\/chungara-11.08.26-copia.webp\",\"datePublished\":\"2026-08-11T14:08:08+00:00\",\"breadcrumb\":{\"@id\":\"https:\\\/\\\/www.eldiario.net\\\/portal\\\/2026\\\/08\\\/11\\\/reabren-el-paso-fronterizo-chungara-pero-piden-precaucion-por-nieve-1001\\\/#breadcrumb\"},\"inLanguage\":\"es\",\"potentialAction\":[{\"@type\":\"ReadAction\",\"target\":[\"https:\\\/\\\/www.eldiario.net\\\/portal\\\/2026\\\/08\\\/11\\\/reabren-el-paso-fronterizo-chungara-pero-piden-precaucion-por-nieve-1001\\\/\"]}]},{\"@type\":\"ImageObject\",\"inLanguage\":\"es\",\"@id\":\"https:\\\/\\\/www.eldiario.net\\\/portal\\\/2026\\\/08\\\/11\\\/reabren-el-paso-fronterizo-chungara-pero-piden-precaucion-por-nieve-1001\\\/#primaryimage\",\"url\":\"https:\\\/\\\/www.eldiario.net\\\/portal\\\/wp-content\\\/uploads\\\/2026\\\/08\\\/chungara-11.08.26-copia.webp\",\"contentUrl\":\"https:\\\/\\\/www.eldiario.net\\\/portal\\\/wp-content\\\/uploads\\\/2026\\\/08\\\/chungara-11.08.26-copia.webp\",\"width\":409,\"height\":520,\"caption\":\"Foto: Arica Cultura Noticias\"},{\"@type\":\"BreadcrumbList\",\"@id\":\"https:\\\/\\\/www.eldiario.net\\\/portal\\\/2026\\\/08\\\/11\\\/reabren-el-paso-fronterizo-chungara-pero-piden-precaucion-por-nieve-1001\\\/#breadcrumb\",\"itemListElement\":[{\"@type\":\"ListItem\",\"position\":1,\"name\":\"Portada\",\"item\":\"https:\\\/\\\/www.eldiario.net\\\/portal\\\/\"},{\"@type\":\"ListItem\",\"position\":2,\"name\":\"Reabren el paso fronterizo Chungar\u00e1 pero piden precauci\u00f3n por nieve (10:01)\"}]},{\"@type\":\"WebSite\",\"@id\":\"https:\\\/\\\/www.eldiario.net\\\/portal\\\/#website\",\"url\":\"https:\\\/\\\/www.eldiario.net\\\/portal\\\/\",\"name\":\"El Diario - Decano de la prensa nacional\",\"description\":\"El Diario - Decano de la prensa nacional\",\"publisher\":{\"@id\":\"https:\\\/\\\/www.eldiario.net\\\/portal\\\/#organization\"},\"potentialAction\":[{\"@type\":\"SearchAction\",\"target\":{\"@type\":\"EntryPoint\",\"urlTemplate\":\"https:\\\/\\\/www.eldiario.net\\\/portal\\\/?s={search_term_string}\"},\"query-input\":{\"@type\":\"PropertyValueSpecification\",\"valueRequired\":true,\"valueName\":\"search_term_string\"}}],\"inLanguage\":\"es\"},{\"@type\":\"Organization\",\"@id\":\"https:\\\/\\\/www.eldiario.net\\\/portal\\\/#organization\",\"name\":\"El Diario - Decano de la prensa nacional\",\"url\":\"https:\\\/\\\/www.eldiario.net\\\/portal\\\/\",\"logo\":{\"@type\":\"ImageObject\",\"inLanguage\":\"es\",\"@id\":\"https:\\\/\\\/www.eldiario.net\\\/portal\\\/#\\\/schema\\\/logo\\\/image\\\/\",\"url\":\"https:\\\/\\\/www.eldiario.net\\\/portal\\\/wp-content\\\/uploads\\\/2023\\\/07\\\/logo_ED.jpg\",\"contentUrl\":\"https:\\\/\\\/www.eldiario.net\\\/portal\\\/wp-content\\\/uploads\\\/2023\\\/07\\\/logo_ED.jpg\",\"width\":272,\"height\":52,\"caption\":\"El Diario - Decano de la prensa nacional\"},\"image\":{\"@id\":\"https:\\\/\\\/www.eldiario.net\\\/portal\\\/#\\\/schema\\\/logo\\\/image\\\/\"},\"sameAs\":[\"https:\\\/\\\/www.facebook.com\\\/eldiario.bolivia\\\/\",\"https:\\\/\\\/x.com\\\/eldiario_net\"]},{\"@type\":\"Person\",\"@id\":\"https:\\\/\\\/www.eldiario.net\\\/portal\\\/#\\\/schema\\\/person\\\/32cc89e801dfcbad3a54f91da7f2ea06\",\"name\":\"Viviana Monrroy\",\"image\":{\"@type\":\"ImageObject\",\"inLanguage\":\"es\",\"@id\":\"https:\\\/\\\/secure.gravatar.com\\\/avatar\\\/dfd1611ed5600959a0e5a9754503b6c05d1dcf190010998e0363aee2ad98afca?s=96&d=mm&r=g\",\"url\":\"https:\\\/\\\/secure.gravatar.com\\\/avatar\\\/dfd1611ed5600959a0e5a9754503b6c05d1dcf190010998e0363aee2ad98afca?s=96&d=mm&r=g\",\"contentUrl\":\"https:\\\/\\\/secure.gravatar.com\\\/avatar\\\/dfd1611ed5600959a0e5a9754503b6c05d1dcf190010998e0363aee2ad98afca?s=96&d=mm&r=g\",\"caption\":\"Viviana Monrroy\"},\"sameAs\":[\"http:\\\/\\\/www.eldiario.net\"],\"url\":\"https:\\\/\\\/www.eldiario.net\\\/portal\\\/author\\\/vivianamonrroy\\\/\"}]}<\/script>\n<!-- \/ Yoast SEO plugin. -->","yoast_head_json":{"title":"Reabren el paso fronterizo Chungar\u00e1 pero piden precauci\u00f3n por nieve (10:01) - El Diario - Bolivia","robots":{"index":"index","follow":"follow","max-snippet":"max-snippet:-1","max-image-preview":"max-image-preview:large","max-video-preview":"max-video-preview:-1"},"canonical":"https:\/\/www.eldiario.net\/portal\/2026\/08\/11\/reabren-el-paso-fronterizo-chungara-pero-piden-precaucion-por-nieve-1001\/","og_locale":"es_ES","og_type":"article","og_title":"Reabren el paso fronterizo Chungar\u00e1 pero piden precauci\u00f3n por nieve (10:01) - El Diario - Bolivia","og_description":"El Complejo Fronterizo Chungar\u00e1, paso clave que conecta a Chile y Bolivia, a trav\u00e9s del punto Tambo Quemado, retom\u00f3 sus operaciones luego de la evaluaci\u00f3n y limpieza de la Ruta 11-CH, donde se registraron precipitaciones de nieve que alcanzaron cerca de tres cent\u00edmetros de acumulaci\u00f3n durante la noche. Las autoridades confirmaron la normalizaci\u00f3n del flujo [&hellip;]","og_url":"https:\/\/www.eldiario.net\/portal\/2026\/08\/11\/reabren-el-paso-fronterizo-chungara-pero-piden-precaucion-por-nieve-1001\/","og_site_name":"El Diario - Bolivia","article_publisher":"https:\/\/www.facebook.com\/eldiario.bolivia\/","article_published_time":"2026-08-11T14:08:08+00:00","og_image":[{"width":409,"height":520,"url":"https:\/\/www.eldiario.net\/portal\/wp-content\/uploads\/2026\/08\/chungara-11.08.26-copia.webp","type":"image\/webp"}],"author":"Viviana Monrroy","twitter_card":"summary_large_image","twitter_creator":"@eldiario_net","twitter_site":"@eldiario_net","twitter_misc":{"Escrito por":"Viviana Monrroy","Tiempo de lectura":"1 minuto"},"schema":{"@context":"https:\/\/schema.org","@graph":[{"@type":"Article","@id":"https:\/\/www.eldiario.net\/portal\/2026\/08\/11\/reabren-el-paso-fronterizo-chungara-pero-piden-precaucion-por-nieve-1001\/#article","isPartOf":{"@id":"https:\/\/www.eldiario.net\/portal\/2026\/08\/11\/reabren-el-paso-fronterizo-chungara-pero-piden-precaucion-por-nieve-1001\/"},"author":{"name":"Viviana Monrroy","@id":"https:\/\/www.eldiario.net\/portal\/#\/schema\/person\/32cc89e801dfcbad3a54f91da7f2ea06"},"headline":"Reabren el paso fronterizo Chungar\u00e1 pero piden precauci\u00f3n por nieve (10:01)","datePublished":"2026-08-11T14:08:08+00:00","mainEntityOfPage":{"@id":"https:\/\/www.eldiario.net\/portal\/2026\/08\/11\/reabren-el-paso-fronterizo-chungara-pero-piden-precaucion-por-nieve-1001\/"},"wordCount":182,"publisher":{"@id":"https:\/\/www.eldiario.net\/portal\/#organization"},"image":{"@id":"https:\/\/www.eldiario.net\/portal\/2026\/08\/11\/reabren-el-paso-fronterizo-chungara-pero-piden-precaucion-por-nieve-1001\/#primaryimage"},"thumbnailUrl":"https:\/\/www.eldiario.net\/portal\/wp-content\/uploads\/2026\/08\/chungara-11.08.26-copia.webp","articleSection":["\u00daltima Hora"],"inLanguage":"es"},{"@type":"WebPage","@id":"https:\/\/www.eldiario.net\/portal\/2026\/08\/11\/reabren-el-paso-fronterizo-chungara-pero-piden-precaucion-por-nieve-1001\/","url":"https:\/\/www.eldiario.net\/portal\/2026\/08\/11\/reabren-el-paso-fronterizo-chungara-pero-piden-precaucion-por-nieve-1001\/","name":"Reabren el paso fronterizo Chungar\u00e1 pero piden precauci\u00f3n por nieve (10:01) - El Diario - Bolivia","isPartOf":{"@id":"https:\/\/www.eldiario.net\/portal\/#website"},"primaryImageOfPage":{"@id":"https:\/\/www.eldiario.net\/portal\/2026\/08\/11\/reabren-el-paso-fronterizo-chungara-pero-piden-precaucion-por-nieve-1001\/#primaryimage"},"image":{"@id":"https:\/\/www.eldiario.net\/portal\/2026\/08\/11\/reabren-el-paso-fronterizo-chungara-pero-piden-precaucion-por-nieve-1001\/#primaryimage"},"thumbnailUrl":"https:\/\/www.eldiario.net\/portal\/wp-content\/uploads\/2026\/08\/chungara-11.08.26-copia.webp","datePublished":"2026-08-11T14:08:08+00:00","breadcrumb":{"@id":"https:\/\/www.eldiario.net\/portal\/2026\/08\/11\/reabren-el-paso-fronterizo-chungara-pero-piden-precaucion-por-nieve-1001\/#breadcrumb"},"inLanguage":"es","potentialAction":[{"@type":"ReadAction","target":["https:\/\/www.eldiario.net\/portal\/2026\/08\/11\/reabren-el-paso-fronterizo-chungara-pero-piden-precaucion-por-nieve-1001\/"]}]},{"@type":"ImageObject","inLanguage":"es","@id":"https:\/\/www.eldiario.net\/portal\/2026\/08\/11\/reabren-el-paso-fronterizo-chungara-pero-piden-precaucion-por-nieve-1001\/#primaryimage","url":"https:\/\/www.eldiario.net\/portal\/wp-content\/uploads\/2026\/08\/chungara-11.08.26-copia.webp","contentUrl":"https:\/\/www.eldiario.net\/portal\/wp-content\/uploads\/2026\/08\/chungara-11.08.26-copia.webp","width":409,"height":520,"caption":"Foto: Arica Cultura Noticias"},{"@type":"BreadcrumbList","@id":"https:\/\/www.eldiario.net\/portal\/2026\/08\/11\/reabren-el-paso-fronterizo-chungara-pero-piden-precaucion-por-nieve-1001\/#breadcrumb","itemListElement":[{"@type":"ListItem","position":1,"name":"Portada","item":"https:\/\/www.eldiario.net\/portal\/"},{"@type":"ListItem","position":2,"name":"Reabren el paso fronterizo Chungar\u00e1 pero piden precauci\u00f3n por nieve (10:01)"}]},{"@type":"WebSite","@id":"https:\/\/www.eldiario.net\/portal\/#website","url":"https:\/\/www.eldiario.net\/portal\/","name":"El Diario - Decano de la prensa nacional","description":"El Diario - Decano de la prensa nacional","publisher":{"@id":"https:\/\/www.eldiario.net\/portal\/#organization"},"potentialAction":[{"@type":"SearchAction","target":{"@type":"EntryPoint","urlTemplate":"https:\/\/www.eldiario.net\/portal\/?s={search_term_string}"},"query-input":{"@type":"PropertyValueSpecification","valueRequired":true,"valueName":"search_term_string"}}],"inLanguage":"es"},{"@type":"Organization","@id":"https:\/\/www.eldiario.net\/portal\/#organization","name":"El Diario - Decano de la prensa nacional","url":"https:\/\/www.eldiario.net\/portal\/","logo":{"@type":"ImageObject","inLanguage":"es","@id":"https:\/\/www.eldiario.net\/portal\/#\/schema\/logo\/image\/","url":"https:\/\/www.eldiario.net\/portal\/wp-content\/uploads\/2023\/07\/logo_ED.jpg","contentUrl":"https:\/\/www.eldiario.net\/portal\/wp-content\/uploads\/2023\/07\/logo_ED.jpg","width":272,"height":52,"caption":"El Diario - Decano de la prensa nacional"},"image":{"@id":"https:\/\/www.eldiario.net\/portal\/#\/schema\/logo\/image\/"},"sameAs":["https:\/\/www.facebook.com\/eldiario.bolivia\/","https:\/\/x.com\/eldiario_net"]},{"@type":"Person","@id":"https:\/\/www.eldiario.net\/portal\/#\/schema\/person\/32cc89e801dfcbad3a54f91da7f2ea06","name":"Viviana Monrroy","image":{"@type":"ImageObject","inLanguage":"es","@id":"https:\/\/secure.gravatar.com\/avatar\/dfd1611ed5600959a0e5a9754503b6c05d1dcf190010998e0363aee2ad98afca?s=96&d=mm&r=g","url":"https:\/\/secure.gravatar.com\/avatar\/dfd1611ed5600959a0e5a9754503b6c05d1dcf190010998e0363aee2ad98afca?s=96&d=mm&r=g","contentUrl":"https:\/\/secure.gravatar.com\/avatar\/dfd1611ed5600959a0e5a9754503b6c05d1dcf190010998e0363aee2ad98afca?s=96&d=mm&r=g","caption":"Viviana Monrroy"},"sameAs":["http:\/\/www.eldiario.net"],"url":"https:\/\/www.eldiario.net\/portal\/author\/vivianamonrroy\/"}]}},"_links":{"self":[{"href":"https:\/\/www.eldiario.net\/portal\/wp-json\/wp\/v2\/posts\/420492","targetHints":{"allow":["GET"]}}],"collection":[{"href":"https:\/\/www.eldiario.net\/portal\/wp-json\/wp\/v2\/posts"}],"about":[{"href":"https:\/\/www.eldiario.net\/portal\/wp-json\/wp\/v2\/types\/post"}],"author":[{"embeddable":true,"href":"https:\/\/www.eldiario.net\/portal\/wp-json\/wp\/v2\/users\/7"}],"replies":[{"embeddable":true,"href":"https:\/\/www.eldiario.net\/portal\/wp-json\/wp\/v2\/comments?post=420492"}],"version-history":[{"count":1,"href":"https:\/\/www.eldiario.net\/portal\/wp-json\/wp\/v2\/posts\/420492\/revisions"}],"predecessor-version":[{"id":420494,"href":"https:\/\/www.eldiario.net\/portal\/wp-json\/wp\/v2\/posts\/420492\/revisions\/420494"}],"wp:featuredmedia":[{"embeddable":true,"href":"https:\/\/www.eldiario.net\/portal\/wp-json\/wp\/v2\/media\/420493"}],"wp:attachment":[{"href":"https:\/\/www.eldiario.net\/portal\/wp-json\/wp\/v2\/media?parent=420492"}],"wp:term":[{"taxonomy":"category","embeddable":true,"href":"https:\/\/www.eldiario.net\/portal\/wp-json\/wp\/v2\/categories?post=420492"},{"taxonomy":"post_tag","embeddable":true,"href":"https:\/\/www.eldiario.net\/portal\/wp-json\/wp\/v2\/tags?post=420492"}],"curies":[{"name":"wp","href":"https:\/\/api.w.org\/{rel}","templated":true}]}}