{"id":420387,"date":"2026-08-11T06:07:18","date_gmt":"2026-08-11T10:07:18","guid":{"rendered":"https:\/\/www.eldiario.net\/portal\/?p=420387"},"modified":"2026-08-11T06:07:18","modified_gmt":"2026-08-11T10:07:18","slug":"gobierno-hablara-con-cada-asambleista-para-aprobar-leyes","status":"publish","type":"post","link":"https:\/\/www.eldiario.net\/portal\/2026\/08\/11\/gobierno-hablara-con-cada-asambleista-para-aprobar-leyes\/","title":{"rendered":"Gobierno hablar\u00e1 con cada  asamble\u00edsta para aprobar leyes"},"content":{"rendered":"<p>El vocero presidencial, Jos\u00e9 Luis Galvez, anunci\u00f3 que, si bien el Gobierno gestionar\u00e1 la aprobaci\u00f3n de nuevas leyes con l\u00edderes pol\u00edticos, si es necesario, hablar\u00e1 con cada asamble\u00edsta para brindar apoyo a los proyectos normativos. Sin embargo, desde la alianza Libre ya han advertido el peligro de que este enfoque de apoyos se convierta en transfugio y prebendalismo.<\/p>\n<p>Galvez explic\u00f3 que la intenci\u00f3n es cambiar la forma de hacer pol\u00edtica, porque durante a\u00f1os un jefe pol\u00edtico defin\u00eda si las asamble\u00edstas levantaban la mano sin mayor discusi\u00f3n sobre las leyes.<\/p>\n<p>Contextualiz\u00f3 tambi\u00e9n que las actuales alianzas pol\u00edticas \u201cson fruto de un proyecto electoral\u201d y \u201cno de un proyecto pol\u00edtico per se\u201d.<\/p>\n<p>En ese marco, manifest\u00f3 la esperanza de que los asamble\u00edstas cumplan un rol pensando en Bolivia y no pensando en su partido o su l\u00edder pol\u00edtico.<\/p>\n<p>El vocero destac\u00f3 el rol de l\u00edderes pol\u00edticos que encabezaron alianzas, como Samuel Doria Medina, Jorge Quiroga, Manfred Reyes Villa y Andr\u00f3nico Rodr\u00edguez, por lo cual no descart\u00f3 que el Gobierno hable con ellos, sin embargo, enfatiz\u00f3 que es el momento de que parlamentarios piensen en la patria.<\/p>\n<p>\u201cSe hablar\u00e1 con los l\u00edderes pol\u00edticos, se hablar\u00e1 con las alianzas internas, se hablar\u00e1 con cada uno de ser necesario de los asamble\u00edstas, de los senadores y de los diputados porque este es el tiempo que hay que pensar en la patria. No estamos construyendo una ley para el Gobierno\u201d, dijo.<\/p>\n<p>&nbsp;<\/p>\n<p>En la bancada de Libre, las representantes Tomasa Yarhui y Lissa Claros denunciaron que el Gobierno pretender\u00eda sumar apoyo mediante la prebenda.<\/p>\n<p>Yarhui cuestion\u00f3 que el Gobierno fomente el transfugio, como denunci\u00f3 que hizo para aprobar el Presupuesto General del Estado. Dijo que esta pr\u00e1ctica rompe la institucionalidad, puesto que algunos parlamentarios estar\u00edan traicionando el voto.<\/p>\n<p>Claros, por su parte, denunci\u00f3 que parlamentarios est\u00e1n negociando su voto. \u201cNosotros como alianza Libre le hemos planteado un acuerdo pol\u00edtico social para empezar a gobernar con responsabilidad, eso no significa que aqu\u00ed estamos pidiendo pegas\u201d, agreg\u00f3.<\/p>\n<p>Esta pol\u00e9mica surge cuando el Gobierno est\u00e1 por enviar el proyecto de ley de inversiones a la Asamblea, pero tambi\u00e9n prev\u00e9 tambi\u00e9n un paquete de leyes que reformen el r\u00e9gimen en hidrocarburos, miner\u00eda y otros \u00e1mbitos. (Erbol)<\/p>\n","protected":false},"excerpt":{"rendered":"<p>El vocero presidencial, Jos\u00e9 Luis Galvez, anunci\u00f3 que, si bien el Gobierno gestionar\u00e1 la aprobaci\u00f3n de nuevas leyes con l\u00edderes pol\u00edticos, si es necesario, hablar\u00e1 con cada asamble\u00edsta para brindar apoyo a los proyectos normativos. Sin embargo, desde la alianza Libre ya han advertido el peligro de que este enfoque de apoyos se convierta en [&hellip;]<\/p>\n","protected":false},"author":1,"featured_media":420388,"comment_status":"closed","ping_status":"open","sticky":false,"template":"","format":"standard","meta":{"_acf_changed":false,"footnotes":""},"categories":[14],"tags":[],"class_list":["post-420387","post","type-post","status-publish","format-standard","has-post-thumbnail","category-politica"],"acf":{"antetitulo":""},"yoast_head":"<!-- This site is optimized with the Yoast SEO plugin v28.3 - https:\/\/yoast.com\/product\/yoast-seo-wordpress\/ -->\n<title>Gobierno hablar\u00e1 con cada asamble\u00edsta para aprobar leyes - El Diario - Bolivia<\/title>\n<meta name=\"robots\" content=\"index, follow, max-snippet:-1, max-image-preview:large, max-video-preview:-1\" \/>\n<link rel=\"canonical\" href=\"https:\/\/www.eldiario.net\/portal\/2026\/08\/11\/gobierno-hablara-con-cada-asambleista-para-aprobar-leyes\/\" \/>\n<meta property=\"og:locale\" content=\"es_ES\" \/>\n<meta property=\"og:type\" content=\"article\" \/>\n<meta property=\"og:title\" content=\"Gobierno hablar\u00e1 con cada asamble\u00edsta para aprobar leyes - El Diario - Bolivia\" \/>\n<meta property=\"og:description\" content=\"El vocero presidencial, Jos\u00e9 Luis Galvez, anunci\u00f3 que, si bien el Gobierno gestionar\u00e1 la aprobaci\u00f3n de nuevas leyes con l\u00edderes pol\u00edticos, si es necesario, hablar\u00e1 con cada asamble\u00edsta para brindar apoyo a los proyectos normativos. Sin embargo, desde la alianza Libre ya han advertido el peligro de que este enfoque de apoyos se convierta en [&hellip;]\" \/>\n<meta property=\"og:url\" content=\"https:\/\/www.eldiario.net\/portal\/2026\/08\/11\/gobierno-hablara-con-cada-asambleista-para-aprobar-leyes\/\" \/>\n<meta property=\"og:site_name\" content=\"El Diario - Bolivia\" \/>\n<meta property=\"article:publisher\" content=\"https:\/\/www.facebook.com\/eldiario.bolivia\/\" \/>\n<meta property=\"article:published_time\" content=\"2026-08-11T10:07:18+00:00\" \/>\n<meta property=\"og:image\" content=\"https:\/\/www.eldiario.net\/portal\/wp-content\/uploads\/2026\/08\/ASAMBLEA-FOTO.webp\" \/>\n\t<meta property=\"og:image:width\" content=\"1280\" \/>\n\t<meta property=\"og:image:height\" content=\"753\" \/>\n\t<meta property=\"og:image:type\" content=\"image\/webp\" \/>\n<meta name=\"author\" content=\"Jeanette\" \/>\n<meta name=\"twitter:card\" content=\"summary_large_image\" \/>\n<meta name=\"twitter:creator\" content=\"@eldiario_net\" \/>\n<meta name=\"twitter:site\" content=\"@eldiario_net\" \/>\n<meta name=\"twitter:label1\" content=\"Escrito por\" \/>\n\t<meta name=\"twitter:data1\" content=\"Jeanette\" \/>\n\t<meta name=\"twitter:label2\" content=\"Tiempo de lectura\" \/>\n\t<meta name=\"twitter:data2\" content=\"2 minutos\" \/>\n<script type=\"application\/ld+json\" class=\"yoast-schema-graph\">{\"@context\":\"https:\\\/\\\/schema.org\",\"@graph\":[{\"@type\":\"Article\",\"@id\":\"https:\\\/\\\/www.eldiario.net\\\/portal\\\/2026\\\/08\\\/11\\\/gobierno-hablara-con-cada-asambleista-para-aprobar-leyes\\\/#article\",\"isPartOf\":{\"@id\":\"https:\\\/\\\/www.eldiario.net\\\/portal\\\/2026\\\/08\\\/11\\\/gobierno-hablara-con-cada-asambleista-para-aprobar-leyes\\\/\"},\"author\":{\"name\":\"Jeanette\",\"@id\":\"https:\\\/\\\/www.eldiario.net\\\/portal\\\/#\\\/schema\\\/person\\\/f46445640444750d7d753ccd04ae01b7\"},\"headline\":\"Gobierno hablar\u00e1 con cada asamble\u00edsta para aprobar leyes\",\"datePublished\":\"2026-08-11T10:07:18+00:00\",\"mainEntityOfPage\":{\"@id\":\"https:\\\/\\\/www.eldiario.net\\\/portal\\\/2026\\\/08\\\/11\\\/gobierno-hablara-con-cada-asambleista-para-aprobar-leyes\\\/\"},\"wordCount\":409,\"publisher\":{\"@id\":\"https:\\\/\\\/www.eldiario.net\\\/portal\\\/#organization\"},\"image\":{\"@id\":\"https:\\\/\\\/www.eldiario.net\\\/portal\\\/2026\\\/08\\\/11\\\/gobierno-hablara-con-cada-asambleista-para-aprobar-leyes\\\/#primaryimage\"},\"thumbnailUrl\":\"https:\\\/\\\/www.eldiario.net\\\/portal\\\/wp-content\\\/uploads\\\/2026\\\/08\\\/ASAMBLEA-FOTO.webp\",\"articleSection\":[\"Pol\u00edtica\"],\"inLanguage\":\"es\"},{\"@type\":\"WebPage\",\"@id\":\"https:\\\/\\\/www.eldiario.net\\\/portal\\\/2026\\\/08\\\/11\\\/gobierno-hablara-con-cada-asambleista-para-aprobar-leyes\\\/\",\"url\":\"https:\\\/\\\/www.eldiario.net\\\/portal\\\/2026\\\/08\\\/11\\\/gobierno-hablara-con-cada-asambleista-para-aprobar-leyes\\\/\",\"name\":\"Gobierno hablar\u00e1 con cada asamble\u00edsta para aprobar leyes - El Diario - Bolivia\",\"isPartOf\":{\"@id\":\"https:\\\/\\\/www.eldiario.net\\\/portal\\\/#website\"},\"primaryImageOfPage\":{\"@id\":\"https:\\\/\\\/www.eldiario.net\\\/portal\\\/2026\\\/08\\\/11\\\/gobierno-hablara-con-cada-asambleista-para-aprobar-leyes\\\/#primaryimage\"},\"image\":{\"@id\":\"https:\\\/\\\/www.eldiario.net\\\/portal\\\/2026\\\/08\\\/11\\\/gobierno-hablara-con-cada-asambleista-para-aprobar-leyes\\\/#primaryimage\"},\"thumbnailUrl\":\"https:\\\/\\\/www.eldiario.net\\\/portal\\\/wp-content\\\/uploads\\\/2026\\\/08\\\/ASAMBLEA-FOTO.webp\",\"datePublished\":\"2026-08-11T10:07:18+00:00\",\"breadcrumb\":{\"@id\":\"https:\\\/\\\/www.eldiario.net\\\/portal\\\/2026\\\/08\\\/11\\\/gobierno-hablara-con-cada-asambleista-para-aprobar-leyes\\\/#breadcrumb\"},\"inLanguage\":\"es\",\"potentialAction\":[{\"@type\":\"ReadAction\",\"target\":[\"https:\\\/\\\/www.eldiario.net\\\/portal\\\/2026\\\/08\\\/11\\\/gobierno-hablara-con-cada-asambleista-para-aprobar-leyes\\\/\"]}]},{\"@type\":\"ImageObject\",\"inLanguage\":\"es\",\"@id\":\"https:\\\/\\\/www.eldiario.net\\\/portal\\\/2026\\\/08\\\/11\\\/gobierno-hablara-con-cada-asambleista-para-aprobar-leyes\\\/#primaryimage\",\"url\":\"https:\\\/\\\/www.eldiario.net\\\/portal\\\/wp-content\\\/uploads\\\/2026\\\/08\\\/ASAMBLEA-FOTO.webp\",\"contentUrl\":\"https:\\\/\\\/www.eldiario.net\\\/portal\\\/wp-content\\\/uploads\\\/2026\\\/08\\\/ASAMBLEA-FOTO.webp\",\"width\":1280,\"height\":753,\"caption\":\"La Asamblea debatir\u00e1 nuevas leyes estructurales en los pr\u00f3ximos meses. Foto: Prensa Diputados.\"},{\"@type\":\"BreadcrumbList\",\"@id\":\"https:\\\/\\\/www.eldiario.net\\\/portal\\\/2026\\\/08\\\/11\\\/gobierno-hablara-con-cada-asambleista-para-aprobar-leyes\\\/#breadcrumb\",\"itemListElement\":[{\"@type\":\"ListItem\",\"position\":1,\"name\":\"Portada\",\"item\":\"https:\\\/\\\/www.eldiario.net\\\/portal\\\/\"},{\"@type\":\"ListItem\",\"position\":2,\"name\":\"Gobierno hablar\u00e1 con cada asamble\u00edsta para aprobar leyes\"}]},{\"@type\":\"WebSite\",\"@id\":\"https:\\\/\\\/www.eldiario.net\\\/portal\\\/#website\",\"url\":\"https:\\\/\\\/www.eldiario.net\\\/portal\\\/\",\"name\":\"El Diario - Decano de la prensa nacional\",\"description\":\"El Diario - Decano de la prensa nacional\",\"publisher\":{\"@id\":\"https:\\\/\\\/www.eldiario.net\\\/portal\\\/#organization\"},\"potentialAction\":[{\"@type\":\"SearchAction\",\"target\":{\"@type\":\"EntryPoint\",\"urlTemplate\":\"https:\\\/\\\/www.eldiario.net\\\/portal\\\/?s={search_term_string}\"},\"query-input\":{\"@type\":\"PropertyValueSpecification\",\"valueRequired\":true,\"valueName\":\"search_term_string\"}}],\"inLanguage\":\"es\"},{\"@type\":\"Organization\",\"@id\":\"https:\\\/\\\/www.eldiario.net\\\/portal\\\/#organization\",\"name\":\"El Diario - Decano de la prensa nacional\",\"url\":\"https:\\\/\\\/www.eldiario.net\\\/portal\\\/\",\"logo\":{\"@type\":\"ImageObject\",\"inLanguage\":\"es\",\"@id\":\"https:\\\/\\\/www.eldiario.net\\\/portal\\\/#\\\/schema\\\/logo\\\/image\\\/\",\"url\":\"https:\\\/\\\/www.eldiario.net\\\/portal\\\/wp-content\\\/uploads\\\/2023\\\/07\\\/logo_ED.jpg\",\"contentUrl\":\"https:\\\/\\\/www.eldiario.net\\\/portal\\\/wp-content\\\/uploads\\\/2023\\\/07\\\/logo_ED.jpg\",\"width\":272,\"height\":52,\"caption\":\"El Diario - Decano de la prensa nacional\"},\"image\":{\"@id\":\"https:\\\/\\\/www.eldiario.net\\\/portal\\\/#\\\/schema\\\/logo\\\/image\\\/\"},\"sameAs\":[\"https:\\\/\\\/www.facebook.com\\\/eldiario.bolivia\\\/\",\"https:\\\/\\\/x.com\\\/eldiario_net\"]},{\"@type\":\"Person\",\"@id\":\"https:\\\/\\\/www.eldiario.net\\\/portal\\\/#\\\/schema\\\/person\\\/f46445640444750d7d753ccd04ae01b7\",\"name\":\"Jeanette\",\"image\":{\"@type\":\"ImageObject\",\"inLanguage\":\"es\",\"@id\":\"https:\\\/\\\/secure.gravatar.com\\\/avatar\\\/3ea2118a5f7dad2b7138b1187a6b7ee55f160b9968b66013c3a3ef39dd7e5798?s=96&d=mm&r=g\",\"url\":\"https:\\\/\\\/secure.gravatar.com\\\/avatar\\\/3ea2118a5f7dad2b7138b1187a6b7ee55f160b9968b66013c3a3ef39dd7e5798?s=96&d=mm&r=g\",\"contentUrl\":\"https:\\\/\\\/secure.gravatar.com\\\/avatar\\\/3ea2118a5f7dad2b7138b1187a6b7ee55f160b9968b66013c3a3ef39dd7e5798?s=96&d=mm&r=g\",\"caption\":\"Jeanette\"},\"sameAs\":[\"https:\\\/\\\/www.eldiario.net\\\/portal\"],\"url\":\"https:\\\/\\\/www.eldiario.net\\\/portal\\\/author\\\/jeanette\\\/\"}]}<\/script>\n<!-- \/ Yoast SEO plugin. -->","yoast_head_json":{"title":"Gobierno hablar\u00e1 con cada asamble\u00edsta para aprobar leyes - El Diario - Bolivia","robots":{"index":"index","follow":"follow","max-snippet":"max-snippet:-1","max-image-preview":"max-image-preview:large","max-video-preview":"max-video-preview:-1"},"canonical":"https:\/\/www.eldiario.net\/portal\/2026\/08\/11\/gobierno-hablara-con-cada-asambleista-para-aprobar-leyes\/","og_locale":"es_ES","og_type":"article","og_title":"Gobierno hablar\u00e1 con cada asamble\u00edsta para aprobar leyes - El Diario - Bolivia","og_description":"El vocero presidencial, Jos\u00e9 Luis Galvez, anunci\u00f3 que, si bien el Gobierno gestionar\u00e1 la aprobaci\u00f3n de nuevas leyes con l\u00edderes pol\u00edticos, si es necesario, hablar\u00e1 con cada asamble\u00edsta para brindar apoyo a los proyectos normativos. Sin embargo, desde la alianza Libre ya han advertido el peligro de que este enfoque de apoyos se convierta en [&hellip;]","og_url":"https:\/\/www.eldiario.net\/portal\/2026\/08\/11\/gobierno-hablara-con-cada-asambleista-para-aprobar-leyes\/","og_site_name":"El Diario - Bolivia","article_publisher":"https:\/\/www.facebook.com\/eldiario.bolivia\/","article_published_time":"2026-08-11T10:07:18+00:00","og_image":[{"width":1280,"height":753,"url":"https:\/\/www.eldiario.net\/portal\/wp-content\/uploads\/2026\/08\/ASAMBLEA-FOTO.webp","type":"image\/webp"}],"author":"Jeanette","twitter_card":"summary_large_image","twitter_creator":"@eldiario_net","twitter_site":"@eldiario_net","twitter_misc":{"Escrito por":"Jeanette","Tiempo de lectura":"2 minutos"},"schema":{"@context":"https:\/\/schema.org","@graph":[{"@type":"Article","@id":"https:\/\/www.eldiario.net\/portal\/2026\/08\/11\/gobierno-hablara-con-cada-asambleista-para-aprobar-leyes\/#article","isPartOf":{"@id":"https:\/\/www.eldiario.net\/portal\/2026\/08\/11\/gobierno-hablara-con-cada-asambleista-para-aprobar-leyes\/"},"author":{"name":"Jeanette","@id":"https:\/\/www.eldiario.net\/portal\/#\/schema\/person\/f46445640444750d7d753ccd04ae01b7"},"headline":"Gobierno hablar\u00e1 con cada asamble\u00edsta para aprobar leyes","datePublished":"2026-08-11T10:07:18+00:00","mainEntityOfPage":{"@id":"https:\/\/www.eldiario.net\/portal\/2026\/08\/11\/gobierno-hablara-con-cada-asambleista-para-aprobar-leyes\/"},"wordCount":409,"publisher":{"@id":"https:\/\/www.eldiario.net\/portal\/#organization"},"image":{"@id":"https:\/\/www.eldiario.net\/portal\/2026\/08\/11\/gobierno-hablara-con-cada-asambleista-para-aprobar-leyes\/#primaryimage"},"thumbnailUrl":"https:\/\/www.eldiario.net\/portal\/wp-content\/uploads\/2026\/08\/ASAMBLEA-FOTO.webp","articleSection":["Pol\u00edtica"],"inLanguage":"es"},{"@type":"WebPage","@id":"https:\/\/www.eldiario.net\/portal\/2026\/08\/11\/gobierno-hablara-con-cada-asambleista-para-aprobar-leyes\/","url":"https:\/\/www.eldiario.net\/portal\/2026\/08\/11\/gobierno-hablara-con-cada-asambleista-para-aprobar-leyes\/","name":"Gobierno hablar\u00e1 con cada asamble\u00edsta para aprobar leyes - El Diario - Bolivia","isPartOf":{"@id":"https:\/\/www.eldiario.net\/portal\/#website"},"primaryImageOfPage":{"@id":"https:\/\/www.eldiario.net\/portal\/2026\/08\/11\/gobierno-hablara-con-cada-asambleista-para-aprobar-leyes\/#primaryimage"},"image":{"@id":"https:\/\/www.eldiario.net\/portal\/2026\/08\/11\/gobierno-hablara-con-cada-asambleista-para-aprobar-leyes\/#primaryimage"},"thumbnailUrl":"https:\/\/www.eldiario.net\/portal\/wp-content\/uploads\/2026\/08\/ASAMBLEA-FOTO.webp","datePublished":"2026-08-11T10:07:18+00:00","breadcrumb":{"@id":"https:\/\/www.eldiario.net\/portal\/2026\/08\/11\/gobierno-hablara-con-cada-asambleista-para-aprobar-leyes\/#breadcrumb"},"inLanguage":"es","potentialAction":[{"@type":"ReadAction","target":["https:\/\/www.eldiario.net\/portal\/2026\/08\/11\/gobierno-hablara-con-cada-asambleista-para-aprobar-leyes\/"]}]},{"@type":"ImageObject","inLanguage":"es","@id":"https:\/\/www.eldiario.net\/portal\/2026\/08\/11\/gobierno-hablara-con-cada-asambleista-para-aprobar-leyes\/#primaryimage","url":"https:\/\/www.eldiario.net\/portal\/wp-content\/uploads\/2026\/08\/ASAMBLEA-FOTO.webp","contentUrl":"https:\/\/www.eldiario.net\/portal\/wp-content\/uploads\/2026\/08\/ASAMBLEA-FOTO.webp","width":1280,"height":753,"caption":"La Asamblea debatir\u00e1 nuevas leyes estructurales en los pr\u00f3ximos meses. Foto: Prensa Diputados."},{"@type":"BreadcrumbList","@id":"https:\/\/www.eldiario.net\/portal\/2026\/08\/11\/gobierno-hablara-con-cada-asambleista-para-aprobar-leyes\/#breadcrumb","itemListElement":[{"@type":"ListItem","position":1,"name":"Portada","item":"https:\/\/www.eldiario.net\/portal\/"},{"@type":"ListItem","position":2,"name":"Gobierno hablar\u00e1 con cada asamble\u00edsta para aprobar leyes"}]},{"@type":"WebSite","@id":"https:\/\/www.eldiario.net\/portal\/#website","url":"https:\/\/www.eldiario.net\/portal\/","name":"El Diario - Decano de la prensa nacional","description":"El Diario - Decano de la prensa nacional","publisher":{"@id":"https:\/\/www.eldiario.net\/portal\/#organization"},"potentialAction":[{"@type":"SearchAction","target":{"@type":"EntryPoint","urlTemplate":"https:\/\/www.eldiario.net\/portal\/?s={search_term_string}"},"query-input":{"@type":"PropertyValueSpecification","valueRequired":true,"valueName":"search_term_string"}}],"inLanguage":"es"},{"@type":"Organization","@id":"https:\/\/www.eldiario.net\/portal\/#organization","name":"El Diario - Decano de la prensa nacional","url":"https:\/\/www.eldiario.net\/portal\/","logo":{"@type":"ImageObject","inLanguage":"es","@id":"https:\/\/www.eldiario.net\/portal\/#\/schema\/logo\/image\/","url":"https:\/\/www.eldiario.net\/portal\/wp-content\/uploads\/2023\/07\/logo_ED.jpg","contentUrl":"https:\/\/www.eldiario.net\/portal\/wp-content\/uploads\/2023\/07\/logo_ED.jpg","width":272,"height":52,"caption":"El Diario - Decano de la prensa nacional"},"image":{"@id":"https:\/\/www.eldiario.net\/portal\/#\/schema\/logo\/image\/"},"sameAs":["https:\/\/www.facebook.com\/eldiario.bolivia\/","https:\/\/x.com\/eldiario_net"]},{"@type":"Person","@id":"https:\/\/www.eldiario.net\/portal\/#\/schema\/person\/f46445640444750d7d753ccd04ae01b7","name":"Jeanette","image":{"@type":"ImageObject","inLanguage":"es","@id":"https:\/\/secure.gravatar.com\/avatar\/3ea2118a5f7dad2b7138b1187a6b7ee55f160b9968b66013c3a3ef39dd7e5798?s=96&d=mm&r=g","url":"https:\/\/secure.gravatar.com\/avatar\/3ea2118a5f7dad2b7138b1187a6b7ee55f160b9968b66013c3a3ef39dd7e5798?s=96&d=mm&r=g","contentUrl":"https:\/\/secure.gravatar.com\/avatar\/3ea2118a5f7dad2b7138b1187a6b7ee55f160b9968b66013c3a3ef39dd7e5798?s=96&d=mm&r=g","caption":"Jeanette"},"sameAs":["https:\/\/www.eldiario.net\/portal"],"url":"https:\/\/www.eldiario.net\/portal\/author\/jeanette\/"}]}},"_links":{"self":[{"href":"https:\/\/www.eldiario.net\/portal\/wp-json\/wp\/v2\/posts\/420387","targetHints":{"allow":["GET"]}}],"collection":[{"href":"https:\/\/www.eldiario.net\/portal\/wp-json\/wp\/v2\/posts"}],"about":[{"href":"https:\/\/www.eldiario.net\/portal\/wp-json\/wp\/v2\/types\/post"}],"author":[{"embeddable":true,"href":"https:\/\/www.eldiario.net\/portal\/wp-json\/wp\/v2\/users\/1"}],"replies":[{"embeddable":true,"href":"https:\/\/www.eldiario.net\/portal\/wp-json\/wp\/v2\/comments?post=420387"}],"version-history":[{"count":1,"href":"https:\/\/www.eldiario.net\/portal\/wp-json\/wp\/v2\/posts\/420387\/revisions"}],"predecessor-version":[{"id":420389,"href":"https:\/\/www.eldiario.net\/portal\/wp-json\/wp\/v2\/posts\/420387\/revisions\/420389"}],"wp:featuredmedia":[{"embeddable":true,"href":"https:\/\/www.eldiario.net\/portal\/wp-json\/wp\/v2\/media\/420388"}],"wp:attachment":[{"href":"https:\/\/www.eldiario.net\/portal\/wp-json\/wp\/v2\/media?parent=420387"}],"wp:term":[{"taxonomy":"category","embeddable":true,"href":"https:\/\/www.eldiario.net\/portal\/wp-json\/wp\/v2\/categories?post=420387"},{"taxonomy":"post_tag","embeddable":true,"href":"https:\/\/www.eldiario.net\/portal\/wp-json\/wp\/v2\/tags?post=420387"}],"curies":[{"name":"wp","href":"https:\/\/api.w.org\/{rel}","templated":true}]}}