{"id":420366,"date":"2026-08-11T06:02:18","date_gmt":"2026-08-11T10:02:18","guid":{"rendered":"https:\/\/www.eldiario.net\/portal\/?p=420366"},"modified":"2026-08-11T06:02:18","modified_gmt":"2026-08-11T10:02:18","slug":"vuelco-de-un-bus-en-carretera-villazon-la-paz-deja-14-heridos","status":"publish","type":"post","link":"https:\/\/www.eldiario.net\/portal\/2026\/08\/11\/vuelco-de-un-bus-en-carretera-villazon-la-paz-deja-14-heridos\/","title":{"rendered":"Vuelco de un bus en carretera  Villaz\u00f3n-La Paz deja 14 heridos"},"content":{"rendered":"<p>Un bus interdepartamental sufri\u00f3 un vuelco en la carretera Villaz\u00f3n-La Paz en las \u00faltimas horas, dejando como resultado 14 personas heridas. La Polic\u00eda sospecha que el hecho se produjo por exceso de velocidad y una posible falla mec\u00e1nica.<\/p>\n<p>El conductor de la empresa Trans Inca habr\u00eda pasado cerca de las 18:00 del domingo por un puesto de control, donde dio negativo a la prueba de alcoholemia, se\u00f1ala un reporte policial.<\/p>\n<p>Sin embargo, horas despu\u00e9s lleg\u00f3 hasta un sector donde la plataforma se encontraba ripiada. All\u00ed, el conductor habr\u00eda excedido la velocidad y perdido el control del motorizado, ocasionando que este sufriera un vuelco y terminara en un canal de desag\u00fce.<\/p>\n<p>Los 14 pasajeros heridos fueron evacuados al hospital Madre Obrera del municipio de Tupiza, donde recibieron atenci\u00f3n m\u00e9dica por las lesiones sufridas en el accidente de tr\u00e1nsito.<\/p>\n<p>No se descarta que el hecho se haya originado por una falla mec\u00e1nica que habr\u00eda ocasionado la p\u00e9rdida de control del motorizado y, posteriormente, el vuelco. (ABI)<\/p>\n","protected":false},"excerpt":{"rendered":"<p>Un bus interdepartamental sufri\u00f3 un vuelco en la carretera Villaz\u00f3n-La Paz en las \u00faltimas horas, dejando como resultado 14 personas heridas. La Polic\u00eda sospecha que el hecho se produjo por exceso de velocidad y una posible falla mec\u00e1nica. El conductor de la empresa Trans Inca habr\u00eda pasado cerca de las 18:00 del domingo por un [&hellip;]<\/p>\n","protected":false},"author":1,"featured_media":420367,"comment_status":"closed","ping_status":"open","sticky":false,"template":"","format":"standard","meta":{"_acf_changed":false,"footnotes":""},"categories":[15],"tags":[],"class_list":["post-420366","post","type-post","status-publish","format-standard","has-post-thumbnail","category-portada"],"acf":{"antetitulo":""},"yoast_head":"<!-- This site is optimized with the Yoast SEO plugin v28.3 - https:\/\/yoast.com\/product\/yoast-seo-wordpress\/ -->\n<title>Vuelco de un bus en carretera Villaz\u00f3n-La Paz deja 14 heridos - El Diario - Bolivia<\/title>\n<meta name=\"robots\" content=\"index, follow, max-snippet:-1, max-image-preview:large, max-video-preview:-1\" \/>\n<link rel=\"canonical\" href=\"https:\/\/www.eldiario.net\/portal\/2026\/08\/11\/vuelco-de-un-bus-en-carretera-villazon-la-paz-deja-14-heridos\/\" \/>\n<meta property=\"og:locale\" content=\"es_ES\" \/>\n<meta property=\"og:type\" content=\"article\" \/>\n<meta property=\"og:title\" content=\"Vuelco de un bus en carretera Villaz\u00f3n-La Paz deja 14 heridos - El Diario - Bolivia\" \/>\n<meta property=\"og:description\" content=\"Un bus interdepartamental sufri\u00f3 un vuelco en la carretera Villaz\u00f3n-La Paz en las \u00faltimas horas, dejando como resultado 14 personas heridas. La Polic\u00eda sospecha que el hecho se produjo por exceso de velocidad y una posible falla mec\u00e1nica. El conductor de la empresa Trans Inca habr\u00eda pasado cerca de las 18:00 del domingo por un [&hellip;]\" \/>\n<meta property=\"og:url\" content=\"https:\/\/www.eldiario.net\/portal\/2026\/08\/11\/vuelco-de-un-bus-en-carretera-villazon-la-paz-deja-14-heridos\/\" \/>\n<meta property=\"og:site_name\" content=\"El Diario - Bolivia\" \/>\n<meta property=\"article:publisher\" content=\"https:\/\/www.facebook.com\/eldiario.bolivia\/\" \/>\n<meta property=\"article:published_time\" content=\"2026-08-11T10:02:18+00:00\" \/>\n<meta property=\"og:image\" content=\"https:\/\/www.eldiario.net\/portal\/wp-content\/uploads\/2026\/08\/VUELCO-FOTO.webp\" \/>\n\t<meta property=\"og:image:width\" content=\"768\" \/>\n\t<meta property=\"og:image:height\" content=\"563\" \/>\n\t<meta property=\"og:image:type\" content=\"image\/webp\" \/>\n<meta name=\"author\" content=\"Jeanette\" \/>\n<meta name=\"twitter:card\" content=\"summary_large_image\" \/>\n<meta name=\"twitter:creator\" content=\"@eldiario_net\" \/>\n<meta name=\"twitter:site\" content=\"@eldiario_net\" \/>\n<meta name=\"twitter:label1\" content=\"Escrito por\" \/>\n\t<meta name=\"twitter:data1\" content=\"Jeanette\" \/>\n\t<meta name=\"twitter:label2\" content=\"Tiempo de lectura\" \/>\n\t<meta name=\"twitter:data2\" content=\"1 minuto\" \/>\n<script type=\"application\/ld+json\" class=\"yoast-schema-graph\">{\"@context\":\"https:\\\/\\\/schema.org\",\"@graph\":[{\"@type\":\"Article\",\"@id\":\"https:\\\/\\\/www.eldiario.net\\\/portal\\\/2026\\\/08\\\/11\\\/vuelco-de-un-bus-en-carretera-villazon-la-paz-deja-14-heridos\\\/#article\",\"isPartOf\":{\"@id\":\"https:\\\/\\\/www.eldiario.net\\\/portal\\\/2026\\\/08\\\/11\\\/vuelco-de-un-bus-en-carretera-villazon-la-paz-deja-14-heridos\\\/\"},\"author\":{\"name\":\"Jeanette\",\"@id\":\"https:\\\/\\\/www.eldiario.net\\\/portal\\\/#\\\/schema\\\/person\\\/f46445640444750d7d753ccd04ae01b7\"},\"headline\":\"Vuelco de un bus en carretera Villaz\u00f3n-La Paz deja 14 heridos\",\"datePublished\":\"2026-08-11T10:02:18+00:00\",\"mainEntityOfPage\":{\"@id\":\"https:\\\/\\\/www.eldiario.net\\\/portal\\\/2026\\\/08\\\/11\\\/vuelco-de-un-bus-en-carretera-villazon-la-paz-deja-14-heridos\\\/\"},\"wordCount\":186,\"publisher\":{\"@id\":\"https:\\\/\\\/www.eldiario.net\\\/portal\\\/#organization\"},\"image\":{\"@id\":\"https:\\\/\\\/www.eldiario.net\\\/portal\\\/2026\\\/08\\\/11\\\/vuelco-de-un-bus-en-carretera-villazon-la-paz-deja-14-heridos\\\/#primaryimage\"},\"thumbnailUrl\":\"https:\\\/\\\/www.eldiario.net\\\/portal\\\/wp-content\\\/uploads\\\/2026\\\/08\\\/VUELCO-FOTO.webp\",\"articleSection\":[\"Portada\"],\"inLanguage\":\"es\"},{\"@type\":\"WebPage\",\"@id\":\"https:\\\/\\\/www.eldiario.net\\\/portal\\\/2026\\\/08\\\/11\\\/vuelco-de-un-bus-en-carretera-villazon-la-paz-deja-14-heridos\\\/\",\"url\":\"https:\\\/\\\/www.eldiario.net\\\/portal\\\/2026\\\/08\\\/11\\\/vuelco-de-un-bus-en-carretera-villazon-la-paz-deja-14-heridos\\\/\",\"name\":\"Vuelco de un bus en carretera Villaz\u00f3n-La Paz deja 14 heridos - El Diario - Bolivia\",\"isPartOf\":{\"@id\":\"https:\\\/\\\/www.eldiario.net\\\/portal\\\/#website\"},\"primaryImageOfPage\":{\"@id\":\"https:\\\/\\\/www.eldiario.net\\\/portal\\\/2026\\\/08\\\/11\\\/vuelco-de-un-bus-en-carretera-villazon-la-paz-deja-14-heridos\\\/#primaryimage\"},\"image\":{\"@id\":\"https:\\\/\\\/www.eldiario.net\\\/portal\\\/2026\\\/08\\\/11\\\/vuelco-de-un-bus-en-carretera-villazon-la-paz-deja-14-heridos\\\/#primaryimage\"},\"thumbnailUrl\":\"https:\\\/\\\/www.eldiario.net\\\/portal\\\/wp-content\\\/uploads\\\/2026\\\/08\\\/VUELCO-FOTO.webp\",\"datePublished\":\"2026-08-11T10:02:18+00:00\",\"breadcrumb\":{\"@id\":\"https:\\\/\\\/www.eldiario.net\\\/portal\\\/2026\\\/08\\\/11\\\/vuelco-de-un-bus-en-carretera-villazon-la-paz-deja-14-heridos\\\/#breadcrumb\"},\"inLanguage\":\"es\",\"potentialAction\":[{\"@type\":\"ReadAction\",\"target\":[\"https:\\\/\\\/www.eldiario.net\\\/portal\\\/2026\\\/08\\\/11\\\/vuelco-de-un-bus-en-carretera-villazon-la-paz-deja-14-heridos\\\/\"]}]},{\"@type\":\"ImageObject\",\"inLanguage\":\"es\",\"@id\":\"https:\\\/\\\/www.eldiario.net\\\/portal\\\/2026\\\/08\\\/11\\\/vuelco-de-un-bus-en-carretera-villazon-la-paz-deja-14-heridos\\\/#primaryimage\",\"url\":\"https:\\\/\\\/www.eldiario.net\\\/portal\\\/wp-content\\\/uploads\\\/2026\\\/08\\\/VUELCO-FOTO.webp\",\"contentUrl\":\"https:\\\/\\\/www.eldiario.net\\\/portal\\\/wp-content\\\/uploads\\\/2026\\\/08\\\/VUELCO-FOTO.webp\",\"width\":768,\"height\":563,\"caption\":\"El bus que sufri\u00f3 el accidente de tr\u00e1nsito. Foto: ABI\"},{\"@type\":\"BreadcrumbList\",\"@id\":\"https:\\\/\\\/www.eldiario.net\\\/portal\\\/2026\\\/08\\\/11\\\/vuelco-de-un-bus-en-carretera-villazon-la-paz-deja-14-heridos\\\/#breadcrumb\",\"itemListElement\":[{\"@type\":\"ListItem\",\"position\":1,\"name\":\"Portada\",\"item\":\"https:\\\/\\\/www.eldiario.net\\\/portal\\\/\"},{\"@type\":\"ListItem\",\"position\":2,\"name\":\"Vuelco de un bus en carretera Villaz\u00f3n-La Paz deja 14 heridos\"}]},{\"@type\":\"WebSite\",\"@id\":\"https:\\\/\\\/www.eldiario.net\\\/portal\\\/#website\",\"url\":\"https:\\\/\\\/www.eldiario.net\\\/portal\\\/\",\"name\":\"El Diario - Decano de la prensa nacional\",\"description\":\"El Diario - Decano de la prensa nacional\",\"publisher\":{\"@id\":\"https:\\\/\\\/www.eldiario.net\\\/portal\\\/#organization\"},\"potentialAction\":[{\"@type\":\"SearchAction\",\"target\":{\"@type\":\"EntryPoint\",\"urlTemplate\":\"https:\\\/\\\/www.eldiario.net\\\/portal\\\/?s={search_term_string}\"},\"query-input\":{\"@type\":\"PropertyValueSpecification\",\"valueRequired\":true,\"valueName\":\"search_term_string\"}}],\"inLanguage\":\"es\"},{\"@type\":\"Organization\",\"@id\":\"https:\\\/\\\/www.eldiario.net\\\/portal\\\/#organization\",\"name\":\"El Diario - Decano de la prensa nacional\",\"url\":\"https:\\\/\\\/www.eldiario.net\\\/portal\\\/\",\"logo\":{\"@type\":\"ImageObject\",\"inLanguage\":\"es\",\"@id\":\"https:\\\/\\\/www.eldiario.net\\\/portal\\\/#\\\/schema\\\/logo\\\/image\\\/\",\"url\":\"https:\\\/\\\/www.eldiario.net\\\/portal\\\/wp-content\\\/uploads\\\/2023\\\/07\\\/logo_ED.jpg\",\"contentUrl\":\"https:\\\/\\\/www.eldiario.net\\\/portal\\\/wp-content\\\/uploads\\\/2023\\\/07\\\/logo_ED.jpg\",\"width\":272,\"height\":52,\"caption\":\"El Diario - Decano de la prensa nacional\"},\"image\":{\"@id\":\"https:\\\/\\\/www.eldiario.net\\\/portal\\\/#\\\/schema\\\/logo\\\/image\\\/\"},\"sameAs\":[\"https:\\\/\\\/www.facebook.com\\\/eldiario.bolivia\\\/\",\"https:\\\/\\\/x.com\\\/eldiario_net\"]},{\"@type\":\"Person\",\"@id\":\"https:\\\/\\\/www.eldiario.net\\\/portal\\\/#\\\/schema\\\/person\\\/f46445640444750d7d753ccd04ae01b7\",\"name\":\"Jeanette\",\"image\":{\"@type\":\"ImageObject\",\"inLanguage\":\"es\",\"@id\":\"https:\\\/\\\/secure.gravatar.com\\\/avatar\\\/3ea2118a5f7dad2b7138b1187a6b7ee55f160b9968b66013c3a3ef39dd7e5798?s=96&d=mm&r=g\",\"url\":\"https:\\\/\\\/secure.gravatar.com\\\/avatar\\\/3ea2118a5f7dad2b7138b1187a6b7ee55f160b9968b66013c3a3ef39dd7e5798?s=96&d=mm&r=g\",\"contentUrl\":\"https:\\\/\\\/secure.gravatar.com\\\/avatar\\\/3ea2118a5f7dad2b7138b1187a6b7ee55f160b9968b66013c3a3ef39dd7e5798?s=96&d=mm&r=g\",\"caption\":\"Jeanette\"},\"sameAs\":[\"https:\\\/\\\/www.eldiario.net\\\/portal\"],\"url\":\"https:\\\/\\\/www.eldiario.net\\\/portal\\\/author\\\/jeanette\\\/\"}]}<\/script>\n<!-- \/ Yoast SEO plugin. -->","yoast_head_json":{"title":"Vuelco de un bus en carretera Villaz\u00f3n-La Paz deja 14 heridos - El Diario - Bolivia","robots":{"index":"index","follow":"follow","max-snippet":"max-snippet:-1","max-image-preview":"max-image-preview:large","max-video-preview":"max-video-preview:-1"},"canonical":"https:\/\/www.eldiario.net\/portal\/2026\/08\/11\/vuelco-de-un-bus-en-carretera-villazon-la-paz-deja-14-heridos\/","og_locale":"es_ES","og_type":"article","og_title":"Vuelco de un bus en carretera Villaz\u00f3n-La Paz deja 14 heridos - El Diario - Bolivia","og_description":"Un bus interdepartamental sufri\u00f3 un vuelco en la carretera Villaz\u00f3n-La Paz en las \u00faltimas horas, dejando como resultado 14 personas heridas. La Polic\u00eda sospecha que el hecho se produjo por exceso de velocidad y una posible falla mec\u00e1nica. El conductor de la empresa Trans Inca habr\u00eda pasado cerca de las 18:00 del domingo por un [&hellip;]","og_url":"https:\/\/www.eldiario.net\/portal\/2026\/08\/11\/vuelco-de-un-bus-en-carretera-villazon-la-paz-deja-14-heridos\/","og_site_name":"El Diario - Bolivia","article_publisher":"https:\/\/www.facebook.com\/eldiario.bolivia\/","article_published_time":"2026-08-11T10:02:18+00:00","og_image":[{"width":768,"height":563,"url":"https:\/\/www.eldiario.net\/portal\/wp-content\/uploads\/2026\/08\/VUELCO-FOTO.webp","type":"image\/webp"}],"author":"Jeanette","twitter_card":"summary_large_image","twitter_creator":"@eldiario_net","twitter_site":"@eldiario_net","twitter_misc":{"Escrito por":"Jeanette","Tiempo de lectura":"1 minuto"},"schema":{"@context":"https:\/\/schema.org","@graph":[{"@type":"Article","@id":"https:\/\/www.eldiario.net\/portal\/2026\/08\/11\/vuelco-de-un-bus-en-carretera-villazon-la-paz-deja-14-heridos\/#article","isPartOf":{"@id":"https:\/\/www.eldiario.net\/portal\/2026\/08\/11\/vuelco-de-un-bus-en-carretera-villazon-la-paz-deja-14-heridos\/"},"author":{"name":"Jeanette","@id":"https:\/\/www.eldiario.net\/portal\/#\/schema\/person\/f46445640444750d7d753ccd04ae01b7"},"headline":"Vuelco de un bus en carretera Villaz\u00f3n-La Paz deja 14 heridos","datePublished":"2026-08-11T10:02:18+00:00","mainEntityOfPage":{"@id":"https:\/\/www.eldiario.net\/portal\/2026\/08\/11\/vuelco-de-un-bus-en-carretera-villazon-la-paz-deja-14-heridos\/"},"wordCount":186,"publisher":{"@id":"https:\/\/www.eldiario.net\/portal\/#organization"},"image":{"@id":"https:\/\/www.eldiario.net\/portal\/2026\/08\/11\/vuelco-de-un-bus-en-carretera-villazon-la-paz-deja-14-heridos\/#primaryimage"},"thumbnailUrl":"https:\/\/www.eldiario.net\/portal\/wp-content\/uploads\/2026\/08\/VUELCO-FOTO.webp","articleSection":["Portada"],"inLanguage":"es"},{"@type":"WebPage","@id":"https:\/\/www.eldiario.net\/portal\/2026\/08\/11\/vuelco-de-un-bus-en-carretera-villazon-la-paz-deja-14-heridos\/","url":"https:\/\/www.eldiario.net\/portal\/2026\/08\/11\/vuelco-de-un-bus-en-carretera-villazon-la-paz-deja-14-heridos\/","name":"Vuelco de un bus en carretera Villaz\u00f3n-La Paz deja 14 heridos - El Diario - Bolivia","isPartOf":{"@id":"https:\/\/www.eldiario.net\/portal\/#website"},"primaryImageOfPage":{"@id":"https:\/\/www.eldiario.net\/portal\/2026\/08\/11\/vuelco-de-un-bus-en-carretera-villazon-la-paz-deja-14-heridos\/#primaryimage"},"image":{"@id":"https:\/\/www.eldiario.net\/portal\/2026\/08\/11\/vuelco-de-un-bus-en-carretera-villazon-la-paz-deja-14-heridos\/#primaryimage"},"thumbnailUrl":"https:\/\/www.eldiario.net\/portal\/wp-content\/uploads\/2026\/08\/VUELCO-FOTO.webp","datePublished":"2026-08-11T10:02:18+00:00","breadcrumb":{"@id":"https:\/\/www.eldiario.net\/portal\/2026\/08\/11\/vuelco-de-un-bus-en-carretera-villazon-la-paz-deja-14-heridos\/#breadcrumb"},"inLanguage":"es","potentialAction":[{"@type":"ReadAction","target":["https:\/\/www.eldiario.net\/portal\/2026\/08\/11\/vuelco-de-un-bus-en-carretera-villazon-la-paz-deja-14-heridos\/"]}]},{"@type":"ImageObject","inLanguage":"es","@id":"https:\/\/www.eldiario.net\/portal\/2026\/08\/11\/vuelco-de-un-bus-en-carretera-villazon-la-paz-deja-14-heridos\/#primaryimage","url":"https:\/\/www.eldiario.net\/portal\/wp-content\/uploads\/2026\/08\/VUELCO-FOTO.webp","contentUrl":"https:\/\/www.eldiario.net\/portal\/wp-content\/uploads\/2026\/08\/VUELCO-FOTO.webp","width":768,"height":563,"caption":"El bus que sufri\u00f3 el accidente de tr\u00e1nsito. Foto: ABI"},{"@type":"BreadcrumbList","@id":"https:\/\/www.eldiario.net\/portal\/2026\/08\/11\/vuelco-de-un-bus-en-carretera-villazon-la-paz-deja-14-heridos\/#breadcrumb","itemListElement":[{"@type":"ListItem","position":1,"name":"Portada","item":"https:\/\/www.eldiario.net\/portal\/"},{"@type":"ListItem","position":2,"name":"Vuelco de un bus en carretera Villaz\u00f3n-La Paz deja 14 heridos"}]},{"@type":"WebSite","@id":"https:\/\/www.eldiario.net\/portal\/#website","url":"https:\/\/www.eldiario.net\/portal\/","name":"El Diario - Decano de la prensa nacional","description":"El Diario - Decano de la prensa nacional","publisher":{"@id":"https:\/\/www.eldiario.net\/portal\/#organization"},"potentialAction":[{"@type":"SearchAction","target":{"@type":"EntryPoint","urlTemplate":"https:\/\/www.eldiario.net\/portal\/?s={search_term_string}"},"query-input":{"@type":"PropertyValueSpecification","valueRequired":true,"valueName":"search_term_string"}}],"inLanguage":"es"},{"@type":"Organization","@id":"https:\/\/www.eldiario.net\/portal\/#organization","name":"El Diario - Decano de la prensa nacional","url":"https:\/\/www.eldiario.net\/portal\/","logo":{"@type":"ImageObject","inLanguage":"es","@id":"https:\/\/www.eldiario.net\/portal\/#\/schema\/logo\/image\/","url":"https:\/\/www.eldiario.net\/portal\/wp-content\/uploads\/2023\/07\/logo_ED.jpg","contentUrl":"https:\/\/www.eldiario.net\/portal\/wp-content\/uploads\/2023\/07\/logo_ED.jpg","width":272,"height":52,"caption":"El Diario - Decano de la prensa nacional"},"image":{"@id":"https:\/\/www.eldiario.net\/portal\/#\/schema\/logo\/image\/"},"sameAs":["https:\/\/www.facebook.com\/eldiario.bolivia\/","https:\/\/x.com\/eldiario_net"]},{"@type":"Person","@id":"https:\/\/www.eldiario.net\/portal\/#\/schema\/person\/f46445640444750d7d753ccd04ae01b7","name":"Jeanette","image":{"@type":"ImageObject","inLanguage":"es","@id":"https:\/\/secure.gravatar.com\/avatar\/3ea2118a5f7dad2b7138b1187a6b7ee55f160b9968b66013c3a3ef39dd7e5798?s=96&d=mm&r=g","url":"https:\/\/secure.gravatar.com\/avatar\/3ea2118a5f7dad2b7138b1187a6b7ee55f160b9968b66013c3a3ef39dd7e5798?s=96&d=mm&r=g","contentUrl":"https:\/\/secure.gravatar.com\/avatar\/3ea2118a5f7dad2b7138b1187a6b7ee55f160b9968b66013c3a3ef39dd7e5798?s=96&d=mm&r=g","caption":"Jeanette"},"sameAs":["https:\/\/www.eldiario.net\/portal"],"url":"https:\/\/www.eldiario.net\/portal\/author\/jeanette\/"}]}},"_links":{"self":[{"href":"https:\/\/www.eldiario.net\/portal\/wp-json\/wp\/v2\/posts\/420366","targetHints":{"allow":["GET"]}}],"collection":[{"href":"https:\/\/www.eldiario.net\/portal\/wp-json\/wp\/v2\/posts"}],"about":[{"href":"https:\/\/www.eldiario.net\/portal\/wp-json\/wp\/v2\/types\/post"}],"author":[{"embeddable":true,"href":"https:\/\/www.eldiario.net\/portal\/wp-json\/wp\/v2\/users\/1"}],"replies":[{"embeddable":true,"href":"https:\/\/www.eldiario.net\/portal\/wp-json\/wp\/v2\/comments?post=420366"}],"version-history":[{"count":1,"href":"https:\/\/www.eldiario.net\/portal\/wp-json\/wp\/v2\/posts\/420366\/revisions"}],"predecessor-version":[{"id":420368,"href":"https:\/\/www.eldiario.net\/portal\/wp-json\/wp\/v2\/posts\/420366\/revisions\/420368"}],"wp:featuredmedia":[{"embeddable":true,"href":"https:\/\/www.eldiario.net\/portal\/wp-json\/wp\/v2\/media\/420367"}],"wp:attachment":[{"href":"https:\/\/www.eldiario.net\/portal\/wp-json\/wp\/v2\/media?parent=420366"}],"wp:term":[{"taxonomy":"category","embeddable":true,"href":"https:\/\/www.eldiario.net\/portal\/wp-json\/wp\/v2\/categories?post=420366"},{"taxonomy":"post_tag","embeddable":true,"href":"https:\/\/www.eldiario.net\/portal\/wp-json\/wp\/v2\/tags?post=420366"}],"curies":[{"name":"wp","href":"https:\/\/api.w.org\/{rel}","templated":true}]}}