{"id":420360,"date":"2026-08-11T06:00:59","date_gmt":"2026-08-11T10:00:59","guid":{"rendered":"https:\/\/www.eldiario.net\/portal\/?p=420360"},"modified":"2026-08-11T06:00:59","modified_gmt":"2026-08-11T10:00:59","slug":"eeuu-anuncia-ayuda-de-us-155-millones-tras-terremoto-en-colombia","status":"publish","type":"post","link":"https:\/\/www.eldiario.net\/portal\/2026\/08\/11\/eeuu-anuncia-ayuda-de-us-155-millones-tras-terremoto-en-colombia\/","title":{"rendered":"EEUU anuncia ayuda de $us 15,5 millones tras terremoto en Colombia"},"content":{"rendered":"<p>El Gobierno de Estados Unidos ha anunciado ayer que destinar\u00e1 m\u00e1s de 15,5 millones de d\u00f3lares a financiar refugios de emergencia, alimentos, medidas de protecci\u00f3n y evaluaciones de da\u00f1os, tras el terremoto de magnitud 7,4 en la escala de Richter que ha sacudido horas antes a diversos puntos de Colombia.<\/p>\n<p>\u00abTras el devastador terremoto de magnitud 7,4 ocurrido hoy en diversas regiones de Colombia, la Administraci\u00f3n Trump est\u00e1 comprometiendo 15,5 millones de d\u00f3lares (unos 13,4 millones de euros) para financiar refugios de emergencia, alimentos, medidas de protecci\u00f3n y evaluaciones de los da\u00f1os causados por el terremoto\u00bb, ha se\u00f1alado el Departamento de Estado estadounidense en un mensaje en redes.<\/p>\n<p>A rengl\u00f3n seguido, Washington ha asegurado estar \u00abdispuesto\u00bb a \u00abapoyar al presidente\u00bb de Colombia, Abelardo de la Espriella &#8211;quien tom\u00f3 posesi\u00f3n de su cargo el pasado 7 de agosto en la ciudad de Cali&#8211; y a su Gobierno, mientras eval\u00faan las necesidades sobre el terreno.<\/p>\n<p>De acuerdo con el \u00faltimo balance dado a conocer por el propio jefe del Ejecutivo colombiano, el se\u00edsmo registrado este lunes con epicentro cerca de la localidad de San Jos\u00e9 del Palmar, en el departamento del Choc\u00f3, en el noroeste de Colombia, se ha cobrado la vida de m\u00e1s de un centenar de personas. (Europa Press)<\/p>\n","protected":false},"excerpt":{"rendered":"<p>El Gobierno de Estados Unidos ha anunciado ayer que destinar\u00e1 m\u00e1s de 15,5 millones de d\u00f3lares a financiar refugios de emergencia, alimentos, medidas de protecci\u00f3n y evaluaciones de da\u00f1os, tras el terremoto de magnitud 7,4 en la escala de Richter que ha sacudido horas antes a diversos puntos de Colombia. \u00abTras el devastador terremoto de [&hellip;]<\/p>\n","protected":false},"author":1,"featured_media":420361,"comment_status":"closed","ping_status":"open","sticky":false,"template":"","format":"standard","meta":{"_acf_changed":false,"footnotes":""},"categories":[15],"tags":[],"class_list":["post-420360","post","type-post","status-publish","format-standard","has-post-thumbnail","category-portada"],"acf":{"antetitulo":""},"yoast_head":"<!-- This site is optimized with the Yoast SEO plugin v28.3 - https:\/\/yoast.com\/product\/yoast-seo-wordpress\/ -->\n<title>EEUU anuncia ayuda de $us 15,5 millones tras terremoto en Colombia - El Diario - Bolivia<\/title>\n<meta name=\"robots\" content=\"index, follow, max-snippet:-1, max-image-preview:large, max-video-preview:-1\" \/>\n<link rel=\"canonical\" href=\"https:\/\/www.eldiario.net\/portal\/2026\/08\/11\/eeuu-anuncia-ayuda-de-us-155-millones-tras-terremoto-en-colombia\/\" \/>\n<meta property=\"og:locale\" content=\"es_ES\" \/>\n<meta property=\"og:type\" content=\"article\" \/>\n<meta property=\"og:title\" content=\"EEUU anuncia ayuda de $us 15,5 millones tras terremoto en Colombia - El Diario - Bolivia\" \/>\n<meta property=\"og:description\" content=\"El Gobierno de Estados Unidos ha anunciado ayer que destinar\u00e1 m\u00e1s de 15,5 millones de d\u00f3lares a financiar refugios de emergencia, alimentos, medidas de protecci\u00f3n y evaluaciones de da\u00f1os, tras el terremoto de magnitud 7,4 en la escala de Richter que ha sacudido horas antes a diversos puntos de Colombia. \u00abTras el devastador terremoto de [&hellip;]\" \/>\n<meta property=\"og:url\" content=\"https:\/\/www.eldiario.net\/portal\/2026\/08\/11\/eeuu-anuncia-ayuda-de-us-155-millones-tras-terremoto-en-colombia\/\" \/>\n<meta property=\"og:site_name\" content=\"El Diario - Bolivia\" \/>\n<meta property=\"article:publisher\" content=\"https:\/\/www.facebook.com\/eldiario.bolivia\/\" \/>\n<meta property=\"article:published_time\" content=\"2026-08-11T10:00:59+00:00\" \/>\n<meta property=\"og:image\" content=\"https:\/\/www.eldiario.net\/portal\/wp-content\/uploads\/2026\/08\/ZETA-FOTO.webp\" \/>\n\t<meta property=\"og:image:width\" content=\"660\" \/>\n\t<meta property=\"og:image:height\" content=\"440\" \/>\n\t<meta property=\"og:image:type\" content=\"image\/webp\" \/>\n<meta name=\"author\" content=\"Jeanette\" \/>\n<meta name=\"twitter:card\" content=\"summary_large_image\" \/>\n<meta name=\"twitter:creator\" content=\"@eldiario_net\" \/>\n<meta name=\"twitter:site\" content=\"@eldiario_net\" \/>\n<meta name=\"twitter:label1\" content=\"Escrito por\" \/>\n\t<meta name=\"twitter:data1\" content=\"Jeanette\" \/>\n\t<meta name=\"twitter:label2\" content=\"Tiempo de lectura\" \/>\n\t<meta name=\"twitter:data2\" content=\"2 minutos\" \/>\n<script type=\"application\/ld+json\" class=\"yoast-schema-graph\">{\"@context\":\"https:\\\/\\\/schema.org\",\"@graph\":[{\"@type\":\"Article\",\"@id\":\"https:\\\/\\\/www.eldiario.net\\\/portal\\\/2026\\\/08\\\/11\\\/eeuu-anuncia-ayuda-de-us-155-millones-tras-terremoto-en-colombia\\\/#article\",\"isPartOf\":{\"@id\":\"https:\\\/\\\/www.eldiario.net\\\/portal\\\/2026\\\/08\\\/11\\\/eeuu-anuncia-ayuda-de-us-155-millones-tras-terremoto-en-colombia\\\/\"},\"author\":{\"name\":\"Jeanette\",\"@id\":\"https:\\\/\\\/www.eldiario.net\\\/portal\\\/#\\\/schema\\\/person\\\/f46445640444750d7d753ccd04ae01b7\"},\"headline\":\"EEUU anuncia ayuda de $us 15,5 millones tras terremoto en Colombia\",\"datePublished\":\"2026-08-11T10:00:59+00:00\",\"mainEntityOfPage\":{\"@id\":\"https:\\\/\\\/www.eldiario.net\\\/portal\\\/2026\\\/08\\\/11\\\/eeuu-anuncia-ayuda-de-us-155-millones-tras-terremoto-en-colombia\\\/\"},\"wordCount\":227,\"publisher\":{\"@id\":\"https:\\\/\\\/www.eldiario.net\\\/portal\\\/#organization\"},\"image\":{\"@id\":\"https:\\\/\\\/www.eldiario.net\\\/portal\\\/2026\\\/08\\\/11\\\/eeuu-anuncia-ayuda-de-us-155-millones-tras-terremoto-en-colombia\\\/#primaryimage\"},\"thumbnailUrl\":\"https:\\\/\\\/www.eldiario.net\\\/portal\\\/wp-content\\\/uploads\\\/2026\\\/08\\\/ZETA-FOTO.webp\",\"articleSection\":[\"Portada\"],\"inLanguage\":\"es\"},{\"@type\":\"WebPage\",\"@id\":\"https:\\\/\\\/www.eldiario.net\\\/portal\\\/2026\\\/08\\\/11\\\/eeuu-anuncia-ayuda-de-us-155-millones-tras-terremoto-en-colombia\\\/\",\"url\":\"https:\\\/\\\/www.eldiario.net\\\/portal\\\/2026\\\/08\\\/11\\\/eeuu-anuncia-ayuda-de-us-155-millones-tras-terremoto-en-colombia\\\/\",\"name\":\"EEUU anuncia ayuda de $us 15,5 millones tras terremoto en Colombia - El Diario - Bolivia\",\"isPartOf\":{\"@id\":\"https:\\\/\\\/www.eldiario.net\\\/portal\\\/#website\"},\"primaryImageOfPage\":{\"@id\":\"https:\\\/\\\/www.eldiario.net\\\/portal\\\/2026\\\/08\\\/11\\\/eeuu-anuncia-ayuda-de-us-155-millones-tras-terremoto-en-colombia\\\/#primaryimage\"},\"image\":{\"@id\":\"https:\\\/\\\/www.eldiario.net\\\/portal\\\/2026\\\/08\\\/11\\\/eeuu-anuncia-ayuda-de-us-155-millones-tras-terremoto-en-colombia\\\/#primaryimage\"},\"thumbnailUrl\":\"https:\\\/\\\/www.eldiario.net\\\/portal\\\/wp-content\\\/uploads\\\/2026\\\/08\\\/ZETA-FOTO.webp\",\"datePublished\":\"2026-08-11T10:00:59+00:00\",\"breadcrumb\":{\"@id\":\"https:\\\/\\\/www.eldiario.net\\\/portal\\\/2026\\\/08\\\/11\\\/eeuu-anuncia-ayuda-de-us-155-millones-tras-terremoto-en-colombia\\\/#breadcrumb\"},\"inLanguage\":\"es\",\"potentialAction\":[{\"@type\":\"ReadAction\",\"target\":[\"https:\\\/\\\/www.eldiario.net\\\/portal\\\/2026\\\/08\\\/11\\\/eeuu-anuncia-ayuda-de-us-155-millones-tras-terremoto-en-colombia\\\/\"]}]},{\"@type\":\"ImageObject\",\"inLanguage\":\"es\",\"@id\":\"https:\\\/\\\/www.eldiario.net\\\/portal\\\/2026\\\/08\\\/11\\\/eeuu-anuncia-ayuda-de-us-155-millones-tras-terremoto-en-colombia\\\/#primaryimage\",\"url\":\"https:\\\/\\\/www.eldiario.net\\\/portal\\\/wp-content\\\/uploads\\\/2026\\\/08\\\/ZETA-FOTO.webp\",\"contentUrl\":\"https:\\\/\\\/www.eldiario.net\\\/portal\\\/wp-content\\\/uploads\\\/2026\\\/08\\\/ZETA-FOTO.webp\",\"width\":660,\"height\":440,\"caption\":\"Afectaciones por el temblor en el centro de Manizales. Foto: MARCA\"},{\"@type\":\"BreadcrumbList\",\"@id\":\"https:\\\/\\\/www.eldiario.net\\\/portal\\\/2026\\\/08\\\/11\\\/eeuu-anuncia-ayuda-de-us-155-millones-tras-terremoto-en-colombia\\\/#breadcrumb\",\"itemListElement\":[{\"@type\":\"ListItem\",\"position\":1,\"name\":\"Portada\",\"item\":\"https:\\\/\\\/www.eldiario.net\\\/portal\\\/\"},{\"@type\":\"ListItem\",\"position\":2,\"name\":\"EEUU anuncia ayuda de $us 15,5 millones tras terremoto en Colombia\"}]},{\"@type\":\"WebSite\",\"@id\":\"https:\\\/\\\/www.eldiario.net\\\/portal\\\/#website\",\"url\":\"https:\\\/\\\/www.eldiario.net\\\/portal\\\/\",\"name\":\"El Diario - Decano de la prensa nacional\",\"description\":\"El Diario - Decano de la prensa nacional\",\"publisher\":{\"@id\":\"https:\\\/\\\/www.eldiario.net\\\/portal\\\/#organization\"},\"potentialAction\":[{\"@type\":\"SearchAction\",\"target\":{\"@type\":\"EntryPoint\",\"urlTemplate\":\"https:\\\/\\\/www.eldiario.net\\\/portal\\\/?s={search_term_string}\"},\"query-input\":{\"@type\":\"PropertyValueSpecification\",\"valueRequired\":true,\"valueName\":\"search_term_string\"}}],\"inLanguage\":\"es\"},{\"@type\":\"Organization\",\"@id\":\"https:\\\/\\\/www.eldiario.net\\\/portal\\\/#organization\",\"name\":\"El Diario - Decano de la prensa nacional\",\"url\":\"https:\\\/\\\/www.eldiario.net\\\/portal\\\/\",\"logo\":{\"@type\":\"ImageObject\",\"inLanguage\":\"es\",\"@id\":\"https:\\\/\\\/www.eldiario.net\\\/portal\\\/#\\\/schema\\\/logo\\\/image\\\/\",\"url\":\"https:\\\/\\\/www.eldiario.net\\\/portal\\\/wp-content\\\/uploads\\\/2023\\\/07\\\/logo_ED.jpg\",\"contentUrl\":\"https:\\\/\\\/www.eldiario.net\\\/portal\\\/wp-content\\\/uploads\\\/2023\\\/07\\\/logo_ED.jpg\",\"width\":272,\"height\":52,\"caption\":\"El Diario - Decano de la prensa nacional\"},\"image\":{\"@id\":\"https:\\\/\\\/www.eldiario.net\\\/portal\\\/#\\\/schema\\\/logo\\\/image\\\/\"},\"sameAs\":[\"https:\\\/\\\/www.facebook.com\\\/eldiario.bolivia\\\/\",\"https:\\\/\\\/x.com\\\/eldiario_net\"]},{\"@type\":\"Person\",\"@id\":\"https:\\\/\\\/www.eldiario.net\\\/portal\\\/#\\\/schema\\\/person\\\/f46445640444750d7d753ccd04ae01b7\",\"name\":\"Jeanette\",\"image\":{\"@type\":\"ImageObject\",\"inLanguage\":\"es\",\"@id\":\"https:\\\/\\\/secure.gravatar.com\\\/avatar\\\/3ea2118a5f7dad2b7138b1187a6b7ee55f160b9968b66013c3a3ef39dd7e5798?s=96&d=mm&r=g\",\"url\":\"https:\\\/\\\/secure.gravatar.com\\\/avatar\\\/3ea2118a5f7dad2b7138b1187a6b7ee55f160b9968b66013c3a3ef39dd7e5798?s=96&d=mm&r=g\",\"contentUrl\":\"https:\\\/\\\/secure.gravatar.com\\\/avatar\\\/3ea2118a5f7dad2b7138b1187a6b7ee55f160b9968b66013c3a3ef39dd7e5798?s=96&d=mm&r=g\",\"caption\":\"Jeanette\"},\"sameAs\":[\"https:\\\/\\\/www.eldiario.net\\\/portal\"],\"url\":\"https:\\\/\\\/www.eldiario.net\\\/portal\\\/author\\\/jeanette\\\/\"}]}<\/script>\n<!-- \/ Yoast SEO plugin. -->","yoast_head_json":{"title":"EEUU anuncia ayuda de $us 15,5 millones tras terremoto en Colombia - El Diario - Bolivia","robots":{"index":"index","follow":"follow","max-snippet":"max-snippet:-1","max-image-preview":"max-image-preview:large","max-video-preview":"max-video-preview:-1"},"canonical":"https:\/\/www.eldiario.net\/portal\/2026\/08\/11\/eeuu-anuncia-ayuda-de-us-155-millones-tras-terremoto-en-colombia\/","og_locale":"es_ES","og_type":"article","og_title":"EEUU anuncia ayuda de $us 15,5 millones tras terremoto en Colombia - El Diario - Bolivia","og_description":"El Gobierno de Estados Unidos ha anunciado ayer que destinar\u00e1 m\u00e1s de 15,5 millones de d\u00f3lares a financiar refugios de emergencia, alimentos, medidas de protecci\u00f3n y evaluaciones de da\u00f1os, tras el terremoto de magnitud 7,4 en la escala de Richter que ha sacudido horas antes a diversos puntos de Colombia. \u00abTras el devastador terremoto de [&hellip;]","og_url":"https:\/\/www.eldiario.net\/portal\/2026\/08\/11\/eeuu-anuncia-ayuda-de-us-155-millones-tras-terremoto-en-colombia\/","og_site_name":"El Diario - Bolivia","article_publisher":"https:\/\/www.facebook.com\/eldiario.bolivia\/","article_published_time":"2026-08-11T10:00:59+00:00","og_image":[{"width":660,"height":440,"url":"https:\/\/www.eldiario.net\/portal\/wp-content\/uploads\/2026\/08\/ZETA-FOTO.webp","type":"image\/webp"}],"author":"Jeanette","twitter_card":"summary_large_image","twitter_creator":"@eldiario_net","twitter_site":"@eldiario_net","twitter_misc":{"Escrito por":"Jeanette","Tiempo de lectura":"2 minutos"},"schema":{"@context":"https:\/\/schema.org","@graph":[{"@type":"Article","@id":"https:\/\/www.eldiario.net\/portal\/2026\/08\/11\/eeuu-anuncia-ayuda-de-us-155-millones-tras-terremoto-en-colombia\/#article","isPartOf":{"@id":"https:\/\/www.eldiario.net\/portal\/2026\/08\/11\/eeuu-anuncia-ayuda-de-us-155-millones-tras-terremoto-en-colombia\/"},"author":{"name":"Jeanette","@id":"https:\/\/www.eldiario.net\/portal\/#\/schema\/person\/f46445640444750d7d753ccd04ae01b7"},"headline":"EEUU anuncia ayuda de $us 15,5 millones tras terremoto en Colombia","datePublished":"2026-08-11T10:00:59+00:00","mainEntityOfPage":{"@id":"https:\/\/www.eldiario.net\/portal\/2026\/08\/11\/eeuu-anuncia-ayuda-de-us-155-millones-tras-terremoto-en-colombia\/"},"wordCount":227,"publisher":{"@id":"https:\/\/www.eldiario.net\/portal\/#organization"},"image":{"@id":"https:\/\/www.eldiario.net\/portal\/2026\/08\/11\/eeuu-anuncia-ayuda-de-us-155-millones-tras-terremoto-en-colombia\/#primaryimage"},"thumbnailUrl":"https:\/\/www.eldiario.net\/portal\/wp-content\/uploads\/2026\/08\/ZETA-FOTO.webp","articleSection":["Portada"],"inLanguage":"es"},{"@type":"WebPage","@id":"https:\/\/www.eldiario.net\/portal\/2026\/08\/11\/eeuu-anuncia-ayuda-de-us-155-millones-tras-terremoto-en-colombia\/","url":"https:\/\/www.eldiario.net\/portal\/2026\/08\/11\/eeuu-anuncia-ayuda-de-us-155-millones-tras-terremoto-en-colombia\/","name":"EEUU anuncia ayuda de $us 15,5 millones tras terremoto en Colombia - El Diario - Bolivia","isPartOf":{"@id":"https:\/\/www.eldiario.net\/portal\/#website"},"primaryImageOfPage":{"@id":"https:\/\/www.eldiario.net\/portal\/2026\/08\/11\/eeuu-anuncia-ayuda-de-us-155-millones-tras-terremoto-en-colombia\/#primaryimage"},"image":{"@id":"https:\/\/www.eldiario.net\/portal\/2026\/08\/11\/eeuu-anuncia-ayuda-de-us-155-millones-tras-terremoto-en-colombia\/#primaryimage"},"thumbnailUrl":"https:\/\/www.eldiario.net\/portal\/wp-content\/uploads\/2026\/08\/ZETA-FOTO.webp","datePublished":"2026-08-11T10:00:59+00:00","breadcrumb":{"@id":"https:\/\/www.eldiario.net\/portal\/2026\/08\/11\/eeuu-anuncia-ayuda-de-us-155-millones-tras-terremoto-en-colombia\/#breadcrumb"},"inLanguage":"es","potentialAction":[{"@type":"ReadAction","target":["https:\/\/www.eldiario.net\/portal\/2026\/08\/11\/eeuu-anuncia-ayuda-de-us-155-millones-tras-terremoto-en-colombia\/"]}]},{"@type":"ImageObject","inLanguage":"es","@id":"https:\/\/www.eldiario.net\/portal\/2026\/08\/11\/eeuu-anuncia-ayuda-de-us-155-millones-tras-terremoto-en-colombia\/#primaryimage","url":"https:\/\/www.eldiario.net\/portal\/wp-content\/uploads\/2026\/08\/ZETA-FOTO.webp","contentUrl":"https:\/\/www.eldiario.net\/portal\/wp-content\/uploads\/2026\/08\/ZETA-FOTO.webp","width":660,"height":440,"caption":"Afectaciones por el temblor en el centro de Manizales. Foto: MARCA"},{"@type":"BreadcrumbList","@id":"https:\/\/www.eldiario.net\/portal\/2026\/08\/11\/eeuu-anuncia-ayuda-de-us-155-millones-tras-terremoto-en-colombia\/#breadcrumb","itemListElement":[{"@type":"ListItem","position":1,"name":"Portada","item":"https:\/\/www.eldiario.net\/portal\/"},{"@type":"ListItem","position":2,"name":"EEUU anuncia ayuda de $us 15,5 millones tras terremoto en Colombia"}]},{"@type":"WebSite","@id":"https:\/\/www.eldiario.net\/portal\/#website","url":"https:\/\/www.eldiario.net\/portal\/","name":"El Diario - Decano de la prensa nacional","description":"El Diario - Decano de la prensa nacional","publisher":{"@id":"https:\/\/www.eldiario.net\/portal\/#organization"},"potentialAction":[{"@type":"SearchAction","target":{"@type":"EntryPoint","urlTemplate":"https:\/\/www.eldiario.net\/portal\/?s={search_term_string}"},"query-input":{"@type":"PropertyValueSpecification","valueRequired":true,"valueName":"search_term_string"}}],"inLanguage":"es"},{"@type":"Organization","@id":"https:\/\/www.eldiario.net\/portal\/#organization","name":"El Diario - Decano de la prensa nacional","url":"https:\/\/www.eldiario.net\/portal\/","logo":{"@type":"ImageObject","inLanguage":"es","@id":"https:\/\/www.eldiario.net\/portal\/#\/schema\/logo\/image\/","url":"https:\/\/www.eldiario.net\/portal\/wp-content\/uploads\/2023\/07\/logo_ED.jpg","contentUrl":"https:\/\/www.eldiario.net\/portal\/wp-content\/uploads\/2023\/07\/logo_ED.jpg","width":272,"height":52,"caption":"El Diario - Decano de la prensa nacional"},"image":{"@id":"https:\/\/www.eldiario.net\/portal\/#\/schema\/logo\/image\/"},"sameAs":["https:\/\/www.facebook.com\/eldiario.bolivia\/","https:\/\/x.com\/eldiario_net"]},{"@type":"Person","@id":"https:\/\/www.eldiario.net\/portal\/#\/schema\/person\/f46445640444750d7d753ccd04ae01b7","name":"Jeanette","image":{"@type":"ImageObject","inLanguage":"es","@id":"https:\/\/secure.gravatar.com\/avatar\/3ea2118a5f7dad2b7138b1187a6b7ee55f160b9968b66013c3a3ef39dd7e5798?s=96&d=mm&r=g","url":"https:\/\/secure.gravatar.com\/avatar\/3ea2118a5f7dad2b7138b1187a6b7ee55f160b9968b66013c3a3ef39dd7e5798?s=96&d=mm&r=g","contentUrl":"https:\/\/secure.gravatar.com\/avatar\/3ea2118a5f7dad2b7138b1187a6b7ee55f160b9968b66013c3a3ef39dd7e5798?s=96&d=mm&r=g","caption":"Jeanette"},"sameAs":["https:\/\/www.eldiario.net\/portal"],"url":"https:\/\/www.eldiario.net\/portal\/author\/jeanette\/"}]}},"_links":{"self":[{"href":"https:\/\/www.eldiario.net\/portal\/wp-json\/wp\/v2\/posts\/420360","targetHints":{"allow":["GET"]}}],"collection":[{"href":"https:\/\/www.eldiario.net\/portal\/wp-json\/wp\/v2\/posts"}],"about":[{"href":"https:\/\/www.eldiario.net\/portal\/wp-json\/wp\/v2\/types\/post"}],"author":[{"embeddable":true,"href":"https:\/\/www.eldiario.net\/portal\/wp-json\/wp\/v2\/users\/1"}],"replies":[{"embeddable":true,"href":"https:\/\/www.eldiario.net\/portal\/wp-json\/wp\/v2\/comments?post=420360"}],"version-history":[{"count":1,"href":"https:\/\/www.eldiario.net\/portal\/wp-json\/wp\/v2\/posts\/420360\/revisions"}],"predecessor-version":[{"id":420362,"href":"https:\/\/www.eldiario.net\/portal\/wp-json\/wp\/v2\/posts\/420360\/revisions\/420362"}],"wp:featuredmedia":[{"embeddable":true,"href":"https:\/\/www.eldiario.net\/portal\/wp-json\/wp\/v2\/media\/420361"}],"wp:attachment":[{"href":"https:\/\/www.eldiario.net\/portal\/wp-json\/wp\/v2\/media?parent=420360"}],"wp:term":[{"taxonomy":"category","embeddable":true,"href":"https:\/\/www.eldiario.net\/portal\/wp-json\/wp\/v2\/categories?post=420360"},{"taxonomy":"post_tag","embeddable":true,"href":"https:\/\/www.eldiario.net\/portal\/wp-json\/wp\/v2\/tags?post=420360"}],"curies":[{"name":"wp","href":"https:\/\/api.w.org\/{rel}","templated":true}]}}