{"id":420357,"date":"2026-08-11T05:59:19","date_gmt":"2026-08-11T09:59:19","guid":{"rendered":"https:\/\/www.eldiario.net\/portal\/?p=420357"},"modified":"2026-08-11T05:59:19","modified_gmt":"2026-08-11T09:59:19","slug":"excesivo-control-restringio-cobertura-periodistica-de-operativos-en-san-matias","status":"publish","type":"post","link":"https:\/\/www.eldiario.net\/portal\/2026\/08\/11\/excesivo-control-restringio-cobertura-periodistica-de-operativos-en-san-matias\/","title":{"rendered":"Excesivo control restringi\u00f3 cobertura period\u00edstica de operativos en San Mat\u00edas"},"content":{"rendered":"<p>Periodistas, camar\u00f3grafos y personal de apoyo de tres canales de televisi\u00f3n denunciaron un excesivo control de seguridad que impidi\u00f3 la obtenci\u00f3n de im\u00e1genes y datos durante algunas acciones desplegadas por agentes estatales en la localidad de San Mat\u00edas y sus alrededores, en el departamento de Santa Cruz, el pasado s\u00e1bado 1 de agosto.<\/p>\n<p>Seg\u00fan testimonios recogidos por la Unidad de Monitoreo de los peri\u00f3dicos representados por la Asociaci\u00f3n Nacional de la Prensa (ANP), al menos en dos ocasiones se registraron incidentes entre polic\u00edas y ocho enviados de prensa que se desplazaron hasta la zona para realizar tareas informativas.<\/p>\n<p>Im\u00e1genes difundidas en redes sociales muestran el momento en que agentes antidroga increpan a periodistas que realizaban cobertura en una pista de aterrizaje clandestina. El grupo de prensa lleg\u00f3 al lugar empleando sus propios medios de transporte el 1 de agosto.<\/p>\n<p>La situaci\u00f3n alcanz\u00f3 un elevado nivel de tensi\u00f3n, pese a que los periodistas portaban sus chalecos de prensa y credenciales, adem\u00e1s de levantar sus micr\u00f3fonos y c\u00e1maras para identificarse ante los funcionarios encargados de las tareas de b\u00fasqueda de los sicarios que sembraron violencia el jueves 30 de julio.<\/p>\n<p>Durante esa jornada, desconocidos emboscaron un veh\u00edculo que transportaba a polic\u00edas en la localidad de Ascensi\u00f3n de la Frontera y dispararon armas de fuego. El ataque termin\u00f3 con la muerte de un oficial de Polic\u00eda.<\/p>\n<p>San Mat\u00edas es la capital del municipio ubicado en la provincia \u00c1ngel Sand\u00f3val, en el departamento de Santa Cruz, al este de Bolivia. La regi\u00f3n, situada a 673 kil\u00f3metros de la capital departamental, limita con Brasil.<\/p>\n<p>Otros incidentes se registraron en la ciudad de San Mat\u00edas debido a la prohibici\u00f3n impuesta a los enviados de prensa, que les impidi\u00f3 registrar im\u00e1genes de las acciones de rastrillaje y b\u00fasqueda de los sospechosos de promover violencia en una zona se\u00f1alada como escenario de hechos vinculados al crimen organizado.<\/p>\n","protected":false},"excerpt":{"rendered":"<p>Periodistas, camar\u00f3grafos y personal de apoyo de tres canales de televisi\u00f3n denunciaron un excesivo control de seguridad que impidi\u00f3 la obtenci\u00f3n de im\u00e1genes y datos durante algunas acciones desplegadas por agentes estatales en la localidad de San Mat\u00edas y sus alrededores, en el departamento de Santa Cruz, el pasado s\u00e1bado 1 de agosto. Seg\u00fan testimonios [&hellip;]<\/p>\n","protected":false},"author":1,"featured_media":420358,"comment_status":"closed","ping_status":"open","sticky":false,"template":"","format":"standard","meta":{"_acf_changed":false,"footnotes":""},"categories":[39],"tags":[],"class_list":["post-420357","post","type-post","status-publish","format-standard","has-post-thumbnail","category-sociedad"],"acf":{"antetitulo":""},"yoast_head":"<!-- This site is optimized with the Yoast SEO plugin v28.3 - https:\/\/yoast.com\/product\/yoast-seo-wordpress\/ -->\n<title>Excesivo control restringi\u00f3 cobertura period\u00edstica de operativos en San Mat\u00edas - El Diario - Bolivia<\/title>\n<meta name=\"robots\" content=\"index, follow, max-snippet:-1, max-image-preview:large, max-video-preview:-1\" \/>\n<link rel=\"canonical\" href=\"https:\/\/www.eldiario.net\/portal\/2026\/08\/11\/excesivo-control-restringio-cobertura-periodistica-de-operativos-en-san-matias\/\" \/>\n<meta property=\"og:locale\" content=\"es_ES\" \/>\n<meta property=\"og:type\" content=\"article\" \/>\n<meta property=\"og:title\" content=\"Excesivo control restringi\u00f3 cobertura period\u00edstica de operativos en San Mat\u00edas - El Diario - Bolivia\" \/>\n<meta property=\"og:description\" content=\"Periodistas, camar\u00f3grafos y personal de apoyo de tres canales de televisi\u00f3n denunciaron un excesivo control de seguridad que impidi\u00f3 la obtenci\u00f3n de im\u00e1genes y datos durante algunas acciones desplegadas por agentes estatales en la localidad de San Mat\u00edas y sus alrededores, en el departamento de Santa Cruz, el pasado s\u00e1bado 1 de agosto. Seg\u00fan testimonios [&hellip;]\" \/>\n<meta property=\"og:url\" content=\"https:\/\/www.eldiario.net\/portal\/2026\/08\/11\/excesivo-control-restringio-cobertura-periodistica-de-operativos-en-san-matias\/\" \/>\n<meta property=\"og:site_name\" content=\"El Diario - Bolivia\" \/>\n<meta property=\"article:publisher\" content=\"https:\/\/www.facebook.com\/eldiario.bolivia\/\" \/>\n<meta property=\"article:published_time\" content=\"2026-08-11T09:59:19+00:00\" \/>\n<meta property=\"og:image\" content=\"https:\/\/www.eldiario.net\/portal\/wp-content\/uploads\/2026\/08\/ANP-FOTO.webp\" \/>\n\t<meta property=\"og:image:width\" content=\"1851\" \/>\n\t<meta property=\"og:image:height\" content=\"1038\" \/>\n\t<meta property=\"og:image:type\" content=\"image\/webp\" \/>\n<meta name=\"author\" content=\"Jeanette\" \/>\n<meta name=\"twitter:card\" content=\"summary_large_image\" \/>\n<meta name=\"twitter:creator\" content=\"@eldiario_net\" \/>\n<meta name=\"twitter:site\" content=\"@eldiario_net\" \/>\n<meta name=\"twitter:label1\" content=\"Escrito por\" \/>\n\t<meta name=\"twitter:data1\" content=\"Jeanette\" \/>\n\t<meta name=\"twitter:label2\" content=\"Tiempo de lectura\" \/>\n\t<meta name=\"twitter:data2\" content=\"2 minutos\" \/>\n<script type=\"application\/ld+json\" class=\"yoast-schema-graph\">{\"@context\":\"https:\\\/\\\/schema.org\",\"@graph\":[{\"@type\":\"Article\",\"@id\":\"https:\\\/\\\/www.eldiario.net\\\/portal\\\/2026\\\/08\\\/11\\\/excesivo-control-restringio-cobertura-periodistica-de-operativos-en-san-matias\\\/#article\",\"isPartOf\":{\"@id\":\"https:\\\/\\\/www.eldiario.net\\\/portal\\\/2026\\\/08\\\/11\\\/excesivo-control-restringio-cobertura-periodistica-de-operativos-en-san-matias\\\/\"},\"author\":{\"name\":\"Jeanette\",\"@id\":\"https:\\\/\\\/www.eldiario.net\\\/portal\\\/#\\\/schema\\\/person\\\/f46445640444750d7d753ccd04ae01b7\"},\"headline\":\"Excesivo control restringi\u00f3 cobertura period\u00edstica de operativos en San Mat\u00edas\",\"datePublished\":\"2026-08-11T09:59:19+00:00\",\"mainEntityOfPage\":{\"@id\":\"https:\\\/\\\/www.eldiario.net\\\/portal\\\/2026\\\/08\\\/11\\\/excesivo-control-restringio-cobertura-periodistica-de-operativos-en-san-matias\\\/\"},\"wordCount\":347,\"publisher\":{\"@id\":\"https:\\\/\\\/www.eldiario.net\\\/portal\\\/#organization\"},\"image\":{\"@id\":\"https:\\\/\\\/www.eldiario.net\\\/portal\\\/2026\\\/08\\\/11\\\/excesivo-control-restringio-cobertura-periodistica-de-operativos-en-san-matias\\\/#primaryimage\"},\"thumbnailUrl\":\"https:\\\/\\\/www.eldiario.net\\\/portal\\\/wp-content\\\/uploads\\\/2026\\\/08\\\/ANP-FOTO.webp\",\"articleSection\":[\"Sociedad - Seguridad\"],\"inLanguage\":\"es\"},{\"@type\":\"WebPage\",\"@id\":\"https:\\\/\\\/www.eldiario.net\\\/portal\\\/2026\\\/08\\\/11\\\/excesivo-control-restringio-cobertura-periodistica-de-operativos-en-san-matias\\\/\",\"url\":\"https:\\\/\\\/www.eldiario.net\\\/portal\\\/2026\\\/08\\\/11\\\/excesivo-control-restringio-cobertura-periodistica-de-operativos-en-san-matias\\\/\",\"name\":\"Excesivo control restringi\u00f3 cobertura period\u00edstica de operativos en San Mat\u00edas - El Diario - Bolivia\",\"isPartOf\":{\"@id\":\"https:\\\/\\\/www.eldiario.net\\\/portal\\\/#website\"},\"primaryImageOfPage\":{\"@id\":\"https:\\\/\\\/www.eldiario.net\\\/portal\\\/2026\\\/08\\\/11\\\/excesivo-control-restringio-cobertura-periodistica-de-operativos-en-san-matias\\\/#primaryimage\"},\"image\":{\"@id\":\"https:\\\/\\\/www.eldiario.net\\\/portal\\\/2026\\\/08\\\/11\\\/excesivo-control-restringio-cobertura-periodistica-de-operativos-en-san-matias\\\/#primaryimage\"},\"thumbnailUrl\":\"https:\\\/\\\/www.eldiario.net\\\/portal\\\/wp-content\\\/uploads\\\/2026\\\/08\\\/ANP-FOTO.webp\",\"datePublished\":\"2026-08-11T09:59:19+00:00\",\"breadcrumb\":{\"@id\":\"https:\\\/\\\/www.eldiario.net\\\/portal\\\/2026\\\/08\\\/11\\\/excesivo-control-restringio-cobertura-periodistica-de-operativos-en-san-matias\\\/#breadcrumb\"},\"inLanguage\":\"es\",\"potentialAction\":[{\"@type\":\"ReadAction\",\"target\":[\"https:\\\/\\\/www.eldiario.net\\\/portal\\\/2026\\\/08\\\/11\\\/excesivo-control-restringio-cobertura-periodistica-de-operativos-en-san-matias\\\/\"]}]},{\"@type\":\"ImageObject\",\"inLanguage\":\"es\",\"@id\":\"https:\\\/\\\/www.eldiario.net\\\/portal\\\/2026\\\/08\\\/11\\\/excesivo-control-restringio-cobertura-periodistica-de-operativos-en-san-matias\\\/#primaryimage\",\"url\":\"https:\\\/\\\/www.eldiario.net\\\/portal\\\/wp-content\\\/uploads\\\/2026\\\/08\\\/ANP-FOTO.webp\",\"contentUrl\":\"https:\\\/\\\/www.eldiario.net\\\/portal\\\/wp-content\\\/uploads\\\/2026\\\/08\\\/ANP-FOTO.webp\",\"width\":1851,\"height\":1038,\"caption\":\"Polic\u00eda realiza tareas de rastrillaje en San Mat\u00edas, frontera con Brasil. Cr\u00e9dito: Bolivisi\u00f3n\"},{\"@type\":\"BreadcrumbList\",\"@id\":\"https:\\\/\\\/www.eldiario.net\\\/portal\\\/2026\\\/08\\\/11\\\/excesivo-control-restringio-cobertura-periodistica-de-operativos-en-san-matias\\\/#breadcrumb\",\"itemListElement\":[{\"@type\":\"ListItem\",\"position\":1,\"name\":\"Portada\",\"item\":\"https:\\\/\\\/www.eldiario.net\\\/portal\\\/\"},{\"@type\":\"ListItem\",\"position\":2,\"name\":\"Excesivo control restringi\u00f3 cobertura period\u00edstica de operativos en San Mat\u00edas\"}]},{\"@type\":\"WebSite\",\"@id\":\"https:\\\/\\\/www.eldiario.net\\\/portal\\\/#website\",\"url\":\"https:\\\/\\\/www.eldiario.net\\\/portal\\\/\",\"name\":\"El Diario - Decano de la prensa nacional\",\"description\":\"El Diario - Decano de la prensa nacional\",\"publisher\":{\"@id\":\"https:\\\/\\\/www.eldiario.net\\\/portal\\\/#organization\"},\"potentialAction\":[{\"@type\":\"SearchAction\",\"target\":{\"@type\":\"EntryPoint\",\"urlTemplate\":\"https:\\\/\\\/www.eldiario.net\\\/portal\\\/?s={search_term_string}\"},\"query-input\":{\"@type\":\"PropertyValueSpecification\",\"valueRequired\":true,\"valueName\":\"search_term_string\"}}],\"inLanguage\":\"es\"},{\"@type\":\"Organization\",\"@id\":\"https:\\\/\\\/www.eldiario.net\\\/portal\\\/#organization\",\"name\":\"El Diario - Decano de la prensa nacional\",\"url\":\"https:\\\/\\\/www.eldiario.net\\\/portal\\\/\",\"logo\":{\"@type\":\"ImageObject\",\"inLanguage\":\"es\",\"@id\":\"https:\\\/\\\/www.eldiario.net\\\/portal\\\/#\\\/schema\\\/logo\\\/image\\\/\",\"url\":\"https:\\\/\\\/www.eldiario.net\\\/portal\\\/wp-content\\\/uploads\\\/2023\\\/07\\\/logo_ED.jpg\",\"contentUrl\":\"https:\\\/\\\/www.eldiario.net\\\/portal\\\/wp-content\\\/uploads\\\/2023\\\/07\\\/logo_ED.jpg\",\"width\":272,\"height\":52,\"caption\":\"El Diario - Decano de la prensa nacional\"},\"image\":{\"@id\":\"https:\\\/\\\/www.eldiario.net\\\/portal\\\/#\\\/schema\\\/logo\\\/image\\\/\"},\"sameAs\":[\"https:\\\/\\\/www.facebook.com\\\/eldiario.bolivia\\\/\",\"https:\\\/\\\/x.com\\\/eldiario_net\"]},{\"@type\":\"Person\",\"@id\":\"https:\\\/\\\/www.eldiario.net\\\/portal\\\/#\\\/schema\\\/person\\\/f46445640444750d7d753ccd04ae01b7\",\"name\":\"Jeanette\",\"image\":{\"@type\":\"ImageObject\",\"inLanguage\":\"es\",\"@id\":\"https:\\\/\\\/secure.gravatar.com\\\/avatar\\\/3ea2118a5f7dad2b7138b1187a6b7ee55f160b9968b66013c3a3ef39dd7e5798?s=96&d=mm&r=g\",\"url\":\"https:\\\/\\\/secure.gravatar.com\\\/avatar\\\/3ea2118a5f7dad2b7138b1187a6b7ee55f160b9968b66013c3a3ef39dd7e5798?s=96&d=mm&r=g\",\"contentUrl\":\"https:\\\/\\\/secure.gravatar.com\\\/avatar\\\/3ea2118a5f7dad2b7138b1187a6b7ee55f160b9968b66013c3a3ef39dd7e5798?s=96&d=mm&r=g\",\"caption\":\"Jeanette\"},\"sameAs\":[\"https:\\\/\\\/www.eldiario.net\\\/portal\"],\"url\":\"https:\\\/\\\/www.eldiario.net\\\/portal\\\/author\\\/jeanette\\\/\"}]}<\/script>\n<!-- \/ Yoast SEO plugin. -->","yoast_head_json":{"title":"Excesivo control restringi\u00f3 cobertura period\u00edstica de operativos en San Mat\u00edas - El Diario - Bolivia","robots":{"index":"index","follow":"follow","max-snippet":"max-snippet:-1","max-image-preview":"max-image-preview:large","max-video-preview":"max-video-preview:-1"},"canonical":"https:\/\/www.eldiario.net\/portal\/2026\/08\/11\/excesivo-control-restringio-cobertura-periodistica-de-operativos-en-san-matias\/","og_locale":"es_ES","og_type":"article","og_title":"Excesivo control restringi\u00f3 cobertura period\u00edstica de operativos en San Mat\u00edas - El Diario - Bolivia","og_description":"Periodistas, camar\u00f3grafos y personal de apoyo de tres canales de televisi\u00f3n denunciaron un excesivo control de seguridad que impidi\u00f3 la obtenci\u00f3n de im\u00e1genes y datos durante algunas acciones desplegadas por agentes estatales en la localidad de San Mat\u00edas y sus alrededores, en el departamento de Santa Cruz, el pasado s\u00e1bado 1 de agosto. Seg\u00fan testimonios [&hellip;]","og_url":"https:\/\/www.eldiario.net\/portal\/2026\/08\/11\/excesivo-control-restringio-cobertura-periodistica-de-operativos-en-san-matias\/","og_site_name":"El Diario - Bolivia","article_publisher":"https:\/\/www.facebook.com\/eldiario.bolivia\/","article_published_time":"2026-08-11T09:59:19+00:00","og_image":[{"width":1851,"height":1038,"url":"https:\/\/www.eldiario.net\/portal\/wp-content\/uploads\/2026\/08\/ANP-FOTO.webp","type":"image\/webp"}],"author":"Jeanette","twitter_card":"summary_large_image","twitter_creator":"@eldiario_net","twitter_site":"@eldiario_net","twitter_misc":{"Escrito por":"Jeanette","Tiempo de lectura":"2 minutos"},"schema":{"@context":"https:\/\/schema.org","@graph":[{"@type":"Article","@id":"https:\/\/www.eldiario.net\/portal\/2026\/08\/11\/excesivo-control-restringio-cobertura-periodistica-de-operativos-en-san-matias\/#article","isPartOf":{"@id":"https:\/\/www.eldiario.net\/portal\/2026\/08\/11\/excesivo-control-restringio-cobertura-periodistica-de-operativos-en-san-matias\/"},"author":{"name":"Jeanette","@id":"https:\/\/www.eldiario.net\/portal\/#\/schema\/person\/f46445640444750d7d753ccd04ae01b7"},"headline":"Excesivo control restringi\u00f3 cobertura period\u00edstica de operativos en San Mat\u00edas","datePublished":"2026-08-11T09:59:19+00:00","mainEntityOfPage":{"@id":"https:\/\/www.eldiario.net\/portal\/2026\/08\/11\/excesivo-control-restringio-cobertura-periodistica-de-operativos-en-san-matias\/"},"wordCount":347,"publisher":{"@id":"https:\/\/www.eldiario.net\/portal\/#organization"},"image":{"@id":"https:\/\/www.eldiario.net\/portal\/2026\/08\/11\/excesivo-control-restringio-cobertura-periodistica-de-operativos-en-san-matias\/#primaryimage"},"thumbnailUrl":"https:\/\/www.eldiario.net\/portal\/wp-content\/uploads\/2026\/08\/ANP-FOTO.webp","articleSection":["Sociedad - Seguridad"],"inLanguage":"es"},{"@type":"WebPage","@id":"https:\/\/www.eldiario.net\/portal\/2026\/08\/11\/excesivo-control-restringio-cobertura-periodistica-de-operativos-en-san-matias\/","url":"https:\/\/www.eldiario.net\/portal\/2026\/08\/11\/excesivo-control-restringio-cobertura-periodistica-de-operativos-en-san-matias\/","name":"Excesivo control restringi\u00f3 cobertura period\u00edstica de operativos en San Mat\u00edas - El Diario - Bolivia","isPartOf":{"@id":"https:\/\/www.eldiario.net\/portal\/#website"},"primaryImageOfPage":{"@id":"https:\/\/www.eldiario.net\/portal\/2026\/08\/11\/excesivo-control-restringio-cobertura-periodistica-de-operativos-en-san-matias\/#primaryimage"},"image":{"@id":"https:\/\/www.eldiario.net\/portal\/2026\/08\/11\/excesivo-control-restringio-cobertura-periodistica-de-operativos-en-san-matias\/#primaryimage"},"thumbnailUrl":"https:\/\/www.eldiario.net\/portal\/wp-content\/uploads\/2026\/08\/ANP-FOTO.webp","datePublished":"2026-08-11T09:59:19+00:00","breadcrumb":{"@id":"https:\/\/www.eldiario.net\/portal\/2026\/08\/11\/excesivo-control-restringio-cobertura-periodistica-de-operativos-en-san-matias\/#breadcrumb"},"inLanguage":"es","potentialAction":[{"@type":"ReadAction","target":["https:\/\/www.eldiario.net\/portal\/2026\/08\/11\/excesivo-control-restringio-cobertura-periodistica-de-operativos-en-san-matias\/"]}]},{"@type":"ImageObject","inLanguage":"es","@id":"https:\/\/www.eldiario.net\/portal\/2026\/08\/11\/excesivo-control-restringio-cobertura-periodistica-de-operativos-en-san-matias\/#primaryimage","url":"https:\/\/www.eldiario.net\/portal\/wp-content\/uploads\/2026\/08\/ANP-FOTO.webp","contentUrl":"https:\/\/www.eldiario.net\/portal\/wp-content\/uploads\/2026\/08\/ANP-FOTO.webp","width":1851,"height":1038,"caption":"Polic\u00eda realiza tareas de rastrillaje en San Mat\u00edas, frontera con Brasil. Cr\u00e9dito: Bolivisi\u00f3n"},{"@type":"BreadcrumbList","@id":"https:\/\/www.eldiario.net\/portal\/2026\/08\/11\/excesivo-control-restringio-cobertura-periodistica-de-operativos-en-san-matias\/#breadcrumb","itemListElement":[{"@type":"ListItem","position":1,"name":"Portada","item":"https:\/\/www.eldiario.net\/portal\/"},{"@type":"ListItem","position":2,"name":"Excesivo control restringi\u00f3 cobertura period\u00edstica de operativos en San Mat\u00edas"}]},{"@type":"WebSite","@id":"https:\/\/www.eldiario.net\/portal\/#website","url":"https:\/\/www.eldiario.net\/portal\/","name":"El Diario - Decano de la prensa nacional","description":"El Diario - Decano de la prensa nacional","publisher":{"@id":"https:\/\/www.eldiario.net\/portal\/#organization"},"potentialAction":[{"@type":"SearchAction","target":{"@type":"EntryPoint","urlTemplate":"https:\/\/www.eldiario.net\/portal\/?s={search_term_string}"},"query-input":{"@type":"PropertyValueSpecification","valueRequired":true,"valueName":"search_term_string"}}],"inLanguage":"es"},{"@type":"Organization","@id":"https:\/\/www.eldiario.net\/portal\/#organization","name":"El Diario - Decano de la prensa nacional","url":"https:\/\/www.eldiario.net\/portal\/","logo":{"@type":"ImageObject","inLanguage":"es","@id":"https:\/\/www.eldiario.net\/portal\/#\/schema\/logo\/image\/","url":"https:\/\/www.eldiario.net\/portal\/wp-content\/uploads\/2023\/07\/logo_ED.jpg","contentUrl":"https:\/\/www.eldiario.net\/portal\/wp-content\/uploads\/2023\/07\/logo_ED.jpg","width":272,"height":52,"caption":"El Diario - Decano de la prensa nacional"},"image":{"@id":"https:\/\/www.eldiario.net\/portal\/#\/schema\/logo\/image\/"},"sameAs":["https:\/\/www.facebook.com\/eldiario.bolivia\/","https:\/\/x.com\/eldiario_net"]},{"@type":"Person","@id":"https:\/\/www.eldiario.net\/portal\/#\/schema\/person\/f46445640444750d7d753ccd04ae01b7","name":"Jeanette","image":{"@type":"ImageObject","inLanguage":"es","@id":"https:\/\/secure.gravatar.com\/avatar\/3ea2118a5f7dad2b7138b1187a6b7ee55f160b9968b66013c3a3ef39dd7e5798?s=96&d=mm&r=g","url":"https:\/\/secure.gravatar.com\/avatar\/3ea2118a5f7dad2b7138b1187a6b7ee55f160b9968b66013c3a3ef39dd7e5798?s=96&d=mm&r=g","contentUrl":"https:\/\/secure.gravatar.com\/avatar\/3ea2118a5f7dad2b7138b1187a6b7ee55f160b9968b66013c3a3ef39dd7e5798?s=96&d=mm&r=g","caption":"Jeanette"},"sameAs":["https:\/\/www.eldiario.net\/portal"],"url":"https:\/\/www.eldiario.net\/portal\/author\/jeanette\/"}]}},"_links":{"self":[{"href":"https:\/\/www.eldiario.net\/portal\/wp-json\/wp\/v2\/posts\/420357","targetHints":{"allow":["GET"]}}],"collection":[{"href":"https:\/\/www.eldiario.net\/portal\/wp-json\/wp\/v2\/posts"}],"about":[{"href":"https:\/\/www.eldiario.net\/portal\/wp-json\/wp\/v2\/types\/post"}],"author":[{"embeddable":true,"href":"https:\/\/www.eldiario.net\/portal\/wp-json\/wp\/v2\/users\/1"}],"replies":[{"embeddable":true,"href":"https:\/\/www.eldiario.net\/portal\/wp-json\/wp\/v2\/comments?post=420357"}],"version-history":[{"count":1,"href":"https:\/\/www.eldiario.net\/portal\/wp-json\/wp\/v2\/posts\/420357\/revisions"}],"predecessor-version":[{"id":420359,"href":"https:\/\/www.eldiario.net\/portal\/wp-json\/wp\/v2\/posts\/420357\/revisions\/420359"}],"wp:featuredmedia":[{"embeddable":true,"href":"https:\/\/www.eldiario.net\/portal\/wp-json\/wp\/v2\/media\/420358"}],"wp:attachment":[{"href":"https:\/\/www.eldiario.net\/portal\/wp-json\/wp\/v2\/media?parent=420357"}],"wp:term":[{"taxonomy":"category","embeddable":true,"href":"https:\/\/www.eldiario.net\/portal\/wp-json\/wp\/v2\/categories?post=420357"},{"taxonomy":"post_tag","embeddable":true,"href":"https:\/\/www.eldiario.net\/portal\/wp-json\/wp\/v2\/tags?post=420357"}],"curies":[{"name":"wp","href":"https:\/\/api.w.org\/{rel}","templated":true}]}}