{"id":420034,"date":"2026-08-10T05:59:54","date_gmt":"2026-08-10T09:59:54","guid":{"rendered":"https:\/\/www.eldiario.net\/portal\/?p=420034"},"modified":"2026-08-10T05:59:54","modified_gmt":"2026-08-10T09:59:54","slug":"militares-que-callaron-por-20-anos-no-tienen-moral-para-hablar-de-la-patria","status":"publish","type":"post","link":"https:\/\/www.eldiario.net\/portal\/2026\/08\/10\/militares-que-callaron-por-20-anos-no-tienen-moral-para-hablar-de-la-patria\/","title":{"rendered":"Militares que callaron por 20 a\u00f1os no tienen moral para hablar de la patria"},"content":{"rendered":"<p>Respondiendo algunos cuestionamientos emitidos por militares del servicio pasivo en relaci\u00f3n a supuestos actos contra la soberan\u00eda nacional en la actual administraci\u00f3n, el asamble\u00edsta nacional por el departamento de Potos\u00ed, Edgar Zegarra Bernal, record\u00f3 que varios mandos de las Fuerzas Armadas callaron y asumieron una postura pasiva durante los veinte a\u00f1os del r\u00e9gimen \u201cmasista\u201d, lo que ahora les resta moral para hablar de la patria.<br \/>\nEn criterio de Zegarra, es reprochable que algunos militares hablen de irrespeto a la soberan\u00eda e incluso una supuesta \u201cventa\u201d de la patria, olvidando que durante los gobiernos del Movimiento al Socialismo (MAS) esta instituci\u00f3n fue una de las m\u00e1s manipuladas e ideologizadas por la l\u00ednea izquierdista del r\u00e9gimen de turno.<br \/>\n\u201cYo quisiera recordarles a los militares que no abrieron su boca durante veinte a\u00f1os y dejaron que se pisotee la soberan\u00eda de este pa\u00eds, incluso dejaron que se empiece a ideologizar a las Fuerzas Armadas hacia la izquierda. Deber\u00edan recordar que hasta les impusieron gritos de guerra y les impusieron hasta ponchos para los desfiles. \u00bfD\u00f3nde qued\u00f3 la \u00e9tica y la dignidad del ejercito?\u201d, cuestion\u00f3 el legislador, aclarando que sus palabras no deben entenderse como una postura en defensa del gobierno de Rodrigo Paz, sino de respeto a la plena vigencia de la Constituci\u00f3n.<br \/>\nZegarra atribuy\u00f3 las cr\u00edticas a la libertad que ejerce cualquier ciudadano en un estado democr\u00e1tico en el que se garantiza la vigencia de los derechos fundamentales, en el que se debe reconstruir un pa\u00eds devastado y en quiebra tras veinte a\u00f1os del masismo en el poder, per\u00edodo en el que ning\u00fan mando militar opuso resistencia o alzo la voz para denunciar irregularidades.<br \/>\n\u201cNunca abrieron su boca los militares, m\u00e1s bien fueron ellos los que socaparon esta situaci\u00f3n al interior del pa\u00eds, haciendo de cocineros, de cajeros y todo los que les dec\u00eda el MAS. Ellos acataban mudos porque ten\u00edan intereses dentro de la instituci\u00f3n. No tienen moral para hablar algunos militares\u201d, a\u00f1adi\u00f3.<br \/>\nLa semana pasada, tras la parada militar por el aniversario de las Fuerzas Armadas, el analista de seguridad Omar Dur\u00e1n calific\u00f3 de \u201cpenoso\u201d, \u201cdoloroso\u201d y \u201cuna burla\u201d que el presidente Rodrigo Paz no haya pronunciado un discurso por el 201 aniversario de la instituci\u00f3n castrense.<br \/>\nSe\u00f1al\u00f3 que, como capit\u00e1n general de las FFAA, deb\u00eda dirigirse a los efectivos, presentar sus proyectos y brindarles una arenga. \u201cLa persona principal es el capit\u00e1n general de las Fuerzas Armadas, que hoy d\u00eda sencillamente se hizo la burla de las Fuerzas Armadas. Duele mucho. Yo le digo duele much\u00edsimo\u201d, asever\u00f3.<br \/>\nDur\u00e1n consider\u00f3 que el mandatario pudo haber evitado el discurso por temor a los abucheos que recibi\u00f3 a su llegada al acto, pero sostuvo que deb\u00eda enfrentar la reacci\u00f3n del p\u00fablico. \u201cO sencillamente ha tenido un temor a la gente de El Alto porque esa parada militar, cuando uno lo hace en la ciudad de El Alto tiene que hacerla sin temores, tiene que recibir, ya sea el insulto, el jaleo de la gente, pero deber\u00eda ser abierta\u201d, manifest\u00f3.<br \/>\nAdem\u00e1s, cuestion\u00f3 la gesti\u00f3n de Paz afirmando que \u201cya solamente es pura charla, pura garganta lenta y bueno, es un conquistador, es un bohemio de la pol\u00edtica que sencillamente te dice mucho y no hace nada\u201d.<br \/>\nPara Zegarra, la severidad con que algunos analistas y militares del servicio pasivo han cuestionado a la actual administraci\u00f3n, pretendiendo dar lecciones de soberan\u00eda y patria, solo demuestran falta de \u00e9tica por parte de quienes guardaron silencio durante dos d\u00e9cadas tiempo en el que se socav\u00f3 la institucionalidad de las Fuerzas Armadas.<br \/>\n\u201cNo tienen moral para hablar algunos militares que solaparon esta situaci\u00f3n e hicieron hasta de cocineros y cajeros del MAS\u201d, reiter\u00f3.<br \/>\nFinalmente, lamentando que el pa\u00eds haya sido entregado en la ruina, aislado del contexto global y sin relaciones econ\u00f3micas estrat\u00e9gicas con sus vecinos a causa de un texto constitucional de 17 a\u00f1os que \u201cpuso a Bolivia en el abismo y la dej\u00f3 hu\u00e9rfana\u201d, el parlamentario representante del departamento de Potos\u00ed dijo que la \u00fanica v\u00eda de salida estructural es impulsar una reforma constitucional parcial que reoriente al Estado hacia un liberalismo nacionalista, rompiendo los candados normativos que frenan el desarrollo social y productivo.<br \/>\n\u201cNecesitamos que el mundo vuelva a Bolivia y que Bolivia se integre al mundo. Lo que Bolivia necesita hoy es romper esos candados para atraer inversiones privadas directas que no solo generen empresas y empleo digno, sino que sustituyan el esquema de regal\u00edas por proyectos de alto impacto social: hospitales oncol\u00f3gicos y renales, bonos para amas de casa, infraestructura vial y desarrollo agr\u00edcola, tur\u00edstico y cultural\u201d, indic\u00f3.<\/p>\n<p><img loading=\"lazy\" decoding=\"async\" class=\"aligncenter  wp-image-420036\" src=\"https:\/\/www.eldiario.net\/portal\/wp-content\/uploads\/2026\/08\/ZEGARRA.webp\" alt=\"\" width=\"794\" height=\"529\" srcset=\"https:\/\/www.eldiario.net\/portal\/wp-content\/uploads\/2026\/08\/ZEGARRA.webp 1600w, https:\/\/www.eldiario.net\/portal\/wp-content\/uploads\/2026\/08\/ZEGARRA-300x200.webp 300w, https:\/\/www.eldiario.net\/portal\/wp-content\/uploads\/2026\/08\/ZEGARRA-1024x682.webp 1024w, https:\/\/www.eldiario.net\/portal\/wp-content\/uploads\/2026\/08\/ZEGARRA-768x512.webp 768w, https:\/\/www.eldiario.net\/portal\/wp-content\/uploads\/2026\/08\/ZEGARRA-1536x1023.webp 1536w, https:\/\/www.eldiario.net\/portal\/wp-content\/uploads\/2026\/08\/ZEGARRA-630x420.webp 630w, https:\/\/www.eldiario.net\/portal\/wp-content\/uploads\/2026\/08\/ZEGARRA-150x100.webp 150w, https:\/\/www.eldiario.net\/portal\/wp-content\/uploads\/2026\/08\/ZEGARRA-696x464.webp 696w, https:\/\/www.eldiario.net\/portal\/wp-content\/uploads\/2026\/08\/ZEGARRA-1068x712.webp 1068w\" sizes=\"auto, (max-width: 794px) 100vw, 794px\" \/><\/p>\n<p>&nbsp;<\/p>\n","protected":false},"excerpt":{"rendered":"<p>Respondiendo algunos cuestionamientos emitidos por militares del servicio pasivo en relaci\u00f3n a supuestos actos contra la soberan\u00eda nacional en la actual administraci\u00f3n, el asamble\u00edsta nacional por el departamento de Potos\u00ed, Edgar Zegarra Bernal, record\u00f3 que varios mandos de las Fuerzas Armadas callaron y asumieron una postura pasiva durante los veinte a\u00f1os del r\u00e9gimen \u201cmasista\u201d, lo [&hellip;]<\/p>\n","protected":false},"author":1,"featured_media":420035,"comment_status":"closed","ping_status":"open","sticky":false,"template":"","format":"standard","meta":{"_acf_changed":false,"footnotes":""},"categories":[39],"tags":[],"class_list":["post-420034","post","type-post","status-publish","format-standard","has-post-thumbnail","category-sociedad"],"acf":{"antetitulo":"Diputado Edgar Zegarra"},"yoast_head":"<!-- This site is optimized with the Yoast SEO plugin v28.3 - https:\/\/yoast.com\/product\/yoast-seo-wordpress\/ -->\n<title>Militares que callaron por 20 a\u00f1os no tienen moral para hablar de la patria - El Diario - Bolivia<\/title>\n<meta name=\"robots\" content=\"index, follow, max-snippet:-1, max-image-preview:large, max-video-preview:-1\" \/>\n<link rel=\"canonical\" href=\"https:\/\/www.eldiario.net\/portal\/2026\/08\/10\/militares-que-callaron-por-20-anos-no-tienen-moral-para-hablar-de-la-patria\/\" \/>\n<meta property=\"og:locale\" content=\"es_ES\" \/>\n<meta property=\"og:type\" content=\"article\" \/>\n<meta property=\"og:title\" content=\"Militares que callaron por 20 a\u00f1os no tienen moral para hablar de la patria - El Diario - Bolivia\" \/>\n<meta property=\"og:description\" content=\"Respondiendo algunos cuestionamientos emitidos por militares del servicio pasivo en relaci\u00f3n a supuestos actos contra la soberan\u00eda nacional en la actual administraci\u00f3n, el asamble\u00edsta nacional por el departamento de Potos\u00ed, Edgar Zegarra Bernal, record\u00f3 que varios mandos de las Fuerzas Armadas callaron y asumieron una postura pasiva durante los veinte a\u00f1os del r\u00e9gimen \u201cmasista\u201d, lo [&hellip;]\" \/>\n<meta property=\"og:url\" content=\"https:\/\/www.eldiario.net\/portal\/2026\/08\/10\/militares-que-callaron-por-20-anos-no-tienen-moral-para-hablar-de-la-patria\/\" \/>\n<meta property=\"og:site_name\" content=\"El Diario - Bolivia\" \/>\n<meta property=\"article:publisher\" content=\"https:\/\/www.facebook.com\/eldiario.bolivia\/\" \/>\n<meta property=\"article:published_time\" content=\"2026-08-10T09:59:54+00:00\" \/>\n<meta property=\"og:image\" content=\"https:\/\/www.eldiario.net\/portal\/wp-content\/uploads\/2026\/08\/MILITARES.webp\" \/>\n\t<meta property=\"og:image:width\" content=\"600\" \/>\n\t<meta property=\"og:image:height\" content=\"455\" \/>\n\t<meta property=\"og:image:type\" content=\"image\/webp\" \/>\n<meta name=\"author\" content=\"Jeanette\" \/>\n<meta name=\"twitter:card\" content=\"summary_large_image\" \/>\n<meta name=\"twitter:creator\" content=\"@eldiario_net\" \/>\n<meta name=\"twitter:site\" content=\"@eldiario_net\" \/>\n<meta name=\"twitter:label1\" content=\"Escrito por\" \/>\n\t<meta name=\"twitter:data1\" content=\"Jeanette\" \/>\n\t<meta name=\"twitter:label2\" content=\"Tiempo de lectura\" \/>\n\t<meta name=\"twitter:data2\" content=\"4 minutos\" \/>\n<script type=\"application\/ld+json\" class=\"yoast-schema-graph\">{\"@context\":\"https:\\\/\\\/schema.org\",\"@graph\":[{\"@type\":\"Article\",\"@id\":\"https:\\\/\\\/www.eldiario.net\\\/portal\\\/2026\\\/08\\\/10\\\/militares-que-callaron-por-20-anos-no-tienen-moral-para-hablar-de-la-patria\\\/#article\",\"isPartOf\":{\"@id\":\"https:\\\/\\\/www.eldiario.net\\\/portal\\\/2026\\\/08\\\/10\\\/militares-que-callaron-por-20-anos-no-tienen-moral-para-hablar-de-la-patria\\\/\"},\"author\":{\"name\":\"Jeanette\",\"@id\":\"https:\\\/\\\/www.eldiario.net\\\/portal\\\/#\\\/schema\\\/person\\\/f46445640444750d7d753ccd04ae01b7\"},\"headline\":\"Militares que callaron por 20 a\u00f1os no tienen moral para hablar de la patria\",\"datePublished\":\"2026-08-10T09:59:54+00:00\",\"mainEntityOfPage\":{\"@id\":\"https:\\\/\\\/www.eldiario.net\\\/portal\\\/2026\\\/08\\\/10\\\/militares-que-callaron-por-20-anos-no-tienen-moral-para-hablar-de-la-patria\\\/\"},\"wordCount\":829,\"publisher\":{\"@id\":\"https:\\\/\\\/www.eldiario.net\\\/portal\\\/#organization\"},\"image\":{\"@id\":\"https:\\\/\\\/www.eldiario.net\\\/portal\\\/2026\\\/08\\\/10\\\/militares-que-callaron-por-20-anos-no-tienen-moral-para-hablar-de-la-patria\\\/#primaryimage\"},\"thumbnailUrl\":\"https:\\\/\\\/www.eldiario.net\\\/portal\\\/wp-content\\\/uploads\\\/2026\\\/08\\\/MILITARES.webp\",\"articleSection\":[\"Sociedad - Seguridad\"],\"inLanguage\":\"es\"},{\"@type\":\"WebPage\",\"@id\":\"https:\\\/\\\/www.eldiario.net\\\/portal\\\/2026\\\/08\\\/10\\\/militares-que-callaron-por-20-anos-no-tienen-moral-para-hablar-de-la-patria\\\/\",\"url\":\"https:\\\/\\\/www.eldiario.net\\\/portal\\\/2026\\\/08\\\/10\\\/militares-que-callaron-por-20-anos-no-tienen-moral-para-hablar-de-la-patria\\\/\",\"name\":\"Militares que callaron por 20 a\u00f1os no tienen moral para hablar de la patria - El Diario - Bolivia\",\"isPartOf\":{\"@id\":\"https:\\\/\\\/www.eldiario.net\\\/portal\\\/#website\"},\"primaryImageOfPage\":{\"@id\":\"https:\\\/\\\/www.eldiario.net\\\/portal\\\/2026\\\/08\\\/10\\\/militares-que-callaron-por-20-anos-no-tienen-moral-para-hablar-de-la-patria\\\/#primaryimage\"},\"image\":{\"@id\":\"https:\\\/\\\/www.eldiario.net\\\/portal\\\/2026\\\/08\\\/10\\\/militares-que-callaron-por-20-anos-no-tienen-moral-para-hablar-de-la-patria\\\/#primaryimage\"},\"thumbnailUrl\":\"https:\\\/\\\/www.eldiario.net\\\/portal\\\/wp-content\\\/uploads\\\/2026\\\/08\\\/MILITARES.webp\",\"datePublished\":\"2026-08-10T09:59:54+00:00\",\"breadcrumb\":{\"@id\":\"https:\\\/\\\/www.eldiario.net\\\/portal\\\/2026\\\/08\\\/10\\\/militares-que-callaron-por-20-anos-no-tienen-moral-para-hablar-de-la-patria\\\/#breadcrumb\"},\"inLanguage\":\"es\",\"potentialAction\":[{\"@type\":\"ReadAction\",\"target\":[\"https:\\\/\\\/www.eldiario.net\\\/portal\\\/2026\\\/08\\\/10\\\/militares-que-callaron-por-20-anos-no-tienen-moral-para-hablar-de-la-patria\\\/\"]}]},{\"@type\":\"ImageObject\",\"inLanguage\":\"es\",\"@id\":\"https:\\\/\\\/www.eldiario.net\\\/portal\\\/2026\\\/08\\\/10\\\/militares-que-callaron-por-20-anos-no-tienen-moral-para-hablar-de-la-patria\\\/#primaryimage\",\"url\":\"https:\\\/\\\/www.eldiario.net\\\/portal\\\/wp-content\\\/uploads\\\/2026\\\/08\\\/MILITARES.webp\",\"contentUrl\":\"https:\\\/\\\/www.eldiario.net\\\/portal\\\/wp-content\\\/uploads\\\/2026\\\/08\\\/MILITARES.webp\",\"width\":600,\"height\":455,\"caption\":\"Diputado Edgar Zegarra dijo que varios mandos de las Fuerzas Armadas callaron y asumieron una postura pasiva ante el r\u00e9gimen \u201cmasista\u201d.\"},{\"@type\":\"BreadcrumbList\",\"@id\":\"https:\\\/\\\/www.eldiario.net\\\/portal\\\/2026\\\/08\\\/10\\\/militares-que-callaron-por-20-anos-no-tienen-moral-para-hablar-de-la-patria\\\/#breadcrumb\",\"itemListElement\":[{\"@type\":\"ListItem\",\"position\":1,\"name\":\"Portada\",\"item\":\"https:\\\/\\\/www.eldiario.net\\\/portal\\\/\"},{\"@type\":\"ListItem\",\"position\":2,\"name\":\"Militares que callaron por 20 a\u00f1os no tienen moral para hablar de la patria\"}]},{\"@type\":\"WebSite\",\"@id\":\"https:\\\/\\\/www.eldiario.net\\\/portal\\\/#website\",\"url\":\"https:\\\/\\\/www.eldiario.net\\\/portal\\\/\",\"name\":\"El Diario - Decano de la prensa nacional\",\"description\":\"El Diario - Decano de la prensa nacional\",\"publisher\":{\"@id\":\"https:\\\/\\\/www.eldiario.net\\\/portal\\\/#organization\"},\"potentialAction\":[{\"@type\":\"SearchAction\",\"target\":{\"@type\":\"EntryPoint\",\"urlTemplate\":\"https:\\\/\\\/www.eldiario.net\\\/portal\\\/?s={search_term_string}\"},\"query-input\":{\"@type\":\"PropertyValueSpecification\",\"valueRequired\":true,\"valueName\":\"search_term_string\"}}],\"inLanguage\":\"es\"},{\"@type\":\"Organization\",\"@id\":\"https:\\\/\\\/www.eldiario.net\\\/portal\\\/#organization\",\"name\":\"El Diario - Decano de la prensa nacional\",\"url\":\"https:\\\/\\\/www.eldiario.net\\\/portal\\\/\",\"logo\":{\"@type\":\"ImageObject\",\"inLanguage\":\"es\",\"@id\":\"https:\\\/\\\/www.eldiario.net\\\/portal\\\/#\\\/schema\\\/logo\\\/image\\\/\",\"url\":\"https:\\\/\\\/www.eldiario.net\\\/portal\\\/wp-content\\\/uploads\\\/2023\\\/07\\\/logo_ED.jpg\",\"contentUrl\":\"https:\\\/\\\/www.eldiario.net\\\/portal\\\/wp-content\\\/uploads\\\/2023\\\/07\\\/logo_ED.jpg\",\"width\":272,\"height\":52,\"caption\":\"El Diario - Decano de la prensa nacional\"},\"image\":{\"@id\":\"https:\\\/\\\/www.eldiario.net\\\/portal\\\/#\\\/schema\\\/logo\\\/image\\\/\"},\"sameAs\":[\"https:\\\/\\\/www.facebook.com\\\/eldiario.bolivia\\\/\",\"https:\\\/\\\/x.com\\\/eldiario_net\"]},{\"@type\":\"Person\",\"@id\":\"https:\\\/\\\/www.eldiario.net\\\/portal\\\/#\\\/schema\\\/person\\\/f46445640444750d7d753ccd04ae01b7\",\"name\":\"Jeanette\",\"image\":{\"@type\":\"ImageObject\",\"inLanguage\":\"es\",\"@id\":\"https:\\\/\\\/secure.gravatar.com\\\/avatar\\\/3ea2118a5f7dad2b7138b1187a6b7ee55f160b9968b66013c3a3ef39dd7e5798?s=96&d=mm&r=g\",\"url\":\"https:\\\/\\\/secure.gravatar.com\\\/avatar\\\/3ea2118a5f7dad2b7138b1187a6b7ee55f160b9968b66013c3a3ef39dd7e5798?s=96&d=mm&r=g\",\"contentUrl\":\"https:\\\/\\\/secure.gravatar.com\\\/avatar\\\/3ea2118a5f7dad2b7138b1187a6b7ee55f160b9968b66013c3a3ef39dd7e5798?s=96&d=mm&r=g\",\"caption\":\"Jeanette\"},\"sameAs\":[\"https:\\\/\\\/www.eldiario.net\\\/portal\"],\"url\":\"https:\\\/\\\/www.eldiario.net\\\/portal\\\/author\\\/jeanette\\\/\"}]}<\/script>\n<!-- \/ Yoast SEO plugin. -->","yoast_head_json":{"title":"Militares que callaron por 20 a\u00f1os no tienen moral para hablar de la patria - El Diario - Bolivia","robots":{"index":"index","follow":"follow","max-snippet":"max-snippet:-1","max-image-preview":"max-image-preview:large","max-video-preview":"max-video-preview:-1"},"canonical":"https:\/\/www.eldiario.net\/portal\/2026\/08\/10\/militares-que-callaron-por-20-anos-no-tienen-moral-para-hablar-de-la-patria\/","og_locale":"es_ES","og_type":"article","og_title":"Militares que callaron por 20 a\u00f1os no tienen moral para hablar de la patria - El Diario - Bolivia","og_description":"Respondiendo algunos cuestionamientos emitidos por militares del servicio pasivo en relaci\u00f3n a supuestos actos contra la soberan\u00eda nacional en la actual administraci\u00f3n, el asamble\u00edsta nacional por el departamento de Potos\u00ed, Edgar Zegarra Bernal, record\u00f3 que varios mandos de las Fuerzas Armadas callaron y asumieron una postura pasiva durante los veinte a\u00f1os del r\u00e9gimen \u201cmasista\u201d, lo [&hellip;]","og_url":"https:\/\/www.eldiario.net\/portal\/2026\/08\/10\/militares-que-callaron-por-20-anos-no-tienen-moral-para-hablar-de-la-patria\/","og_site_name":"El Diario - Bolivia","article_publisher":"https:\/\/www.facebook.com\/eldiario.bolivia\/","article_published_time":"2026-08-10T09:59:54+00:00","og_image":[{"width":600,"height":455,"url":"https:\/\/www.eldiario.net\/portal\/wp-content\/uploads\/2026\/08\/MILITARES.webp","type":"image\/webp"}],"author":"Jeanette","twitter_card":"summary_large_image","twitter_creator":"@eldiario_net","twitter_site":"@eldiario_net","twitter_misc":{"Escrito por":"Jeanette","Tiempo de lectura":"4 minutos"},"schema":{"@context":"https:\/\/schema.org","@graph":[{"@type":"Article","@id":"https:\/\/www.eldiario.net\/portal\/2026\/08\/10\/militares-que-callaron-por-20-anos-no-tienen-moral-para-hablar-de-la-patria\/#article","isPartOf":{"@id":"https:\/\/www.eldiario.net\/portal\/2026\/08\/10\/militares-que-callaron-por-20-anos-no-tienen-moral-para-hablar-de-la-patria\/"},"author":{"name":"Jeanette","@id":"https:\/\/www.eldiario.net\/portal\/#\/schema\/person\/f46445640444750d7d753ccd04ae01b7"},"headline":"Militares que callaron por 20 a\u00f1os no tienen moral para hablar de la patria","datePublished":"2026-08-10T09:59:54+00:00","mainEntityOfPage":{"@id":"https:\/\/www.eldiario.net\/portal\/2026\/08\/10\/militares-que-callaron-por-20-anos-no-tienen-moral-para-hablar-de-la-patria\/"},"wordCount":829,"publisher":{"@id":"https:\/\/www.eldiario.net\/portal\/#organization"},"image":{"@id":"https:\/\/www.eldiario.net\/portal\/2026\/08\/10\/militares-que-callaron-por-20-anos-no-tienen-moral-para-hablar-de-la-patria\/#primaryimage"},"thumbnailUrl":"https:\/\/www.eldiario.net\/portal\/wp-content\/uploads\/2026\/08\/MILITARES.webp","articleSection":["Sociedad - Seguridad"],"inLanguage":"es"},{"@type":"WebPage","@id":"https:\/\/www.eldiario.net\/portal\/2026\/08\/10\/militares-que-callaron-por-20-anos-no-tienen-moral-para-hablar-de-la-patria\/","url":"https:\/\/www.eldiario.net\/portal\/2026\/08\/10\/militares-que-callaron-por-20-anos-no-tienen-moral-para-hablar-de-la-patria\/","name":"Militares que callaron por 20 a\u00f1os no tienen moral para hablar de la patria - El Diario - Bolivia","isPartOf":{"@id":"https:\/\/www.eldiario.net\/portal\/#website"},"primaryImageOfPage":{"@id":"https:\/\/www.eldiario.net\/portal\/2026\/08\/10\/militares-que-callaron-por-20-anos-no-tienen-moral-para-hablar-de-la-patria\/#primaryimage"},"image":{"@id":"https:\/\/www.eldiario.net\/portal\/2026\/08\/10\/militares-que-callaron-por-20-anos-no-tienen-moral-para-hablar-de-la-patria\/#primaryimage"},"thumbnailUrl":"https:\/\/www.eldiario.net\/portal\/wp-content\/uploads\/2026\/08\/MILITARES.webp","datePublished":"2026-08-10T09:59:54+00:00","breadcrumb":{"@id":"https:\/\/www.eldiario.net\/portal\/2026\/08\/10\/militares-que-callaron-por-20-anos-no-tienen-moral-para-hablar-de-la-patria\/#breadcrumb"},"inLanguage":"es","potentialAction":[{"@type":"ReadAction","target":["https:\/\/www.eldiario.net\/portal\/2026\/08\/10\/militares-que-callaron-por-20-anos-no-tienen-moral-para-hablar-de-la-patria\/"]}]},{"@type":"ImageObject","inLanguage":"es","@id":"https:\/\/www.eldiario.net\/portal\/2026\/08\/10\/militares-que-callaron-por-20-anos-no-tienen-moral-para-hablar-de-la-patria\/#primaryimage","url":"https:\/\/www.eldiario.net\/portal\/wp-content\/uploads\/2026\/08\/MILITARES.webp","contentUrl":"https:\/\/www.eldiario.net\/portal\/wp-content\/uploads\/2026\/08\/MILITARES.webp","width":600,"height":455,"caption":"Diputado Edgar Zegarra dijo que varios mandos de las Fuerzas Armadas callaron y asumieron una postura pasiva ante el r\u00e9gimen \u201cmasista\u201d."},{"@type":"BreadcrumbList","@id":"https:\/\/www.eldiario.net\/portal\/2026\/08\/10\/militares-que-callaron-por-20-anos-no-tienen-moral-para-hablar-de-la-patria\/#breadcrumb","itemListElement":[{"@type":"ListItem","position":1,"name":"Portada","item":"https:\/\/www.eldiario.net\/portal\/"},{"@type":"ListItem","position":2,"name":"Militares que callaron por 20 a\u00f1os no tienen moral para hablar de la patria"}]},{"@type":"WebSite","@id":"https:\/\/www.eldiario.net\/portal\/#website","url":"https:\/\/www.eldiario.net\/portal\/","name":"El Diario - Decano de la prensa nacional","description":"El Diario - Decano de la prensa nacional","publisher":{"@id":"https:\/\/www.eldiario.net\/portal\/#organization"},"potentialAction":[{"@type":"SearchAction","target":{"@type":"EntryPoint","urlTemplate":"https:\/\/www.eldiario.net\/portal\/?s={search_term_string}"},"query-input":{"@type":"PropertyValueSpecification","valueRequired":true,"valueName":"search_term_string"}}],"inLanguage":"es"},{"@type":"Organization","@id":"https:\/\/www.eldiario.net\/portal\/#organization","name":"El Diario - Decano de la prensa nacional","url":"https:\/\/www.eldiario.net\/portal\/","logo":{"@type":"ImageObject","inLanguage":"es","@id":"https:\/\/www.eldiario.net\/portal\/#\/schema\/logo\/image\/","url":"https:\/\/www.eldiario.net\/portal\/wp-content\/uploads\/2023\/07\/logo_ED.jpg","contentUrl":"https:\/\/www.eldiario.net\/portal\/wp-content\/uploads\/2023\/07\/logo_ED.jpg","width":272,"height":52,"caption":"El Diario - Decano de la prensa nacional"},"image":{"@id":"https:\/\/www.eldiario.net\/portal\/#\/schema\/logo\/image\/"},"sameAs":["https:\/\/www.facebook.com\/eldiario.bolivia\/","https:\/\/x.com\/eldiario_net"]},{"@type":"Person","@id":"https:\/\/www.eldiario.net\/portal\/#\/schema\/person\/f46445640444750d7d753ccd04ae01b7","name":"Jeanette","image":{"@type":"ImageObject","inLanguage":"es","@id":"https:\/\/secure.gravatar.com\/avatar\/3ea2118a5f7dad2b7138b1187a6b7ee55f160b9968b66013c3a3ef39dd7e5798?s=96&d=mm&r=g","url":"https:\/\/secure.gravatar.com\/avatar\/3ea2118a5f7dad2b7138b1187a6b7ee55f160b9968b66013c3a3ef39dd7e5798?s=96&d=mm&r=g","contentUrl":"https:\/\/secure.gravatar.com\/avatar\/3ea2118a5f7dad2b7138b1187a6b7ee55f160b9968b66013c3a3ef39dd7e5798?s=96&d=mm&r=g","caption":"Jeanette"},"sameAs":["https:\/\/www.eldiario.net\/portal"],"url":"https:\/\/www.eldiario.net\/portal\/author\/jeanette\/"}]}},"_links":{"self":[{"href":"https:\/\/www.eldiario.net\/portal\/wp-json\/wp\/v2\/posts\/420034","targetHints":{"allow":["GET"]}}],"collection":[{"href":"https:\/\/www.eldiario.net\/portal\/wp-json\/wp\/v2\/posts"}],"about":[{"href":"https:\/\/www.eldiario.net\/portal\/wp-json\/wp\/v2\/types\/post"}],"author":[{"embeddable":true,"href":"https:\/\/www.eldiario.net\/portal\/wp-json\/wp\/v2\/users\/1"}],"replies":[{"embeddable":true,"href":"https:\/\/www.eldiario.net\/portal\/wp-json\/wp\/v2\/comments?post=420034"}],"version-history":[{"count":1,"href":"https:\/\/www.eldiario.net\/portal\/wp-json\/wp\/v2\/posts\/420034\/revisions"}],"predecessor-version":[{"id":420037,"href":"https:\/\/www.eldiario.net\/portal\/wp-json\/wp\/v2\/posts\/420034\/revisions\/420037"}],"wp:featuredmedia":[{"embeddable":true,"href":"https:\/\/www.eldiario.net\/portal\/wp-json\/wp\/v2\/media\/420035"}],"wp:attachment":[{"href":"https:\/\/www.eldiario.net\/portal\/wp-json\/wp\/v2\/media?parent=420034"}],"wp:term":[{"taxonomy":"category","embeddable":true,"href":"https:\/\/www.eldiario.net\/portal\/wp-json\/wp\/v2\/categories?post=420034"},{"taxonomy":"post_tag","embeddable":true,"href":"https:\/\/www.eldiario.net\/portal\/wp-json\/wp\/v2\/tags?post=420034"}],"curies":[{"name":"wp","href":"https:\/\/api.w.org\/{rel}","templated":true}]}}