{"id":420026,"date":"2026-08-10T05:56:16","date_gmt":"2026-08-10T09:56:16","guid":{"rendered":"https:\/\/www.eldiario.net\/portal\/?p=420026"},"modified":"2026-08-10T05:56:16","modified_gmt":"2026-08-10T09:56:16","slug":"cuerpo-de-persona-desaparecida-es-hallado-en-el-rio-san-francisco","status":"publish","type":"post","link":"https:\/\/www.eldiario.net\/portal\/2026\/08\/10\/cuerpo-de-persona-desaparecida-es-hallado-en-el-rio-san-francisco\/","title":{"rendered":"Cuerpo de persona desaparecida  es hallado en el r\u00edo San Francisco"},"content":{"rendered":"<p>Luego de varios d\u00edas de b\u00fasqueda en el municipio de Villa Tunari, personal de la Armada Boliviana report\u00f3 que, durante un patrullaje nocturno, se recuper\u00f3 el cuerpo sin vida de una persona desaparecida tras un accidente en el r\u00edo San Francisco del Tr\u00f3pico de Cochabamba.<br \/>\nEl hallazgo se produjo durante la madrugada del domingo, cuando los equipos de b\u00fasqueda lograron ubicar el cuerpo y trasladarlo hasta la orilla, en coordinaci\u00f3n con familiares y autoridades locales.<br \/>\nPosteriormente, se realizaron las diligencias necesarias para el levantamiento legal del cuerpo por parte de la Polic\u00eda. Una vez cumplidos los procedimientos correspondientes, el cad\u00e1ver fue trasladado en una ambulancia hasta el Centro de Salud del municipio de Villa Tunari, para continuar con las actuaciones establecidas por ley.<br \/>\nLas operaciones de b\u00fasqueda y rescate fueron ejecutadas por el \u00c1rea Naval N.\u00ba 1 \u201cCochabamba\u201d, en cumplimiento de las \u00f3rdenes de operaciones dispuestas para atender la emergencia.<br \/>\nAsimismo, la instituci\u00f3n naval dirigi\u00f3 sus condolencias a los familiares de la persona fallecida y reafirm\u00f3 su compromiso de continuar apoyando las labores de b\u00fasqueda, rescate y atenci\u00f3n de emergencias en coordinaci\u00f3n con las autoridades competentes.<br \/>\nEl accidente se produjo el pasado jueves 6 de agosto, en el r\u00edo Chipiriri, en el sector de Puerto San Francisco, en el municipio de Villa Tunari, aproximadamente a las 16.00, cuando la lancha en la que se trasladaba la v\u00edctima, en compa\u00f1\u00eda de otras dos personas, impact\u00f3 contra un tronco y se volc\u00f3. Los otros dos ocupantes lograron ser rescatadas despu\u00e9s de la colisi\u00f3n.<br \/>\nAl conocer la noticia, el ministro de Defensa, Ernesto Justiniano, expres\u00f3 su pesar a la familia doliente. \u201cLamento profundamente este desenlace y expreso mis m\u00e1s sentidas condolencias y toda mi solidaridad a su familia y seres queridos en este dif\u00edcil momento\u201d, manifest\u00f3 la autoridad.<br \/>\nTambi\u00e9n expres\u00f3 su reconocimiento al personal de la Armada Boliviana, a los equipos de b\u00fasqueda y rescate, autoridades locales y miembros de la comunidad, quienes acompa\u00f1aron las labores de b\u00fasqueda.<\/p>\n","protected":false},"excerpt":{"rendered":"<p>Luego de varios d\u00edas de b\u00fasqueda en el municipio de Villa Tunari, personal de la Armada Boliviana report\u00f3 que, durante un patrullaje nocturno, se recuper\u00f3 el cuerpo sin vida de una persona desaparecida tras un accidente en el r\u00edo San Francisco del Tr\u00f3pico de Cochabamba. El hallazgo se produjo durante la madrugada del domingo, cuando [&hellip;]<\/p>\n","protected":false},"author":1,"featured_media":420027,"comment_status":"closed","ping_status":"open","sticky":false,"template":"","format":"standard","meta":{"_acf_changed":false,"footnotes":""},"categories":[39],"tags":[],"class_list":["post-420026","post","type-post","status-publish","format-standard","has-post-thumbnail","category-sociedad"],"acf":{"antetitulo":"En Villa Tunari"},"yoast_head":"<!-- This site is optimized with the Yoast SEO plugin v28.3 - https:\/\/yoast.com\/product\/yoast-seo-wordpress\/ -->\n<title>Cuerpo de persona desaparecida es hallado en el r\u00edo San Francisco - El Diario - Bolivia<\/title>\n<meta name=\"robots\" content=\"index, follow, max-snippet:-1, max-image-preview:large, max-video-preview:-1\" \/>\n<link rel=\"canonical\" href=\"https:\/\/www.eldiario.net\/portal\/2026\/08\/10\/cuerpo-de-persona-desaparecida-es-hallado-en-el-rio-san-francisco\/\" \/>\n<meta property=\"og:locale\" content=\"es_ES\" \/>\n<meta property=\"og:type\" content=\"article\" \/>\n<meta property=\"og:title\" content=\"Cuerpo de persona desaparecida es hallado en el r\u00edo San Francisco - El Diario - Bolivia\" \/>\n<meta property=\"og:description\" content=\"Luego de varios d\u00edas de b\u00fasqueda en el municipio de Villa Tunari, personal de la Armada Boliviana report\u00f3 que, durante un patrullaje nocturno, se recuper\u00f3 el cuerpo sin vida de una persona desaparecida tras un accidente en el r\u00edo San Francisco del Tr\u00f3pico de Cochabamba. El hallazgo se produjo durante la madrugada del domingo, cuando [&hellip;]\" \/>\n<meta property=\"og:url\" content=\"https:\/\/www.eldiario.net\/portal\/2026\/08\/10\/cuerpo-de-persona-desaparecida-es-hallado-en-el-rio-san-francisco\/\" \/>\n<meta property=\"og:site_name\" content=\"El Diario - Bolivia\" \/>\n<meta property=\"article:publisher\" content=\"https:\/\/www.facebook.com\/eldiario.bolivia\/\" \/>\n<meta property=\"article:published_time\" content=\"2026-08-10T09:56:16+00:00\" \/>\n<meta property=\"og:image\" content=\"https:\/\/www.eldiario.net\/portal\/wp-content\/uploads\/2026\/08\/RIO.webp\" \/>\n\t<meta property=\"og:image:width\" content=\"1600\" \/>\n\t<meta property=\"og:image:height\" content=\"1200\" \/>\n\t<meta property=\"og:image:type\" content=\"image\/webp\" \/>\n<meta name=\"author\" content=\"Jeanette\" \/>\n<meta name=\"twitter:card\" content=\"summary_large_image\" \/>\n<meta name=\"twitter:creator\" content=\"@eldiario_net\" \/>\n<meta name=\"twitter:site\" content=\"@eldiario_net\" \/>\n<meta name=\"twitter:label1\" content=\"Escrito por\" \/>\n\t<meta name=\"twitter:data1\" content=\"Jeanette\" \/>\n\t<meta name=\"twitter:label2\" content=\"Tiempo de lectura\" \/>\n\t<meta name=\"twitter:data2\" content=\"2 minutos\" \/>\n<script type=\"application\/ld+json\" class=\"yoast-schema-graph\">{\"@context\":\"https:\\\/\\\/schema.org\",\"@graph\":[{\"@type\":\"Article\",\"@id\":\"https:\\\/\\\/www.eldiario.net\\\/portal\\\/2026\\\/08\\\/10\\\/cuerpo-de-persona-desaparecida-es-hallado-en-el-rio-san-francisco\\\/#article\",\"isPartOf\":{\"@id\":\"https:\\\/\\\/www.eldiario.net\\\/portal\\\/2026\\\/08\\\/10\\\/cuerpo-de-persona-desaparecida-es-hallado-en-el-rio-san-francisco\\\/\"},\"author\":{\"name\":\"Jeanette\",\"@id\":\"https:\\\/\\\/www.eldiario.net\\\/portal\\\/#\\\/schema\\\/person\\\/f46445640444750d7d753ccd04ae01b7\"},\"headline\":\"Cuerpo de persona desaparecida es hallado en el r\u00edo San Francisco\",\"datePublished\":\"2026-08-10T09:56:16+00:00\",\"mainEntityOfPage\":{\"@id\":\"https:\\\/\\\/www.eldiario.net\\\/portal\\\/2026\\\/08\\\/10\\\/cuerpo-de-persona-desaparecida-es-hallado-en-el-rio-san-francisco\\\/\"},\"wordCount\":358,\"publisher\":{\"@id\":\"https:\\\/\\\/www.eldiario.net\\\/portal\\\/#organization\"},\"image\":{\"@id\":\"https:\\\/\\\/www.eldiario.net\\\/portal\\\/2026\\\/08\\\/10\\\/cuerpo-de-persona-desaparecida-es-hallado-en-el-rio-san-francisco\\\/#primaryimage\"},\"thumbnailUrl\":\"https:\\\/\\\/www.eldiario.net\\\/portal\\\/wp-content\\\/uploads\\\/2026\\\/08\\\/RIO.webp\",\"articleSection\":[\"Sociedad - Seguridad\"],\"inLanguage\":\"es\"},{\"@type\":\"WebPage\",\"@id\":\"https:\\\/\\\/www.eldiario.net\\\/portal\\\/2026\\\/08\\\/10\\\/cuerpo-de-persona-desaparecida-es-hallado-en-el-rio-san-francisco\\\/\",\"url\":\"https:\\\/\\\/www.eldiario.net\\\/portal\\\/2026\\\/08\\\/10\\\/cuerpo-de-persona-desaparecida-es-hallado-en-el-rio-san-francisco\\\/\",\"name\":\"Cuerpo de persona desaparecida es hallado en el r\u00edo San Francisco - El Diario - Bolivia\",\"isPartOf\":{\"@id\":\"https:\\\/\\\/www.eldiario.net\\\/portal\\\/#website\"},\"primaryImageOfPage\":{\"@id\":\"https:\\\/\\\/www.eldiario.net\\\/portal\\\/2026\\\/08\\\/10\\\/cuerpo-de-persona-desaparecida-es-hallado-en-el-rio-san-francisco\\\/#primaryimage\"},\"image\":{\"@id\":\"https:\\\/\\\/www.eldiario.net\\\/portal\\\/2026\\\/08\\\/10\\\/cuerpo-de-persona-desaparecida-es-hallado-en-el-rio-san-francisco\\\/#primaryimage\"},\"thumbnailUrl\":\"https:\\\/\\\/www.eldiario.net\\\/portal\\\/wp-content\\\/uploads\\\/2026\\\/08\\\/RIO.webp\",\"datePublished\":\"2026-08-10T09:56:16+00:00\",\"breadcrumb\":{\"@id\":\"https:\\\/\\\/www.eldiario.net\\\/portal\\\/2026\\\/08\\\/10\\\/cuerpo-de-persona-desaparecida-es-hallado-en-el-rio-san-francisco\\\/#breadcrumb\"},\"inLanguage\":\"es\",\"potentialAction\":[{\"@type\":\"ReadAction\",\"target\":[\"https:\\\/\\\/www.eldiario.net\\\/portal\\\/2026\\\/08\\\/10\\\/cuerpo-de-persona-desaparecida-es-hallado-en-el-rio-san-francisco\\\/\"]}]},{\"@type\":\"ImageObject\",\"inLanguage\":\"es\",\"@id\":\"https:\\\/\\\/www.eldiario.net\\\/portal\\\/2026\\\/08\\\/10\\\/cuerpo-de-persona-desaparecida-es-hallado-en-el-rio-san-francisco\\\/#primaryimage\",\"url\":\"https:\\\/\\\/www.eldiario.net\\\/portal\\\/wp-content\\\/uploads\\\/2026\\\/08\\\/RIO.webp\",\"contentUrl\":\"https:\\\/\\\/www.eldiario.net\\\/portal\\\/wp-content\\\/uploads\\\/2026\\\/08\\\/RIO.webp\",\"width\":1600,\"height\":1200,\"caption\":\"Labores de rescate de la Armada\"},{\"@type\":\"BreadcrumbList\",\"@id\":\"https:\\\/\\\/www.eldiario.net\\\/portal\\\/2026\\\/08\\\/10\\\/cuerpo-de-persona-desaparecida-es-hallado-en-el-rio-san-francisco\\\/#breadcrumb\",\"itemListElement\":[{\"@type\":\"ListItem\",\"position\":1,\"name\":\"Portada\",\"item\":\"https:\\\/\\\/www.eldiario.net\\\/portal\\\/\"},{\"@type\":\"ListItem\",\"position\":2,\"name\":\"Cuerpo de persona desaparecida es hallado en el r\u00edo San Francisco\"}]},{\"@type\":\"WebSite\",\"@id\":\"https:\\\/\\\/www.eldiario.net\\\/portal\\\/#website\",\"url\":\"https:\\\/\\\/www.eldiario.net\\\/portal\\\/\",\"name\":\"El Diario - Decano de la prensa nacional\",\"description\":\"El Diario - Decano de la prensa nacional\",\"publisher\":{\"@id\":\"https:\\\/\\\/www.eldiario.net\\\/portal\\\/#organization\"},\"potentialAction\":[{\"@type\":\"SearchAction\",\"target\":{\"@type\":\"EntryPoint\",\"urlTemplate\":\"https:\\\/\\\/www.eldiario.net\\\/portal\\\/?s={search_term_string}\"},\"query-input\":{\"@type\":\"PropertyValueSpecification\",\"valueRequired\":true,\"valueName\":\"search_term_string\"}}],\"inLanguage\":\"es\"},{\"@type\":\"Organization\",\"@id\":\"https:\\\/\\\/www.eldiario.net\\\/portal\\\/#organization\",\"name\":\"El Diario - Decano de la prensa nacional\",\"url\":\"https:\\\/\\\/www.eldiario.net\\\/portal\\\/\",\"logo\":{\"@type\":\"ImageObject\",\"inLanguage\":\"es\",\"@id\":\"https:\\\/\\\/www.eldiario.net\\\/portal\\\/#\\\/schema\\\/logo\\\/image\\\/\",\"url\":\"https:\\\/\\\/www.eldiario.net\\\/portal\\\/wp-content\\\/uploads\\\/2023\\\/07\\\/logo_ED.jpg\",\"contentUrl\":\"https:\\\/\\\/www.eldiario.net\\\/portal\\\/wp-content\\\/uploads\\\/2023\\\/07\\\/logo_ED.jpg\",\"width\":272,\"height\":52,\"caption\":\"El Diario - Decano de la prensa nacional\"},\"image\":{\"@id\":\"https:\\\/\\\/www.eldiario.net\\\/portal\\\/#\\\/schema\\\/logo\\\/image\\\/\"},\"sameAs\":[\"https:\\\/\\\/www.facebook.com\\\/eldiario.bolivia\\\/\",\"https:\\\/\\\/x.com\\\/eldiario_net\"]},{\"@type\":\"Person\",\"@id\":\"https:\\\/\\\/www.eldiario.net\\\/portal\\\/#\\\/schema\\\/person\\\/f46445640444750d7d753ccd04ae01b7\",\"name\":\"Jeanette\",\"image\":{\"@type\":\"ImageObject\",\"inLanguage\":\"es\",\"@id\":\"https:\\\/\\\/secure.gravatar.com\\\/avatar\\\/3ea2118a5f7dad2b7138b1187a6b7ee55f160b9968b66013c3a3ef39dd7e5798?s=96&d=mm&r=g\",\"url\":\"https:\\\/\\\/secure.gravatar.com\\\/avatar\\\/3ea2118a5f7dad2b7138b1187a6b7ee55f160b9968b66013c3a3ef39dd7e5798?s=96&d=mm&r=g\",\"contentUrl\":\"https:\\\/\\\/secure.gravatar.com\\\/avatar\\\/3ea2118a5f7dad2b7138b1187a6b7ee55f160b9968b66013c3a3ef39dd7e5798?s=96&d=mm&r=g\",\"caption\":\"Jeanette\"},\"sameAs\":[\"https:\\\/\\\/www.eldiario.net\\\/portal\"],\"url\":\"https:\\\/\\\/www.eldiario.net\\\/portal\\\/author\\\/jeanette\\\/\"}]}<\/script>\n<!-- \/ Yoast SEO plugin. -->","yoast_head_json":{"title":"Cuerpo de persona desaparecida es hallado en el r\u00edo San Francisco - El Diario - Bolivia","robots":{"index":"index","follow":"follow","max-snippet":"max-snippet:-1","max-image-preview":"max-image-preview:large","max-video-preview":"max-video-preview:-1"},"canonical":"https:\/\/www.eldiario.net\/portal\/2026\/08\/10\/cuerpo-de-persona-desaparecida-es-hallado-en-el-rio-san-francisco\/","og_locale":"es_ES","og_type":"article","og_title":"Cuerpo de persona desaparecida es hallado en el r\u00edo San Francisco - El Diario - Bolivia","og_description":"Luego de varios d\u00edas de b\u00fasqueda en el municipio de Villa Tunari, personal de la Armada Boliviana report\u00f3 que, durante un patrullaje nocturno, se recuper\u00f3 el cuerpo sin vida de una persona desaparecida tras un accidente en el r\u00edo San Francisco del Tr\u00f3pico de Cochabamba. El hallazgo se produjo durante la madrugada del domingo, cuando [&hellip;]","og_url":"https:\/\/www.eldiario.net\/portal\/2026\/08\/10\/cuerpo-de-persona-desaparecida-es-hallado-en-el-rio-san-francisco\/","og_site_name":"El Diario - Bolivia","article_publisher":"https:\/\/www.facebook.com\/eldiario.bolivia\/","article_published_time":"2026-08-10T09:56:16+00:00","og_image":[{"width":1600,"height":1200,"url":"https:\/\/www.eldiario.net\/portal\/wp-content\/uploads\/2026\/08\/RIO.webp","type":"image\/webp"}],"author":"Jeanette","twitter_card":"summary_large_image","twitter_creator":"@eldiario_net","twitter_site":"@eldiario_net","twitter_misc":{"Escrito por":"Jeanette","Tiempo de lectura":"2 minutos"},"schema":{"@context":"https:\/\/schema.org","@graph":[{"@type":"Article","@id":"https:\/\/www.eldiario.net\/portal\/2026\/08\/10\/cuerpo-de-persona-desaparecida-es-hallado-en-el-rio-san-francisco\/#article","isPartOf":{"@id":"https:\/\/www.eldiario.net\/portal\/2026\/08\/10\/cuerpo-de-persona-desaparecida-es-hallado-en-el-rio-san-francisco\/"},"author":{"name":"Jeanette","@id":"https:\/\/www.eldiario.net\/portal\/#\/schema\/person\/f46445640444750d7d753ccd04ae01b7"},"headline":"Cuerpo de persona desaparecida es hallado en el r\u00edo San Francisco","datePublished":"2026-08-10T09:56:16+00:00","mainEntityOfPage":{"@id":"https:\/\/www.eldiario.net\/portal\/2026\/08\/10\/cuerpo-de-persona-desaparecida-es-hallado-en-el-rio-san-francisco\/"},"wordCount":358,"publisher":{"@id":"https:\/\/www.eldiario.net\/portal\/#organization"},"image":{"@id":"https:\/\/www.eldiario.net\/portal\/2026\/08\/10\/cuerpo-de-persona-desaparecida-es-hallado-en-el-rio-san-francisco\/#primaryimage"},"thumbnailUrl":"https:\/\/www.eldiario.net\/portal\/wp-content\/uploads\/2026\/08\/RIO.webp","articleSection":["Sociedad - Seguridad"],"inLanguage":"es"},{"@type":"WebPage","@id":"https:\/\/www.eldiario.net\/portal\/2026\/08\/10\/cuerpo-de-persona-desaparecida-es-hallado-en-el-rio-san-francisco\/","url":"https:\/\/www.eldiario.net\/portal\/2026\/08\/10\/cuerpo-de-persona-desaparecida-es-hallado-en-el-rio-san-francisco\/","name":"Cuerpo de persona desaparecida es hallado en el r\u00edo San Francisco - El Diario - Bolivia","isPartOf":{"@id":"https:\/\/www.eldiario.net\/portal\/#website"},"primaryImageOfPage":{"@id":"https:\/\/www.eldiario.net\/portal\/2026\/08\/10\/cuerpo-de-persona-desaparecida-es-hallado-en-el-rio-san-francisco\/#primaryimage"},"image":{"@id":"https:\/\/www.eldiario.net\/portal\/2026\/08\/10\/cuerpo-de-persona-desaparecida-es-hallado-en-el-rio-san-francisco\/#primaryimage"},"thumbnailUrl":"https:\/\/www.eldiario.net\/portal\/wp-content\/uploads\/2026\/08\/RIO.webp","datePublished":"2026-08-10T09:56:16+00:00","breadcrumb":{"@id":"https:\/\/www.eldiario.net\/portal\/2026\/08\/10\/cuerpo-de-persona-desaparecida-es-hallado-en-el-rio-san-francisco\/#breadcrumb"},"inLanguage":"es","potentialAction":[{"@type":"ReadAction","target":["https:\/\/www.eldiario.net\/portal\/2026\/08\/10\/cuerpo-de-persona-desaparecida-es-hallado-en-el-rio-san-francisco\/"]}]},{"@type":"ImageObject","inLanguage":"es","@id":"https:\/\/www.eldiario.net\/portal\/2026\/08\/10\/cuerpo-de-persona-desaparecida-es-hallado-en-el-rio-san-francisco\/#primaryimage","url":"https:\/\/www.eldiario.net\/portal\/wp-content\/uploads\/2026\/08\/RIO.webp","contentUrl":"https:\/\/www.eldiario.net\/portal\/wp-content\/uploads\/2026\/08\/RIO.webp","width":1600,"height":1200,"caption":"Labores de rescate de la Armada"},{"@type":"BreadcrumbList","@id":"https:\/\/www.eldiario.net\/portal\/2026\/08\/10\/cuerpo-de-persona-desaparecida-es-hallado-en-el-rio-san-francisco\/#breadcrumb","itemListElement":[{"@type":"ListItem","position":1,"name":"Portada","item":"https:\/\/www.eldiario.net\/portal\/"},{"@type":"ListItem","position":2,"name":"Cuerpo de persona desaparecida es hallado en el r\u00edo San Francisco"}]},{"@type":"WebSite","@id":"https:\/\/www.eldiario.net\/portal\/#website","url":"https:\/\/www.eldiario.net\/portal\/","name":"El Diario - Decano de la prensa nacional","description":"El Diario - Decano de la prensa nacional","publisher":{"@id":"https:\/\/www.eldiario.net\/portal\/#organization"},"potentialAction":[{"@type":"SearchAction","target":{"@type":"EntryPoint","urlTemplate":"https:\/\/www.eldiario.net\/portal\/?s={search_term_string}"},"query-input":{"@type":"PropertyValueSpecification","valueRequired":true,"valueName":"search_term_string"}}],"inLanguage":"es"},{"@type":"Organization","@id":"https:\/\/www.eldiario.net\/portal\/#organization","name":"El Diario - Decano de la prensa nacional","url":"https:\/\/www.eldiario.net\/portal\/","logo":{"@type":"ImageObject","inLanguage":"es","@id":"https:\/\/www.eldiario.net\/portal\/#\/schema\/logo\/image\/","url":"https:\/\/www.eldiario.net\/portal\/wp-content\/uploads\/2023\/07\/logo_ED.jpg","contentUrl":"https:\/\/www.eldiario.net\/portal\/wp-content\/uploads\/2023\/07\/logo_ED.jpg","width":272,"height":52,"caption":"El Diario - Decano de la prensa nacional"},"image":{"@id":"https:\/\/www.eldiario.net\/portal\/#\/schema\/logo\/image\/"},"sameAs":["https:\/\/www.facebook.com\/eldiario.bolivia\/","https:\/\/x.com\/eldiario_net"]},{"@type":"Person","@id":"https:\/\/www.eldiario.net\/portal\/#\/schema\/person\/f46445640444750d7d753ccd04ae01b7","name":"Jeanette","image":{"@type":"ImageObject","inLanguage":"es","@id":"https:\/\/secure.gravatar.com\/avatar\/3ea2118a5f7dad2b7138b1187a6b7ee55f160b9968b66013c3a3ef39dd7e5798?s=96&d=mm&r=g","url":"https:\/\/secure.gravatar.com\/avatar\/3ea2118a5f7dad2b7138b1187a6b7ee55f160b9968b66013c3a3ef39dd7e5798?s=96&d=mm&r=g","contentUrl":"https:\/\/secure.gravatar.com\/avatar\/3ea2118a5f7dad2b7138b1187a6b7ee55f160b9968b66013c3a3ef39dd7e5798?s=96&d=mm&r=g","caption":"Jeanette"},"sameAs":["https:\/\/www.eldiario.net\/portal"],"url":"https:\/\/www.eldiario.net\/portal\/author\/jeanette\/"}]}},"_links":{"self":[{"href":"https:\/\/www.eldiario.net\/portal\/wp-json\/wp\/v2\/posts\/420026","targetHints":{"allow":["GET"]}}],"collection":[{"href":"https:\/\/www.eldiario.net\/portal\/wp-json\/wp\/v2\/posts"}],"about":[{"href":"https:\/\/www.eldiario.net\/portal\/wp-json\/wp\/v2\/types\/post"}],"author":[{"embeddable":true,"href":"https:\/\/www.eldiario.net\/portal\/wp-json\/wp\/v2\/users\/1"}],"replies":[{"embeddable":true,"href":"https:\/\/www.eldiario.net\/portal\/wp-json\/wp\/v2\/comments?post=420026"}],"version-history":[{"count":1,"href":"https:\/\/www.eldiario.net\/portal\/wp-json\/wp\/v2\/posts\/420026\/revisions"}],"predecessor-version":[{"id":420028,"href":"https:\/\/www.eldiario.net\/portal\/wp-json\/wp\/v2\/posts\/420026\/revisions\/420028"}],"wp:featuredmedia":[{"embeddable":true,"href":"https:\/\/www.eldiario.net\/portal\/wp-json\/wp\/v2\/media\/420027"}],"wp:attachment":[{"href":"https:\/\/www.eldiario.net\/portal\/wp-json\/wp\/v2\/media?parent=420026"}],"wp:term":[{"taxonomy":"category","embeddable":true,"href":"https:\/\/www.eldiario.net\/portal\/wp-json\/wp\/v2\/categories?post=420026"},{"taxonomy":"post_tag","embeddable":true,"href":"https:\/\/www.eldiario.net\/portal\/wp-json\/wp\/v2\/tags?post=420026"}],"curies":[{"name":"wp","href":"https:\/\/api.w.org\/{rel}","templated":true}]}}