{"id":419994,"date":"2026-08-10T00:40:41","date_gmt":"2026-08-10T04:40:41","guid":{"rendered":"https:\/\/www.eldiario.net\/portal\/?p=419994"},"modified":"2026-08-09T12:41:34","modified_gmt":"2026-08-09T16:41:34","slug":"apple-prepara-su-iphone-plegable-para-revolucionar-el-mercado","status":"publish","type":"post","link":"https:\/\/www.eldiario.net\/portal\/2026\/08\/10\/apple-prepara-su-iphone-plegable-para-revolucionar-el-mercado\/","title":{"rendered":"Apple prepara su iPhone plegable para revolucionar el mercado"},"content":{"rendered":"<p>Apple est\u00e1 a punto de dar un paso que podr\u00eda marcar un antes y un despu\u00e9s en la industria de los tel\u00e9fonos m\u00f3viles: el lanzamiento de su primer <strong>iPhone plegable<\/strong>. Aunque la compa\u00f1\u00eda no ser\u00e1 la primera en introducir este tipo de dispositivos \u2014Samsung y otros fabricantes llevan a\u00f1os trabajando en ellos\u2014, los analistas creen que el impacto ser\u00e1 similar al que tuvo el debut de los <strong>AirPods<\/strong> en 2016. En aquel momento, Apple no invent\u00f3 los auriculares inal\u00e1mbricos, pero s\u00ed consigui\u00f3 que se convirtieran en un est\u00e1ndar, beneficiando incluso a sus competidores. Con los plegables, se espera un efecto parecido.<\/p>\n<p><strong>Un mercado que empieza a despegar<\/strong><\/p>\n<p>Hoy en d\u00eda, los celulares plegables representan apenas un 1,6% de las ventas globales de smartphones. Son vistos como un producto de nicho, atractivo pero todav\u00eda limitado. Sin embargo, la llegada del iPhone plegable podr\u00eda cambiar esa percepci\u00f3n. Apple tiene la capacidad de transformar un segmento minoritario en una tendencia masiva, y los expertos creen que este dispositivo pondr\u00e1 los plegables en el mapa para millones de usuarios que hasta ahora los consideraban experimentales.<\/p>\n<p>Samsung, con a\u00f1os de experiencia en este terreno, seguir\u00e1 siendo un actor clave. De hecho, los analistas se\u00f1alan que el lanzamiento de Apple no solo beneficiar\u00e1 a la compa\u00f1\u00eda californiana, sino tambi\u00e9n a Samsung, que ver\u00e1 c\u00f3mo el inter\u00e9s general por los plegables impulsa sus propias ventas.<\/p>\n<p><strong>Un lanzamiento esperado<\/strong><\/p>\n<p>Aunque Apple no ha confirmado oficialmente la fecha, las filtraciones apuntan a que el iPhone plegable se presentar\u00e1 en septiembre, junto con los nuevos iPhone 18 Pro. El lanzamiento comercial se producir\u00eda ese mismo mes, una vez superados los problemas de producci\u00f3n. La expectativa es enorme, ya que Apple rara vez lanza productos inacabados. Su historial muestra que, cuando entra en un mercado, lo hace con un dispositivo s\u00f3lido y bien dise\u00f1ado.<\/p>\n<p><strong>Predicciones de crecimiento<\/strong><\/p>\n<p>Los informes de consultoras especializadas respaldan la idea de que el iPhone plegable ser\u00e1 un catalizador para el mercado. Seg\u00fan <strong>Counterpoint Research<\/strong>, el sector crecer\u00e1 un 20% al cierre de este a\u00f1o, impulsado principalmente por el nuevo dispositivo de Apple. En sus previsiones, la compa\u00f1\u00eda alcanzar\u00eda un 28% de cuota de mercado, superando a Huawei (que pasar\u00eda del 30% al 23%) y acerc\u00e1ndose a Samsung, que seguir\u00eda liderando con un 31%, aunque con una ca\u00edda del 9% respecto al a\u00f1o anterior.<\/p>\n<p>Por su parte, <strong>IDC<\/strong> ofrece una visi\u00f3n a\u00fan m\u00e1s optimista: estima un crecimiento del 30% y prev\u00e9 que los plegables representen un 10% del mercado de smartphones en general. En este escenario, Apple tendr\u00eda un 22% de participaci\u00f3n inicial, pero crecer\u00eda hasta un 34% en 2029, consolid\u00e1ndose como uno de los principales fabricantes en este segmento.<\/p>\n<p><strong>Mirando hacia 2027<\/strong><\/p>\n<p>Las proyecciones para los pr\u00f3ximos a\u00f1os son todav\u00eda m\u00e1s ambiciosas. Counterpoint calcula que en 2026 se vender\u00e1n 78,6 millones de unidades de m\u00f3viles plegables y que en 2027 se superar\u00e1n los 100 millones. Apple y Samsung ser\u00edan los grandes protagonistas de este crecimiento, aunque marcas chinas como Huawei, Oppo y Vivo tambi\u00e9n seguir\u00e1n lanzando nuevos modelos, especialmente en su mercado local, donde los plegables ya tienen una presencia superior a la media global.<\/p>\n<p><strong>El \u201cmomento AirPods\u201d de los plegables<\/strong><\/p>\n<p>La comparaci\u00f3n con los AirPods es inevitable. Apple no invent\u00f3 los auriculares inal\u00e1mbricos, pero logr\u00f3 que se convirtieran en un fen\u00f3meno cultural y comercial. Con el iPhone plegable, la historia podr\u00eda repetirse: no ser\u00e1 el primero, pero s\u00ed el que consiga que millones de personas lo vean como un producto atractivo y confiable. Y, como ocurri\u00f3 hace una d\u00e9cada, el movimiento de Apple no solo beneficiar\u00e1 a la compa\u00f1\u00eda, sino que tambi\u00e9n dar\u00e1 impulso a toda la industria.<\/p>\n<p>En definitiva, el iPhone plegable promete ser mucho m\u00e1s que un nuevo modelo: podr\u00eda ser el dispositivo que convierta a los m\u00f3viles plegables en una opci\u00f3n real para el gran p\u00fablico, marcando el inicio de una nueva etapa en la telefon\u00eda m\u00f3vil.<\/p>\n","protected":false},"excerpt":{"rendered":"<p>Apple est\u00e1 a punto de dar un paso que podr\u00eda marcar un antes y un despu\u00e9s en la industria de los tel\u00e9fonos m\u00f3viles: el lanzamiento de su primer iPhone plegable. Aunque la compa\u00f1\u00eda no ser\u00e1 la primera en introducir este tipo de dispositivos \u2014Samsung y otros fabricantes llevan a\u00f1os trabajando en ellos\u2014, los analistas creen [&hellip;]<\/p>\n","protected":false},"author":1,"featured_media":419995,"comment_status":"closed","ping_status":"open","sticky":false,"template":"","format":"standard","meta":{"_acf_changed":false,"footnotes":""},"categories":[46],"tags":[],"class_list":["post-419994","post","type-post","status-publish","format-standard","has-post-thumbnail","category-ciencia-computacion"],"acf":{"antetitulo":""},"yoast_head":"<!-- This site is optimized with the Yoast SEO plugin v28.4 - https:\/\/yoast.com\/product\/yoast-seo-wordpress\/ -->\n<title>Apple prepara su iPhone plegable para revolucionar el mercado - El Diario - Bolivia<\/title>\n<meta name=\"robots\" content=\"index, follow, max-snippet:-1, max-image-preview:large, max-video-preview:-1\" \/>\n<link rel=\"canonical\" href=\"https:\/\/www.eldiario.net\/portal\/2026\/08\/10\/apple-prepara-su-iphone-plegable-para-revolucionar-el-mercado\/\" \/>\n<meta property=\"og:locale\" content=\"es_ES\" \/>\n<meta property=\"og:type\" content=\"article\" \/>\n<meta property=\"og:title\" content=\"Apple prepara su iPhone plegable para revolucionar el mercado - El Diario - Bolivia\" \/>\n<meta property=\"og:description\" content=\"Apple est\u00e1 a punto de dar un paso que podr\u00eda marcar un antes y un despu\u00e9s en la industria de los tel\u00e9fonos m\u00f3viles: el lanzamiento de su primer iPhone plegable. Aunque la compa\u00f1\u00eda no ser\u00e1 la primera en introducir este tipo de dispositivos \u2014Samsung y otros fabricantes llevan a\u00f1os trabajando en ellos\u2014, los analistas creen [&hellip;]\" \/>\n<meta property=\"og:url\" content=\"https:\/\/www.eldiario.net\/portal\/2026\/08\/10\/apple-prepara-su-iphone-plegable-para-revolucionar-el-mercado\/\" \/>\n<meta property=\"og:site_name\" content=\"El Diario - Bolivia\" \/>\n<meta property=\"article:publisher\" content=\"https:\/\/www.facebook.com\/eldiario.bolivia\/\" \/>\n<meta property=\"article:published_time\" content=\"2026-08-10T04:40:41+00:00\" \/>\n<meta property=\"og:image\" content=\"https:\/\/www.eldiario.net\/portal\/wp-content\/uploads\/2026\/08\/7-B-1-1.webp\" \/>\n\t<meta property=\"og:image:width\" content=\"608\" \/>\n\t<meta property=\"og:image:height\" content=\"453\" \/>\n\t<meta property=\"og:image:type\" content=\"image\/webp\" \/>\n<meta name=\"author\" content=\"Jeanette\" \/>\n<meta name=\"twitter:card\" content=\"summary_large_image\" \/>\n<meta name=\"twitter:creator\" content=\"@eldiario_net\" \/>\n<meta name=\"twitter:site\" content=\"@eldiario_net\" \/>\n<meta name=\"twitter:label1\" content=\"Escrito por\" \/>\n\t<meta name=\"twitter:data1\" content=\"Jeanette\" \/>\n\t<meta name=\"twitter:label2\" content=\"Tiempo de lectura\" \/>\n\t<meta name=\"twitter:data2\" content=\"4 minutos\" \/>\n<script type=\"application\/ld+json\" class=\"yoast-schema-graph\">{\"@context\":\"https:\\\/\\\/schema.org\",\"@graph\":[{\"@type\":\"Article\",\"@id\":\"https:\\\/\\\/www.eldiario.net\\\/portal\\\/2026\\\/08\\\/10\\\/apple-prepara-su-iphone-plegable-para-revolucionar-el-mercado\\\/#article\",\"isPartOf\":{\"@id\":\"https:\\\/\\\/www.eldiario.net\\\/portal\\\/2026\\\/08\\\/10\\\/apple-prepara-su-iphone-plegable-para-revolucionar-el-mercado\\\/\"},\"author\":{\"name\":\"Jeanette\",\"@id\":\"https:\\\/\\\/www.eldiario.net\\\/portal\\\/#\\\/schema\\\/person\\\/2c57cf2b7a7ae032e449e4c9b1019eac\"},\"headline\":\"Apple prepara su iPhone plegable para revolucionar el mercado\",\"datePublished\":\"2026-08-10T04:40:41+00:00\",\"mainEntityOfPage\":{\"@id\":\"https:\\\/\\\/www.eldiario.net\\\/portal\\\/2026\\\/08\\\/10\\\/apple-prepara-su-iphone-plegable-para-revolucionar-el-mercado\\\/\"},\"wordCount\":697,\"publisher\":{\"@id\":\"https:\\\/\\\/www.eldiario.net\\\/portal\\\/#organization\"},\"image\":{\"@id\":\"https:\\\/\\\/www.eldiario.net\\\/portal\\\/2026\\\/08\\\/10\\\/apple-prepara-su-iphone-plegable-para-revolucionar-el-mercado\\\/#primaryimage\"},\"thumbnailUrl\":\"https:\\\/\\\/www.eldiario.net\\\/portal\\\/wp-content\\\/uploads\\\/2026\\\/08\\\/7-B-1-1.webp\",\"articleSection\":[\"Ciencia y Computaci\u00f3n\"],\"inLanguage\":\"es\"},{\"@type\":\"WebPage\",\"@id\":\"https:\\\/\\\/www.eldiario.net\\\/portal\\\/2026\\\/08\\\/10\\\/apple-prepara-su-iphone-plegable-para-revolucionar-el-mercado\\\/\",\"url\":\"https:\\\/\\\/www.eldiario.net\\\/portal\\\/2026\\\/08\\\/10\\\/apple-prepara-su-iphone-plegable-para-revolucionar-el-mercado\\\/\",\"name\":\"Apple prepara su iPhone plegable para revolucionar el mercado - El Diario - Bolivia\",\"isPartOf\":{\"@id\":\"https:\\\/\\\/www.eldiario.net\\\/portal\\\/#website\"},\"primaryImageOfPage\":{\"@id\":\"https:\\\/\\\/www.eldiario.net\\\/portal\\\/2026\\\/08\\\/10\\\/apple-prepara-su-iphone-plegable-para-revolucionar-el-mercado\\\/#primaryimage\"},\"image\":{\"@id\":\"https:\\\/\\\/www.eldiario.net\\\/portal\\\/2026\\\/08\\\/10\\\/apple-prepara-su-iphone-plegable-para-revolucionar-el-mercado\\\/#primaryimage\"},\"thumbnailUrl\":\"https:\\\/\\\/www.eldiario.net\\\/portal\\\/wp-content\\\/uploads\\\/2026\\\/08\\\/7-B-1-1.webp\",\"datePublished\":\"2026-08-10T04:40:41+00:00\",\"breadcrumb\":{\"@id\":\"https:\\\/\\\/www.eldiario.net\\\/portal\\\/2026\\\/08\\\/10\\\/apple-prepara-su-iphone-plegable-para-revolucionar-el-mercado\\\/#breadcrumb\"},\"inLanguage\":\"es\",\"potentialAction\":[{\"@type\":\"ReadAction\",\"target\":[\"https:\\\/\\\/www.eldiario.net\\\/portal\\\/2026\\\/08\\\/10\\\/apple-prepara-su-iphone-plegable-para-revolucionar-el-mercado\\\/\"]}]},{\"@type\":\"ImageObject\",\"inLanguage\":\"es\",\"@id\":\"https:\\\/\\\/www.eldiario.net\\\/portal\\\/2026\\\/08\\\/10\\\/apple-prepara-su-iphone-plegable-para-revolucionar-el-mercado\\\/#primaryimage\",\"url\":\"https:\\\/\\\/www.eldiario.net\\\/portal\\\/wp-content\\\/uploads\\\/2026\\\/08\\\/7-B-1-1.webp\",\"contentUrl\":\"https:\\\/\\\/www.eldiario.net\\\/portal\\\/wp-content\\\/uploads\\\/2026\\\/08\\\/7-B-1-1.webp\",\"width\":608,\"height\":453},{\"@type\":\"BreadcrumbList\",\"@id\":\"https:\\\/\\\/www.eldiario.net\\\/portal\\\/2026\\\/08\\\/10\\\/apple-prepara-su-iphone-plegable-para-revolucionar-el-mercado\\\/#breadcrumb\",\"itemListElement\":[{\"@type\":\"ListItem\",\"position\":1,\"name\":\"Portada\",\"item\":\"https:\\\/\\\/www.eldiario.net\\\/portal\\\/\"},{\"@type\":\"ListItem\",\"position\":2,\"name\":\"Apple prepara su iPhone plegable para revolucionar el mercado\"}]},{\"@type\":\"WebSite\",\"@id\":\"https:\\\/\\\/www.eldiario.net\\\/portal\\\/#website\",\"url\":\"https:\\\/\\\/www.eldiario.net\\\/portal\\\/\",\"name\":\"El Diario - Decano de la prensa nacional\",\"description\":\"El Diario - Decano de la prensa nacional\",\"publisher\":{\"@id\":\"https:\\\/\\\/www.eldiario.net\\\/portal\\\/#organization\"},\"potentialAction\":[{\"@type\":\"SearchAction\",\"target\":{\"@type\":\"EntryPoint\",\"urlTemplate\":\"https:\\\/\\\/www.eldiario.net\\\/portal\\\/?s={search_term_string}\"},\"query-input\":{\"@type\":\"PropertyValueSpecification\",\"valueRequired\":true,\"valueName\":\"search_term_string\"}}],\"inLanguage\":\"es\"},{\"@type\":\"Organization\",\"@id\":\"https:\\\/\\\/www.eldiario.net\\\/portal\\\/#organization\",\"name\":\"El Diario - Decano de la prensa nacional\",\"url\":\"https:\\\/\\\/www.eldiario.net\\\/portal\\\/\",\"logo\":{\"@type\":\"ImageObject\",\"inLanguage\":\"es\",\"@id\":\"https:\\\/\\\/www.eldiario.net\\\/portal\\\/#\\\/schema\\\/logo\\\/image\\\/\",\"url\":\"https:\\\/\\\/www.eldiario.net\\\/portal\\\/wp-content\\\/uploads\\\/2023\\\/07\\\/logo_ED.jpg\",\"contentUrl\":\"https:\\\/\\\/www.eldiario.net\\\/portal\\\/wp-content\\\/uploads\\\/2023\\\/07\\\/logo_ED.jpg\",\"width\":272,\"height\":52,\"caption\":\"El Diario - Decano de la prensa nacional\"},\"image\":{\"@id\":\"https:\\\/\\\/www.eldiario.net\\\/portal\\\/#\\\/schema\\\/logo\\\/image\\\/\"},\"sameAs\":[\"https:\\\/\\\/www.facebook.com\\\/eldiario.bolivia\\\/\",\"https:\\\/\\\/x.com\\\/eldiario_net\"]},{\"@type\":\"Person\",\"@id\":\"https:\\\/\\\/www.eldiario.net\\\/portal\\\/#\\\/schema\\\/person\\\/2c57cf2b7a7ae032e449e4c9b1019eac\",\"name\":\"Jeanette\",\"image\":{\"@type\":\"ImageObject\",\"inLanguage\":\"es\",\"@id\":\"https:\\\/\\\/secure.gravatar.com\\\/avatar\\\/3ea2118a5f7dad2b7138b1187a6b7ee55f160b9968b66013c3a3ef39dd7e5798?s=96&d=mm&r=g\",\"url\":\"https:\\\/\\\/secure.gravatar.com\\\/avatar\\\/3ea2118a5f7dad2b7138b1187a6b7ee55f160b9968b66013c3a3ef39dd7e5798?s=96&d=mm&r=g\",\"contentUrl\":\"https:\\\/\\\/secure.gravatar.com\\\/avatar\\\/3ea2118a5f7dad2b7138b1187a6b7ee55f160b9968b66013c3a3ef39dd7e5798?s=96&d=mm&r=g\",\"caption\":\"Jeanette\"},\"sameAs\":[\"https:\\\/\\\/www.eldiario.net\\\/portal\"],\"url\":\"https:\\\/\\\/www.eldiario.net\\\/portal\\\/author\\\/jeanette\\\/\"}]}<\/script>\n<!-- \/ Yoast SEO plugin. -->","yoast_head_json":{"title":"Apple prepara su iPhone plegable para revolucionar el mercado - El Diario - Bolivia","robots":{"index":"index","follow":"follow","max-snippet":"max-snippet:-1","max-image-preview":"max-image-preview:large","max-video-preview":"max-video-preview:-1"},"canonical":"https:\/\/www.eldiario.net\/portal\/2026\/08\/10\/apple-prepara-su-iphone-plegable-para-revolucionar-el-mercado\/","og_locale":"es_ES","og_type":"article","og_title":"Apple prepara su iPhone plegable para revolucionar el mercado - El Diario - Bolivia","og_description":"Apple est\u00e1 a punto de dar un paso que podr\u00eda marcar un antes y un despu\u00e9s en la industria de los tel\u00e9fonos m\u00f3viles: el lanzamiento de su primer iPhone plegable. Aunque la compa\u00f1\u00eda no ser\u00e1 la primera en introducir este tipo de dispositivos \u2014Samsung y otros fabricantes llevan a\u00f1os trabajando en ellos\u2014, los analistas creen [&hellip;]","og_url":"https:\/\/www.eldiario.net\/portal\/2026\/08\/10\/apple-prepara-su-iphone-plegable-para-revolucionar-el-mercado\/","og_site_name":"El Diario - Bolivia","article_publisher":"https:\/\/www.facebook.com\/eldiario.bolivia\/","article_published_time":"2026-08-10T04:40:41+00:00","og_image":[{"width":608,"height":453,"url":"https:\/\/www.eldiario.net\/portal\/wp-content\/uploads\/2026\/08\/7-B-1-1.webp","type":"image\/webp"}],"author":"Jeanette","twitter_card":"summary_large_image","twitter_creator":"@eldiario_net","twitter_site":"@eldiario_net","twitter_misc":{"Escrito por":"Jeanette","Tiempo de lectura":"4 minutos"},"schema":{"@context":"https:\/\/schema.org","@graph":[{"@type":"Article","@id":"https:\/\/www.eldiario.net\/portal\/2026\/08\/10\/apple-prepara-su-iphone-plegable-para-revolucionar-el-mercado\/#article","isPartOf":{"@id":"https:\/\/www.eldiario.net\/portal\/2026\/08\/10\/apple-prepara-su-iphone-plegable-para-revolucionar-el-mercado\/"},"author":{"name":"Jeanette","@id":"https:\/\/www.eldiario.net\/portal\/#\/schema\/person\/2c57cf2b7a7ae032e449e4c9b1019eac"},"headline":"Apple prepara su iPhone plegable para revolucionar el mercado","datePublished":"2026-08-10T04:40:41+00:00","mainEntityOfPage":{"@id":"https:\/\/www.eldiario.net\/portal\/2026\/08\/10\/apple-prepara-su-iphone-plegable-para-revolucionar-el-mercado\/"},"wordCount":697,"publisher":{"@id":"https:\/\/www.eldiario.net\/portal\/#organization"},"image":{"@id":"https:\/\/www.eldiario.net\/portal\/2026\/08\/10\/apple-prepara-su-iphone-plegable-para-revolucionar-el-mercado\/#primaryimage"},"thumbnailUrl":"https:\/\/www.eldiario.net\/portal\/wp-content\/uploads\/2026\/08\/7-B-1-1.webp","articleSection":["Ciencia y Computaci\u00f3n"],"inLanguage":"es"},{"@type":"WebPage","@id":"https:\/\/www.eldiario.net\/portal\/2026\/08\/10\/apple-prepara-su-iphone-plegable-para-revolucionar-el-mercado\/","url":"https:\/\/www.eldiario.net\/portal\/2026\/08\/10\/apple-prepara-su-iphone-plegable-para-revolucionar-el-mercado\/","name":"Apple prepara su iPhone plegable para revolucionar el mercado - El Diario - Bolivia","isPartOf":{"@id":"https:\/\/www.eldiario.net\/portal\/#website"},"primaryImageOfPage":{"@id":"https:\/\/www.eldiario.net\/portal\/2026\/08\/10\/apple-prepara-su-iphone-plegable-para-revolucionar-el-mercado\/#primaryimage"},"image":{"@id":"https:\/\/www.eldiario.net\/portal\/2026\/08\/10\/apple-prepara-su-iphone-plegable-para-revolucionar-el-mercado\/#primaryimage"},"thumbnailUrl":"https:\/\/www.eldiario.net\/portal\/wp-content\/uploads\/2026\/08\/7-B-1-1.webp","datePublished":"2026-08-10T04:40:41+00:00","breadcrumb":{"@id":"https:\/\/www.eldiario.net\/portal\/2026\/08\/10\/apple-prepara-su-iphone-plegable-para-revolucionar-el-mercado\/#breadcrumb"},"inLanguage":"es","potentialAction":[{"@type":"ReadAction","target":["https:\/\/www.eldiario.net\/portal\/2026\/08\/10\/apple-prepara-su-iphone-plegable-para-revolucionar-el-mercado\/"]}]},{"@type":"ImageObject","inLanguage":"es","@id":"https:\/\/www.eldiario.net\/portal\/2026\/08\/10\/apple-prepara-su-iphone-plegable-para-revolucionar-el-mercado\/#primaryimage","url":"https:\/\/www.eldiario.net\/portal\/wp-content\/uploads\/2026\/08\/7-B-1-1.webp","contentUrl":"https:\/\/www.eldiario.net\/portal\/wp-content\/uploads\/2026\/08\/7-B-1-1.webp","width":608,"height":453},{"@type":"BreadcrumbList","@id":"https:\/\/www.eldiario.net\/portal\/2026\/08\/10\/apple-prepara-su-iphone-plegable-para-revolucionar-el-mercado\/#breadcrumb","itemListElement":[{"@type":"ListItem","position":1,"name":"Portada","item":"https:\/\/www.eldiario.net\/portal\/"},{"@type":"ListItem","position":2,"name":"Apple prepara su iPhone plegable para revolucionar el mercado"}]},{"@type":"WebSite","@id":"https:\/\/www.eldiario.net\/portal\/#website","url":"https:\/\/www.eldiario.net\/portal\/","name":"El Diario - Decano de la prensa nacional","description":"El Diario - Decano de la prensa nacional","publisher":{"@id":"https:\/\/www.eldiario.net\/portal\/#organization"},"potentialAction":[{"@type":"SearchAction","target":{"@type":"EntryPoint","urlTemplate":"https:\/\/www.eldiario.net\/portal\/?s={search_term_string}"},"query-input":{"@type":"PropertyValueSpecification","valueRequired":true,"valueName":"search_term_string"}}],"inLanguage":"es"},{"@type":"Organization","@id":"https:\/\/www.eldiario.net\/portal\/#organization","name":"El Diario - Decano de la prensa nacional","url":"https:\/\/www.eldiario.net\/portal\/","logo":{"@type":"ImageObject","inLanguage":"es","@id":"https:\/\/www.eldiario.net\/portal\/#\/schema\/logo\/image\/","url":"https:\/\/www.eldiario.net\/portal\/wp-content\/uploads\/2023\/07\/logo_ED.jpg","contentUrl":"https:\/\/www.eldiario.net\/portal\/wp-content\/uploads\/2023\/07\/logo_ED.jpg","width":272,"height":52,"caption":"El Diario - Decano de la prensa nacional"},"image":{"@id":"https:\/\/www.eldiario.net\/portal\/#\/schema\/logo\/image\/"},"sameAs":["https:\/\/www.facebook.com\/eldiario.bolivia\/","https:\/\/x.com\/eldiario_net"]},{"@type":"Person","@id":"https:\/\/www.eldiario.net\/portal\/#\/schema\/person\/2c57cf2b7a7ae032e449e4c9b1019eac","name":"Jeanette","image":{"@type":"ImageObject","inLanguage":"es","@id":"https:\/\/secure.gravatar.com\/avatar\/3ea2118a5f7dad2b7138b1187a6b7ee55f160b9968b66013c3a3ef39dd7e5798?s=96&d=mm&r=g","url":"https:\/\/secure.gravatar.com\/avatar\/3ea2118a5f7dad2b7138b1187a6b7ee55f160b9968b66013c3a3ef39dd7e5798?s=96&d=mm&r=g","contentUrl":"https:\/\/secure.gravatar.com\/avatar\/3ea2118a5f7dad2b7138b1187a6b7ee55f160b9968b66013c3a3ef39dd7e5798?s=96&d=mm&r=g","caption":"Jeanette"},"sameAs":["https:\/\/www.eldiario.net\/portal"],"url":"https:\/\/www.eldiario.net\/portal\/author\/jeanette\/"}]}},"_links":{"self":[{"href":"https:\/\/www.eldiario.net\/portal\/wp-json\/wp\/v2\/posts\/419994","targetHints":{"allow":["GET"]}}],"collection":[{"href":"https:\/\/www.eldiario.net\/portal\/wp-json\/wp\/v2\/posts"}],"about":[{"href":"https:\/\/www.eldiario.net\/portal\/wp-json\/wp\/v2\/types\/post"}],"author":[{"embeddable":true,"href":"https:\/\/www.eldiario.net\/portal\/wp-json\/wp\/v2\/users\/1"}],"replies":[{"embeddable":true,"href":"https:\/\/www.eldiario.net\/portal\/wp-json\/wp\/v2\/comments?post=419994"}],"version-history":[{"count":1,"href":"https:\/\/www.eldiario.net\/portal\/wp-json\/wp\/v2\/posts\/419994\/revisions"}],"predecessor-version":[{"id":419996,"href":"https:\/\/www.eldiario.net\/portal\/wp-json\/wp\/v2\/posts\/419994\/revisions\/419996"}],"wp:featuredmedia":[{"embeddable":true,"href":"https:\/\/www.eldiario.net\/portal\/wp-json\/wp\/v2\/media\/419995"}],"wp:attachment":[{"href":"https:\/\/www.eldiario.net\/portal\/wp-json\/wp\/v2\/media?parent=419994"}],"wp:term":[{"taxonomy":"category","embeddable":true,"href":"https:\/\/www.eldiario.net\/portal\/wp-json\/wp\/v2\/categories?post=419994"},{"taxonomy":"post_tag","embeddable":true,"href":"https:\/\/www.eldiario.net\/portal\/wp-json\/wp\/v2\/tags?post=419994"}],"curies":[{"name":"wp","href":"https:\/\/api.w.org\/{rel}","templated":true}]}}