{"id":419979,"date":"2026-08-10T00:35:22","date_gmt":"2026-08-10T04:35:22","guid":{"rendered":"https:\/\/www.eldiario.net\/portal\/?p=419979"},"modified":"2026-08-09T12:35:48","modified_gmt":"2026-08-09T16:35:48","slug":"iphone-18-pro-y-pro-max-siete-cambios-clave","status":"publish","type":"post","link":"https:\/\/www.eldiario.net\/portal\/2026\/08\/10\/iphone-18-pro-y-pro-max-siete-cambios-clave\/","title":{"rendered":"iPhone 18 Pro y Pro Max: siete cambios clave"},"content":{"rendered":"<p>Aunque Apple a\u00fan no ha presentado oficialmente la nueva generaci\u00f3n de iPhone 18, las filtraciones recientes han comenzado a dibujar el perfil de lo que ser\u00edan los pr\u00f3ximos modelos Pro y Pro Max. Como ocurre cada a\u00f1o, la expectativa es alta: la compa\u00f1\u00eda suele introducir mejoras que redefinen la experiencia de uso y mantienen a su l\u00ednea de smartphones en la cima del mercado. En esta ocasi\u00f3n, los rumores apuntan a siete cambios significativos que podr\u00edan marcar la diferencia frente a generaciones anteriores.<\/p>\n<p>El primero de ellos est\u00e1 relacionado con el dise\u00f1o. Apple reducir\u00eda el tama\u00f1o de la Isla Din\u00e1mica, esa caracter\u00edstica que integra notificaciones y controles en la parte superior de la pantalla. Seg\u00fan las filtraciones, el sistema Face ID pasar\u00eda a estar ubicado bajo el panel, lo que permitir\u00eda aprovechar mejor el espacio y ofrecer una est\u00e9tica m\u00e1s limpia y moderna. Este ajuste responde a la tendencia de maximizar la superficie \u00fatil de la pantalla sin sacrificar funciones.<\/p>\n<p>El segundo cambio ser\u00eda la incorporaci\u00f3n del nuevo procesador A20 Pro. Este chip promete un rendimiento superior, mayor eficiencia energ\u00e9tica y un desempe\u00f1o optimizado para tareas exigentes como videojuegos, aplicaciones de inteligencia artificial y procesos multitarea. La apuesta por un procesador m\u00e1s potente es una constante en cada generaci\u00f3n, pero el A20 Pro marcar\u00eda un salto importante en velocidad y autonom\u00eda.<\/p>\n<p>En tercer lugar, se habla de una conectividad 5G por sat\u00e9lite. Esta funci\u00f3n permitir\u00eda que el dispositivo se conecte autom\u00e1ticamente a una red satelital cuando la cobertura celular sea d\u00e9bil o inexistente. De confirmarse, ser\u00eda una innovaci\u00f3n clave para usuarios en zonas remotas, ampliando las posibilidades de comunicaci\u00f3n m\u00e1s all\u00e1 de las redes tradicionales.<\/p>\n<p>El cuarto cambio estar\u00eda en el nuevo m\u00f3dem Apple C2, dise\u00f1ado para mejorar la conectividad 5G y ofrecer una localizaci\u00f3n m\u00e1s precisa. Este avance reforzar\u00eda la estabilidad de las conexiones y abrir\u00eda la puerta a aplicaciones que requieren alta precisi\u00f3n en geolocalizaci\u00f3n.<\/p>\n<p>El quinto aspecto es la bater\u00eda. Las filtraciones se\u00f1alan que los iPhone 18 Pro y Pro Max contar\u00edan con bater\u00edas de mayor capacidad, lo que se traducir\u00eda en m\u00e1s horas de uso entre cada carga. La autonom\u00eda ha sido siempre uno de los puntos m\u00e1s demandados por los usuarios, y Apple parece haber escuchado esas peticiones.<\/p>\n<p>El sexto cambio estar\u00eda en la paleta de colores. Apple ampliar\u00eda las opciones de acabado con tonos como gris oscuro, plateado, cereza oscuro y azul claro. Esta estrategia busca atraer a distintos perfiles de consumidores y reforzar el car\u00e1cter personalizable del dispositivo.<\/p>\n<p>Finalmente, el s\u00e9ptimo cambio ser\u00eda la incorporaci\u00f3n de una c\u00e1mara con apertura variable. Esta tecnolog\u00eda permitir\u00eda ajustar manualmente la cantidad de luz que entra al sensor, ofreciendo mejores resultados en condiciones de iluminaci\u00f3n diversas. Se trata de una mejora pensada para fot\u00f3grafos y creadores de contenido que buscan mayor control sobre sus im\u00e1genes.<\/p>\n<p>Por ahora, ninguna de estas caracter\u00edsticas ha sido confirmada oficialmente. Todo corresponde a filtraciones y rumores que circulan en medios especializados y redes sociales. Seg\u00fan los calendarios extraoficiales, Apple presentar\u00eda los iPhone 18 Pro y Pro Max el 9 de septiembre de 2026, con preventa a partir del 12 y lanzamiento oficial el 18 del mismo mes. Hasta entonces, la expectativa seguir\u00e1 creciendo y los usuarios deber\u00e1n esperar para conocer cu\u00e1les de estas novedades se materializar\u00e1n en la nueva generaci\u00f3n de iPhone.<\/p>\n","protected":false},"excerpt":{"rendered":"<p>Aunque Apple a\u00fan no ha presentado oficialmente la nueva generaci\u00f3n de iPhone 18, las filtraciones recientes han comenzado a dibujar el perfil de lo que ser\u00edan los pr\u00f3ximos modelos Pro y Pro Max. Como ocurre cada a\u00f1o, la expectativa es alta: la compa\u00f1\u00eda suele introducir mejoras que redefinen la experiencia de uso y mantienen a [&hellip;]<\/p>\n","protected":false},"author":1,"featured_media":419980,"comment_status":"closed","ping_status":"open","sticky":false,"template":"","format":"standard","meta":{"_acf_changed":false,"footnotes":""},"categories":[46],"tags":[],"class_list":["post-419979","post","type-post","status-publish","format-standard","has-post-thumbnail","category-ciencia-computacion"],"acf":{"antetitulo":""},"yoast_head":"<!-- This site is optimized with the Yoast SEO plugin v28.4 - https:\/\/yoast.com\/product\/yoast-seo-wordpress\/ -->\n<title>iPhone 18 Pro y Pro Max: siete cambios clave - El Diario - Bolivia<\/title>\n<meta name=\"robots\" content=\"index, follow, max-snippet:-1, max-image-preview:large, max-video-preview:-1\" \/>\n<link rel=\"canonical\" href=\"https:\/\/www.eldiario.net\/portal\/2026\/08\/10\/iphone-18-pro-y-pro-max-siete-cambios-clave\/\" \/>\n<meta property=\"og:locale\" content=\"es_ES\" \/>\n<meta property=\"og:type\" content=\"article\" \/>\n<meta property=\"og:title\" content=\"iPhone 18 Pro y Pro Max: siete cambios clave - El Diario - Bolivia\" \/>\n<meta property=\"og:description\" content=\"Aunque Apple a\u00fan no ha presentado oficialmente la nueva generaci\u00f3n de iPhone 18, las filtraciones recientes han comenzado a dibujar el perfil de lo que ser\u00edan los pr\u00f3ximos modelos Pro y Pro Max. Como ocurre cada a\u00f1o, la expectativa es alta: la compa\u00f1\u00eda suele introducir mejoras que redefinen la experiencia de uso y mantienen a [&hellip;]\" \/>\n<meta property=\"og:url\" content=\"https:\/\/www.eldiario.net\/portal\/2026\/08\/10\/iphone-18-pro-y-pro-max-siete-cambios-clave\/\" \/>\n<meta property=\"og:site_name\" content=\"El Diario - Bolivia\" \/>\n<meta property=\"article:publisher\" content=\"https:\/\/www.facebook.com\/eldiario.bolivia\/\" \/>\n<meta property=\"article:published_time\" content=\"2026-08-10T04:35:22+00:00\" \/>\n<meta property=\"og:image\" content=\"https:\/\/www.eldiario.net\/portal\/wp-content\/uploads\/2026\/08\/2-C-.webp\" \/>\n\t<meta property=\"og:image:width\" content=\"700\" \/>\n\t<meta property=\"og:image:height\" content=\"436\" \/>\n\t<meta property=\"og:image:type\" content=\"image\/webp\" \/>\n<meta name=\"author\" content=\"Jeanette\" \/>\n<meta name=\"twitter:card\" content=\"summary_large_image\" \/>\n<meta name=\"twitter:creator\" content=\"@eldiario_net\" \/>\n<meta name=\"twitter:site\" content=\"@eldiario_net\" \/>\n<meta name=\"twitter:label1\" content=\"Escrito por\" \/>\n\t<meta name=\"twitter:data1\" content=\"Jeanette\" \/>\n\t<meta name=\"twitter:label2\" content=\"Tiempo de lectura\" \/>\n\t<meta name=\"twitter:data2\" content=\"3 minutos\" \/>\n<script type=\"application\/ld+json\" class=\"yoast-schema-graph\">{\"@context\":\"https:\\\/\\\/schema.org\",\"@graph\":[{\"@type\":\"Article\",\"@id\":\"https:\\\/\\\/www.eldiario.net\\\/portal\\\/2026\\\/08\\\/10\\\/iphone-18-pro-y-pro-max-siete-cambios-clave\\\/#article\",\"isPartOf\":{\"@id\":\"https:\\\/\\\/www.eldiario.net\\\/portal\\\/2026\\\/08\\\/10\\\/iphone-18-pro-y-pro-max-siete-cambios-clave\\\/\"},\"author\":{\"name\":\"Jeanette\",\"@id\":\"https:\\\/\\\/www.eldiario.net\\\/portal\\\/#\\\/schema\\\/person\\\/2c57cf2b7a7ae032e449e4c9b1019eac\"},\"headline\":\"iPhone 18 Pro y Pro Max: siete cambios clave\",\"datePublished\":\"2026-08-10T04:35:22+00:00\",\"mainEntityOfPage\":{\"@id\":\"https:\\\/\\\/www.eldiario.net\\\/portal\\\/2026\\\/08\\\/10\\\/iphone-18-pro-y-pro-max-siete-cambios-clave\\\/\"},\"wordCount\":623,\"publisher\":{\"@id\":\"https:\\\/\\\/www.eldiario.net\\\/portal\\\/#organization\"},\"image\":{\"@id\":\"https:\\\/\\\/www.eldiario.net\\\/portal\\\/2026\\\/08\\\/10\\\/iphone-18-pro-y-pro-max-siete-cambios-clave\\\/#primaryimage\"},\"thumbnailUrl\":\"https:\\\/\\\/www.eldiario.net\\\/portal\\\/wp-content\\\/uploads\\\/2026\\\/08\\\/2-C-.webp\",\"articleSection\":[\"Ciencia y Computaci\u00f3n\"],\"inLanguage\":\"es\"},{\"@type\":\"WebPage\",\"@id\":\"https:\\\/\\\/www.eldiario.net\\\/portal\\\/2026\\\/08\\\/10\\\/iphone-18-pro-y-pro-max-siete-cambios-clave\\\/\",\"url\":\"https:\\\/\\\/www.eldiario.net\\\/portal\\\/2026\\\/08\\\/10\\\/iphone-18-pro-y-pro-max-siete-cambios-clave\\\/\",\"name\":\"iPhone 18 Pro y Pro Max: siete cambios clave - El Diario - Bolivia\",\"isPartOf\":{\"@id\":\"https:\\\/\\\/www.eldiario.net\\\/portal\\\/#website\"},\"primaryImageOfPage\":{\"@id\":\"https:\\\/\\\/www.eldiario.net\\\/portal\\\/2026\\\/08\\\/10\\\/iphone-18-pro-y-pro-max-siete-cambios-clave\\\/#primaryimage\"},\"image\":{\"@id\":\"https:\\\/\\\/www.eldiario.net\\\/portal\\\/2026\\\/08\\\/10\\\/iphone-18-pro-y-pro-max-siete-cambios-clave\\\/#primaryimage\"},\"thumbnailUrl\":\"https:\\\/\\\/www.eldiario.net\\\/portal\\\/wp-content\\\/uploads\\\/2026\\\/08\\\/2-C-.webp\",\"datePublished\":\"2026-08-10T04:35:22+00:00\",\"breadcrumb\":{\"@id\":\"https:\\\/\\\/www.eldiario.net\\\/portal\\\/2026\\\/08\\\/10\\\/iphone-18-pro-y-pro-max-siete-cambios-clave\\\/#breadcrumb\"},\"inLanguage\":\"es\",\"potentialAction\":[{\"@type\":\"ReadAction\",\"target\":[\"https:\\\/\\\/www.eldiario.net\\\/portal\\\/2026\\\/08\\\/10\\\/iphone-18-pro-y-pro-max-siete-cambios-clave\\\/\"]}]},{\"@type\":\"ImageObject\",\"inLanguage\":\"es\",\"@id\":\"https:\\\/\\\/www.eldiario.net\\\/portal\\\/2026\\\/08\\\/10\\\/iphone-18-pro-y-pro-max-siete-cambios-clave\\\/#primaryimage\",\"url\":\"https:\\\/\\\/www.eldiario.net\\\/portal\\\/wp-content\\\/uploads\\\/2026\\\/08\\\/2-C-.webp\",\"contentUrl\":\"https:\\\/\\\/www.eldiario.net\\\/portal\\\/wp-content\\\/uploads\\\/2026\\\/08\\\/2-C-.webp\",\"width\":700,\"height\":436},{\"@type\":\"BreadcrumbList\",\"@id\":\"https:\\\/\\\/www.eldiario.net\\\/portal\\\/2026\\\/08\\\/10\\\/iphone-18-pro-y-pro-max-siete-cambios-clave\\\/#breadcrumb\",\"itemListElement\":[{\"@type\":\"ListItem\",\"position\":1,\"name\":\"Portada\",\"item\":\"https:\\\/\\\/www.eldiario.net\\\/portal\\\/\"},{\"@type\":\"ListItem\",\"position\":2,\"name\":\"iPhone 18 Pro y Pro Max: siete cambios clave\"}]},{\"@type\":\"WebSite\",\"@id\":\"https:\\\/\\\/www.eldiario.net\\\/portal\\\/#website\",\"url\":\"https:\\\/\\\/www.eldiario.net\\\/portal\\\/\",\"name\":\"El Diario - Decano de la prensa nacional\",\"description\":\"El Diario - Decano de la prensa nacional\",\"publisher\":{\"@id\":\"https:\\\/\\\/www.eldiario.net\\\/portal\\\/#organization\"},\"potentialAction\":[{\"@type\":\"SearchAction\",\"target\":{\"@type\":\"EntryPoint\",\"urlTemplate\":\"https:\\\/\\\/www.eldiario.net\\\/portal\\\/?s={search_term_string}\"},\"query-input\":{\"@type\":\"PropertyValueSpecification\",\"valueRequired\":true,\"valueName\":\"search_term_string\"}}],\"inLanguage\":\"es\"},{\"@type\":\"Organization\",\"@id\":\"https:\\\/\\\/www.eldiario.net\\\/portal\\\/#organization\",\"name\":\"El Diario - Decano de la prensa nacional\",\"url\":\"https:\\\/\\\/www.eldiario.net\\\/portal\\\/\",\"logo\":{\"@type\":\"ImageObject\",\"inLanguage\":\"es\",\"@id\":\"https:\\\/\\\/www.eldiario.net\\\/portal\\\/#\\\/schema\\\/logo\\\/image\\\/\",\"url\":\"https:\\\/\\\/www.eldiario.net\\\/portal\\\/wp-content\\\/uploads\\\/2023\\\/07\\\/logo_ED.jpg\",\"contentUrl\":\"https:\\\/\\\/www.eldiario.net\\\/portal\\\/wp-content\\\/uploads\\\/2023\\\/07\\\/logo_ED.jpg\",\"width\":272,\"height\":52,\"caption\":\"El Diario - Decano de la prensa nacional\"},\"image\":{\"@id\":\"https:\\\/\\\/www.eldiario.net\\\/portal\\\/#\\\/schema\\\/logo\\\/image\\\/\"},\"sameAs\":[\"https:\\\/\\\/www.facebook.com\\\/eldiario.bolivia\\\/\",\"https:\\\/\\\/x.com\\\/eldiario_net\"]},{\"@type\":\"Person\",\"@id\":\"https:\\\/\\\/www.eldiario.net\\\/portal\\\/#\\\/schema\\\/person\\\/2c57cf2b7a7ae032e449e4c9b1019eac\",\"name\":\"Jeanette\",\"image\":{\"@type\":\"ImageObject\",\"inLanguage\":\"es\",\"@id\":\"https:\\\/\\\/secure.gravatar.com\\\/avatar\\\/3ea2118a5f7dad2b7138b1187a6b7ee55f160b9968b66013c3a3ef39dd7e5798?s=96&d=mm&r=g\",\"url\":\"https:\\\/\\\/secure.gravatar.com\\\/avatar\\\/3ea2118a5f7dad2b7138b1187a6b7ee55f160b9968b66013c3a3ef39dd7e5798?s=96&d=mm&r=g\",\"contentUrl\":\"https:\\\/\\\/secure.gravatar.com\\\/avatar\\\/3ea2118a5f7dad2b7138b1187a6b7ee55f160b9968b66013c3a3ef39dd7e5798?s=96&d=mm&r=g\",\"caption\":\"Jeanette\"},\"sameAs\":[\"https:\\\/\\\/www.eldiario.net\\\/portal\"],\"url\":\"https:\\\/\\\/www.eldiario.net\\\/portal\\\/author\\\/jeanette\\\/\"}]}<\/script>\n<!-- \/ Yoast SEO plugin. -->","yoast_head_json":{"title":"iPhone 18 Pro y Pro Max: siete cambios clave - El Diario - Bolivia","robots":{"index":"index","follow":"follow","max-snippet":"max-snippet:-1","max-image-preview":"max-image-preview:large","max-video-preview":"max-video-preview:-1"},"canonical":"https:\/\/www.eldiario.net\/portal\/2026\/08\/10\/iphone-18-pro-y-pro-max-siete-cambios-clave\/","og_locale":"es_ES","og_type":"article","og_title":"iPhone 18 Pro y Pro Max: siete cambios clave - El Diario - Bolivia","og_description":"Aunque Apple a\u00fan no ha presentado oficialmente la nueva generaci\u00f3n de iPhone 18, las filtraciones recientes han comenzado a dibujar el perfil de lo que ser\u00edan los pr\u00f3ximos modelos Pro y Pro Max. Como ocurre cada a\u00f1o, la expectativa es alta: la compa\u00f1\u00eda suele introducir mejoras que redefinen la experiencia de uso y mantienen a [&hellip;]","og_url":"https:\/\/www.eldiario.net\/portal\/2026\/08\/10\/iphone-18-pro-y-pro-max-siete-cambios-clave\/","og_site_name":"El Diario - Bolivia","article_publisher":"https:\/\/www.facebook.com\/eldiario.bolivia\/","article_published_time":"2026-08-10T04:35:22+00:00","og_image":[{"width":700,"height":436,"url":"https:\/\/www.eldiario.net\/portal\/wp-content\/uploads\/2026\/08\/2-C-.webp","type":"image\/webp"}],"author":"Jeanette","twitter_card":"summary_large_image","twitter_creator":"@eldiario_net","twitter_site":"@eldiario_net","twitter_misc":{"Escrito por":"Jeanette","Tiempo de lectura":"3 minutos"},"schema":{"@context":"https:\/\/schema.org","@graph":[{"@type":"Article","@id":"https:\/\/www.eldiario.net\/portal\/2026\/08\/10\/iphone-18-pro-y-pro-max-siete-cambios-clave\/#article","isPartOf":{"@id":"https:\/\/www.eldiario.net\/portal\/2026\/08\/10\/iphone-18-pro-y-pro-max-siete-cambios-clave\/"},"author":{"name":"Jeanette","@id":"https:\/\/www.eldiario.net\/portal\/#\/schema\/person\/2c57cf2b7a7ae032e449e4c9b1019eac"},"headline":"iPhone 18 Pro y Pro Max: siete cambios clave","datePublished":"2026-08-10T04:35:22+00:00","mainEntityOfPage":{"@id":"https:\/\/www.eldiario.net\/portal\/2026\/08\/10\/iphone-18-pro-y-pro-max-siete-cambios-clave\/"},"wordCount":623,"publisher":{"@id":"https:\/\/www.eldiario.net\/portal\/#organization"},"image":{"@id":"https:\/\/www.eldiario.net\/portal\/2026\/08\/10\/iphone-18-pro-y-pro-max-siete-cambios-clave\/#primaryimage"},"thumbnailUrl":"https:\/\/www.eldiario.net\/portal\/wp-content\/uploads\/2026\/08\/2-C-.webp","articleSection":["Ciencia y Computaci\u00f3n"],"inLanguage":"es"},{"@type":"WebPage","@id":"https:\/\/www.eldiario.net\/portal\/2026\/08\/10\/iphone-18-pro-y-pro-max-siete-cambios-clave\/","url":"https:\/\/www.eldiario.net\/portal\/2026\/08\/10\/iphone-18-pro-y-pro-max-siete-cambios-clave\/","name":"iPhone 18 Pro y Pro Max: siete cambios clave - El Diario - Bolivia","isPartOf":{"@id":"https:\/\/www.eldiario.net\/portal\/#website"},"primaryImageOfPage":{"@id":"https:\/\/www.eldiario.net\/portal\/2026\/08\/10\/iphone-18-pro-y-pro-max-siete-cambios-clave\/#primaryimage"},"image":{"@id":"https:\/\/www.eldiario.net\/portal\/2026\/08\/10\/iphone-18-pro-y-pro-max-siete-cambios-clave\/#primaryimage"},"thumbnailUrl":"https:\/\/www.eldiario.net\/portal\/wp-content\/uploads\/2026\/08\/2-C-.webp","datePublished":"2026-08-10T04:35:22+00:00","breadcrumb":{"@id":"https:\/\/www.eldiario.net\/portal\/2026\/08\/10\/iphone-18-pro-y-pro-max-siete-cambios-clave\/#breadcrumb"},"inLanguage":"es","potentialAction":[{"@type":"ReadAction","target":["https:\/\/www.eldiario.net\/portal\/2026\/08\/10\/iphone-18-pro-y-pro-max-siete-cambios-clave\/"]}]},{"@type":"ImageObject","inLanguage":"es","@id":"https:\/\/www.eldiario.net\/portal\/2026\/08\/10\/iphone-18-pro-y-pro-max-siete-cambios-clave\/#primaryimage","url":"https:\/\/www.eldiario.net\/portal\/wp-content\/uploads\/2026\/08\/2-C-.webp","contentUrl":"https:\/\/www.eldiario.net\/portal\/wp-content\/uploads\/2026\/08\/2-C-.webp","width":700,"height":436},{"@type":"BreadcrumbList","@id":"https:\/\/www.eldiario.net\/portal\/2026\/08\/10\/iphone-18-pro-y-pro-max-siete-cambios-clave\/#breadcrumb","itemListElement":[{"@type":"ListItem","position":1,"name":"Portada","item":"https:\/\/www.eldiario.net\/portal\/"},{"@type":"ListItem","position":2,"name":"iPhone 18 Pro y Pro Max: siete cambios clave"}]},{"@type":"WebSite","@id":"https:\/\/www.eldiario.net\/portal\/#website","url":"https:\/\/www.eldiario.net\/portal\/","name":"El Diario - Decano de la prensa nacional","description":"El Diario - Decano de la prensa nacional","publisher":{"@id":"https:\/\/www.eldiario.net\/portal\/#organization"},"potentialAction":[{"@type":"SearchAction","target":{"@type":"EntryPoint","urlTemplate":"https:\/\/www.eldiario.net\/portal\/?s={search_term_string}"},"query-input":{"@type":"PropertyValueSpecification","valueRequired":true,"valueName":"search_term_string"}}],"inLanguage":"es"},{"@type":"Organization","@id":"https:\/\/www.eldiario.net\/portal\/#organization","name":"El Diario - Decano de la prensa nacional","url":"https:\/\/www.eldiario.net\/portal\/","logo":{"@type":"ImageObject","inLanguage":"es","@id":"https:\/\/www.eldiario.net\/portal\/#\/schema\/logo\/image\/","url":"https:\/\/www.eldiario.net\/portal\/wp-content\/uploads\/2023\/07\/logo_ED.jpg","contentUrl":"https:\/\/www.eldiario.net\/portal\/wp-content\/uploads\/2023\/07\/logo_ED.jpg","width":272,"height":52,"caption":"El Diario - Decano de la prensa nacional"},"image":{"@id":"https:\/\/www.eldiario.net\/portal\/#\/schema\/logo\/image\/"},"sameAs":["https:\/\/www.facebook.com\/eldiario.bolivia\/","https:\/\/x.com\/eldiario_net"]},{"@type":"Person","@id":"https:\/\/www.eldiario.net\/portal\/#\/schema\/person\/2c57cf2b7a7ae032e449e4c9b1019eac","name":"Jeanette","image":{"@type":"ImageObject","inLanguage":"es","@id":"https:\/\/secure.gravatar.com\/avatar\/3ea2118a5f7dad2b7138b1187a6b7ee55f160b9968b66013c3a3ef39dd7e5798?s=96&d=mm&r=g","url":"https:\/\/secure.gravatar.com\/avatar\/3ea2118a5f7dad2b7138b1187a6b7ee55f160b9968b66013c3a3ef39dd7e5798?s=96&d=mm&r=g","contentUrl":"https:\/\/secure.gravatar.com\/avatar\/3ea2118a5f7dad2b7138b1187a6b7ee55f160b9968b66013c3a3ef39dd7e5798?s=96&d=mm&r=g","caption":"Jeanette"},"sameAs":["https:\/\/www.eldiario.net\/portal"],"url":"https:\/\/www.eldiario.net\/portal\/author\/jeanette\/"}]}},"_links":{"self":[{"href":"https:\/\/www.eldiario.net\/portal\/wp-json\/wp\/v2\/posts\/419979","targetHints":{"allow":["GET"]}}],"collection":[{"href":"https:\/\/www.eldiario.net\/portal\/wp-json\/wp\/v2\/posts"}],"about":[{"href":"https:\/\/www.eldiario.net\/portal\/wp-json\/wp\/v2\/types\/post"}],"author":[{"embeddable":true,"href":"https:\/\/www.eldiario.net\/portal\/wp-json\/wp\/v2\/users\/1"}],"replies":[{"embeddable":true,"href":"https:\/\/www.eldiario.net\/portal\/wp-json\/wp\/v2\/comments?post=419979"}],"version-history":[{"count":1,"href":"https:\/\/www.eldiario.net\/portal\/wp-json\/wp\/v2\/posts\/419979\/revisions"}],"predecessor-version":[{"id":419981,"href":"https:\/\/www.eldiario.net\/portal\/wp-json\/wp\/v2\/posts\/419979\/revisions\/419981"}],"wp:featuredmedia":[{"embeddable":true,"href":"https:\/\/www.eldiario.net\/portal\/wp-json\/wp\/v2\/media\/419980"}],"wp:attachment":[{"href":"https:\/\/www.eldiario.net\/portal\/wp-json\/wp\/v2\/media?parent=419979"}],"wp:term":[{"taxonomy":"category","embeddable":true,"href":"https:\/\/www.eldiario.net\/portal\/wp-json\/wp\/v2\/categories?post=419979"},{"taxonomy":"post_tag","embeddable":true,"href":"https:\/\/www.eldiario.net\/portal\/wp-json\/wp\/v2\/tags?post=419979"}],"curies":[{"name":"wp","href":"https:\/\/api.w.org\/{rel}","templated":true}]}}