{"id":419973,"date":"2026-08-10T00:33:10","date_gmt":"2026-08-10T04:33:10","guid":{"rendered":"https:\/\/www.eldiario.net\/portal\/?p=419973"},"modified":"2026-08-09T12:33:56","modified_gmt":"2026-08-09T16:33:56","slug":"la-crisis-de-la-memoria-dram-se-extiende-hasta-2027","status":"publish","type":"post","link":"https:\/\/www.eldiario.net\/portal\/2026\/08\/10\/la-crisis-de-la-memoria-dram-se-extiende-hasta-2027\/","title":{"rendered":"La crisis de la memoria DRAM se extiende hasta 2027"},"content":{"rendered":"<p>La industria tecnol\u00f3gica enfrenta una situaci\u00f3n cr\u00edtica con la memoria DRAM. Seg\u00fan fuentes citadas por DigiTimes, los tres grandes fabricantes \u2014Samsung, SK hynix y Micron\u2014 ya han vendido pr\u00e1cticamente toda su capacidad de producci\u00f3n de DRAM para 2027. Esto significa que la memoria que se fabricar\u00e1 el pr\u00f3ximo a\u00f1o est\u00e1 comprometida mediante contratos antes incluso de que comience la producci\u00f3n. El fen\u00f3meno, bautizado como <strong>\u201cRAMageddon\u201d<\/strong>, amenaza con prolongarse hasta 2028 y pone en evidencia la tensi\u00f3n entre la demanda creciente y la limitada capacidad de fabricaci\u00f3n.<\/p>\n<p><strong>Una crisis anunciada<\/strong><\/p>\n<p>El aviso no llega de manera inesperada. A principios de a\u00f1o, el CEO de ADATA ya hab\u00eda advertido que la disponibilidad de DRAM para el mercado de consumo era peligrosamente baja. Los precios comenzaron a subir y, recientemente, se se\u00f1al\u00f3 que la escasez de memoria DRAM y NAND podr\u00eda durar al menos una d\u00e9cada. El motivo principal no es solo el auge de la inteligencia artificial, sino tambi\u00e9n la cautela de los fabricantes, que prefieren vender memoria con a\u00f1os de antelaci\u00f3n en lugar de arriesgarse a producir m\u00e1s de lo que el mercado puede absorber.<\/p>\n<p><strong>La inteligencia artificial acapara la producci\u00f3n<\/strong><\/p>\n<p>Samsung, SK hynix y Micron concentran sus esfuerzos en fabricar memoria <strong>HBM (High Bandwidth Memory)<\/strong> para los aceleradores de IA. Este tipo de memoria requiere muchos m\u00e1s recursos que la DRAM convencional: m\u00e1s obleas, procesos de apilado avanzados, interconexiones y encapsulados complejos. En consecuencia, aumentar la producci\u00f3n de HBM no se traduce en un incremento proporcional de la memoria disponible en general. Cuanto m\u00e1s espacio dedican a HBM3E, HBM4 y sus sucesoras, menos margen queda para fabricar DDR5, LPDDR5X y otros productos destinados a ordenadores y dispositivos de consumo.<\/p>\n<p>Seg\u00fan <strong>TrendForce<\/strong>, el mercado de DRAM cerrar\u00e1 2026 con un d\u00e9ficit de oferta de entre el 1% y el 2%. Para 2027, el desequilibrio podr\u00eda ampliarse, ya que la demanda crecer\u00e1 m\u00e1s r\u00e1pido que la producci\u00f3n. La expansi\u00f3n de servidores de IA, las nuevas plataformas de Intel y AMD y la llegada de sistemas de IA ag\u00e9ntica incrementar\u00e1n tanto el n\u00famero de servidores como la cantidad de memoria instalada en cada uno. Adem\u00e1s, se introducir\u00e1n nuevos m\u00f3dulos DRAM en formato SOCAMM y configuraciones con m\u00e1s capacidad de HBM por acelerador.<\/p>\n<p><strong>Contratos a largo plazo y precios elevados<\/strong><\/p>\n<p>Las grandes compa\u00f1\u00edas est\u00e1n firmando acuerdos de suministro a largo plazo, en algunos casos de hasta cinco a\u00f1os, y aceptando precios mucho m\u00e1s altos para asegurarse capacidad. Algunas fuentes describen a clientes pr\u00e1cticamente \u201csuplicando\u201d a los fabricantes que les asignen m\u00e1s memoria. Mientras tanto, los consumidores ver\u00e1n c\u00f3mo los precios de ordenadores, smartphones y otros dispositivos seguir\u00e1n aumentando durante 2026 y 2027. La inc\u00f3gnita es si en 2028 la situaci\u00f3n comenzar\u00e1 a mejorar o si los precios continuar\u00e1n al alza.<\/p>\n<p><strong>El papel de la industria china<\/strong><\/p>\n<p>La industria china ofrece cierto alivio. Fabricantes como <strong>CXMT<\/strong> en DRAM y <strong>YMTC<\/strong> en NAND est\u00e1n empezando a ganar terreno. Empresas como Acer, ASUS, CORSAIR, HP o Lexar ya utilizan memoria de CXMT, mientras que Lenovo ha integrado SSD con memoria de YMTC en port\u00e1tiles vendidos fuera de China. Sin embargo, para que estas compa\u00f1\u00edas cambien realmente la balanza a favor del consumo, deber\u00e1n completar sus expansiones y construir nuevas f\u00e1bricas.<\/p>\n<p><strong>NAND: un respiro parcial<\/strong><\/p>\n<p>En cuanto al almacenamiento NAND, todav\u00eda habr\u00eda capacidad para 2027, aunque algunas fuentes esperan que tambi\u00e9n quede completamente comprometida antes de terminar agosto de este a\u00f1o. Aun as\u00ed, TrendForce considera que el mercado NAND podr\u00eda empezar a relajarse en la segunda mitad de 2027 gracias a nuevas f\u00e1bricas, procesos con m\u00e1s capas y un crecimiento m\u00e1s r\u00e1pido de la producci\u00f3n. La DRAM, en cambio, seguir\u00e1 siendo el verdadero cuello de botella. La mejora de producci\u00f3n no llegar\u00eda hasta mediados o finales de 2028.<\/p>\n<p><strong>Un futuro incierto<\/strong><\/p>\n<p>Todo apunta a que 2027 ser\u00e1 el peor a\u00f1o de la crisis de la memoria. La combinaci\u00f3n de una demanda explosiva impulsada por la inteligencia artificial y la limitada capacidad de producci\u00f3n de DRAM mantiene a la industria en tensi\u00f3n. Mientras los grandes fabricantes aseguran contratos multimillonarios, los consumidores y las empresas m\u00e1s peque\u00f1as deber\u00e1n enfrentarse a precios cada vez m\u00e1s altos y a una disponibilidad reducida. El <strong>RAMageddon<\/strong> no ha hecho m\u00e1s que empezar.<\/p>\n<p>&nbsp;<\/p>\n","protected":false},"excerpt":{"rendered":"<p>La industria tecnol\u00f3gica enfrenta una situaci\u00f3n cr\u00edtica con la memoria DRAM. Seg\u00fan fuentes citadas por DigiTimes, los tres grandes fabricantes \u2014Samsung, SK hynix y Micron\u2014 ya han vendido pr\u00e1cticamente toda su capacidad de producci\u00f3n de DRAM para 2027. Esto significa que la memoria que se fabricar\u00e1 el pr\u00f3ximo a\u00f1o est\u00e1 comprometida mediante contratos antes incluso [&hellip;]<\/p>\n","protected":false},"author":1,"featured_media":419974,"comment_status":"closed","ping_status":"open","sticky":false,"template":"","format":"standard","meta":{"_acf_changed":false,"footnotes":""},"categories":[46],"tags":[],"class_list":["post-419973","post","type-post","status-publish","format-standard","has-post-thumbnail","category-ciencia-computacion"],"acf":{"antetitulo":""},"yoast_head":"<!-- This site is optimized with the Yoast SEO plugin v28.4 - https:\/\/yoast.com\/product\/yoast-seo-wordpress\/ -->\n<title>La crisis de la memoria DRAM se extiende hasta 2027 - El Diario - Bolivia<\/title>\n<meta name=\"robots\" content=\"index, follow, max-snippet:-1, max-image-preview:large, max-video-preview:-1\" \/>\n<link rel=\"canonical\" href=\"https:\/\/www.eldiario.net\/portal\/2026\/08\/10\/la-crisis-de-la-memoria-dram-se-extiende-hasta-2027\/\" \/>\n<meta property=\"og:locale\" content=\"es_ES\" \/>\n<meta property=\"og:type\" content=\"article\" \/>\n<meta property=\"og:title\" content=\"La crisis de la memoria DRAM se extiende hasta 2027 - El Diario - Bolivia\" \/>\n<meta property=\"og:description\" content=\"La industria tecnol\u00f3gica enfrenta una situaci\u00f3n cr\u00edtica con la memoria DRAM. Seg\u00fan fuentes citadas por DigiTimes, los tres grandes fabricantes \u2014Samsung, SK hynix y Micron\u2014 ya han vendido pr\u00e1cticamente toda su capacidad de producci\u00f3n de DRAM para 2027. Esto significa que la memoria que se fabricar\u00e1 el pr\u00f3ximo a\u00f1o est\u00e1 comprometida mediante contratos antes incluso [&hellip;]\" \/>\n<meta property=\"og:url\" content=\"https:\/\/www.eldiario.net\/portal\/2026\/08\/10\/la-crisis-de-la-memoria-dram-se-extiende-hasta-2027\/\" \/>\n<meta property=\"og:site_name\" content=\"El Diario - Bolivia\" \/>\n<meta property=\"article:publisher\" content=\"https:\/\/www.facebook.com\/eldiario.bolivia\/\" \/>\n<meta property=\"article:published_time\" content=\"2026-08-10T04:33:10+00:00\" \/>\n<meta property=\"og:image\" content=\"https:\/\/www.eldiario.net\/portal\/wp-content\/uploads\/2026\/08\/5-A-1.webp\" \/>\n\t<meta property=\"og:image:width\" content=\"920\" \/>\n\t<meta property=\"og:image:height\" content=\"458\" \/>\n\t<meta property=\"og:image:type\" content=\"image\/webp\" \/>\n<meta name=\"author\" content=\"Jeanette\" \/>\n<meta name=\"twitter:card\" content=\"summary_large_image\" \/>\n<meta name=\"twitter:creator\" content=\"@eldiario_net\" \/>\n<meta name=\"twitter:site\" content=\"@eldiario_net\" \/>\n<meta name=\"twitter:label1\" content=\"Escrito por\" \/>\n\t<meta name=\"twitter:data1\" content=\"Jeanette\" \/>\n\t<meta name=\"twitter:label2\" content=\"Tiempo de lectura\" \/>\n\t<meta name=\"twitter:data2\" content=\"4 minutos\" \/>\n<script type=\"application\/ld+json\" class=\"yoast-schema-graph\">{\"@context\":\"https:\\\/\\\/schema.org\",\"@graph\":[{\"@type\":\"Article\",\"@id\":\"https:\\\/\\\/www.eldiario.net\\\/portal\\\/2026\\\/08\\\/10\\\/la-crisis-de-la-memoria-dram-se-extiende-hasta-2027\\\/#article\",\"isPartOf\":{\"@id\":\"https:\\\/\\\/www.eldiario.net\\\/portal\\\/2026\\\/08\\\/10\\\/la-crisis-de-la-memoria-dram-se-extiende-hasta-2027\\\/\"},\"author\":{\"name\":\"Jeanette\",\"@id\":\"https:\\\/\\\/www.eldiario.net\\\/portal\\\/#\\\/schema\\\/person\\\/2c57cf2b7a7ae032e449e4c9b1019eac\"},\"headline\":\"La crisis de la memoria DRAM se extiende hasta 2027\",\"datePublished\":\"2026-08-10T04:33:10+00:00\",\"mainEntityOfPage\":{\"@id\":\"https:\\\/\\\/www.eldiario.net\\\/portal\\\/2026\\\/08\\\/10\\\/la-crisis-de-la-memoria-dram-se-extiende-hasta-2027\\\/\"},\"wordCount\":775,\"publisher\":{\"@id\":\"https:\\\/\\\/www.eldiario.net\\\/portal\\\/#organization\"},\"image\":{\"@id\":\"https:\\\/\\\/www.eldiario.net\\\/portal\\\/2026\\\/08\\\/10\\\/la-crisis-de-la-memoria-dram-se-extiende-hasta-2027\\\/#primaryimage\"},\"thumbnailUrl\":\"https:\\\/\\\/www.eldiario.net\\\/portal\\\/wp-content\\\/uploads\\\/2026\\\/08\\\/5-A-1.webp\",\"articleSection\":[\"Ciencia y Computaci\u00f3n\"],\"inLanguage\":\"es\"},{\"@type\":\"WebPage\",\"@id\":\"https:\\\/\\\/www.eldiario.net\\\/portal\\\/2026\\\/08\\\/10\\\/la-crisis-de-la-memoria-dram-se-extiende-hasta-2027\\\/\",\"url\":\"https:\\\/\\\/www.eldiario.net\\\/portal\\\/2026\\\/08\\\/10\\\/la-crisis-de-la-memoria-dram-se-extiende-hasta-2027\\\/\",\"name\":\"La crisis de la memoria DRAM se extiende hasta 2027 - El Diario - Bolivia\",\"isPartOf\":{\"@id\":\"https:\\\/\\\/www.eldiario.net\\\/portal\\\/#website\"},\"primaryImageOfPage\":{\"@id\":\"https:\\\/\\\/www.eldiario.net\\\/portal\\\/2026\\\/08\\\/10\\\/la-crisis-de-la-memoria-dram-se-extiende-hasta-2027\\\/#primaryimage\"},\"image\":{\"@id\":\"https:\\\/\\\/www.eldiario.net\\\/portal\\\/2026\\\/08\\\/10\\\/la-crisis-de-la-memoria-dram-se-extiende-hasta-2027\\\/#primaryimage\"},\"thumbnailUrl\":\"https:\\\/\\\/www.eldiario.net\\\/portal\\\/wp-content\\\/uploads\\\/2026\\\/08\\\/5-A-1.webp\",\"datePublished\":\"2026-08-10T04:33:10+00:00\",\"breadcrumb\":{\"@id\":\"https:\\\/\\\/www.eldiario.net\\\/portal\\\/2026\\\/08\\\/10\\\/la-crisis-de-la-memoria-dram-se-extiende-hasta-2027\\\/#breadcrumb\"},\"inLanguage\":\"es\",\"potentialAction\":[{\"@type\":\"ReadAction\",\"target\":[\"https:\\\/\\\/www.eldiario.net\\\/portal\\\/2026\\\/08\\\/10\\\/la-crisis-de-la-memoria-dram-se-extiende-hasta-2027\\\/\"]}]},{\"@type\":\"ImageObject\",\"inLanguage\":\"es\",\"@id\":\"https:\\\/\\\/www.eldiario.net\\\/portal\\\/2026\\\/08\\\/10\\\/la-crisis-de-la-memoria-dram-se-extiende-hasta-2027\\\/#primaryimage\",\"url\":\"https:\\\/\\\/www.eldiario.net\\\/portal\\\/wp-content\\\/uploads\\\/2026\\\/08\\\/5-A-1.webp\",\"contentUrl\":\"https:\\\/\\\/www.eldiario.net\\\/portal\\\/wp-content\\\/uploads\\\/2026\\\/08\\\/5-A-1.webp\",\"width\":920,\"height\":458},{\"@type\":\"BreadcrumbList\",\"@id\":\"https:\\\/\\\/www.eldiario.net\\\/portal\\\/2026\\\/08\\\/10\\\/la-crisis-de-la-memoria-dram-se-extiende-hasta-2027\\\/#breadcrumb\",\"itemListElement\":[{\"@type\":\"ListItem\",\"position\":1,\"name\":\"Portada\",\"item\":\"https:\\\/\\\/www.eldiario.net\\\/portal\\\/\"},{\"@type\":\"ListItem\",\"position\":2,\"name\":\"La crisis de la memoria DRAM se extiende hasta 2027\"}]},{\"@type\":\"WebSite\",\"@id\":\"https:\\\/\\\/www.eldiario.net\\\/portal\\\/#website\",\"url\":\"https:\\\/\\\/www.eldiario.net\\\/portal\\\/\",\"name\":\"El Diario - Decano de la prensa nacional\",\"description\":\"El Diario - Decano de la prensa nacional\",\"publisher\":{\"@id\":\"https:\\\/\\\/www.eldiario.net\\\/portal\\\/#organization\"},\"potentialAction\":[{\"@type\":\"SearchAction\",\"target\":{\"@type\":\"EntryPoint\",\"urlTemplate\":\"https:\\\/\\\/www.eldiario.net\\\/portal\\\/?s={search_term_string}\"},\"query-input\":{\"@type\":\"PropertyValueSpecification\",\"valueRequired\":true,\"valueName\":\"search_term_string\"}}],\"inLanguage\":\"es\"},{\"@type\":\"Organization\",\"@id\":\"https:\\\/\\\/www.eldiario.net\\\/portal\\\/#organization\",\"name\":\"El Diario - Decano de la prensa nacional\",\"url\":\"https:\\\/\\\/www.eldiario.net\\\/portal\\\/\",\"logo\":{\"@type\":\"ImageObject\",\"inLanguage\":\"es\",\"@id\":\"https:\\\/\\\/www.eldiario.net\\\/portal\\\/#\\\/schema\\\/logo\\\/image\\\/\",\"url\":\"https:\\\/\\\/www.eldiario.net\\\/portal\\\/wp-content\\\/uploads\\\/2023\\\/07\\\/logo_ED.jpg\",\"contentUrl\":\"https:\\\/\\\/www.eldiario.net\\\/portal\\\/wp-content\\\/uploads\\\/2023\\\/07\\\/logo_ED.jpg\",\"width\":272,\"height\":52,\"caption\":\"El Diario - Decano de la prensa nacional\"},\"image\":{\"@id\":\"https:\\\/\\\/www.eldiario.net\\\/portal\\\/#\\\/schema\\\/logo\\\/image\\\/\"},\"sameAs\":[\"https:\\\/\\\/www.facebook.com\\\/eldiario.bolivia\\\/\",\"https:\\\/\\\/x.com\\\/eldiario_net\"]},{\"@type\":\"Person\",\"@id\":\"https:\\\/\\\/www.eldiario.net\\\/portal\\\/#\\\/schema\\\/person\\\/2c57cf2b7a7ae032e449e4c9b1019eac\",\"name\":\"Jeanette\",\"image\":{\"@type\":\"ImageObject\",\"inLanguage\":\"es\",\"@id\":\"https:\\\/\\\/secure.gravatar.com\\\/avatar\\\/3ea2118a5f7dad2b7138b1187a6b7ee55f160b9968b66013c3a3ef39dd7e5798?s=96&d=mm&r=g\",\"url\":\"https:\\\/\\\/secure.gravatar.com\\\/avatar\\\/3ea2118a5f7dad2b7138b1187a6b7ee55f160b9968b66013c3a3ef39dd7e5798?s=96&d=mm&r=g\",\"contentUrl\":\"https:\\\/\\\/secure.gravatar.com\\\/avatar\\\/3ea2118a5f7dad2b7138b1187a6b7ee55f160b9968b66013c3a3ef39dd7e5798?s=96&d=mm&r=g\",\"caption\":\"Jeanette\"},\"sameAs\":[\"https:\\\/\\\/www.eldiario.net\\\/portal\"],\"url\":\"https:\\\/\\\/www.eldiario.net\\\/portal\\\/author\\\/jeanette\\\/\"}]}<\/script>\n<!-- \/ Yoast SEO plugin. -->","yoast_head_json":{"title":"La crisis de la memoria DRAM se extiende hasta 2027 - El Diario - Bolivia","robots":{"index":"index","follow":"follow","max-snippet":"max-snippet:-1","max-image-preview":"max-image-preview:large","max-video-preview":"max-video-preview:-1"},"canonical":"https:\/\/www.eldiario.net\/portal\/2026\/08\/10\/la-crisis-de-la-memoria-dram-se-extiende-hasta-2027\/","og_locale":"es_ES","og_type":"article","og_title":"La crisis de la memoria DRAM se extiende hasta 2027 - El Diario - Bolivia","og_description":"La industria tecnol\u00f3gica enfrenta una situaci\u00f3n cr\u00edtica con la memoria DRAM. Seg\u00fan fuentes citadas por DigiTimes, los tres grandes fabricantes \u2014Samsung, SK hynix y Micron\u2014 ya han vendido pr\u00e1cticamente toda su capacidad de producci\u00f3n de DRAM para 2027. Esto significa que la memoria que se fabricar\u00e1 el pr\u00f3ximo a\u00f1o est\u00e1 comprometida mediante contratos antes incluso [&hellip;]","og_url":"https:\/\/www.eldiario.net\/portal\/2026\/08\/10\/la-crisis-de-la-memoria-dram-se-extiende-hasta-2027\/","og_site_name":"El Diario - Bolivia","article_publisher":"https:\/\/www.facebook.com\/eldiario.bolivia\/","article_published_time":"2026-08-10T04:33:10+00:00","og_image":[{"width":920,"height":458,"url":"https:\/\/www.eldiario.net\/portal\/wp-content\/uploads\/2026\/08\/5-A-1.webp","type":"image\/webp"}],"author":"Jeanette","twitter_card":"summary_large_image","twitter_creator":"@eldiario_net","twitter_site":"@eldiario_net","twitter_misc":{"Escrito por":"Jeanette","Tiempo de lectura":"4 minutos"},"schema":{"@context":"https:\/\/schema.org","@graph":[{"@type":"Article","@id":"https:\/\/www.eldiario.net\/portal\/2026\/08\/10\/la-crisis-de-la-memoria-dram-se-extiende-hasta-2027\/#article","isPartOf":{"@id":"https:\/\/www.eldiario.net\/portal\/2026\/08\/10\/la-crisis-de-la-memoria-dram-se-extiende-hasta-2027\/"},"author":{"name":"Jeanette","@id":"https:\/\/www.eldiario.net\/portal\/#\/schema\/person\/2c57cf2b7a7ae032e449e4c9b1019eac"},"headline":"La crisis de la memoria DRAM se extiende hasta 2027","datePublished":"2026-08-10T04:33:10+00:00","mainEntityOfPage":{"@id":"https:\/\/www.eldiario.net\/portal\/2026\/08\/10\/la-crisis-de-la-memoria-dram-se-extiende-hasta-2027\/"},"wordCount":775,"publisher":{"@id":"https:\/\/www.eldiario.net\/portal\/#organization"},"image":{"@id":"https:\/\/www.eldiario.net\/portal\/2026\/08\/10\/la-crisis-de-la-memoria-dram-se-extiende-hasta-2027\/#primaryimage"},"thumbnailUrl":"https:\/\/www.eldiario.net\/portal\/wp-content\/uploads\/2026\/08\/5-A-1.webp","articleSection":["Ciencia y Computaci\u00f3n"],"inLanguage":"es"},{"@type":"WebPage","@id":"https:\/\/www.eldiario.net\/portal\/2026\/08\/10\/la-crisis-de-la-memoria-dram-se-extiende-hasta-2027\/","url":"https:\/\/www.eldiario.net\/portal\/2026\/08\/10\/la-crisis-de-la-memoria-dram-se-extiende-hasta-2027\/","name":"La crisis de la memoria DRAM se extiende hasta 2027 - El Diario - Bolivia","isPartOf":{"@id":"https:\/\/www.eldiario.net\/portal\/#website"},"primaryImageOfPage":{"@id":"https:\/\/www.eldiario.net\/portal\/2026\/08\/10\/la-crisis-de-la-memoria-dram-se-extiende-hasta-2027\/#primaryimage"},"image":{"@id":"https:\/\/www.eldiario.net\/portal\/2026\/08\/10\/la-crisis-de-la-memoria-dram-se-extiende-hasta-2027\/#primaryimage"},"thumbnailUrl":"https:\/\/www.eldiario.net\/portal\/wp-content\/uploads\/2026\/08\/5-A-1.webp","datePublished":"2026-08-10T04:33:10+00:00","breadcrumb":{"@id":"https:\/\/www.eldiario.net\/portal\/2026\/08\/10\/la-crisis-de-la-memoria-dram-se-extiende-hasta-2027\/#breadcrumb"},"inLanguage":"es","potentialAction":[{"@type":"ReadAction","target":["https:\/\/www.eldiario.net\/portal\/2026\/08\/10\/la-crisis-de-la-memoria-dram-se-extiende-hasta-2027\/"]}]},{"@type":"ImageObject","inLanguage":"es","@id":"https:\/\/www.eldiario.net\/portal\/2026\/08\/10\/la-crisis-de-la-memoria-dram-se-extiende-hasta-2027\/#primaryimage","url":"https:\/\/www.eldiario.net\/portal\/wp-content\/uploads\/2026\/08\/5-A-1.webp","contentUrl":"https:\/\/www.eldiario.net\/portal\/wp-content\/uploads\/2026\/08\/5-A-1.webp","width":920,"height":458},{"@type":"BreadcrumbList","@id":"https:\/\/www.eldiario.net\/portal\/2026\/08\/10\/la-crisis-de-la-memoria-dram-se-extiende-hasta-2027\/#breadcrumb","itemListElement":[{"@type":"ListItem","position":1,"name":"Portada","item":"https:\/\/www.eldiario.net\/portal\/"},{"@type":"ListItem","position":2,"name":"La crisis de la memoria DRAM se extiende hasta 2027"}]},{"@type":"WebSite","@id":"https:\/\/www.eldiario.net\/portal\/#website","url":"https:\/\/www.eldiario.net\/portal\/","name":"El Diario - Decano de la prensa nacional","description":"El Diario - Decano de la prensa nacional","publisher":{"@id":"https:\/\/www.eldiario.net\/portal\/#organization"},"potentialAction":[{"@type":"SearchAction","target":{"@type":"EntryPoint","urlTemplate":"https:\/\/www.eldiario.net\/portal\/?s={search_term_string}"},"query-input":{"@type":"PropertyValueSpecification","valueRequired":true,"valueName":"search_term_string"}}],"inLanguage":"es"},{"@type":"Organization","@id":"https:\/\/www.eldiario.net\/portal\/#organization","name":"El Diario - Decano de la prensa nacional","url":"https:\/\/www.eldiario.net\/portal\/","logo":{"@type":"ImageObject","inLanguage":"es","@id":"https:\/\/www.eldiario.net\/portal\/#\/schema\/logo\/image\/","url":"https:\/\/www.eldiario.net\/portal\/wp-content\/uploads\/2023\/07\/logo_ED.jpg","contentUrl":"https:\/\/www.eldiario.net\/portal\/wp-content\/uploads\/2023\/07\/logo_ED.jpg","width":272,"height":52,"caption":"El Diario - Decano de la prensa nacional"},"image":{"@id":"https:\/\/www.eldiario.net\/portal\/#\/schema\/logo\/image\/"},"sameAs":["https:\/\/www.facebook.com\/eldiario.bolivia\/","https:\/\/x.com\/eldiario_net"]},{"@type":"Person","@id":"https:\/\/www.eldiario.net\/portal\/#\/schema\/person\/2c57cf2b7a7ae032e449e4c9b1019eac","name":"Jeanette","image":{"@type":"ImageObject","inLanguage":"es","@id":"https:\/\/secure.gravatar.com\/avatar\/3ea2118a5f7dad2b7138b1187a6b7ee55f160b9968b66013c3a3ef39dd7e5798?s=96&d=mm&r=g","url":"https:\/\/secure.gravatar.com\/avatar\/3ea2118a5f7dad2b7138b1187a6b7ee55f160b9968b66013c3a3ef39dd7e5798?s=96&d=mm&r=g","contentUrl":"https:\/\/secure.gravatar.com\/avatar\/3ea2118a5f7dad2b7138b1187a6b7ee55f160b9968b66013c3a3ef39dd7e5798?s=96&d=mm&r=g","caption":"Jeanette"},"sameAs":["https:\/\/www.eldiario.net\/portal"],"url":"https:\/\/www.eldiario.net\/portal\/author\/jeanette\/"}]}},"_links":{"self":[{"href":"https:\/\/www.eldiario.net\/portal\/wp-json\/wp\/v2\/posts\/419973","targetHints":{"allow":["GET"]}}],"collection":[{"href":"https:\/\/www.eldiario.net\/portal\/wp-json\/wp\/v2\/posts"}],"about":[{"href":"https:\/\/www.eldiario.net\/portal\/wp-json\/wp\/v2\/types\/post"}],"author":[{"embeddable":true,"href":"https:\/\/www.eldiario.net\/portal\/wp-json\/wp\/v2\/users\/1"}],"replies":[{"embeddable":true,"href":"https:\/\/www.eldiario.net\/portal\/wp-json\/wp\/v2\/comments?post=419973"}],"version-history":[{"count":1,"href":"https:\/\/www.eldiario.net\/portal\/wp-json\/wp\/v2\/posts\/419973\/revisions"}],"predecessor-version":[{"id":419975,"href":"https:\/\/www.eldiario.net\/portal\/wp-json\/wp\/v2\/posts\/419973\/revisions\/419975"}],"wp:featuredmedia":[{"embeddable":true,"href":"https:\/\/www.eldiario.net\/portal\/wp-json\/wp\/v2\/media\/419974"}],"wp:attachment":[{"href":"https:\/\/www.eldiario.net\/portal\/wp-json\/wp\/v2\/media?parent=419973"}],"wp:term":[{"taxonomy":"category","embeddable":true,"href":"https:\/\/www.eldiario.net\/portal\/wp-json\/wp\/v2\/categories?post=419973"},{"taxonomy":"post_tag","embeddable":true,"href":"https:\/\/www.eldiario.net\/portal\/wp-json\/wp\/v2\/tags?post=419973"}],"curies":[{"name":"wp","href":"https:\/\/api.w.org\/{rel}","templated":true}]}}