{"id":419967,"date":"2026-08-10T00:30:58","date_gmt":"2026-08-10T04:30:58","guid":{"rendered":"https:\/\/www.eldiario.net\/portal\/?p=419967"},"modified":"2026-08-09T12:31:49","modified_gmt":"2026-08-09T16:31:49","slug":"samsung-integra-el-ecosistema-galaxy-a-las-gafas-de-uso-diario","status":"publish","type":"post","link":"https:\/\/www.eldiario.net\/portal\/2026\/08\/10\/samsung-integra-el-ecosistema-galaxy-a-las-gafas-de-uso-diario\/","title":{"rendered":"Samsung integra el ecosistema Galaxy a las gafas de uso diario"},"content":{"rendered":"<p>Samsung present\u00f3 oficialmente sus gafas inteligentes en el evento Galaxy Unpacked en Londres. Partiendo de los conceptos anunciados en el \u00faltimo Google I\/O, los nuevos dise\u00f1os se desarrollaron en colaboraci\u00f3n con las marcas internacionales Gentle Monster y Warby Parker.<\/p>\n<p>Con este lanzamiento, Samsung ampl\u00eda el alcance del ecosistema Galaxy m\u00e1s all\u00e1 del tel\u00e9fono m\u00f3vil, incorporando una soluci\u00f3n que brinda asistencia inteligente en momentos donde las manos libres y la comodidad resultan fundamentales.<\/p>\n<p><strong>Qu\u00e9 hay de nuevo:<\/strong><\/p>\n<ul>\n<li>Dise\u00f1adas para el uso diario, estas gafas combinan una montura ligera, un perfil delgado y la resistencia necesaria para brindar comodidad durante toda la jornada.<\/li>\n<li>Desarrolladas junto a Gentle Monster y Warby Parker, ofrecen distintos estilos de montura, colores y opciones de lentes para adaptarse a diferentes gustos y necesidades.<\/li>\n<\/ul>\n<p>\u201cA medida que los agentes de IA redefinen las experiencias m\u00f3viles, el siguiente paso es hacer que esas experiencias sean m\u00e1s intuitivas y respondan mejor al contexto de cada usuario\u201d, afirm\u00f3 el director de operaciones de la divisi\u00f3n Mobile eXperience (MX) de Samsung, Won-Joon Choi. \u201cEstas gafas crean un nuevo punto de interacci\u00f3n, incorporando de forma natural una asistencia de IA m\u00e1s personalizada a los momentos que conforman la vida cotidiana\u201d.<\/p>\n<p><strong>Por qu\u00e9 es importante<\/strong><\/p>\n<p>A medida que la entra en una era de agentes, el desaf\u00edo ya no consiste \u00fanicamente en hacerla m\u00e1s inteligente, sino en integrarla de manera natural en la vida de las personas. Mientras el tel\u00e9fono contin\u00faa siendo el centro del ecosistema Galaxy, estos nuevos dispositivos ampl\u00edan esa experiencia al ofrecer informaci\u00f3n y asistencia directamente en el campo visual del usuario.<\/p>\n<p>Gracias a ello, las gafas permiten acceder a ayuda oportuna sin perder contacto con el entorno, favoreciendo una interacci\u00f3n natural con las personas, los espacios y las actividades del d\u00eda.<\/p>\n<p><strong>Nueva experiencia de gafas inteligentes<\/strong><\/p>\n<p>Las nuevas gafas integran una bater\u00eda con autonom\u00eda de hasta nueve horas y permiten realizar hasta siete recargas adicionales mediante el estuche. Incorporan una c\u00e1mara que aporta contexto visual a la IA y la plataforma Snapdragon\u00ae AR1 Gen1, optimizada para ofrecer asistencia en tiempo real, conectividad eficiente y un menor consumo energ\u00e9tico.<\/p>\n<p>Como extensi\u00f3n manos libres del ecosistema Galaxy, el dispositivo permite mantener la atenci\u00f3n en cada momento mientras aprovecha las capacidades de Gemini, desarrollado junto a Google, para ofrecer una interacci\u00f3n m\u00e1s natural.<\/p>\n<p>\u201cBasadas en la plataforma Android XR, estas gafas inteligentes combinan dise\u00f1os de primer nivel con la asistencia avanzada de Gemini, que responde de forma natural a lo que ves, ofreciendo ayuda manos libres durante el d\u00eda. Estamos entusiasmados por continuar con este impulso y poder ofrecer pr\u00f3ximamente esta experiencia al p\u00fablico\u201d. Afirm\u00f3 el presidente del Ecosistema Android de Google, Sameer Samat.<\/p>\n<p>Entre las experiencias clave se incluyen:<\/p>\n<ul>\n<li><strong>Vivir el momento presente:<\/strong> resume mensajes, lee informaci\u00f3n en voz alta, traduce conversaciones en tiempo real y permite controlar funciones mediante voz o gestos.<\/li>\n<li><strong>Capturar el contexto:<\/strong> registra informaci\u00f3n visual, como pizarras o reuniones, para organizarla en Notas y facilitar su consulta posterior.<\/li>\n<li><strong>Interacci\u00f3n en tiempo real:<\/strong> ofrece orientaci\u00f3n basada en la ubicaci\u00f3n del usuario y traducci\u00f3n simult\u00e1nea para facilitar la comunicaci\u00f3n en otros idiomas.<\/li>\n<li><strong>Asistencia sensible al contexto:<\/strong> comprende el contexto de cada situaci\u00f3n para conectar informaci\u00f3n relevante entre distintas tareas.<\/li>\n<li><strong>Compartir im\u00e1genes en vivo:<\/strong> permite transmitir o grabar el punto de vista del usuario durante llamadas o actividades.<\/li>\n<\/ul>\n<p><strong>Un enfoque m\u00e1s personal para las gafas<\/strong><\/p>\n<p>Adem\u00e1s de incorporar tecnolog\u00eda avanzada, Samsung busc\u00f3 que las nuevas gafas fueran una extensi\u00f3n del estilo personal de cada usuario. Para ello, trabaj\u00f3 junto a marcas de moda con el objetivo de combinar dise\u00f1o, comodidad y funcionalidad en una amplia variedad de propuestas.<\/p>\n<p>Durante Galaxy Unpacked se presentaron dos versiones. La edici\u00f3n Gentle Monster apuesta por una montura negra, delgada y de l\u00edneas modernas con un estilo de vanguardia. En tanto, la versi\u00f3n Warby Parker incorpora una silueta cl\u00e1sica con l\u00ednea de ceja ascendente en tono marr\u00f3n, pensada para un uso vers\u00e1til y cotidiano.<\/p>\n<p>A lo largo del proceso de desarrollo, Samsung colabor\u00f3 estrechamente con ambas marcas para perfeccionar aspectos como el ajuste en la frente y las orejas, logrando un dise\u00f1o que mejora la comodidad y favorece el uso prolongado.<\/p>\n","protected":false},"excerpt":{"rendered":"<p>Samsung present\u00f3 oficialmente sus gafas inteligentes en el evento Galaxy Unpacked en Londres. Partiendo de los conceptos anunciados en el \u00faltimo Google I\/O, los nuevos dise\u00f1os se desarrollaron en colaboraci\u00f3n con las marcas internacionales Gentle Monster y Warby Parker. Con este lanzamiento, Samsung ampl\u00eda el alcance del ecosistema Galaxy m\u00e1s all\u00e1 del tel\u00e9fono m\u00f3vil, incorporando [&hellip;]<\/p>\n","protected":false},"author":1,"featured_media":419968,"comment_status":"closed","ping_status":"open","sticky":false,"template":"","format":"standard","meta":{"_acf_changed":false,"footnotes":""},"categories":[46],"tags":[],"class_list":["post-419967","post","type-post","status-publish","format-standard","has-post-thumbnail","category-ciencia-computacion"],"acf":{"antetitulo":""},"yoast_head":"<!-- This site is optimized with the Yoast SEO plugin v28.4 - https:\/\/yoast.com\/product\/yoast-seo-wordpress\/ -->\n<title>Samsung integra el ecosistema Galaxy a las gafas de uso diario - El Diario - Bolivia<\/title>\n<meta name=\"robots\" content=\"index, follow, max-snippet:-1, max-image-preview:large, max-video-preview:-1\" \/>\n<link rel=\"canonical\" href=\"https:\/\/www.eldiario.net\/portal\/2026\/08\/10\/samsung-integra-el-ecosistema-galaxy-a-las-gafas-de-uso-diario\/\" \/>\n<meta property=\"og:locale\" content=\"es_ES\" \/>\n<meta property=\"og:type\" content=\"article\" \/>\n<meta property=\"og:title\" content=\"Samsung integra el ecosistema Galaxy a las gafas de uso diario - El Diario - Bolivia\" \/>\n<meta property=\"og:description\" content=\"Samsung present\u00f3 oficialmente sus gafas inteligentes en el evento Galaxy Unpacked en Londres. Partiendo de los conceptos anunciados en el \u00faltimo Google I\/O, los nuevos dise\u00f1os se desarrollaron en colaboraci\u00f3n con las marcas internacionales Gentle Monster y Warby Parker. Con este lanzamiento, Samsung ampl\u00eda el alcance del ecosistema Galaxy m\u00e1s all\u00e1 del tel\u00e9fono m\u00f3vil, incorporando [&hellip;]\" \/>\n<meta property=\"og:url\" content=\"https:\/\/www.eldiario.net\/portal\/2026\/08\/10\/samsung-integra-el-ecosistema-galaxy-a-las-gafas-de-uso-diario\/\" \/>\n<meta property=\"og:site_name\" content=\"El Diario - Bolivia\" \/>\n<meta property=\"article:publisher\" content=\"https:\/\/www.facebook.com\/eldiario.bolivia\/\" \/>\n<meta property=\"article:published_time\" content=\"2026-08-10T04:30:58+00:00\" \/>\n<meta property=\"og:image\" content=\"https:\/\/www.eldiario.net\/portal\/wp-content\/uploads\/2026\/08\/4-A-2.webp\" \/>\n\t<meta property=\"og:image:width\" content=\"1109\" \/>\n\t<meta property=\"og:image:height\" content=\"1600\" \/>\n\t<meta property=\"og:image:type\" content=\"image\/webp\" \/>\n<meta name=\"author\" content=\"Jeanette\" \/>\n<meta name=\"twitter:card\" content=\"summary_large_image\" \/>\n<meta name=\"twitter:creator\" content=\"@eldiario_net\" \/>\n<meta name=\"twitter:site\" content=\"@eldiario_net\" \/>\n<meta name=\"twitter:label1\" content=\"Escrito por\" \/>\n\t<meta name=\"twitter:data1\" content=\"Jeanette\" \/>\n\t<meta name=\"twitter:label2\" content=\"Tiempo de lectura\" \/>\n\t<meta name=\"twitter:data2\" content=\"4 minutos\" \/>\n<script type=\"application\/ld+json\" class=\"yoast-schema-graph\">{\"@context\":\"https:\\\/\\\/schema.org\",\"@graph\":[{\"@type\":\"Article\",\"@id\":\"https:\\\/\\\/www.eldiario.net\\\/portal\\\/2026\\\/08\\\/10\\\/samsung-integra-el-ecosistema-galaxy-a-las-gafas-de-uso-diario\\\/#article\",\"isPartOf\":{\"@id\":\"https:\\\/\\\/www.eldiario.net\\\/portal\\\/2026\\\/08\\\/10\\\/samsung-integra-el-ecosistema-galaxy-a-las-gafas-de-uso-diario\\\/\"},\"author\":{\"name\":\"Jeanette\",\"@id\":\"https:\\\/\\\/www.eldiario.net\\\/portal\\\/#\\\/schema\\\/person\\\/2c57cf2b7a7ae032e449e4c9b1019eac\"},\"headline\":\"Samsung integra el ecosistema Galaxy a las gafas de uso diario\",\"datePublished\":\"2026-08-10T04:30:58+00:00\",\"mainEntityOfPage\":{\"@id\":\"https:\\\/\\\/www.eldiario.net\\\/portal\\\/2026\\\/08\\\/10\\\/samsung-integra-el-ecosistema-galaxy-a-las-gafas-de-uso-diario\\\/\"},\"wordCount\":754,\"publisher\":{\"@id\":\"https:\\\/\\\/www.eldiario.net\\\/portal\\\/#organization\"},\"image\":{\"@id\":\"https:\\\/\\\/www.eldiario.net\\\/portal\\\/2026\\\/08\\\/10\\\/samsung-integra-el-ecosistema-galaxy-a-las-gafas-de-uso-diario\\\/#primaryimage\"},\"thumbnailUrl\":\"https:\\\/\\\/www.eldiario.net\\\/portal\\\/wp-content\\\/uploads\\\/2026\\\/08\\\/4-A-2.webp\",\"articleSection\":[\"Ciencia y Computaci\u00f3n\"],\"inLanguage\":\"es\"},{\"@type\":\"WebPage\",\"@id\":\"https:\\\/\\\/www.eldiario.net\\\/portal\\\/2026\\\/08\\\/10\\\/samsung-integra-el-ecosistema-galaxy-a-las-gafas-de-uso-diario\\\/\",\"url\":\"https:\\\/\\\/www.eldiario.net\\\/portal\\\/2026\\\/08\\\/10\\\/samsung-integra-el-ecosistema-galaxy-a-las-gafas-de-uso-diario\\\/\",\"name\":\"Samsung integra el ecosistema Galaxy a las gafas de uso diario - El Diario - Bolivia\",\"isPartOf\":{\"@id\":\"https:\\\/\\\/www.eldiario.net\\\/portal\\\/#website\"},\"primaryImageOfPage\":{\"@id\":\"https:\\\/\\\/www.eldiario.net\\\/portal\\\/2026\\\/08\\\/10\\\/samsung-integra-el-ecosistema-galaxy-a-las-gafas-de-uso-diario\\\/#primaryimage\"},\"image\":{\"@id\":\"https:\\\/\\\/www.eldiario.net\\\/portal\\\/2026\\\/08\\\/10\\\/samsung-integra-el-ecosistema-galaxy-a-las-gafas-de-uso-diario\\\/#primaryimage\"},\"thumbnailUrl\":\"https:\\\/\\\/www.eldiario.net\\\/portal\\\/wp-content\\\/uploads\\\/2026\\\/08\\\/4-A-2.webp\",\"datePublished\":\"2026-08-10T04:30:58+00:00\",\"breadcrumb\":{\"@id\":\"https:\\\/\\\/www.eldiario.net\\\/portal\\\/2026\\\/08\\\/10\\\/samsung-integra-el-ecosistema-galaxy-a-las-gafas-de-uso-diario\\\/#breadcrumb\"},\"inLanguage\":\"es\",\"potentialAction\":[{\"@type\":\"ReadAction\",\"target\":[\"https:\\\/\\\/www.eldiario.net\\\/portal\\\/2026\\\/08\\\/10\\\/samsung-integra-el-ecosistema-galaxy-a-las-gafas-de-uso-diario\\\/\"]}]},{\"@type\":\"ImageObject\",\"inLanguage\":\"es\",\"@id\":\"https:\\\/\\\/www.eldiario.net\\\/portal\\\/2026\\\/08\\\/10\\\/samsung-integra-el-ecosistema-galaxy-a-las-gafas-de-uso-diario\\\/#primaryimage\",\"url\":\"https:\\\/\\\/www.eldiario.net\\\/portal\\\/wp-content\\\/uploads\\\/2026\\\/08\\\/4-A-2.webp\",\"contentUrl\":\"https:\\\/\\\/www.eldiario.net\\\/portal\\\/wp-content\\\/uploads\\\/2026\\\/08\\\/4-A-2.webp\",\"width\":1109,\"height\":1600},{\"@type\":\"BreadcrumbList\",\"@id\":\"https:\\\/\\\/www.eldiario.net\\\/portal\\\/2026\\\/08\\\/10\\\/samsung-integra-el-ecosistema-galaxy-a-las-gafas-de-uso-diario\\\/#breadcrumb\",\"itemListElement\":[{\"@type\":\"ListItem\",\"position\":1,\"name\":\"Portada\",\"item\":\"https:\\\/\\\/www.eldiario.net\\\/portal\\\/\"},{\"@type\":\"ListItem\",\"position\":2,\"name\":\"Samsung integra el ecosistema Galaxy a las gafas de uso diario\"}]},{\"@type\":\"WebSite\",\"@id\":\"https:\\\/\\\/www.eldiario.net\\\/portal\\\/#website\",\"url\":\"https:\\\/\\\/www.eldiario.net\\\/portal\\\/\",\"name\":\"El Diario - Decano de la prensa nacional\",\"description\":\"El Diario - Decano de la prensa nacional\",\"publisher\":{\"@id\":\"https:\\\/\\\/www.eldiario.net\\\/portal\\\/#organization\"},\"potentialAction\":[{\"@type\":\"SearchAction\",\"target\":{\"@type\":\"EntryPoint\",\"urlTemplate\":\"https:\\\/\\\/www.eldiario.net\\\/portal\\\/?s={search_term_string}\"},\"query-input\":{\"@type\":\"PropertyValueSpecification\",\"valueRequired\":true,\"valueName\":\"search_term_string\"}}],\"inLanguage\":\"es\"},{\"@type\":\"Organization\",\"@id\":\"https:\\\/\\\/www.eldiario.net\\\/portal\\\/#organization\",\"name\":\"El Diario - Decano de la prensa nacional\",\"url\":\"https:\\\/\\\/www.eldiario.net\\\/portal\\\/\",\"logo\":{\"@type\":\"ImageObject\",\"inLanguage\":\"es\",\"@id\":\"https:\\\/\\\/www.eldiario.net\\\/portal\\\/#\\\/schema\\\/logo\\\/image\\\/\",\"url\":\"https:\\\/\\\/www.eldiario.net\\\/portal\\\/wp-content\\\/uploads\\\/2023\\\/07\\\/logo_ED.jpg\",\"contentUrl\":\"https:\\\/\\\/www.eldiario.net\\\/portal\\\/wp-content\\\/uploads\\\/2023\\\/07\\\/logo_ED.jpg\",\"width\":272,\"height\":52,\"caption\":\"El Diario - Decano de la prensa nacional\"},\"image\":{\"@id\":\"https:\\\/\\\/www.eldiario.net\\\/portal\\\/#\\\/schema\\\/logo\\\/image\\\/\"},\"sameAs\":[\"https:\\\/\\\/www.facebook.com\\\/eldiario.bolivia\\\/\",\"https:\\\/\\\/x.com\\\/eldiario_net\"]},{\"@type\":\"Person\",\"@id\":\"https:\\\/\\\/www.eldiario.net\\\/portal\\\/#\\\/schema\\\/person\\\/2c57cf2b7a7ae032e449e4c9b1019eac\",\"name\":\"Jeanette\",\"image\":{\"@type\":\"ImageObject\",\"inLanguage\":\"es\",\"@id\":\"https:\\\/\\\/secure.gravatar.com\\\/avatar\\\/3ea2118a5f7dad2b7138b1187a6b7ee55f160b9968b66013c3a3ef39dd7e5798?s=96&d=mm&r=g\",\"url\":\"https:\\\/\\\/secure.gravatar.com\\\/avatar\\\/3ea2118a5f7dad2b7138b1187a6b7ee55f160b9968b66013c3a3ef39dd7e5798?s=96&d=mm&r=g\",\"contentUrl\":\"https:\\\/\\\/secure.gravatar.com\\\/avatar\\\/3ea2118a5f7dad2b7138b1187a6b7ee55f160b9968b66013c3a3ef39dd7e5798?s=96&d=mm&r=g\",\"caption\":\"Jeanette\"},\"sameAs\":[\"https:\\\/\\\/www.eldiario.net\\\/portal\"],\"url\":\"https:\\\/\\\/www.eldiario.net\\\/portal\\\/author\\\/jeanette\\\/\"}]}<\/script>\n<!-- \/ Yoast SEO plugin. -->","yoast_head_json":{"title":"Samsung integra el ecosistema Galaxy a las gafas de uso diario - El Diario - Bolivia","robots":{"index":"index","follow":"follow","max-snippet":"max-snippet:-1","max-image-preview":"max-image-preview:large","max-video-preview":"max-video-preview:-1"},"canonical":"https:\/\/www.eldiario.net\/portal\/2026\/08\/10\/samsung-integra-el-ecosistema-galaxy-a-las-gafas-de-uso-diario\/","og_locale":"es_ES","og_type":"article","og_title":"Samsung integra el ecosistema Galaxy a las gafas de uso diario - El Diario - Bolivia","og_description":"Samsung present\u00f3 oficialmente sus gafas inteligentes en el evento Galaxy Unpacked en Londres. Partiendo de los conceptos anunciados en el \u00faltimo Google I\/O, los nuevos dise\u00f1os se desarrollaron en colaboraci\u00f3n con las marcas internacionales Gentle Monster y Warby Parker. Con este lanzamiento, Samsung ampl\u00eda el alcance del ecosistema Galaxy m\u00e1s all\u00e1 del tel\u00e9fono m\u00f3vil, incorporando [&hellip;]","og_url":"https:\/\/www.eldiario.net\/portal\/2026\/08\/10\/samsung-integra-el-ecosistema-galaxy-a-las-gafas-de-uso-diario\/","og_site_name":"El Diario - Bolivia","article_publisher":"https:\/\/www.facebook.com\/eldiario.bolivia\/","article_published_time":"2026-08-10T04:30:58+00:00","og_image":[{"width":1109,"height":1600,"url":"https:\/\/www.eldiario.net\/portal\/wp-content\/uploads\/2026\/08\/4-A-2.webp","type":"image\/webp"}],"author":"Jeanette","twitter_card":"summary_large_image","twitter_creator":"@eldiario_net","twitter_site":"@eldiario_net","twitter_misc":{"Escrito por":"Jeanette","Tiempo de lectura":"4 minutos"},"schema":{"@context":"https:\/\/schema.org","@graph":[{"@type":"Article","@id":"https:\/\/www.eldiario.net\/portal\/2026\/08\/10\/samsung-integra-el-ecosistema-galaxy-a-las-gafas-de-uso-diario\/#article","isPartOf":{"@id":"https:\/\/www.eldiario.net\/portal\/2026\/08\/10\/samsung-integra-el-ecosistema-galaxy-a-las-gafas-de-uso-diario\/"},"author":{"name":"Jeanette","@id":"https:\/\/www.eldiario.net\/portal\/#\/schema\/person\/2c57cf2b7a7ae032e449e4c9b1019eac"},"headline":"Samsung integra el ecosistema Galaxy a las gafas de uso diario","datePublished":"2026-08-10T04:30:58+00:00","mainEntityOfPage":{"@id":"https:\/\/www.eldiario.net\/portal\/2026\/08\/10\/samsung-integra-el-ecosistema-galaxy-a-las-gafas-de-uso-diario\/"},"wordCount":754,"publisher":{"@id":"https:\/\/www.eldiario.net\/portal\/#organization"},"image":{"@id":"https:\/\/www.eldiario.net\/portal\/2026\/08\/10\/samsung-integra-el-ecosistema-galaxy-a-las-gafas-de-uso-diario\/#primaryimage"},"thumbnailUrl":"https:\/\/www.eldiario.net\/portal\/wp-content\/uploads\/2026\/08\/4-A-2.webp","articleSection":["Ciencia y Computaci\u00f3n"],"inLanguage":"es"},{"@type":"WebPage","@id":"https:\/\/www.eldiario.net\/portal\/2026\/08\/10\/samsung-integra-el-ecosistema-galaxy-a-las-gafas-de-uso-diario\/","url":"https:\/\/www.eldiario.net\/portal\/2026\/08\/10\/samsung-integra-el-ecosistema-galaxy-a-las-gafas-de-uso-diario\/","name":"Samsung integra el ecosistema Galaxy a las gafas de uso diario - El Diario - Bolivia","isPartOf":{"@id":"https:\/\/www.eldiario.net\/portal\/#website"},"primaryImageOfPage":{"@id":"https:\/\/www.eldiario.net\/portal\/2026\/08\/10\/samsung-integra-el-ecosistema-galaxy-a-las-gafas-de-uso-diario\/#primaryimage"},"image":{"@id":"https:\/\/www.eldiario.net\/portal\/2026\/08\/10\/samsung-integra-el-ecosistema-galaxy-a-las-gafas-de-uso-diario\/#primaryimage"},"thumbnailUrl":"https:\/\/www.eldiario.net\/portal\/wp-content\/uploads\/2026\/08\/4-A-2.webp","datePublished":"2026-08-10T04:30:58+00:00","breadcrumb":{"@id":"https:\/\/www.eldiario.net\/portal\/2026\/08\/10\/samsung-integra-el-ecosistema-galaxy-a-las-gafas-de-uso-diario\/#breadcrumb"},"inLanguage":"es","potentialAction":[{"@type":"ReadAction","target":["https:\/\/www.eldiario.net\/portal\/2026\/08\/10\/samsung-integra-el-ecosistema-galaxy-a-las-gafas-de-uso-diario\/"]}]},{"@type":"ImageObject","inLanguage":"es","@id":"https:\/\/www.eldiario.net\/portal\/2026\/08\/10\/samsung-integra-el-ecosistema-galaxy-a-las-gafas-de-uso-diario\/#primaryimage","url":"https:\/\/www.eldiario.net\/portal\/wp-content\/uploads\/2026\/08\/4-A-2.webp","contentUrl":"https:\/\/www.eldiario.net\/portal\/wp-content\/uploads\/2026\/08\/4-A-2.webp","width":1109,"height":1600},{"@type":"BreadcrumbList","@id":"https:\/\/www.eldiario.net\/portal\/2026\/08\/10\/samsung-integra-el-ecosistema-galaxy-a-las-gafas-de-uso-diario\/#breadcrumb","itemListElement":[{"@type":"ListItem","position":1,"name":"Portada","item":"https:\/\/www.eldiario.net\/portal\/"},{"@type":"ListItem","position":2,"name":"Samsung integra el ecosistema Galaxy a las gafas de uso diario"}]},{"@type":"WebSite","@id":"https:\/\/www.eldiario.net\/portal\/#website","url":"https:\/\/www.eldiario.net\/portal\/","name":"El Diario - Decano de la prensa nacional","description":"El Diario - Decano de la prensa nacional","publisher":{"@id":"https:\/\/www.eldiario.net\/portal\/#organization"},"potentialAction":[{"@type":"SearchAction","target":{"@type":"EntryPoint","urlTemplate":"https:\/\/www.eldiario.net\/portal\/?s={search_term_string}"},"query-input":{"@type":"PropertyValueSpecification","valueRequired":true,"valueName":"search_term_string"}}],"inLanguage":"es"},{"@type":"Organization","@id":"https:\/\/www.eldiario.net\/portal\/#organization","name":"El Diario - Decano de la prensa nacional","url":"https:\/\/www.eldiario.net\/portal\/","logo":{"@type":"ImageObject","inLanguage":"es","@id":"https:\/\/www.eldiario.net\/portal\/#\/schema\/logo\/image\/","url":"https:\/\/www.eldiario.net\/portal\/wp-content\/uploads\/2023\/07\/logo_ED.jpg","contentUrl":"https:\/\/www.eldiario.net\/portal\/wp-content\/uploads\/2023\/07\/logo_ED.jpg","width":272,"height":52,"caption":"El Diario - Decano de la prensa nacional"},"image":{"@id":"https:\/\/www.eldiario.net\/portal\/#\/schema\/logo\/image\/"},"sameAs":["https:\/\/www.facebook.com\/eldiario.bolivia\/","https:\/\/x.com\/eldiario_net"]},{"@type":"Person","@id":"https:\/\/www.eldiario.net\/portal\/#\/schema\/person\/2c57cf2b7a7ae032e449e4c9b1019eac","name":"Jeanette","image":{"@type":"ImageObject","inLanguage":"es","@id":"https:\/\/secure.gravatar.com\/avatar\/3ea2118a5f7dad2b7138b1187a6b7ee55f160b9968b66013c3a3ef39dd7e5798?s=96&d=mm&r=g","url":"https:\/\/secure.gravatar.com\/avatar\/3ea2118a5f7dad2b7138b1187a6b7ee55f160b9968b66013c3a3ef39dd7e5798?s=96&d=mm&r=g","contentUrl":"https:\/\/secure.gravatar.com\/avatar\/3ea2118a5f7dad2b7138b1187a6b7ee55f160b9968b66013c3a3ef39dd7e5798?s=96&d=mm&r=g","caption":"Jeanette"},"sameAs":["https:\/\/www.eldiario.net\/portal"],"url":"https:\/\/www.eldiario.net\/portal\/author\/jeanette\/"}]}},"_links":{"self":[{"href":"https:\/\/www.eldiario.net\/portal\/wp-json\/wp\/v2\/posts\/419967","targetHints":{"allow":["GET"]}}],"collection":[{"href":"https:\/\/www.eldiario.net\/portal\/wp-json\/wp\/v2\/posts"}],"about":[{"href":"https:\/\/www.eldiario.net\/portal\/wp-json\/wp\/v2\/types\/post"}],"author":[{"embeddable":true,"href":"https:\/\/www.eldiario.net\/portal\/wp-json\/wp\/v2\/users\/1"}],"replies":[{"embeddable":true,"href":"https:\/\/www.eldiario.net\/portal\/wp-json\/wp\/v2\/comments?post=419967"}],"version-history":[{"count":1,"href":"https:\/\/www.eldiario.net\/portal\/wp-json\/wp\/v2\/posts\/419967\/revisions"}],"predecessor-version":[{"id":419969,"href":"https:\/\/www.eldiario.net\/portal\/wp-json\/wp\/v2\/posts\/419967\/revisions\/419969"}],"wp:featuredmedia":[{"embeddable":true,"href":"https:\/\/www.eldiario.net\/portal\/wp-json\/wp\/v2\/media\/419968"}],"wp:attachment":[{"href":"https:\/\/www.eldiario.net\/portal\/wp-json\/wp\/v2\/media?parent=419967"}],"wp:term":[{"taxonomy":"category","embeddable":true,"href":"https:\/\/www.eldiario.net\/portal\/wp-json\/wp\/v2\/categories?post=419967"},{"taxonomy":"post_tag","embeddable":true,"href":"https:\/\/www.eldiario.net\/portal\/wp-json\/wp\/v2\/tags?post=419967"}],"curies":[{"name":"wp","href":"https:\/\/api.w.org\/{rel}","templated":true}]}}