{"id":419964,"date":"2026-08-10T00:30:12","date_gmt":"2026-08-10T04:30:12","guid":{"rendered":"https:\/\/www.eldiario.net\/portal\/?p=419964"},"modified":"2026-08-09T12:30:47","modified_gmt":"2026-08-09T16:30:47","slug":"sony-confirma-el-fin-del-formato-fisico-en-2028","status":"publish","type":"post","link":"https:\/\/www.eldiario.net\/portal\/2026\/08\/10\/sony-confirma-el-fin-del-formato-fisico-en-2028\/","title":{"rendered":"Sony confirma el fin del formato f\u00edsico en 2028"},"content":{"rendered":"<p>Sony ha comenzado a incluir en las cajas de las consolas PlayStation 5 un aviso que marca un cambio hist\u00f3rico en la industria del videojuego: a partir del 1 de enero de 2028 dejar\u00e1n de lanzarse juegos en formato f\u00edsico. El mensaje, visible en los empaques de las consolas disponibles en tiendas, advierte que los t\u00edtulos adquiridos en disco antes de esa fecha seguir\u00e1n siendo compatibles, pero no habr\u00e1 nuevos lanzamientos en ese formato. La decisi\u00f3n supone el cierre definitivo de una era que ha acompa\u00f1ado a generaciones de jugadores.<\/p>\n<p>El anuncio ha generado un intenso debate en la comunidad gamer. Mientras que en PC la transici\u00f3n hacia lo digital se consolid\u00f3 hace a\u00f1os \u2014con plataformas como Steam, que concentran el 99% de las ventas\u2014, en consolas la presencia del formato f\u00edsico ha sido m\u00e1s persistente. Para muchos usuarios, los discos representan no solo un medio de acceso, sino tambi\u00e9n un objeto de colecci\u00f3n y un s\u00edmbolo de pertenencia cultural. La noticia de Sony ha sido recibida con cr\u00edticas y preocupaci\u00f3n, especialmente por el impacto que tendr\u00e1 en la diversidad de opciones de compra.<\/p>\n<p>La compa\u00f1\u00eda japonesa ya hab\u00eda adelantado meses atr\u00e1s que el formato f\u00edsico desaparecer\u00eda en 2028, pero la confirmaci\u00f3n en las cajas de PS5 elimina cualquier margen de duda. El aviso busca evitar reclamos futuros y preparar a los consumidores para un cambio irreversible. Seg\u00fan el mensaje, los juegos f\u00edsicos lanzados antes de la fecha l\u00edmite seguir\u00e1n funcionando, aunque se convertir\u00e1n en piezas limitadas y de gran valor para coleccionistas.<\/p>\n<p>El paso hacia lo digital responde a tendencias de mercado y a la evoluci\u00f3n tecnol\u00f3gica. La mejora en la infraestructura de Internet y la comodidad de las descargas han impulsado la popularidad de los juegos digitales, que ofrecen ventajas como actualizaciones inmediatas, acceso desde cualquier lugar y reducci\u00f3n de costos de distribuci\u00f3n. Sin embargo, la transici\u00f3n en consolas plantea un escenario distinto al de PC. En este \u00faltimo, los jugadores cuentan con m\u00faltiples tiendas y plataformas, lo que evita la concentraci\u00f3n del mercado en un solo actor. En PlayStation, en cambio, la desaparici\u00f3n del formato f\u00edsico dejar\u00e1 a la PlayStation Store como \u00fanico canal de compra, otorgando a Sony un control absoluto.<\/p>\n<p>Este monopolio preocupa a parte de la comunidad, que teme un aumento de precios y una reducci\u00f3n en la variedad de ofertas. A diferencia de Steam, que ha construido una reputaci\u00f3n basada en descuentos frecuentes y una relaci\u00f3n cercana con los jugadores, la tienda de Sony es percibida como menos flexible. Aunque existen promociones, no alcanzan la magnitud de las rebajas en PC, lo que alimenta la percepci\u00f3n de que los consumidores tendr\u00e1n menos beneficios en el nuevo escenario.<\/p>\n<p>La decisi\u00f3n tambi\u00e9n abre un debate sobre la preservaci\u00f3n de los videojuegos. Los discos han sido durante d\u00e9cadas un medio tangible que garantizaba la conservaci\u00f3n de t\u00edtulos m\u00e1s all\u00e1 de las pol\u00edticas de las compa\u00f1\u00edas. Con el salto definitivo a lo digital, la disponibilidad de los juegos depender\u00e1 exclusivamente de la PlayStation Store y de las decisiones comerciales de Sony. Para los coleccionistas y defensores del formato f\u00edsico, esto representa una p\u00e9rdida cultural y patrimonial.<\/p>\n<p>Sony, por su parte, defiende la transici\u00f3n como un paso natural hacia la modernizaci\u00f3n de la industria. La compa\u00f1\u00eda argumenta que el futuro del entretenimiento interactivo est\u00e1 en lo digital y que la experiencia de usuario ser\u00e1 m\u00e1s fluida y accesible. Sin embargo, el anuncio deja claro que el cambio no ser\u00e1 opcional: a partir de 2028, los jugadores de PlayStation deber\u00e1n adaptarse a un ecosistema completamente digital.<\/p>\n<p>La medida marca un antes y un despu\u00e9s en la historia de las consolas. El fin del formato f\u00edsico en PlayStation no solo redefine la manera en que los usuarios acceder\u00e1n a sus juegos, sino que tambi\u00e9n consolida un modelo de negocio en el que Sony tendr\u00e1 control total sobre la distribuci\u00f3n. Para algunos, se trata de un avance inevitable; para otros, de una p\u00e9rdida irreparable. Lo cierto es que el aviso en las cajas de PS5 confirma que el futuro de los videojuegos en consola ser\u00e1 exclusivamente digital.<\/p>\n","protected":false},"excerpt":{"rendered":"<p>Sony ha comenzado a incluir en las cajas de las consolas PlayStation 5 un aviso que marca un cambio hist\u00f3rico en la industria del videojuego: a partir del 1 de enero de 2028 dejar\u00e1n de lanzarse juegos en formato f\u00edsico. El mensaje, visible en los empaques de las consolas disponibles en tiendas, advierte que los [&hellip;]<\/p>\n","protected":false},"author":1,"featured_media":419965,"comment_status":"closed","ping_status":"open","sticky":false,"template":"","format":"standard","meta":{"_acf_changed":false,"footnotes":""},"categories":[46],"tags":[],"class_list":["post-419964","post","type-post","status-publish","format-standard","has-post-thumbnail","category-ciencia-computacion"],"acf":{"antetitulo":""},"yoast_head":"<!-- This site is optimized with the Yoast SEO plugin v28.4 - https:\/\/yoast.com\/product\/yoast-seo-wordpress\/ -->\n<title>Sony confirma el fin del formato f\u00edsico en 2028 - El Diario - Bolivia<\/title>\n<meta name=\"robots\" content=\"index, follow, max-snippet:-1, max-image-preview:large, max-video-preview:-1\" \/>\n<link rel=\"canonical\" href=\"https:\/\/www.eldiario.net\/portal\/2026\/08\/10\/sony-confirma-el-fin-del-formato-fisico-en-2028\/\" \/>\n<meta property=\"og:locale\" content=\"es_ES\" \/>\n<meta property=\"og:type\" content=\"article\" \/>\n<meta property=\"og:title\" content=\"Sony confirma el fin del formato f\u00edsico en 2028 - El Diario - Bolivia\" \/>\n<meta property=\"og:description\" content=\"Sony ha comenzado a incluir en las cajas de las consolas PlayStation 5 un aviso que marca un cambio hist\u00f3rico en la industria del videojuego: a partir del 1 de enero de 2028 dejar\u00e1n de lanzarse juegos en formato f\u00edsico. El mensaje, visible en los empaques de las consolas disponibles en tiendas, advierte que los [&hellip;]\" \/>\n<meta property=\"og:url\" content=\"https:\/\/www.eldiario.net\/portal\/2026\/08\/10\/sony-confirma-el-fin-del-formato-fisico-en-2028\/\" \/>\n<meta property=\"og:site_name\" content=\"El Diario - Bolivia\" \/>\n<meta property=\"article:publisher\" content=\"https:\/\/www.facebook.com\/eldiario.bolivia\/\" \/>\n<meta property=\"article:published_time\" content=\"2026-08-10T04:30:12+00:00\" \/>\n<meta property=\"og:image\" content=\"https:\/\/www.eldiario.net\/portal\/wp-content\/uploads\/2026\/08\/2-A-1-1.webp\" \/>\n\t<meta property=\"og:image:width\" content=\"837\" \/>\n\t<meta property=\"og:image:height\" content=\"464\" \/>\n\t<meta property=\"og:image:type\" content=\"image\/webp\" \/>\n<meta name=\"author\" content=\"Jeanette\" \/>\n<meta name=\"twitter:card\" content=\"summary_large_image\" \/>\n<meta name=\"twitter:creator\" content=\"@eldiario_net\" \/>\n<meta name=\"twitter:site\" content=\"@eldiario_net\" \/>\n<meta name=\"twitter:label1\" content=\"Escrito por\" \/>\n\t<meta name=\"twitter:data1\" content=\"Jeanette\" \/>\n\t<meta name=\"twitter:label2\" content=\"Tiempo de lectura\" \/>\n\t<meta name=\"twitter:data2\" content=\"4 minutos\" \/>\n<script type=\"application\/ld+json\" class=\"yoast-schema-graph\">{\"@context\":\"https:\\\/\\\/schema.org\",\"@graph\":[{\"@type\":\"Article\",\"@id\":\"https:\\\/\\\/www.eldiario.net\\\/portal\\\/2026\\\/08\\\/10\\\/sony-confirma-el-fin-del-formato-fisico-en-2028\\\/#article\",\"isPartOf\":{\"@id\":\"https:\\\/\\\/www.eldiario.net\\\/portal\\\/2026\\\/08\\\/10\\\/sony-confirma-el-fin-del-formato-fisico-en-2028\\\/\"},\"author\":{\"name\":\"Jeanette\",\"@id\":\"https:\\\/\\\/www.eldiario.net\\\/portal\\\/#\\\/schema\\\/person\\\/2c57cf2b7a7ae032e449e4c9b1019eac\"},\"headline\":\"Sony confirma el fin del formato f\u00edsico en 2028\",\"datePublished\":\"2026-08-10T04:30:12+00:00\",\"mainEntityOfPage\":{\"@id\":\"https:\\\/\\\/www.eldiario.net\\\/portal\\\/2026\\\/08\\\/10\\\/sony-confirma-el-fin-del-formato-fisico-en-2028\\\/\"},\"wordCount\":742,\"publisher\":{\"@id\":\"https:\\\/\\\/www.eldiario.net\\\/portal\\\/#organization\"},\"image\":{\"@id\":\"https:\\\/\\\/www.eldiario.net\\\/portal\\\/2026\\\/08\\\/10\\\/sony-confirma-el-fin-del-formato-fisico-en-2028\\\/#primaryimage\"},\"thumbnailUrl\":\"https:\\\/\\\/www.eldiario.net\\\/portal\\\/wp-content\\\/uploads\\\/2026\\\/08\\\/2-A-1-1.webp\",\"articleSection\":[\"Ciencia y Computaci\u00f3n\"],\"inLanguage\":\"es\"},{\"@type\":\"WebPage\",\"@id\":\"https:\\\/\\\/www.eldiario.net\\\/portal\\\/2026\\\/08\\\/10\\\/sony-confirma-el-fin-del-formato-fisico-en-2028\\\/\",\"url\":\"https:\\\/\\\/www.eldiario.net\\\/portal\\\/2026\\\/08\\\/10\\\/sony-confirma-el-fin-del-formato-fisico-en-2028\\\/\",\"name\":\"Sony confirma el fin del formato f\u00edsico en 2028 - El Diario - Bolivia\",\"isPartOf\":{\"@id\":\"https:\\\/\\\/www.eldiario.net\\\/portal\\\/#website\"},\"primaryImageOfPage\":{\"@id\":\"https:\\\/\\\/www.eldiario.net\\\/portal\\\/2026\\\/08\\\/10\\\/sony-confirma-el-fin-del-formato-fisico-en-2028\\\/#primaryimage\"},\"image\":{\"@id\":\"https:\\\/\\\/www.eldiario.net\\\/portal\\\/2026\\\/08\\\/10\\\/sony-confirma-el-fin-del-formato-fisico-en-2028\\\/#primaryimage\"},\"thumbnailUrl\":\"https:\\\/\\\/www.eldiario.net\\\/portal\\\/wp-content\\\/uploads\\\/2026\\\/08\\\/2-A-1-1.webp\",\"datePublished\":\"2026-08-10T04:30:12+00:00\",\"breadcrumb\":{\"@id\":\"https:\\\/\\\/www.eldiario.net\\\/portal\\\/2026\\\/08\\\/10\\\/sony-confirma-el-fin-del-formato-fisico-en-2028\\\/#breadcrumb\"},\"inLanguage\":\"es\",\"potentialAction\":[{\"@type\":\"ReadAction\",\"target\":[\"https:\\\/\\\/www.eldiario.net\\\/portal\\\/2026\\\/08\\\/10\\\/sony-confirma-el-fin-del-formato-fisico-en-2028\\\/\"]}]},{\"@type\":\"ImageObject\",\"inLanguage\":\"es\",\"@id\":\"https:\\\/\\\/www.eldiario.net\\\/portal\\\/2026\\\/08\\\/10\\\/sony-confirma-el-fin-del-formato-fisico-en-2028\\\/#primaryimage\",\"url\":\"https:\\\/\\\/www.eldiario.net\\\/portal\\\/wp-content\\\/uploads\\\/2026\\\/08\\\/2-A-1-1.webp\",\"contentUrl\":\"https:\\\/\\\/www.eldiario.net\\\/portal\\\/wp-content\\\/uploads\\\/2026\\\/08\\\/2-A-1-1.webp\",\"width\":837,\"height\":464},{\"@type\":\"BreadcrumbList\",\"@id\":\"https:\\\/\\\/www.eldiario.net\\\/portal\\\/2026\\\/08\\\/10\\\/sony-confirma-el-fin-del-formato-fisico-en-2028\\\/#breadcrumb\",\"itemListElement\":[{\"@type\":\"ListItem\",\"position\":1,\"name\":\"Portada\",\"item\":\"https:\\\/\\\/www.eldiario.net\\\/portal\\\/\"},{\"@type\":\"ListItem\",\"position\":2,\"name\":\"Sony confirma el fin del formato f\u00edsico en 2028\"}]},{\"@type\":\"WebSite\",\"@id\":\"https:\\\/\\\/www.eldiario.net\\\/portal\\\/#website\",\"url\":\"https:\\\/\\\/www.eldiario.net\\\/portal\\\/\",\"name\":\"El Diario - Decano de la prensa nacional\",\"description\":\"El Diario - Decano de la prensa nacional\",\"publisher\":{\"@id\":\"https:\\\/\\\/www.eldiario.net\\\/portal\\\/#organization\"},\"potentialAction\":[{\"@type\":\"SearchAction\",\"target\":{\"@type\":\"EntryPoint\",\"urlTemplate\":\"https:\\\/\\\/www.eldiario.net\\\/portal\\\/?s={search_term_string}\"},\"query-input\":{\"@type\":\"PropertyValueSpecification\",\"valueRequired\":true,\"valueName\":\"search_term_string\"}}],\"inLanguage\":\"es\"},{\"@type\":\"Organization\",\"@id\":\"https:\\\/\\\/www.eldiario.net\\\/portal\\\/#organization\",\"name\":\"El Diario - Decano de la prensa nacional\",\"url\":\"https:\\\/\\\/www.eldiario.net\\\/portal\\\/\",\"logo\":{\"@type\":\"ImageObject\",\"inLanguage\":\"es\",\"@id\":\"https:\\\/\\\/www.eldiario.net\\\/portal\\\/#\\\/schema\\\/logo\\\/image\\\/\",\"url\":\"https:\\\/\\\/www.eldiario.net\\\/portal\\\/wp-content\\\/uploads\\\/2023\\\/07\\\/logo_ED.jpg\",\"contentUrl\":\"https:\\\/\\\/www.eldiario.net\\\/portal\\\/wp-content\\\/uploads\\\/2023\\\/07\\\/logo_ED.jpg\",\"width\":272,\"height\":52,\"caption\":\"El Diario - Decano de la prensa nacional\"},\"image\":{\"@id\":\"https:\\\/\\\/www.eldiario.net\\\/portal\\\/#\\\/schema\\\/logo\\\/image\\\/\"},\"sameAs\":[\"https:\\\/\\\/www.facebook.com\\\/eldiario.bolivia\\\/\",\"https:\\\/\\\/x.com\\\/eldiario_net\"]},{\"@type\":\"Person\",\"@id\":\"https:\\\/\\\/www.eldiario.net\\\/portal\\\/#\\\/schema\\\/person\\\/2c57cf2b7a7ae032e449e4c9b1019eac\",\"name\":\"Jeanette\",\"image\":{\"@type\":\"ImageObject\",\"inLanguage\":\"es\",\"@id\":\"https:\\\/\\\/secure.gravatar.com\\\/avatar\\\/3ea2118a5f7dad2b7138b1187a6b7ee55f160b9968b66013c3a3ef39dd7e5798?s=96&d=mm&r=g\",\"url\":\"https:\\\/\\\/secure.gravatar.com\\\/avatar\\\/3ea2118a5f7dad2b7138b1187a6b7ee55f160b9968b66013c3a3ef39dd7e5798?s=96&d=mm&r=g\",\"contentUrl\":\"https:\\\/\\\/secure.gravatar.com\\\/avatar\\\/3ea2118a5f7dad2b7138b1187a6b7ee55f160b9968b66013c3a3ef39dd7e5798?s=96&d=mm&r=g\",\"caption\":\"Jeanette\"},\"sameAs\":[\"https:\\\/\\\/www.eldiario.net\\\/portal\"],\"url\":\"https:\\\/\\\/www.eldiario.net\\\/portal\\\/author\\\/jeanette\\\/\"}]}<\/script>\n<!-- \/ Yoast SEO plugin. -->","yoast_head_json":{"title":"Sony confirma el fin del formato f\u00edsico en 2028 - El Diario - Bolivia","robots":{"index":"index","follow":"follow","max-snippet":"max-snippet:-1","max-image-preview":"max-image-preview:large","max-video-preview":"max-video-preview:-1"},"canonical":"https:\/\/www.eldiario.net\/portal\/2026\/08\/10\/sony-confirma-el-fin-del-formato-fisico-en-2028\/","og_locale":"es_ES","og_type":"article","og_title":"Sony confirma el fin del formato f\u00edsico en 2028 - El Diario - Bolivia","og_description":"Sony ha comenzado a incluir en las cajas de las consolas PlayStation 5 un aviso que marca un cambio hist\u00f3rico en la industria del videojuego: a partir del 1 de enero de 2028 dejar\u00e1n de lanzarse juegos en formato f\u00edsico. El mensaje, visible en los empaques de las consolas disponibles en tiendas, advierte que los [&hellip;]","og_url":"https:\/\/www.eldiario.net\/portal\/2026\/08\/10\/sony-confirma-el-fin-del-formato-fisico-en-2028\/","og_site_name":"El Diario - Bolivia","article_publisher":"https:\/\/www.facebook.com\/eldiario.bolivia\/","article_published_time":"2026-08-10T04:30:12+00:00","og_image":[{"width":837,"height":464,"url":"https:\/\/www.eldiario.net\/portal\/wp-content\/uploads\/2026\/08\/2-A-1-1.webp","type":"image\/webp"}],"author":"Jeanette","twitter_card":"summary_large_image","twitter_creator":"@eldiario_net","twitter_site":"@eldiario_net","twitter_misc":{"Escrito por":"Jeanette","Tiempo de lectura":"4 minutos"},"schema":{"@context":"https:\/\/schema.org","@graph":[{"@type":"Article","@id":"https:\/\/www.eldiario.net\/portal\/2026\/08\/10\/sony-confirma-el-fin-del-formato-fisico-en-2028\/#article","isPartOf":{"@id":"https:\/\/www.eldiario.net\/portal\/2026\/08\/10\/sony-confirma-el-fin-del-formato-fisico-en-2028\/"},"author":{"name":"Jeanette","@id":"https:\/\/www.eldiario.net\/portal\/#\/schema\/person\/2c57cf2b7a7ae032e449e4c9b1019eac"},"headline":"Sony confirma el fin del formato f\u00edsico en 2028","datePublished":"2026-08-10T04:30:12+00:00","mainEntityOfPage":{"@id":"https:\/\/www.eldiario.net\/portal\/2026\/08\/10\/sony-confirma-el-fin-del-formato-fisico-en-2028\/"},"wordCount":742,"publisher":{"@id":"https:\/\/www.eldiario.net\/portal\/#organization"},"image":{"@id":"https:\/\/www.eldiario.net\/portal\/2026\/08\/10\/sony-confirma-el-fin-del-formato-fisico-en-2028\/#primaryimage"},"thumbnailUrl":"https:\/\/www.eldiario.net\/portal\/wp-content\/uploads\/2026\/08\/2-A-1-1.webp","articleSection":["Ciencia y Computaci\u00f3n"],"inLanguage":"es"},{"@type":"WebPage","@id":"https:\/\/www.eldiario.net\/portal\/2026\/08\/10\/sony-confirma-el-fin-del-formato-fisico-en-2028\/","url":"https:\/\/www.eldiario.net\/portal\/2026\/08\/10\/sony-confirma-el-fin-del-formato-fisico-en-2028\/","name":"Sony confirma el fin del formato f\u00edsico en 2028 - El Diario - Bolivia","isPartOf":{"@id":"https:\/\/www.eldiario.net\/portal\/#website"},"primaryImageOfPage":{"@id":"https:\/\/www.eldiario.net\/portal\/2026\/08\/10\/sony-confirma-el-fin-del-formato-fisico-en-2028\/#primaryimage"},"image":{"@id":"https:\/\/www.eldiario.net\/portal\/2026\/08\/10\/sony-confirma-el-fin-del-formato-fisico-en-2028\/#primaryimage"},"thumbnailUrl":"https:\/\/www.eldiario.net\/portal\/wp-content\/uploads\/2026\/08\/2-A-1-1.webp","datePublished":"2026-08-10T04:30:12+00:00","breadcrumb":{"@id":"https:\/\/www.eldiario.net\/portal\/2026\/08\/10\/sony-confirma-el-fin-del-formato-fisico-en-2028\/#breadcrumb"},"inLanguage":"es","potentialAction":[{"@type":"ReadAction","target":["https:\/\/www.eldiario.net\/portal\/2026\/08\/10\/sony-confirma-el-fin-del-formato-fisico-en-2028\/"]}]},{"@type":"ImageObject","inLanguage":"es","@id":"https:\/\/www.eldiario.net\/portal\/2026\/08\/10\/sony-confirma-el-fin-del-formato-fisico-en-2028\/#primaryimage","url":"https:\/\/www.eldiario.net\/portal\/wp-content\/uploads\/2026\/08\/2-A-1-1.webp","contentUrl":"https:\/\/www.eldiario.net\/portal\/wp-content\/uploads\/2026\/08\/2-A-1-1.webp","width":837,"height":464},{"@type":"BreadcrumbList","@id":"https:\/\/www.eldiario.net\/portal\/2026\/08\/10\/sony-confirma-el-fin-del-formato-fisico-en-2028\/#breadcrumb","itemListElement":[{"@type":"ListItem","position":1,"name":"Portada","item":"https:\/\/www.eldiario.net\/portal\/"},{"@type":"ListItem","position":2,"name":"Sony confirma el fin del formato f\u00edsico en 2028"}]},{"@type":"WebSite","@id":"https:\/\/www.eldiario.net\/portal\/#website","url":"https:\/\/www.eldiario.net\/portal\/","name":"El Diario - Decano de la prensa nacional","description":"El Diario - Decano de la prensa nacional","publisher":{"@id":"https:\/\/www.eldiario.net\/portal\/#organization"},"potentialAction":[{"@type":"SearchAction","target":{"@type":"EntryPoint","urlTemplate":"https:\/\/www.eldiario.net\/portal\/?s={search_term_string}"},"query-input":{"@type":"PropertyValueSpecification","valueRequired":true,"valueName":"search_term_string"}}],"inLanguage":"es"},{"@type":"Organization","@id":"https:\/\/www.eldiario.net\/portal\/#organization","name":"El Diario - Decano de la prensa nacional","url":"https:\/\/www.eldiario.net\/portal\/","logo":{"@type":"ImageObject","inLanguage":"es","@id":"https:\/\/www.eldiario.net\/portal\/#\/schema\/logo\/image\/","url":"https:\/\/www.eldiario.net\/portal\/wp-content\/uploads\/2023\/07\/logo_ED.jpg","contentUrl":"https:\/\/www.eldiario.net\/portal\/wp-content\/uploads\/2023\/07\/logo_ED.jpg","width":272,"height":52,"caption":"El Diario - Decano de la prensa nacional"},"image":{"@id":"https:\/\/www.eldiario.net\/portal\/#\/schema\/logo\/image\/"},"sameAs":["https:\/\/www.facebook.com\/eldiario.bolivia\/","https:\/\/x.com\/eldiario_net"]},{"@type":"Person","@id":"https:\/\/www.eldiario.net\/portal\/#\/schema\/person\/2c57cf2b7a7ae032e449e4c9b1019eac","name":"Jeanette","image":{"@type":"ImageObject","inLanguage":"es","@id":"https:\/\/secure.gravatar.com\/avatar\/3ea2118a5f7dad2b7138b1187a6b7ee55f160b9968b66013c3a3ef39dd7e5798?s=96&d=mm&r=g","url":"https:\/\/secure.gravatar.com\/avatar\/3ea2118a5f7dad2b7138b1187a6b7ee55f160b9968b66013c3a3ef39dd7e5798?s=96&d=mm&r=g","contentUrl":"https:\/\/secure.gravatar.com\/avatar\/3ea2118a5f7dad2b7138b1187a6b7ee55f160b9968b66013c3a3ef39dd7e5798?s=96&d=mm&r=g","caption":"Jeanette"},"sameAs":["https:\/\/www.eldiario.net\/portal"],"url":"https:\/\/www.eldiario.net\/portal\/author\/jeanette\/"}]}},"_links":{"self":[{"href":"https:\/\/www.eldiario.net\/portal\/wp-json\/wp\/v2\/posts\/419964","targetHints":{"allow":["GET"]}}],"collection":[{"href":"https:\/\/www.eldiario.net\/portal\/wp-json\/wp\/v2\/posts"}],"about":[{"href":"https:\/\/www.eldiario.net\/portal\/wp-json\/wp\/v2\/types\/post"}],"author":[{"embeddable":true,"href":"https:\/\/www.eldiario.net\/portal\/wp-json\/wp\/v2\/users\/1"}],"replies":[{"embeddable":true,"href":"https:\/\/www.eldiario.net\/portal\/wp-json\/wp\/v2\/comments?post=419964"}],"version-history":[{"count":1,"href":"https:\/\/www.eldiario.net\/portal\/wp-json\/wp\/v2\/posts\/419964\/revisions"}],"predecessor-version":[{"id":419966,"href":"https:\/\/www.eldiario.net\/portal\/wp-json\/wp\/v2\/posts\/419964\/revisions\/419966"}],"wp:featuredmedia":[{"embeddable":true,"href":"https:\/\/www.eldiario.net\/portal\/wp-json\/wp\/v2\/media\/419965"}],"wp:attachment":[{"href":"https:\/\/www.eldiario.net\/portal\/wp-json\/wp\/v2\/media?parent=419964"}],"wp:term":[{"taxonomy":"category","embeddable":true,"href":"https:\/\/www.eldiario.net\/portal\/wp-json\/wp\/v2\/categories?post=419964"},{"taxonomy":"post_tag","embeddable":true,"href":"https:\/\/www.eldiario.net\/portal\/wp-json\/wp\/v2\/tags?post=419964"}],"curies":[{"name":"wp","href":"https:\/\/api.w.org\/{rel}","templated":true}]}}