{"id":419874,"date":"2026-08-09T07:58:54","date_gmt":"2026-08-09T11:58:54","guid":{"rendered":"https:\/\/www.eldiario.net\/portal\/?p=419874"},"modified":"2026-08-09T07:58:54","modified_gmt":"2026-08-09T11:58:54","slug":"alimentacion-en-fracturas","status":"publish","type":"post","link":"https:\/\/www.eldiario.net\/portal\/2026\/08\/09\/alimentacion-en-fracturas\/","title":{"rendered":"ALIMENTACION EN FRACTURAS"},"content":{"rendered":"<p><strong>Lic. Mar\u00eda Luisa Ticona Pardo &#8211; Nutricionista Dietista U.M.S.A &#8211; Cel. 69969618\u00a0\u00a0\u00a0\u00a0\u00a0\u00a0\u00a0\u00a0\u00a0\u00a0\u00a0\u00a0 <\/strong><\/p>\n<p>Sufrir una fractura puede ser un proceso dif\u00edcil, pero\u00a0<strong>la alimentaci\u00f3n juega un papel importante en la recuperaci\u00f3n de los huesos<\/strong>. Adem\u00e1s del tratamiento m\u00e9dico y la inmovilizaci\u00f3n adecuada. Consumir ciertos nutrientes puede ayudar a\u00a0<strong>acelerar la consolidaci\u00f3n \u00f3sea, reducir la inflamaci\u00f3n y fortalecer el sistema musculo esquel\u00e9tico<\/strong>. Muchas personas se preguntan\u00a0<strong>qu\u00e9 comer para sanar una fractura m\u00e1s r\u00e1pido<\/strong>\u00a0o qu\u00e9 alimentos ayudan a regenerar el hueso. La respuesta est\u00e1 en una\u00a0<strong>dieta rica en minerales, vitaminas y prote\u00ednas<\/strong>, que son esenciales para la formaci\u00f3n de tejido \u00f3seo nuevo. Los principales nutrientes para acelerar la recuperaci\u00f3n son: El calcio es esencial para la formaci\u00f3n y mantenimiento del tejido \u00f3seo. Las fuentes de calcio incluyen: L\u00e1cteos: leche, yogur, queso. Vegetales de hoja verde: col rizada, espinacas, br\u00f3coli. Alimentos fortificados: zumos de frutas, cereales.<\/p>\n<p>&nbsp;<\/p>\n<p>El calcio no solo fortalece los huesos, sino que tambi\u00e9n ayuda a reducir la inflamaci\u00f3n y promueve la cicatrizaci\u00f3n.<\/p>\n<p>&nbsp;<\/p>\n<p>La vitamina D es necesaria para la absorci\u00f3n de calcio. Las fuentes de vitamina D incluyen:<\/p>\n<p>Pescado graso: salm\u00f3n, at\u00fan, sardinas.<\/p>\n<p>Exposici\u00f3n al sol: la piel produce vitamina D cuando est\u00e1 expuesta a la luz solar.<\/p>\n<p>Alimentos fortificados: leche, zumo de naranja, cereales.<\/p>\n<p>&nbsp;<\/p>\n<p>Sin suficiente vitamina D, el cuerpo no puede absorber adecuadamente el calcio, lo que puede ralentizar la recuperaci\u00f3n.<\/p>\n<p>&nbsp;<\/p>\n<p>La vitamina C es un antioxidante que ayuda a la producci\u00f3n de col\u00e1geno, un componente crucial del tejido \u00f3seo. Las fuentes de vitamina C incluyen: C\u00edtricos: naranjas, limones, pomelos.<\/p>\n<p>Pimientos: rojos, verdes, amarillos. Frutas tropicales: kiwi, mango, guayaba.<\/p>\n<p>&nbsp;<\/p>\n<p>El col\u00e1geno es esencial para la formaci\u00f3n de huesos nuevos y la reparaci\u00f3n de tejidos da\u00f1ados.<\/p>\n<p>Las prote\u00ednas son fundamentales para la reparaci\u00f3n y formaci\u00f3n de tejidos. Las fuentes de prote\u00ednas incluyen: Huevos: ricos en amino\u00e1cidos esenciales. Carne magra: pollo, pavo, res. Legumbres: frijoles, lentejas, garbanzos.<\/p>\n<p>&nbsp;<\/p>\n<p>Las prote\u00ednas no solo ayudan a la formaci\u00f3n de huesos, sino que tambi\u00e9n mejoran la funci\u00f3n inmunol\u00f3gica y reducen la inflamaci\u00f3n. Los l\u00e1cteos son una excelente fuente de calcio y vitamina D. Algunos ejemplos son: Leche: entera, descremada, semidescremada. Yogur: griego, natural, con pro bi\u00f3ticos. Queso: queso blanco, cheddar, mozzarella.<\/p>\n<p>&nbsp;<\/p>\n<p>Si eres intolerante a la lactosa, existen alternativas como la leche de almendra, soja o avena fortificada con calcio y vitamina D.<\/p>\n<p>&nbsp;<\/p>\n<p>Las prote\u00ednas magras son esenciales para la reparaci\u00f3n de tejidos. Algunas opciones son:<\/p>\n<p>Huevos: ricos en amino\u00e1cidos esenciales.<\/p>\n<p>&nbsp;<\/p>\n<p>Pollo: pechuga, muslo sin piel.Pescado: salm\u00f3n, at\u00fan, sardinas.<\/p>\n<p>Estos alimentos no solo proporcionan prote\u00ednas, sino tambi\u00e9n otros nutrientes importantes como omega-3 y vitamina B12.<\/p>\n<p>&nbsp;<\/p>\n<p>Los vegetales de hoja verde son ricos en calcio y otros minerales. Algunas opciones son:<\/p>\n<p>Col rizada: alta en calcio y vitamina K.<\/p>\n<p>&nbsp;<\/p>\n<p>Espinacas: ricas en calcio y hierro.Br\u00f3coli: fuente de calcio y vitamina C.Estos alimentos tambi\u00e9n son bajos en calor\u00edas y altos en fibra, lo que los hace ideales para una dieta equilibrada.<\/p>\n<p>Aunque los nutrientes espec\u00edficos son importantes, una alimentaci\u00f3n equilibrada es fundamental para una recuperaci\u00f3n \u00f3ptima. Una dieta equilibrada incluye:<\/p>\n<p>&nbsp;<\/p>\n<p>Una variedad de frutas y verduras para obtener antioxidantes y vitaminas.<\/p>\n<p>Prote\u00ednas magras para la reparaci\u00f3n de tejidos.<\/p>\n<p>L\u00e1cteos o sus alternativas para el calcio y la vitamina D.<\/p>\n<p>Cereales integrales para el aporte de fibra y minerales.<\/p>\n<p>Aguas y otros l\u00edquidos para mantener una buena hidrataci\u00f3n.<\/p>\n<p>Mantener una dieta equilibrada no solo ayuda a la recuperaci\u00f3n de la fractura, sino que tambi\u00e9n mejora la salud general.<\/p>\n<p>El consumo elevado de sal puede aumentar la p\u00e9rdida de calcio. El alcohol puede interferir con la formaci\u00f3n del hueso y retrasar la recuperaci\u00f3n.<\/p>\n<p>Puede provocar:<\/p>\n<p>Menor absorci\u00f3n de calcio disminuci\u00f3n de la producci\u00f3n de col\u00e1geno mayor inflamaci\u00f3n en los tejidos<\/p>\n<p>El consumo elevado de caf\u00e9 o bebidas energ\u00e9ticas puede afectar el metabolismo del calcio.<\/p>\n<p>Se recomienda moderar el consumo de: caf\u00e9, t\u00e9 negro, bebidas energ\u00e9ticas<\/p>\n<p>La hidrataci\u00f3n adecuada ayuda a transportar nutrientes y eliminar toxinas del organismo.<\/p>\n<p><strong>Recomendaciones:<\/strong><\/p>\n<p><strong>\u00a0<\/strong><\/p>\n<p>Beber suficiente agua durante el d\u00eda, consumir frutas ricas en agua incluir infusiones naturales<\/p>\n<p>&nbsp;<\/p>\n<p><strong>\u201cNUTRICIONISTA CUIDANDO TU SALUD\u201d<\/strong><\/p>\n<p><strong>\u00a0<\/strong><\/p>\n","protected":false},"excerpt":{"rendered":"<p>Lic. Mar\u00eda Luisa Ticona Pardo &#8211; Nutricionista Dietista U.M.S.A &#8211; Cel. 69969618\u00a0\u00a0\u00a0\u00a0\u00a0\u00a0\u00a0\u00a0\u00a0\u00a0\u00a0\u00a0 Sufrir una fractura puede ser un proceso dif\u00edcil, pero\u00a0la alimentaci\u00f3n juega un papel importante en la recuperaci\u00f3n de los huesos. Adem\u00e1s del tratamiento m\u00e9dico y la inmovilizaci\u00f3n adecuada. Consumir ciertos nutrientes puede ayudar a\u00a0acelerar la consolidaci\u00f3n \u00f3sea, reducir la inflamaci\u00f3n y fortalecer el [&hellip;]<\/p>\n","protected":false},"author":1,"featured_media":419875,"comment_status":"closed","ping_status":"open","sticky":false,"template":"","format":"standard","meta":{"_acf_changed":false,"footnotes":""},"categories":[52],"tags":[],"class_list":["post-419874","post","type-post","status-publish","format-standard","has-post-thumbnail","category-de-salud-mas-vida"],"acf":{"antetitulo":""},"yoast_head":"<!-- This site is optimized with the Yoast SEO plugin v28.4 - https:\/\/yoast.com\/product\/yoast-seo-wordpress\/ -->\n<title>ALIMENTACION EN FRACTURAS - El Diario - Bolivia<\/title>\n<meta name=\"robots\" content=\"index, follow, max-snippet:-1, max-image-preview:large, max-video-preview:-1\" \/>\n<link rel=\"canonical\" href=\"https:\/\/www.eldiario.net\/portal\/2026\/08\/09\/alimentacion-en-fracturas\/\" \/>\n<meta property=\"og:locale\" content=\"es_ES\" \/>\n<meta property=\"og:type\" content=\"article\" \/>\n<meta property=\"og:title\" content=\"ALIMENTACION EN FRACTURAS - El Diario - Bolivia\" \/>\n<meta property=\"og:description\" content=\"Lic. Mar\u00eda Luisa Ticona Pardo &#8211; Nutricionista Dietista U.M.S.A &#8211; Cel. 69969618\u00a0\u00a0\u00a0\u00a0\u00a0\u00a0\u00a0\u00a0\u00a0\u00a0\u00a0\u00a0 Sufrir una fractura puede ser un proceso dif\u00edcil, pero\u00a0la alimentaci\u00f3n juega un papel importante en la recuperaci\u00f3n de los huesos. Adem\u00e1s del tratamiento m\u00e9dico y la inmovilizaci\u00f3n adecuada. Consumir ciertos nutrientes puede ayudar a\u00a0acelerar la consolidaci\u00f3n \u00f3sea, reducir la inflamaci\u00f3n y fortalecer el [&hellip;]\" \/>\n<meta property=\"og:url\" content=\"https:\/\/www.eldiario.net\/portal\/2026\/08\/09\/alimentacion-en-fracturas\/\" \/>\n<meta property=\"og:site_name\" content=\"El Diario - Bolivia\" \/>\n<meta property=\"article:publisher\" content=\"https:\/\/www.facebook.com\/eldiario.bolivia\/\" \/>\n<meta property=\"article:published_time\" content=\"2026-08-09T11:58:54+00:00\" \/>\n<meta property=\"og:image\" content=\"https:\/\/www.eldiario.net\/portal\/wp-content\/uploads\/2026\/08\/ALIMENTACION-EN-FRACTURAS.webp\" \/>\n\t<meta property=\"og:image:width\" content=\"686\" \/>\n\t<meta property=\"og:image:height\" content=\"446\" \/>\n\t<meta property=\"og:image:type\" content=\"image\/webp\" \/>\n<meta name=\"author\" content=\"Jeanette\" \/>\n<meta name=\"twitter:card\" content=\"summary_large_image\" \/>\n<meta name=\"twitter:creator\" content=\"@eldiario_net\" \/>\n<meta name=\"twitter:site\" content=\"@eldiario_net\" \/>\n<meta name=\"twitter:label1\" content=\"Escrito por\" \/>\n\t<meta name=\"twitter:data1\" content=\"Jeanette\" \/>\n\t<meta name=\"twitter:label2\" content=\"Tiempo de lectura\" \/>\n\t<meta name=\"twitter:data2\" content=\"4 minutos\" \/>\n<script type=\"application\/ld+json\" class=\"yoast-schema-graph\">{\"@context\":\"https:\\\/\\\/schema.org\",\"@graph\":[{\"@type\":\"Article\",\"@id\":\"https:\\\/\\\/www.eldiario.net\\\/portal\\\/2026\\\/08\\\/09\\\/alimentacion-en-fracturas\\\/#article\",\"isPartOf\":{\"@id\":\"https:\\\/\\\/www.eldiario.net\\\/portal\\\/2026\\\/08\\\/09\\\/alimentacion-en-fracturas\\\/\"},\"author\":{\"name\":\"Jeanette\",\"@id\":\"https:\\\/\\\/www.eldiario.net\\\/portal\\\/#\\\/schema\\\/person\\\/2c57cf2b7a7ae032e449e4c9b1019eac\"},\"headline\":\"ALIMENTACION EN FRACTURAS\",\"datePublished\":\"2026-08-09T11:58:54+00:00\",\"mainEntityOfPage\":{\"@id\":\"https:\\\/\\\/www.eldiario.net\\\/portal\\\/2026\\\/08\\\/09\\\/alimentacion-en-fracturas\\\/\"},\"wordCount\":759,\"publisher\":{\"@id\":\"https:\\\/\\\/www.eldiario.net\\\/portal\\\/#organization\"},\"image\":{\"@id\":\"https:\\\/\\\/www.eldiario.net\\\/portal\\\/2026\\\/08\\\/09\\\/alimentacion-en-fracturas\\\/#primaryimage\"},\"thumbnailUrl\":\"https:\\\/\\\/www.eldiario.net\\\/portal\\\/wp-content\\\/uploads\\\/2026\\\/08\\\/ALIMENTACION-EN-FRACTURAS.webp\",\"articleSection\":[\"De Salud + vida\"],\"inLanguage\":\"es\"},{\"@type\":\"WebPage\",\"@id\":\"https:\\\/\\\/www.eldiario.net\\\/portal\\\/2026\\\/08\\\/09\\\/alimentacion-en-fracturas\\\/\",\"url\":\"https:\\\/\\\/www.eldiario.net\\\/portal\\\/2026\\\/08\\\/09\\\/alimentacion-en-fracturas\\\/\",\"name\":\"ALIMENTACION EN FRACTURAS - El Diario - Bolivia\",\"isPartOf\":{\"@id\":\"https:\\\/\\\/www.eldiario.net\\\/portal\\\/#website\"},\"primaryImageOfPage\":{\"@id\":\"https:\\\/\\\/www.eldiario.net\\\/portal\\\/2026\\\/08\\\/09\\\/alimentacion-en-fracturas\\\/#primaryimage\"},\"image\":{\"@id\":\"https:\\\/\\\/www.eldiario.net\\\/portal\\\/2026\\\/08\\\/09\\\/alimentacion-en-fracturas\\\/#primaryimage\"},\"thumbnailUrl\":\"https:\\\/\\\/www.eldiario.net\\\/portal\\\/wp-content\\\/uploads\\\/2026\\\/08\\\/ALIMENTACION-EN-FRACTURAS.webp\",\"datePublished\":\"2026-08-09T11:58:54+00:00\",\"breadcrumb\":{\"@id\":\"https:\\\/\\\/www.eldiario.net\\\/portal\\\/2026\\\/08\\\/09\\\/alimentacion-en-fracturas\\\/#breadcrumb\"},\"inLanguage\":\"es\",\"potentialAction\":[{\"@type\":\"ReadAction\",\"target\":[\"https:\\\/\\\/www.eldiario.net\\\/portal\\\/2026\\\/08\\\/09\\\/alimentacion-en-fracturas\\\/\"]}]},{\"@type\":\"ImageObject\",\"inLanguage\":\"es\",\"@id\":\"https:\\\/\\\/www.eldiario.net\\\/portal\\\/2026\\\/08\\\/09\\\/alimentacion-en-fracturas\\\/#primaryimage\",\"url\":\"https:\\\/\\\/www.eldiario.net\\\/portal\\\/wp-content\\\/uploads\\\/2026\\\/08\\\/ALIMENTACION-EN-FRACTURAS.webp\",\"contentUrl\":\"https:\\\/\\\/www.eldiario.net\\\/portal\\\/wp-content\\\/uploads\\\/2026\\\/08\\\/ALIMENTACION-EN-FRACTURAS.webp\",\"width\":686,\"height\":446},{\"@type\":\"BreadcrumbList\",\"@id\":\"https:\\\/\\\/www.eldiario.net\\\/portal\\\/2026\\\/08\\\/09\\\/alimentacion-en-fracturas\\\/#breadcrumb\",\"itemListElement\":[{\"@type\":\"ListItem\",\"position\":1,\"name\":\"Portada\",\"item\":\"https:\\\/\\\/www.eldiario.net\\\/portal\\\/\"},{\"@type\":\"ListItem\",\"position\":2,\"name\":\"ALIMENTACION EN FRACTURAS\"}]},{\"@type\":\"WebSite\",\"@id\":\"https:\\\/\\\/www.eldiario.net\\\/portal\\\/#website\",\"url\":\"https:\\\/\\\/www.eldiario.net\\\/portal\\\/\",\"name\":\"El Diario - Decano de la prensa nacional\",\"description\":\"El Diario - Decano de la prensa nacional\",\"publisher\":{\"@id\":\"https:\\\/\\\/www.eldiario.net\\\/portal\\\/#organization\"},\"potentialAction\":[{\"@type\":\"SearchAction\",\"target\":{\"@type\":\"EntryPoint\",\"urlTemplate\":\"https:\\\/\\\/www.eldiario.net\\\/portal\\\/?s={search_term_string}\"},\"query-input\":{\"@type\":\"PropertyValueSpecification\",\"valueRequired\":true,\"valueName\":\"search_term_string\"}}],\"inLanguage\":\"es\"},{\"@type\":\"Organization\",\"@id\":\"https:\\\/\\\/www.eldiario.net\\\/portal\\\/#organization\",\"name\":\"El Diario - Decano de la prensa nacional\",\"url\":\"https:\\\/\\\/www.eldiario.net\\\/portal\\\/\",\"logo\":{\"@type\":\"ImageObject\",\"inLanguage\":\"es\",\"@id\":\"https:\\\/\\\/www.eldiario.net\\\/portal\\\/#\\\/schema\\\/logo\\\/image\\\/\",\"url\":\"https:\\\/\\\/www.eldiario.net\\\/portal\\\/wp-content\\\/uploads\\\/2023\\\/07\\\/logo_ED.jpg\",\"contentUrl\":\"https:\\\/\\\/www.eldiario.net\\\/portal\\\/wp-content\\\/uploads\\\/2023\\\/07\\\/logo_ED.jpg\",\"width\":272,\"height\":52,\"caption\":\"El Diario - Decano de la prensa nacional\"},\"image\":{\"@id\":\"https:\\\/\\\/www.eldiario.net\\\/portal\\\/#\\\/schema\\\/logo\\\/image\\\/\"},\"sameAs\":[\"https:\\\/\\\/www.facebook.com\\\/eldiario.bolivia\\\/\",\"https:\\\/\\\/x.com\\\/eldiario_net\"]},{\"@type\":\"Person\",\"@id\":\"https:\\\/\\\/www.eldiario.net\\\/portal\\\/#\\\/schema\\\/person\\\/2c57cf2b7a7ae032e449e4c9b1019eac\",\"name\":\"Jeanette\",\"image\":{\"@type\":\"ImageObject\",\"inLanguage\":\"es\",\"@id\":\"https:\\\/\\\/secure.gravatar.com\\\/avatar\\\/3ea2118a5f7dad2b7138b1187a6b7ee55f160b9968b66013c3a3ef39dd7e5798?s=96&d=mm&r=g\",\"url\":\"https:\\\/\\\/secure.gravatar.com\\\/avatar\\\/3ea2118a5f7dad2b7138b1187a6b7ee55f160b9968b66013c3a3ef39dd7e5798?s=96&d=mm&r=g\",\"contentUrl\":\"https:\\\/\\\/secure.gravatar.com\\\/avatar\\\/3ea2118a5f7dad2b7138b1187a6b7ee55f160b9968b66013c3a3ef39dd7e5798?s=96&d=mm&r=g\",\"caption\":\"Jeanette\"},\"sameAs\":[\"https:\\\/\\\/www.eldiario.net\\\/portal\"],\"url\":\"https:\\\/\\\/www.eldiario.net\\\/portal\\\/author\\\/jeanette\\\/\"}]}<\/script>\n<!-- \/ Yoast SEO plugin. -->","yoast_head_json":{"title":"ALIMENTACION EN FRACTURAS - El Diario - Bolivia","robots":{"index":"index","follow":"follow","max-snippet":"max-snippet:-1","max-image-preview":"max-image-preview:large","max-video-preview":"max-video-preview:-1"},"canonical":"https:\/\/www.eldiario.net\/portal\/2026\/08\/09\/alimentacion-en-fracturas\/","og_locale":"es_ES","og_type":"article","og_title":"ALIMENTACION EN FRACTURAS - El Diario - Bolivia","og_description":"Lic. Mar\u00eda Luisa Ticona Pardo &#8211; Nutricionista Dietista U.M.S.A &#8211; Cel. 69969618\u00a0\u00a0\u00a0\u00a0\u00a0\u00a0\u00a0\u00a0\u00a0\u00a0\u00a0\u00a0 Sufrir una fractura puede ser un proceso dif\u00edcil, pero\u00a0la alimentaci\u00f3n juega un papel importante en la recuperaci\u00f3n de los huesos. Adem\u00e1s del tratamiento m\u00e9dico y la inmovilizaci\u00f3n adecuada. Consumir ciertos nutrientes puede ayudar a\u00a0acelerar la consolidaci\u00f3n \u00f3sea, reducir la inflamaci\u00f3n y fortalecer el [&hellip;]","og_url":"https:\/\/www.eldiario.net\/portal\/2026\/08\/09\/alimentacion-en-fracturas\/","og_site_name":"El Diario - Bolivia","article_publisher":"https:\/\/www.facebook.com\/eldiario.bolivia\/","article_published_time":"2026-08-09T11:58:54+00:00","og_image":[{"width":686,"height":446,"url":"https:\/\/www.eldiario.net\/portal\/wp-content\/uploads\/2026\/08\/ALIMENTACION-EN-FRACTURAS.webp","type":"image\/webp"}],"author":"Jeanette","twitter_card":"summary_large_image","twitter_creator":"@eldiario_net","twitter_site":"@eldiario_net","twitter_misc":{"Escrito por":"Jeanette","Tiempo de lectura":"4 minutos"},"schema":{"@context":"https:\/\/schema.org","@graph":[{"@type":"Article","@id":"https:\/\/www.eldiario.net\/portal\/2026\/08\/09\/alimentacion-en-fracturas\/#article","isPartOf":{"@id":"https:\/\/www.eldiario.net\/portal\/2026\/08\/09\/alimentacion-en-fracturas\/"},"author":{"name":"Jeanette","@id":"https:\/\/www.eldiario.net\/portal\/#\/schema\/person\/2c57cf2b7a7ae032e449e4c9b1019eac"},"headline":"ALIMENTACION EN FRACTURAS","datePublished":"2026-08-09T11:58:54+00:00","mainEntityOfPage":{"@id":"https:\/\/www.eldiario.net\/portal\/2026\/08\/09\/alimentacion-en-fracturas\/"},"wordCount":759,"publisher":{"@id":"https:\/\/www.eldiario.net\/portal\/#organization"},"image":{"@id":"https:\/\/www.eldiario.net\/portal\/2026\/08\/09\/alimentacion-en-fracturas\/#primaryimage"},"thumbnailUrl":"https:\/\/www.eldiario.net\/portal\/wp-content\/uploads\/2026\/08\/ALIMENTACION-EN-FRACTURAS.webp","articleSection":["De Salud + vida"],"inLanguage":"es"},{"@type":"WebPage","@id":"https:\/\/www.eldiario.net\/portal\/2026\/08\/09\/alimentacion-en-fracturas\/","url":"https:\/\/www.eldiario.net\/portal\/2026\/08\/09\/alimentacion-en-fracturas\/","name":"ALIMENTACION EN FRACTURAS - El Diario - Bolivia","isPartOf":{"@id":"https:\/\/www.eldiario.net\/portal\/#website"},"primaryImageOfPage":{"@id":"https:\/\/www.eldiario.net\/portal\/2026\/08\/09\/alimentacion-en-fracturas\/#primaryimage"},"image":{"@id":"https:\/\/www.eldiario.net\/portal\/2026\/08\/09\/alimentacion-en-fracturas\/#primaryimage"},"thumbnailUrl":"https:\/\/www.eldiario.net\/portal\/wp-content\/uploads\/2026\/08\/ALIMENTACION-EN-FRACTURAS.webp","datePublished":"2026-08-09T11:58:54+00:00","breadcrumb":{"@id":"https:\/\/www.eldiario.net\/portal\/2026\/08\/09\/alimentacion-en-fracturas\/#breadcrumb"},"inLanguage":"es","potentialAction":[{"@type":"ReadAction","target":["https:\/\/www.eldiario.net\/portal\/2026\/08\/09\/alimentacion-en-fracturas\/"]}]},{"@type":"ImageObject","inLanguage":"es","@id":"https:\/\/www.eldiario.net\/portal\/2026\/08\/09\/alimentacion-en-fracturas\/#primaryimage","url":"https:\/\/www.eldiario.net\/portal\/wp-content\/uploads\/2026\/08\/ALIMENTACION-EN-FRACTURAS.webp","contentUrl":"https:\/\/www.eldiario.net\/portal\/wp-content\/uploads\/2026\/08\/ALIMENTACION-EN-FRACTURAS.webp","width":686,"height":446},{"@type":"BreadcrumbList","@id":"https:\/\/www.eldiario.net\/portal\/2026\/08\/09\/alimentacion-en-fracturas\/#breadcrumb","itemListElement":[{"@type":"ListItem","position":1,"name":"Portada","item":"https:\/\/www.eldiario.net\/portal\/"},{"@type":"ListItem","position":2,"name":"ALIMENTACION EN FRACTURAS"}]},{"@type":"WebSite","@id":"https:\/\/www.eldiario.net\/portal\/#website","url":"https:\/\/www.eldiario.net\/portal\/","name":"El Diario - Decano de la prensa nacional","description":"El Diario - Decano de la prensa nacional","publisher":{"@id":"https:\/\/www.eldiario.net\/portal\/#organization"},"potentialAction":[{"@type":"SearchAction","target":{"@type":"EntryPoint","urlTemplate":"https:\/\/www.eldiario.net\/portal\/?s={search_term_string}"},"query-input":{"@type":"PropertyValueSpecification","valueRequired":true,"valueName":"search_term_string"}}],"inLanguage":"es"},{"@type":"Organization","@id":"https:\/\/www.eldiario.net\/portal\/#organization","name":"El Diario - Decano de la prensa nacional","url":"https:\/\/www.eldiario.net\/portal\/","logo":{"@type":"ImageObject","inLanguage":"es","@id":"https:\/\/www.eldiario.net\/portal\/#\/schema\/logo\/image\/","url":"https:\/\/www.eldiario.net\/portal\/wp-content\/uploads\/2023\/07\/logo_ED.jpg","contentUrl":"https:\/\/www.eldiario.net\/portal\/wp-content\/uploads\/2023\/07\/logo_ED.jpg","width":272,"height":52,"caption":"El Diario - Decano de la prensa nacional"},"image":{"@id":"https:\/\/www.eldiario.net\/portal\/#\/schema\/logo\/image\/"},"sameAs":["https:\/\/www.facebook.com\/eldiario.bolivia\/","https:\/\/x.com\/eldiario_net"]},{"@type":"Person","@id":"https:\/\/www.eldiario.net\/portal\/#\/schema\/person\/2c57cf2b7a7ae032e449e4c9b1019eac","name":"Jeanette","image":{"@type":"ImageObject","inLanguage":"es","@id":"https:\/\/secure.gravatar.com\/avatar\/3ea2118a5f7dad2b7138b1187a6b7ee55f160b9968b66013c3a3ef39dd7e5798?s=96&d=mm&r=g","url":"https:\/\/secure.gravatar.com\/avatar\/3ea2118a5f7dad2b7138b1187a6b7ee55f160b9968b66013c3a3ef39dd7e5798?s=96&d=mm&r=g","contentUrl":"https:\/\/secure.gravatar.com\/avatar\/3ea2118a5f7dad2b7138b1187a6b7ee55f160b9968b66013c3a3ef39dd7e5798?s=96&d=mm&r=g","caption":"Jeanette"},"sameAs":["https:\/\/www.eldiario.net\/portal"],"url":"https:\/\/www.eldiario.net\/portal\/author\/jeanette\/"}]}},"_links":{"self":[{"href":"https:\/\/www.eldiario.net\/portal\/wp-json\/wp\/v2\/posts\/419874","targetHints":{"allow":["GET"]}}],"collection":[{"href":"https:\/\/www.eldiario.net\/portal\/wp-json\/wp\/v2\/posts"}],"about":[{"href":"https:\/\/www.eldiario.net\/portal\/wp-json\/wp\/v2\/types\/post"}],"author":[{"embeddable":true,"href":"https:\/\/www.eldiario.net\/portal\/wp-json\/wp\/v2\/users\/1"}],"replies":[{"embeddable":true,"href":"https:\/\/www.eldiario.net\/portal\/wp-json\/wp\/v2\/comments?post=419874"}],"version-history":[{"count":1,"href":"https:\/\/www.eldiario.net\/portal\/wp-json\/wp\/v2\/posts\/419874\/revisions"}],"predecessor-version":[{"id":419876,"href":"https:\/\/www.eldiario.net\/portal\/wp-json\/wp\/v2\/posts\/419874\/revisions\/419876"}],"wp:featuredmedia":[{"embeddable":true,"href":"https:\/\/www.eldiario.net\/portal\/wp-json\/wp\/v2\/media\/419875"}],"wp:attachment":[{"href":"https:\/\/www.eldiario.net\/portal\/wp-json\/wp\/v2\/media?parent=419874"}],"wp:term":[{"taxonomy":"category","embeddable":true,"href":"https:\/\/www.eldiario.net\/portal\/wp-json\/wp\/v2\/categories?post=419874"},{"taxonomy":"post_tag","embeddable":true,"href":"https:\/\/www.eldiario.net\/portal\/wp-json\/wp\/v2\/tags?post=419874"}],"curies":[{"name":"wp","href":"https:\/\/api.w.org\/{rel}","templated":true}]}}