{"id":419868,"date":"2026-08-09T07:57:41","date_gmt":"2026-08-09T11:57:41","guid":{"rendered":"https:\/\/www.eldiario.net\/portal\/?p=419868"},"modified":"2026-08-09T07:57:41","modified_gmt":"2026-08-09T11:57:41","slug":"lo-que-debe-saber-de-los-probioticos-y-prebioticos","status":"publish","type":"post","link":"https:\/\/www.eldiario.net\/portal\/2026\/08\/09\/lo-que-debe-saber-de-los-probioticos-y-prebioticos\/","title":{"rendered":"LO QUE DEBE SABER DE LOS PROBI\u00d3TICOS Y PREBI\u00d3TICOS"},"content":{"rendered":"<p><strong>\u00bfQu\u00e9 son los probi\u00f3ticos y los prebi\u00f3ticos?<\/strong><\/p>\n<p>Los probi\u00f3ticos y los prebi\u00f3ticos son dos componentes de los alimentos que pueden favorecer la salud intestinal.<\/p>\n<p>Los probi\u00f3ticos son microorganismos vivos espec\u00edficos, generalmente bacterias o levaduras, que favorecen la digesti\u00f3n de alimentos o alivian s\u00edntomas de ciertas enfermedades. Se encuentran naturalmente en alimentos fermentados como el yogur y el chucrut.<\/p>\n<p>Los prebi\u00f3ticos son componentes de los alimentos que el cuerpo no digiere, pero que los microorganismos pueden usar. Pueden desencadenar la proliferaci\u00f3n de g\u00e9rmenes \u00abbuenos\u00bb en el intestino. Est\u00e1n principalmente en alimentos ricos en fibra.<\/p>\n<p>Los probi\u00f3ticos y los prebi\u00f3ticos tambi\u00e9n se agregan a algunos alimentos y est\u00e1n disponibles como suplementos alimentarios.<\/p>\n<p>Cuando se mezclan, los probi\u00f3ticos y los prebi\u00f3ticos se denominan simbi\u00f3ticos.<\/p>\n<p>Los investigadores siguen buscando una conexi\u00f3n entre los microorganismos del intestino y las afecciones de la salud. Esto incluye afecciones como alergias, diabetes, obesidad, depresi\u00f3n, s\u00edndrome del colon irritable, caries y enfermedades de las enc\u00edas.<\/p>\n<p>La investigaci\u00f3n ha demostrado que los probi\u00f3ticos y prebi\u00f3ticos pueden ser \u00fatiles. Sin embargo, a\u00fan no hay pruebas de que mejoren la salud ni de que sean seguros para todos.<\/p>\n<p>Los efectos secundarios de los probi\u00f3ticos y prebi\u00f3ticos suelen ser poco frecuentes. La mayor\u00eda de los adultos que no tienen problemas de salud pueden agregar a su dieta alimentos que contengan prebi\u00f3ticos y probi\u00f3ticos de forma segura.<\/p>\n<p>Sin embargo, la Administraci\u00f3n de Alimentos y Medicamentos de Estados Unidos no regula la suplementaci\u00f3n con probi\u00f3ticos y prebi\u00f3ticos. No hay mucha investigaci\u00f3n sobre su seguridad. Existen casos en los que la administraci\u00f3n de probi\u00f3ticos a beb\u00e9s prematuros caus\u00f3 infecciones graves o mortales.<\/p>\n<p>Si est\u00e1 considerando tomar suplementos, verifique con un profesional de atenci\u00f3n m\u00e9dica a fin de asegurarse de que sean adecuados para usted.<\/p>\n<p>Fuente: Personal de Mayo Clinic<\/p>\n","protected":false},"excerpt":{"rendered":"<p>\u00bfQu\u00e9 son los probi\u00f3ticos y los prebi\u00f3ticos? Los probi\u00f3ticos y los prebi\u00f3ticos son dos componentes de los alimentos que pueden favorecer la salud intestinal. Los probi\u00f3ticos son microorganismos vivos espec\u00edficos, generalmente bacterias o levaduras, que favorecen la digesti\u00f3n de alimentos o alivian s\u00edntomas de ciertas enfermedades. Se encuentran naturalmente en alimentos fermentados como el yogur [&hellip;]<\/p>\n","protected":false},"author":1,"featured_media":419869,"comment_status":"closed","ping_status":"open","sticky":false,"template":"","format":"standard","meta":{"_acf_changed":false,"footnotes":""},"categories":[52],"tags":[],"class_list":["post-419868","post","type-post","status-publish","format-standard","has-post-thumbnail","category-de-salud-mas-vida"],"acf":{"antetitulo":""},"yoast_head":"<!-- This site is optimized with the Yoast SEO plugin v28.4 - https:\/\/yoast.com\/product\/yoast-seo-wordpress\/ -->\n<title>LO QUE DEBE SABER DE LOS PROBI\u00d3TICOS Y PREBI\u00d3TICOS - El Diario - Bolivia<\/title>\n<meta name=\"robots\" content=\"index, follow, max-snippet:-1, max-image-preview:large, max-video-preview:-1\" \/>\n<link rel=\"canonical\" href=\"https:\/\/www.eldiario.net\/portal\/2026\/08\/09\/lo-que-debe-saber-de-los-probioticos-y-prebioticos\/\" \/>\n<meta property=\"og:locale\" content=\"es_ES\" \/>\n<meta property=\"og:type\" content=\"article\" \/>\n<meta property=\"og:title\" content=\"LO QUE DEBE SABER DE LOS PROBI\u00d3TICOS Y PREBI\u00d3TICOS - El Diario - Bolivia\" \/>\n<meta property=\"og:description\" content=\"\u00bfQu\u00e9 son los probi\u00f3ticos y los prebi\u00f3ticos? Los probi\u00f3ticos y los prebi\u00f3ticos son dos componentes de los alimentos que pueden favorecer la salud intestinal. Los probi\u00f3ticos son microorganismos vivos espec\u00edficos, generalmente bacterias o levaduras, que favorecen la digesti\u00f3n de alimentos o alivian s\u00edntomas de ciertas enfermedades. Se encuentran naturalmente en alimentos fermentados como el yogur [&hellip;]\" \/>\n<meta property=\"og:url\" content=\"https:\/\/www.eldiario.net\/portal\/2026\/08\/09\/lo-que-debe-saber-de-los-probioticos-y-prebioticos\/\" \/>\n<meta property=\"og:site_name\" content=\"El Diario - Bolivia\" \/>\n<meta property=\"article:publisher\" content=\"https:\/\/www.facebook.com\/eldiario.bolivia\/\" \/>\n<meta property=\"article:published_time\" content=\"2026-08-09T11:57:41+00:00\" \/>\n<meta property=\"og:image\" content=\"https:\/\/www.eldiario.net\/portal\/wp-content\/uploads\/2026\/08\/LO-QUE-DEBE-SABER-DE-LOS-PROBIOTICOS-Y-PREBIOTICOS.webp\" \/>\n\t<meta property=\"og:image:width\" content=\"1474\" \/>\n\t<meta property=\"og:image:height\" content=\"612\" \/>\n\t<meta property=\"og:image:type\" content=\"image\/webp\" \/>\n<meta name=\"author\" content=\"Jeanette\" \/>\n<meta name=\"twitter:card\" content=\"summary_large_image\" \/>\n<meta name=\"twitter:creator\" content=\"@eldiario_net\" \/>\n<meta name=\"twitter:site\" content=\"@eldiario_net\" \/>\n<meta name=\"twitter:label1\" content=\"Escrito por\" \/>\n\t<meta name=\"twitter:data1\" content=\"Jeanette\" \/>\n\t<meta name=\"twitter:label2\" content=\"Tiempo de lectura\" \/>\n\t<meta name=\"twitter:data2\" content=\"2 minutos\" \/>\n<script type=\"application\/ld+json\" class=\"yoast-schema-graph\">{\"@context\":\"https:\\\/\\\/schema.org\",\"@graph\":[{\"@type\":\"Article\",\"@id\":\"https:\\\/\\\/www.eldiario.net\\\/portal\\\/2026\\\/08\\\/09\\\/lo-que-debe-saber-de-los-probioticos-y-prebioticos\\\/#article\",\"isPartOf\":{\"@id\":\"https:\\\/\\\/www.eldiario.net\\\/portal\\\/2026\\\/08\\\/09\\\/lo-que-debe-saber-de-los-probioticos-y-prebioticos\\\/\"},\"author\":{\"name\":\"Jeanette\",\"@id\":\"https:\\\/\\\/www.eldiario.net\\\/portal\\\/#\\\/schema\\\/person\\\/2c57cf2b7a7ae032e449e4c9b1019eac\"},\"headline\":\"LO QUE DEBE SABER DE LOS PROBI\u00d3TICOS Y PREBI\u00d3TICOS\",\"datePublished\":\"2026-08-09T11:57:41+00:00\",\"mainEntityOfPage\":{\"@id\":\"https:\\\/\\\/www.eldiario.net\\\/portal\\\/2026\\\/08\\\/09\\\/lo-que-debe-saber-de-los-probioticos-y-prebioticos\\\/\"},\"wordCount\":346,\"publisher\":{\"@id\":\"https:\\\/\\\/www.eldiario.net\\\/portal\\\/#organization\"},\"image\":{\"@id\":\"https:\\\/\\\/www.eldiario.net\\\/portal\\\/2026\\\/08\\\/09\\\/lo-que-debe-saber-de-los-probioticos-y-prebioticos\\\/#primaryimage\"},\"thumbnailUrl\":\"https:\\\/\\\/www.eldiario.net\\\/portal\\\/wp-content\\\/uploads\\\/2026\\\/08\\\/LO-QUE-DEBE-SABER-DE-LOS-PROBIOTICOS-Y-PREBIOTICOS.webp\",\"articleSection\":[\"De Salud + vida\"],\"inLanguage\":\"es\"},{\"@type\":\"WebPage\",\"@id\":\"https:\\\/\\\/www.eldiario.net\\\/portal\\\/2026\\\/08\\\/09\\\/lo-que-debe-saber-de-los-probioticos-y-prebioticos\\\/\",\"url\":\"https:\\\/\\\/www.eldiario.net\\\/portal\\\/2026\\\/08\\\/09\\\/lo-que-debe-saber-de-los-probioticos-y-prebioticos\\\/\",\"name\":\"LO QUE DEBE SABER DE LOS PROBI\u00d3TICOS Y PREBI\u00d3TICOS - El Diario - Bolivia\",\"isPartOf\":{\"@id\":\"https:\\\/\\\/www.eldiario.net\\\/portal\\\/#website\"},\"primaryImageOfPage\":{\"@id\":\"https:\\\/\\\/www.eldiario.net\\\/portal\\\/2026\\\/08\\\/09\\\/lo-que-debe-saber-de-los-probioticos-y-prebioticos\\\/#primaryimage\"},\"image\":{\"@id\":\"https:\\\/\\\/www.eldiario.net\\\/portal\\\/2026\\\/08\\\/09\\\/lo-que-debe-saber-de-los-probioticos-y-prebioticos\\\/#primaryimage\"},\"thumbnailUrl\":\"https:\\\/\\\/www.eldiario.net\\\/portal\\\/wp-content\\\/uploads\\\/2026\\\/08\\\/LO-QUE-DEBE-SABER-DE-LOS-PROBIOTICOS-Y-PREBIOTICOS.webp\",\"datePublished\":\"2026-08-09T11:57:41+00:00\",\"breadcrumb\":{\"@id\":\"https:\\\/\\\/www.eldiario.net\\\/portal\\\/2026\\\/08\\\/09\\\/lo-que-debe-saber-de-los-probioticos-y-prebioticos\\\/#breadcrumb\"},\"inLanguage\":\"es\",\"potentialAction\":[{\"@type\":\"ReadAction\",\"target\":[\"https:\\\/\\\/www.eldiario.net\\\/portal\\\/2026\\\/08\\\/09\\\/lo-que-debe-saber-de-los-probioticos-y-prebioticos\\\/\"]}]},{\"@type\":\"ImageObject\",\"inLanguage\":\"es\",\"@id\":\"https:\\\/\\\/www.eldiario.net\\\/portal\\\/2026\\\/08\\\/09\\\/lo-que-debe-saber-de-los-probioticos-y-prebioticos\\\/#primaryimage\",\"url\":\"https:\\\/\\\/www.eldiario.net\\\/portal\\\/wp-content\\\/uploads\\\/2026\\\/08\\\/LO-QUE-DEBE-SABER-DE-LOS-PROBIOTICOS-Y-PREBIOTICOS.webp\",\"contentUrl\":\"https:\\\/\\\/www.eldiario.net\\\/portal\\\/wp-content\\\/uploads\\\/2026\\\/08\\\/LO-QUE-DEBE-SABER-DE-LOS-PROBIOTICOS-Y-PREBIOTICOS.webp\",\"width\":1474,\"height\":612},{\"@type\":\"BreadcrumbList\",\"@id\":\"https:\\\/\\\/www.eldiario.net\\\/portal\\\/2026\\\/08\\\/09\\\/lo-que-debe-saber-de-los-probioticos-y-prebioticos\\\/#breadcrumb\",\"itemListElement\":[{\"@type\":\"ListItem\",\"position\":1,\"name\":\"Portada\",\"item\":\"https:\\\/\\\/www.eldiario.net\\\/portal\\\/\"},{\"@type\":\"ListItem\",\"position\":2,\"name\":\"LO QUE DEBE SABER DE LOS PROBI\u00d3TICOS Y PREBI\u00d3TICOS\"}]},{\"@type\":\"WebSite\",\"@id\":\"https:\\\/\\\/www.eldiario.net\\\/portal\\\/#website\",\"url\":\"https:\\\/\\\/www.eldiario.net\\\/portal\\\/\",\"name\":\"El Diario - Decano de la prensa nacional\",\"description\":\"El Diario - Decano de la prensa nacional\",\"publisher\":{\"@id\":\"https:\\\/\\\/www.eldiario.net\\\/portal\\\/#organization\"},\"potentialAction\":[{\"@type\":\"SearchAction\",\"target\":{\"@type\":\"EntryPoint\",\"urlTemplate\":\"https:\\\/\\\/www.eldiario.net\\\/portal\\\/?s={search_term_string}\"},\"query-input\":{\"@type\":\"PropertyValueSpecification\",\"valueRequired\":true,\"valueName\":\"search_term_string\"}}],\"inLanguage\":\"es\"},{\"@type\":\"Organization\",\"@id\":\"https:\\\/\\\/www.eldiario.net\\\/portal\\\/#organization\",\"name\":\"El Diario - Decano de la prensa nacional\",\"url\":\"https:\\\/\\\/www.eldiario.net\\\/portal\\\/\",\"logo\":{\"@type\":\"ImageObject\",\"inLanguage\":\"es\",\"@id\":\"https:\\\/\\\/www.eldiario.net\\\/portal\\\/#\\\/schema\\\/logo\\\/image\\\/\",\"url\":\"https:\\\/\\\/www.eldiario.net\\\/portal\\\/wp-content\\\/uploads\\\/2023\\\/07\\\/logo_ED.jpg\",\"contentUrl\":\"https:\\\/\\\/www.eldiario.net\\\/portal\\\/wp-content\\\/uploads\\\/2023\\\/07\\\/logo_ED.jpg\",\"width\":272,\"height\":52,\"caption\":\"El Diario - Decano de la prensa nacional\"},\"image\":{\"@id\":\"https:\\\/\\\/www.eldiario.net\\\/portal\\\/#\\\/schema\\\/logo\\\/image\\\/\"},\"sameAs\":[\"https:\\\/\\\/www.facebook.com\\\/eldiario.bolivia\\\/\",\"https:\\\/\\\/x.com\\\/eldiario_net\"]},{\"@type\":\"Person\",\"@id\":\"https:\\\/\\\/www.eldiario.net\\\/portal\\\/#\\\/schema\\\/person\\\/2c57cf2b7a7ae032e449e4c9b1019eac\",\"name\":\"Jeanette\",\"image\":{\"@type\":\"ImageObject\",\"inLanguage\":\"es\",\"@id\":\"https:\\\/\\\/secure.gravatar.com\\\/avatar\\\/3ea2118a5f7dad2b7138b1187a6b7ee55f160b9968b66013c3a3ef39dd7e5798?s=96&d=mm&r=g\",\"url\":\"https:\\\/\\\/secure.gravatar.com\\\/avatar\\\/3ea2118a5f7dad2b7138b1187a6b7ee55f160b9968b66013c3a3ef39dd7e5798?s=96&d=mm&r=g\",\"contentUrl\":\"https:\\\/\\\/secure.gravatar.com\\\/avatar\\\/3ea2118a5f7dad2b7138b1187a6b7ee55f160b9968b66013c3a3ef39dd7e5798?s=96&d=mm&r=g\",\"caption\":\"Jeanette\"},\"sameAs\":[\"https:\\\/\\\/www.eldiario.net\\\/portal\"],\"url\":\"https:\\\/\\\/www.eldiario.net\\\/portal\\\/author\\\/jeanette\\\/\"}]}<\/script>\n<!-- \/ Yoast SEO plugin. -->","yoast_head_json":{"title":"LO QUE DEBE SABER DE LOS PROBI\u00d3TICOS Y PREBI\u00d3TICOS - El Diario - Bolivia","robots":{"index":"index","follow":"follow","max-snippet":"max-snippet:-1","max-image-preview":"max-image-preview:large","max-video-preview":"max-video-preview:-1"},"canonical":"https:\/\/www.eldiario.net\/portal\/2026\/08\/09\/lo-que-debe-saber-de-los-probioticos-y-prebioticos\/","og_locale":"es_ES","og_type":"article","og_title":"LO QUE DEBE SABER DE LOS PROBI\u00d3TICOS Y PREBI\u00d3TICOS - El Diario - Bolivia","og_description":"\u00bfQu\u00e9 son los probi\u00f3ticos y los prebi\u00f3ticos? Los probi\u00f3ticos y los prebi\u00f3ticos son dos componentes de los alimentos que pueden favorecer la salud intestinal. Los probi\u00f3ticos son microorganismos vivos espec\u00edficos, generalmente bacterias o levaduras, que favorecen la digesti\u00f3n de alimentos o alivian s\u00edntomas de ciertas enfermedades. Se encuentran naturalmente en alimentos fermentados como el yogur [&hellip;]","og_url":"https:\/\/www.eldiario.net\/portal\/2026\/08\/09\/lo-que-debe-saber-de-los-probioticos-y-prebioticos\/","og_site_name":"El Diario - Bolivia","article_publisher":"https:\/\/www.facebook.com\/eldiario.bolivia\/","article_published_time":"2026-08-09T11:57:41+00:00","og_image":[{"width":1474,"height":612,"url":"https:\/\/www.eldiario.net\/portal\/wp-content\/uploads\/2026\/08\/LO-QUE-DEBE-SABER-DE-LOS-PROBIOTICOS-Y-PREBIOTICOS.webp","type":"image\/webp"}],"author":"Jeanette","twitter_card":"summary_large_image","twitter_creator":"@eldiario_net","twitter_site":"@eldiario_net","twitter_misc":{"Escrito por":"Jeanette","Tiempo de lectura":"2 minutos"},"schema":{"@context":"https:\/\/schema.org","@graph":[{"@type":"Article","@id":"https:\/\/www.eldiario.net\/portal\/2026\/08\/09\/lo-que-debe-saber-de-los-probioticos-y-prebioticos\/#article","isPartOf":{"@id":"https:\/\/www.eldiario.net\/portal\/2026\/08\/09\/lo-que-debe-saber-de-los-probioticos-y-prebioticos\/"},"author":{"name":"Jeanette","@id":"https:\/\/www.eldiario.net\/portal\/#\/schema\/person\/2c57cf2b7a7ae032e449e4c9b1019eac"},"headline":"LO QUE DEBE SABER DE LOS PROBI\u00d3TICOS Y PREBI\u00d3TICOS","datePublished":"2026-08-09T11:57:41+00:00","mainEntityOfPage":{"@id":"https:\/\/www.eldiario.net\/portal\/2026\/08\/09\/lo-que-debe-saber-de-los-probioticos-y-prebioticos\/"},"wordCount":346,"publisher":{"@id":"https:\/\/www.eldiario.net\/portal\/#organization"},"image":{"@id":"https:\/\/www.eldiario.net\/portal\/2026\/08\/09\/lo-que-debe-saber-de-los-probioticos-y-prebioticos\/#primaryimage"},"thumbnailUrl":"https:\/\/www.eldiario.net\/portal\/wp-content\/uploads\/2026\/08\/LO-QUE-DEBE-SABER-DE-LOS-PROBIOTICOS-Y-PREBIOTICOS.webp","articleSection":["De Salud + vida"],"inLanguage":"es"},{"@type":"WebPage","@id":"https:\/\/www.eldiario.net\/portal\/2026\/08\/09\/lo-que-debe-saber-de-los-probioticos-y-prebioticos\/","url":"https:\/\/www.eldiario.net\/portal\/2026\/08\/09\/lo-que-debe-saber-de-los-probioticos-y-prebioticos\/","name":"LO QUE DEBE SABER DE LOS PROBI\u00d3TICOS Y PREBI\u00d3TICOS - El Diario - Bolivia","isPartOf":{"@id":"https:\/\/www.eldiario.net\/portal\/#website"},"primaryImageOfPage":{"@id":"https:\/\/www.eldiario.net\/portal\/2026\/08\/09\/lo-que-debe-saber-de-los-probioticos-y-prebioticos\/#primaryimage"},"image":{"@id":"https:\/\/www.eldiario.net\/portal\/2026\/08\/09\/lo-que-debe-saber-de-los-probioticos-y-prebioticos\/#primaryimage"},"thumbnailUrl":"https:\/\/www.eldiario.net\/portal\/wp-content\/uploads\/2026\/08\/LO-QUE-DEBE-SABER-DE-LOS-PROBIOTICOS-Y-PREBIOTICOS.webp","datePublished":"2026-08-09T11:57:41+00:00","breadcrumb":{"@id":"https:\/\/www.eldiario.net\/portal\/2026\/08\/09\/lo-que-debe-saber-de-los-probioticos-y-prebioticos\/#breadcrumb"},"inLanguage":"es","potentialAction":[{"@type":"ReadAction","target":["https:\/\/www.eldiario.net\/portal\/2026\/08\/09\/lo-que-debe-saber-de-los-probioticos-y-prebioticos\/"]}]},{"@type":"ImageObject","inLanguage":"es","@id":"https:\/\/www.eldiario.net\/portal\/2026\/08\/09\/lo-que-debe-saber-de-los-probioticos-y-prebioticos\/#primaryimage","url":"https:\/\/www.eldiario.net\/portal\/wp-content\/uploads\/2026\/08\/LO-QUE-DEBE-SABER-DE-LOS-PROBIOTICOS-Y-PREBIOTICOS.webp","contentUrl":"https:\/\/www.eldiario.net\/portal\/wp-content\/uploads\/2026\/08\/LO-QUE-DEBE-SABER-DE-LOS-PROBIOTICOS-Y-PREBIOTICOS.webp","width":1474,"height":612},{"@type":"BreadcrumbList","@id":"https:\/\/www.eldiario.net\/portal\/2026\/08\/09\/lo-que-debe-saber-de-los-probioticos-y-prebioticos\/#breadcrumb","itemListElement":[{"@type":"ListItem","position":1,"name":"Portada","item":"https:\/\/www.eldiario.net\/portal\/"},{"@type":"ListItem","position":2,"name":"LO QUE DEBE SABER DE LOS PROBI\u00d3TICOS Y PREBI\u00d3TICOS"}]},{"@type":"WebSite","@id":"https:\/\/www.eldiario.net\/portal\/#website","url":"https:\/\/www.eldiario.net\/portal\/","name":"El Diario - Decano de la prensa nacional","description":"El Diario - Decano de la prensa nacional","publisher":{"@id":"https:\/\/www.eldiario.net\/portal\/#organization"},"potentialAction":[{"@type":"SearchAction","target":{"@type":"EntryPoint","urlTemplate":"https:\/\/www.eldiario.net\/portal\/?s={search_term_string}"},"query-input":{"@type":"PropertyValueSpecification","valueRequired":true,"valueName":"search_term_string"}}],"inLanguage":"es"},{"@type":"Organization","@id":"https:\/\/www.eldiario.net\/portal\/#organization","name":"El Diario - Decano de la prensa nacional","url":"https:\/\/www.eldiario.net\/portal\/","logo":{"@type":"ImageObject","inLanguage":"es","@id":"https:\/\/www.eldiario.net\/portal\/#\/schema\/logo\/image\/","url":"https:\/\/www.eldiario.net\/portal\/wp-content\/uploads\/2023\/07\/logo_ED.jpg","contentUrl":"https:\/\/www.eldiario.net\/portal\/wp-content\/uploads\/2023\/07\/logo_ED.jpg","width":272,"height":52,"caption":"El Diario - Decano de la prensa nacional"},"image":{"@id":"https:\/\/www.eldiario.net\/portal\/#\/schema\/logo\/image\/"},"sameAs":["https:\/\/www.facebook.com\/eldiario.bolivia\/","https:\/\/x.com\/eldiario_net"]},{"@type":"Person","@id":"https:\/\/www.eldiario.net\/portal\/#\/schema\/person\/2c57cf2b7a7ae032e449e4c9b1019eac","name":"Jeanette","image":{"@type":"ImageObject","inLanguage":"es","@id":"https:\/\/secure.gravatar.com\/avatar\/3ea2118a5f7dad2b7138b1187a6b7ee55f160b9968b66013c3a3ef39dd7e5798?s=96&d=mm&r=g","url":"https:\/\/secure.gravatar.com\/avatar\/3ea2118a5f7dad2b7138b1187a6b7ee55f160b9968b66013c3a3ef39dd7e5798?s=96&d=mm&r=g","contentUrl":"https:\/\/secure.gravatar.com\/avatar\/3ea2118a5f7dad2b7138b1187a6b7ee55f160b9968b66013c3a3ef39dd7e5798?s=96&d=mm&r=g","caption":"Jeanette"},"sameAs":["https:\/\/www.eldiario.net\/portal"],"url":"https:\/\/www.eldiario.net\/portal\/author\/jeanette\/"}]}},"_links":{"self":[{"href":"https:\/\/www.eldiario.net\/portal\/wp-json\/wp\/v2\/posts\/419868","targetHints":{"allow":["GET"]}}],"collection":[{"href":"https:\/\/www.eldiario.net\/portal\/wp-json\/wp\/v2\/posts"}],"about":[{"href":"https:\/\/www.eldiario.net\/portal\/wp-json\/wp\/v2\/types\/post"}],"author":[{"embeddable":true,"href":"https:\/\/www.eldiario.net\/portal\/wp-json\/wp\/v2\/users\/1"}],"replies":[{"embeddable":true,"href":"https:\/\/www.eldiario.net\/portal\/wp-json\/wp\/v2\/comments?post=419868"}],"version-history":[{"count":1,"href":"https:\/\/www.eldiario.net\/portal\/wp-json\/wp\/v2\/posts\/419868\/revisions"}],"predecessor-version":[{"id":419870,"href":"https:\/\/www.eldiario.net\/portal\/wp-json\/wp\/v2\/posts\/419868\/revisions\/419870"}],"wp:featuredmedia":[{"embeddable":true,"href":"https:\/\/www.eldiario.net\/portal\/wp-json\/wp\/v2\/media\/419869"}],"wp:attachment":[{"href":"https:\/\/www.eldiario.net\/portal\/wp-json\/wp\/v2\/media?parent=419868"}],"wp:term":[{"taxonomy":"category","embeddable":true,"href":"https:\/\/www.eldiario.net\/portal\/wp-json\/wp\/v2\/categories?post=419868"},{"taxonomy":"post_tag","embeddable":true,"href":"https:\/\/www.eldiario.net\/portal\/wp-json\/wp\/v2\/tags?post=419868"}],"curies":[{"name":"wp","href":"https:\/\/api.w.org\/{rel}","templated":true}]}}